{"id":64401,"date":"2019-05-24T00:00:00","date_gmt":"2019-05-23T22:00:00","guid":{"rendered":"https:\/\/www.gossip.it\/senza-categoria\/sabrina-ghio-ombelico-haters\/"},"modified":"2019-05-24T00:00:00","modified_gmt":"2019-05-23T22:00:00","slug":"sabrina-ghio-ombelico-haters","status":"publish","type":"post","link":"https:\/\/www.gossip.it\/news\/sabrina-ghio-ombelico-haters\/","title":{"rendered":"Sabrina Ghio contro gli haters che insultano il suo ombelico: 'Ho un ernia ombelicale!\u2019"},"content":{"rendered":"<p><a href=\"\/vip\/sabrina-ghio\/\">Sabrina Ghio<\/a> nelle sue<em> IG Stories<\/em> mostra ai fan alcuni costumi per l\u2019estate. Subito gli <strong>haters<\/strong> ci mettono lo zampino. La quasi 34enne (compir\u00e0 gli anni i prossimo 3 agosto) viene ricoperta di insulti a causa del suo <strong>ombelico<\/strong>. L\u2019ex ballerina di <a href=\"\/vip\/amici\/\">Amici<\/a> ed ex tronista di <a href=\"\/vip\/uomini-e donne\/\">Uomini e Donne<\/a> si scaglia contro di loro e dice la sua.<\/p>\n<figure class=\"caption\"><img decoding=\"async\" alt=\"\" width=\"640\" height=\"931\" src=\"https:\/\/files.gossip.it\/immagini_news\/2019\/05\/1558693565_ghio_ombelico_1.jpg\" \/><figcaption>Sabrina Ghio sul social mostra alcuni costumi per l'estate ai fan, ma gli haters colpiscono ancora...<\/figcaption><\/figure>\n<p>Non ci sta a ricevere insulti gratuiti dagli<strong> haters<\/strong> a causa del suo<strong> ombelico<\/strong>. \u201c<em>Vi blocco subito se partite con messaggi orrendi sul mio <strong>ombelico<\/strong>. Innanzitutto siete degli sfigati che dietro una tastiera state l\u00ec a scrivere: \u2018Che schifo, fatti schifo, guarda che <strong>ombelico<\/strong> di mer*a, ma non ti vergogni ad andare in giro cos\u00ec? Invece di farti le labbra, fatti l\u2019<strong>ombelico<\/strong>. Mi viene da vomitare\u2019, e insulti anche pi\u00f9 gravi che evito di dire. Vi ricordo che non \u00e8 una cosa carina mettersi l\u00ec e far notare una cosa che magari anche a me non piace ma di cui ho gi\u00e0 parlato\u201d<\/em>, sottolinea <strong>Sabrina Ghio<\/strong>.<\/p>\n<div class=\"video_integrato\" data-videoid=\"6043\" data-autostart=\"true\">\u00a0<\/div>\n<p>La bionda poi spiega: <em>\u201cHo un\u2019ernia ombelicale, dopo il parto il mio <strong>ombelico<\/strong> \u00e8 diventato un \u2018raviolo\u2019, per\u00f2 me lo faccio andare bene cos\u00ec. Non sono una malata che va sotto i ferri per un problema estetico, ma stupido. Sono la prima a comprendere e vedere che il mio<strong> ombelico<\/strong> non \u00e8 bellissimo, ma lo accetto. Non si pu\u00f2 cambiare tutto nella vita\u201d.<\/em><\/p>\n<figure class=\"caption\"><img decoding=\"async\" alt=\"\" width=\"640\" height=\"1061\" src=\"https:\/\/files.gossip.it\/immagini_news\/2019\/05\/1558693580_ghio_ombelico_2.jpg\" \/><figcaption>La 33enne riceve molti insulti a causa del suo ombeiico<\/figcaption><\/figure>\n<p>Zittisce gli <strong>haters<\/strong>. <strong>Sabrina Ghio<\/strong> precisa ancora: \u201c<em>Non accetto che delle persone dietro un telefono offendano cos\u00ec tanto, scrivendo cattiverie. Perch\u00e9 magari io adesso sono in un momento della mia vita in cui tutto pu\u00f2 scivolarmi addosso, ma potevo pure essere in un periodo difficile, particolare e farmi un problema. Ci sono tante ragazze che vengono accusate, che ricevono insulti gratuiti, che si ammalano per questo\u201d.<\/em><\/p>\n<figure class=\"caption\"><img decoding=\"async\" alt=\"\" width=\"640\" height=\"942\" src=\"https:\/\/files.gossip.it\/immagini_news\/2019\/05\/1558693591_ghio_ombelico_3.jpg\" \/><figcaption>L'ex di 'Amici' e 'Uomini e Donne' replica alle cattiverie: ha un'ernia ombelicale, sopraggiunta dopo il parto<\/figcaption><\/figure>\n<p>Infine chiosa: <em>\u201cSono la prima a scherzare sul mio <strong>ombelico<\/strong> e a chiamarlo \u2018raviolo\u2019, ma voi che problema avete che state l\u00ec a scrivere contro un <strong>ombelico<\/strong>? Ho pensato che ora vi posto il mio <strong>ombelico<\/strong> in primo piano e ve lo metto in tutte le Stories, cos\u00ec da farvi innervosire, da farvi inviare mille insulti cos\u00ec io vi bloccher\u00f2. Anzi, rettifico: non vi bloccher\u00f2, cos\u00ec diventerete ancora pi\u00f9 pazzi guardandolo\u201d.<\/em><\/p>\n<p>\u00a0<\/p>\n","protected":false},"excerpt":{"rendered":"<p>Sabrina Ghio nelle sue IG Stories mostra ai fan alcuni costumi per l\u2019estate. Subito gli haters ci mettono lo zampino. La quasi 34enne (compir\u00e0 gli anni i prossimo 3 agosto) viene ricoperta di insulti a causa del suo ombelico. L\u2019ex ballerina di Amici ed ex tronista di Uomini e Donne si scaglia contro di loro [&hellip;]<\/p>\n","protected":false},"author":1,"featured_media":120447,"comment_status":"closed","ping_status":"closed","sticky":false,"template":"","format":"standard","meta":{"footnotes":""},"categories":[54],"tags":[1909,2102,59349,10888,2121,12431,1923,2115],"vip":[1639],"class_list":["post-64401","post","type-post","status-publish","format-standard","has-post-thumbnail","hentry","category-news","tag-amici","tag-dichiarazioni","tag-ernia-ombelicale","tag-haters","tag-instagram","tag-ombelico","tag-social","tag-uomini-e-donne","vip-sabrina_ghio"],"yoast_head":"<title>Sabrina Ghio contro gli haters che insultano il suo ombelico: &#039;Ho un ernia ombelicale!\u2019 - Gossip.it | News sul Gossip e VIP<\/title>\n<meta name=\"description\" content=\"Sabrina Ghio nelle sue IG Stories mostra ai fan alcuni costumi per l\u2019estate. Subito gli haters ci mettono lo zampino. La quasi 34enne (compir\u00e0 gli anni i\" \/>\n<meta name=\"robots\" content=\"index, follow, max-snippet:-1, max-image-preview:large, max-video-preview:-1\" \/>\n<link rel=\"canonical\" href=\"https:\/\/www.gossip.it\/news\/sabrina-ghio-ombelico-haters\/\" \/>\n<meta property=\"og:locale\" content=\"it_IT\" \/>\n<meta property=\"og:type\" content=\"article\" \/>\n<meta property=\"og:title\" content=\"Sabrina Ghio contro gli haters che insultano il suo ombelico: &#039;Ho un ernia ombelicale!\u2019 - Gossip.it | News sul Gossip e VIP\" \/>\n<meta property=\"og:description\" content=\"Sabrina Ghio nelle sue IG Stories mostra ai fan alcuni costumi per l\u2019estate. Subito gli haters ci mettono lo zampino. La quasi 34enne (compir\u00e0 gli anni i\" \/>\n<meta property=\"og:url\" content=\"https:\/\/www.gossip.it\/news\/sabrina-ghio-ombelico-haters\/\" \/>\n<meta property=\"og:site_name\" content=\"Gossip.it | News sul Gossip e VIP\" \/>\n<meta property=\"article:publisher\" content=\"https:\/\/www.facebook.com\/GossipIT\" \/>\n<meta property=\"article:published_time\" content=\"2019-05-23T22:00:00+00:00\" \/>\n<meta property=\"og:image\" content=\"https:\/\/files.gossip.it\/immagini_news\/2019\/05\/1558693565_ghio_ombelico_1.jpg\" \/>\n<meta name=\"author\" content=\"La Redazione\" \/>\n<meta name=\"twitter:card\" content=\"summary_large_image\" \/>\n<meta name=\"twitter:image\" content=\"https:\/\/files.gossip.it\/immagini_news\/2019\/05\/1558693565_ghio_ombelico_1.jpg\" \/>\n<meta name=\"twitter:creator\" content=\"@gossinews_it\" \/>\n<meta name=\"twitter:site\" content=\"@gossinews_it\" \/>\n<meta name=\"twitter:label1\" content=\"Scritto da\" \/>\n\t<meta name=\"twitter:data1\" content=\"Annamaria Capozzi\" \/>\n\t<meta name=\"twitter:label2\" content=\"Tempo di lettura stimato\" \/>\n\t<meta name=\"twitter:data2\" content=\"2 minuti\" \/>","yoast_head_json":{"title":"Sabrina Ghio contro gli haters che insultano il suo ombelico: 'Ho un ernia ombelicale!\u2019 - Gossip.it | News sul Gossip e VIP","description":"Sabrina Ghio nelle sue IG Stories mostra ai fan alcuni costumi per l\u2019estate. Subito gli haters ci mettono lo zampino. La quasi 34enne (compir\u00e0 gli anni i","robots":{"index":"index","follow":"follow","max-snippet":"max-snippet:-1","max-image-preview":"max-image-preview:large","max-video-preview":"max-video-preview:-1"},"canonical":"https:\/\/www.gossip.it\/news\/sabrina-ghio-ombelico-haters\/","og_locale":"it_IT","og_type":"article","og_title":"Sabrina Ghio contro gli haters che insultano il suo ombelico: 'Ho un ernia ombelicale!\u2019 - Gossip.it | News sul Gossip e VIP","og_description":"Sabrina Ghio nelle sue IG Stories mostra ai fan alcuni costumi per l\u2019estate. Subito gli haters ci mettono lo zampino. La quasi 34enne (compir\u00e0 gli anni i","og_url":"https:\/\/www.gossip.it\/news\/sabrina-ghio-ombelico-haters\/","og_site_name":"Gossip.it | News sul Gossip e VIP","article_publisher":"https:\/\/www.facebook.com\/GossipIT","article_published_time":"2019-05-23T22:00:00+00:00","og_image":[{"url":"https:\/\/files.gossip.it\/immagini_news\/2019\/05\/1558693565_ghio_ombelico_1.jpg"}],"author":"La Redazione","twitter_card":"summary_large_image","twitter_image":"https:\/\/files.gossip.it\/immagini_news\/2019\/05\/1558693565_ghio_ombelico_1.jpg","twitter_creator":"@gossinews_it","twitter_site":"@gossinews_it","twitter_misc":{"Scritto da":"Annamaria Capozzi","Tempo di lettura stimato":"2 minuti"},"schema":{"@context":"https:\/\/schema.org","@graph":[{"@type":"Article","@id":"https:\/\/www.gossip.it\/news\/sabrina-ghio-ombelico-haters\/#article","isPartOf":{"@id":"https:\/\/www.gossip.it\/news\/sabrina-ghio-ombelico-haters\/"},"author":{"name":"La Redazione","@id":"https:\/\/www.gossip.it\/#\/schema\/person\/488896f75158bff1cc83c6c39d141110"},"headline":"Sabrina Ghio contro gli haters che insultano il suo ombelico: 'Ho un ernia ombelicale!\u2019","datePublished":"2019-05-23T22:00:00+00:00","dateModified":"2019-05-23T22:00:00+00:00","mainEntityOfPage":{"@id":"https:\/\/www.gossip.it\/news\/sabrina-ghio-ombelico-haters\/"},"wordCount":426,"publisher":{"@id":"https:\/\/www.gossip.it\/#organization"},"image":{"@id":"https:\/\/www.gossip.it\/news\/sabrina-ghio-ombelico-haters\/#primaryimage"},"thumbnailUrl":"https:\/\/files.gossip.it\/immagini_news\/2019\/05\/1558693565_ghio_ombelico_1.jpg","keywords":["amici","dichiarazioni","ernia ombelicale","haters","instagram","ombelico","social","uomini e donne"],"articleSection":["News"],"inLanguage":"it-IT"},{"@type":"WebPage","@id":"https:\/\/www.gossip.it\/news\/sabrina-ghio-ombelico-haters\/","url":"https:\/\/www.gossip.it\/news\/sabrina-ghio-ombelico-haters\/","name":"Sabrina Ghio contro gli haters che insultano il suo ombelico: 'Ho un ernia ombelicale!\u2019 - Gossip.it | News sul Gossip e VIP","isPartOf":{"@id":"https:\/\/www.gossip.it\/#website"},"primaryImageOfPage":{"@id":"https:\/\/www.gossip.it\/news\/sabrina-ghio-ombelico-haters\/#primaryimage"},"image":{"@id":"https:\/\/www.gossip.it\/news\/sabrina-ghio-ombelico-haters\/#primaryimage"},"thumbnailUrl":"https:\/\/files.gossip.it\/immagini_news\/2019\/05\/1558693565_ghio_ombelico_1.jpg","datePublished":"2019-05-23T22:00:00+00:00","dateModified":"2019-05-23T22:00:00+00:00","description":"Sabrina Ghio nelle sue IG Stories mostra ai fan alcuni costumi per l\u2019estate. Subito gli haters ci mettono lo zampino. La quasi 34enne (compir\u00e0 gli anni i","breadcrumb":{"@id":"https:\/\/www.gossip.it\/news\/sabrina-ghio-ombelico-haters\/#breadcrumb"},"inLanguage":"it-IT","potentialAction":[{"@type":"ReadAction","target":["https:\/\/www.gossip.it\/news\/sabrina-ghio-ombelico-haters\/"]}]},{"@type":"ImageObject","inLanguage":"it-IT","@id":"https:\/\/www.gossip.it\/news\/sabrina-ghio-ombelico-haters\/#primaryimage","url":"https:\/\/files.gossip.it\/immagini_news\/2019\/05\/1558693565_ghio_ombelico_1.jpg","contentUrl":"https:\/\/files.gossip.it\/immagini_news\/2019\/05\/1558693565_ghio_ombelico_1.jpg"},{"@type":"BreadcrumbList","@id":"https:\/\/www.gossip.it\/news\/sabrina-ghio-ombelico-haters\/#breadcrumb","itemListElement":[{"@type":"ListItem","position":1,"name":"Home","item":"https:\/\/www.gossip.it\/"},{"@type":"ListItem","position":2,"name":"Sabrina Ghio contro gli haters che insultano il suo ombelico: 'Ho un ernia ombelicale!\u2019"}]},{"@type":"WebSite","@id":"https:\/\/www.gossip.it\/#website","url":"https:\/\/www.gossip.it\/","name":"Gossip and VIP News","description":"Quotidiano di cronaca rosa, costume e societ\u00e0","publisher":{"@id":"https:\/\/www.gossip.it\/#organization"},"alternateName":"Gossip and VIP News","potentialAction":[{"@type":"SearchAction","target":{"@type":"EntryPoint","urlTemplate":"https:\/\/www.gossip.it\/?s={search_term_string}"},"query-input":{"@type":"PropertyValueSpecification","valueRequired":true,"valueName":"search_term_string"}}],"inLanguage":"it-IT"},{"@type":"Organization","@id":"https:\/\/www.gossip.it\/#organization","name":"Gossip and VIP News","alternateName":"Gossip News","url":"https:\/\/www.gossip.it\/","logo":{"@type":"ImageObject","inLanguage":"it-IT","@id":"https:\/\/www.gossip.it\/#\/schema\/logo\/image\/","url":"https:\/\/www.gossip.it\/wp-content\/uploads\/2022\/04\/cropped-corna-alta-tiny.png","contentUrl":"https:\/\/www.gossip.it\/wp-content\/uploads\/2022\/04\/cropped-corna-alta-tiny.png","width":512,"height":512,"caption":"Gossip and VIP News"},"image":{"@id":"https:\/\/www.gossip.it\/#\/schema\/logo\/image\/"},"sameAs":["https:\/\/www.facebook.com\/GossipIT","https:\/\/x.com\/gossinews_it","https:\/\/instagram.com\/gossip_it"]},{"@type":"Person","@id":"https:\/\/www.gossip.it\/#\/schema\/person\/488896f75158bff1cc83c6c39d141110","name":"La Redazione","image":{"@type":"ImageObject","inLanguage":"it-IT","@id":"https:\/\/www.gossip.it\/#\/schema\/person\/image\/","url":"https:\/\/secure.gravatar.com\/avatar\/5a5f5c6fa3e6700e4249abdad0263a1e94e927d9e0499b1cb09c1cd29c044d80?s=96&d=mm&r=g","contentUrl":"https:\/\/secure.gravatar.com\/avatar\/5a5f5c6fa3e6700e4249abdad0263a1e94e927d9e0499b1cb09c1cd29c044d80?s=96&d=mm&r=g","caption":"La Redazione"},"sameAs":["https:\/\/www.gossip.it"]}]}},"amp_enabled":true,"_links":{"self":[{"href":"https:\/\/www.gossip.it\/api\/wp\/v2\/posts\/64401","targetHints":{"allow":["GET"]}}],"collection":[{"href":"https:\/\/www.gossip.it\/api\/wp\/v2\/posts"}],"about":[{"href":"https:\/\/www.gossip.it\/api\/wp\/v2\/types\/post"}],"author":[{"embeddable":true,"href":"https:\/\/www.gossip.it\/api\/wp\/v2\/users\/1"}],"replies":[{"embeddable":true,"href":"https:\/\/www.gossip.it\/api\/wp\/v2\/comments?post=64401"}],"version-history":[{"count":0,"href":"https:\/\/www.gossip.it\/api\/wp\/v2\/posts\/64401\/revisions"}],"wp:featuredmedia":[{"embeddable":true,"href":"https:\/\/www.gossip.it\/api\/wp\/v2\/media\/120447"}],"wp:attachment":[{"href":"https:\/\/www.gossip.it\/api\/wp\/v2\/media?parent=64401"}],"wp:term":[{"taxonomy":"category","embeddable":true,"href":"https:\/\/www.gossip.it\/api\/wp\/v2\/categories?post=64401"},{"taxonomy":"post_tag","embeddable":true,"href":"https:\/\/www.gossip.it\/api\/wp\/v2\/tags?post=64401"},{"taxonomy":"vip","embeddable":true,"href":"https:\/\/www.gossip.it\/api\/wp\/v2\/vip?post=64401"}],"curies":[{"name":"wp","href":"https:\/\/api.w.org\/{rel}","templated":true}]}}