{"id":64510,"date":"2019-06-05T00:00:00","date_gmt":"2019-06-04T22:00:00","guid":{"rendered":"https:\/\/www.gossip.it\/senza-categoria\/cristian-imparato-fidanzato-davide-vitale\/"},"modified":"2019-06-05T00:00:00","modified_gmt":"2019-06-04T22:00:00","slug":"cristian-imparato-fidanzato-davide-vitale","status":"publish","type":"post","link":"https:\/\/www.gossip.it\/news\/cristian-imparato-fidanzato-davide-vitale\/","title":{"rendered":"Cristian Imparato sul social con Davide Vitale: si \u00e8 fidanzato"},"content":{"rendered":"<p><a href=\"\/vip\/cristian-imparato\/\">Cristian Imparato<\/a> si \u00e8 <strong>fidanzato<\/strong>. Il <a href=\"\/vip\/cantante\/\">cantante<\/a> 23enne sul suo profilo <a href=\"\/vip\/social\/\">social<\/a> condivide uno scatto in cui \u00e8 intimo con Davide Vitale. L\u2019identit\u00e0 del ragazzo \u00e8 svelata proprio dal siciliano che lo tagga: Davide \u00e8 di Palermo, suona il pianoforte e studia medicina. Nella foto i due si sfiorano le labbra in un atteggiamento che pare inequivocabile.<\/p>\n<figure class=\"caption\"><img decoding=\"async\" alt=\"\" width=\"640\" height=\"632\" src=\"https:\/\/files.gossip.it\/immagini_news\/2019\/06\/1559729576_cristian_imparato_fidanzato.jpg\" \/><figcaption>Cristian Imparato sul social con Davide Vitale: si \u00e8 fidanzato<\/figcaption><\/figure>\n<p>Si \u00e8<strong> fidanzato<\/strong>? A tutti pare evidente che <strong>Cristian Imparato<\/strong> con l\u2019immagine condivisa sul social abbia voluto ufficializzare il legame con <strong>Davide Vitale<\/strong>, anche se il commento alla foto \u00e8 criptico. L\u2019ex gieffino scrive semplicemente:<em> \u201cCos\u00ec\u201d<\/em>..La parola apre svariati scenari, anche se la sua voglia di rendere pubblico il nuovo amore \u00e8 l\u2019ipotesi che sembra prevalere. Del resto lui stesso a <a href=\"\/vip\/barbara-d\u2019urs\/\">Barbara D\u2019Urs<\/a>o a <a href=\"\/vip\/pomeriggio-5\/\">Pomeriggio 5<\/a> conferma:<em> \u201cSono felicemente impegnato. La foto del bacio? L\u2019ho postata io su Instagram\u201d.<\/em><\/p>\n<p>E\u2019 finalmente innamorato. <strong>Cristian imparato<\/strong> si \u00e8 <strong>fidanzato<\/strong> con <strong>Davide Vitale<\/strong>. Pubblica la foto insieme a lui sul social e, come al solito, oltre agli auguri dei fan, arrivano pure gli insulti omofobi degli haters. \u201cS<em>ei una persona malata! Devi essere trattato! \u00c8 pazzesco quando due ragazzi si amano e quando le ragazze si amano\u201d<\/em>, scrive uno dei tanti. Imparato, per\u00f2, non si lascia intimorire e replica: \u201c<em>La persona MALATA sei tu. Nemmeno ti do del lei perch\u00e9 vali zero\u201d.<\/em><\/p>\n<p>\u00a0<\/p>\n","protected":false},"excerpt":{"rendered":"<p>Cristian Imparato si \u00e8 fidanzato. Il cantante 23enne sul suo profilo social condivide uno scatto in cui \u00e8 intimo con Davide Vitale. L\u2019identit\u00e0 del ragazzo \u00e8 svelata proprio dal siciliano che lo tagga: Davide \u00e8 di Palermo, suona il pianoforte e studia medicina. Nella foto i due si sfiorano le labbra in un atteggiamento che [&hellip;]<\/p>\n","protected":false},"author":1,"featured_media":120556,"comment_status":"closed","ping_status":"closed","sticky":false,"template":"","format":"standard","meta":{"footnotes":""},"categories":[54],"tags":[2098,1981,12328,2196,12542,2102,2298,2118,2106,12288,2107,12329,2121,7988,1934,2128,1923,2097],"vip":[],"class_list":["post-64510","post","type-post","status-publish","format-standard","has-post-thumbnail","hentry","category-news","tag-canale-5","tag-cantante","tag-cristian-imparato","tag-davide","tag-davide-vitale","tag-dichiarazioni","tag-fidanzato","tag-foto","tag-gf","tag-gf-16","tag-grande-fratello","tag-grande-fratello-16","tag-instagram","tag-pomeriggio-5","tag-reality","tag-reality-show","tag-social","tag-tv"],"yoast_head":"<title>Cristian Imparato sul social con Davide Vitale: si \u00e8 fidanzato - Gossip.it | News sul Gossip e VIP<\/title>\n<meta name=\"description\" content=\"Cristian Imparato si \u00e8 fidanzato. Il cantante 23enne sul suo profilo social condivide uno scatto in cui \u00e8 intimo con Davide Vitale. L\u2019identit\u00e0 del ragazzo\" \/>\n<meta name=\"robots\" content=\"index, follow, max-snippet:-1, max-image-preview:large, max-video-preview:-1\" \/>\n<link rel=\"canonical\" href=\"https:\/\/www.gossip.it\/news\/cristian-imparato-fidanzato-davide-vitale\/\" \/>\n<meta property=\"og:locale\" content=\"it_IT\" \/>\n<meta property=\"og:type\" content=\"article\" \/>\n<meta property=\"og:title\" content=\"Cristian Imparato sul social con Davide Vitale: si \u00e8 fidanzato - Gossip.it | News sul Gossip e VIP\" \/>\n<meta property=\"og:description\" content=\"Cristian Imparato si \u00e8 fidanzato. Il cantante 23enne sul suo profilo social condivide uno scatto in cui \u00e8 intimo con Davide Vitale. L\u2019identit\u00e0 del ragazzo\" \/>\n<meta property=\"og:url\" content=\"https:\/\/www.gossip.it\/news\/cristian-imparato-fidanzato-davide-vitale\/\" \/>\n<meta property=\"og:site_name\" content=\"Gossip.it | News sul Gossip e VIP\" \/>\n<meta property=\"article:publisher\" content=\"https:\/\/www.facebook.com\/GossipIT\" \/>\n<meta property=\"article:published_time\" content=\"2019-06-04T22:00:00+00:00\" \/>\n<meta property=\"og:image\" content=\"https:\/\/files.gossip.it\/immagini_news\/2019\/06\/1559729576_cristian_imparato_fidanzato.jpg\" \/>\n<meta name=\"author\" content=\"La Redazione\" \/>\n<meta name=\"twitter:card\" content=\"summary_large_image\" \/>\n<meta name=\"twitter:image\" content=\"https:\/\/files.gossip.it\/immagini_news\/2019\/06\/1559729576_cristian_imparato_fidanzato.jpg\" \/>\n<meta name=\"twitter:creator\" content=\"@gossinews_it\" \/>\n<meta name=\"twitter:site\" content=\"@gossinews_it\" \/>\n<meta name=\"twitter:label1\" content=\"Scritto da\" \/>\n\t<meta name=\"twitter:data1\" content=\"Annamaria Capozzi\" \/>\n\t<meta name=\"twitter:label2\" content=\"Tempo di lettura stimato\" \/>\n\t<meta name=\"twitter:data2\" content=\"1 minuto\" \/>","yoast_head_json":{"title":"Cristian Imparato sul social con Davide Vitale: si \u00e8 fidanzato - Gossip.it | News sul Gossip e VIP","description":"Cristian Imparato si \u00e8 fidanzato. Il cantante 23enne sul suo profilo social condivide uno scatto in cui \u00e8 intimo con Davide Vitale. L\u2019identit\u00e0 del ragazzo","robots":{"index":"index","follow":"follow","max-snippet":"max-snippet:-1","max-image-preview":"max-image-preview:large","max-video-preview":"max-video-preview:-1"},"canonical":"https:\/\/www.gossip.it\/news\/cristian-imparato-fidanzato-davide-vitale\/","og_locale":"it_IT","og_type":"article","og_title":"Cristian Imparato sul social con Davide Vitale: si \u00e8 fidanzato - Gossip.it | News sul Gossip e VIP","og_description":"Cristian Imparato si \u00e8 fidanzato. Il cantante 23enne sul suo profilo social condivide uno scatto in cui \u00e8 intimo con Davide Vitale. L\u2019identit\u00e0 del ragazzo","og_url":"https:\/\/www.gossip.it\/news\/cristian-imparato-fidanzato-davide-vitale\/","og_site_name":"Gossip.it | News sul Gossip e VIP","article_publisher":"https:\/\/www.facebook.com\/GossipIT","article_published_time":"2019-06-04T22:00:00+00:00","og_image":[{"url":"https:\/\/files.gossip.it\/immagini_news\/2019\/06\/1559729576_cristian_imparato_fidanzato.jpg"}],"author":"La Redazione","twitter_card":"summary_large_image","twitter_image":"https:\/\/files.gossip.it\/immagini_news\/2019\/06\/1559729576_cristian_imparato_fidanzato.jpg","twitter_creator":"@gossinews_it","twitter_site":"@gossinews_it","twitter_misc":{"Scritto da":"Annamaria Capozzi","Tempo di lettura stimato":"1 minuto"},"schema":{"@context":"https:\/\/schema.org","@graph":[{"@type":"Article","@id":"https:\/\/www.gossip.it\/news\/cristian-imparato-fidanzato-davide-vitale\/#article","isPartOf":{"@id":"https:\/\/www.gossip.it\/news\/cristian-imparato-fidanzato-davide-vitale\/"},"author":{"name":"La Redazione","@id":"https:\/\/www.gossip.it\/#\/schema\/person\/488896f75158bff1cc83c6c39d141110"},"headline":"Cristian Imparato sul social con Davide Vitale: si \u00e8 fidanzato","datePublished":"2019-06-04T22:00:00+00:00","dateModified":"2019-06-04T22:00:00+00:00","mainEntityOfPage":{"@id":"https:\/\/www.gossip.it\/news\/cristian-imparato-fidanzato-davide-vitale\/"},"wordCount":231,"publisher":{"@id":"https:\/\/www.gossip.it\/#organization"},"image":{"@id":"https:\/\/www.gossip.it\/news\/cristian-imparato-fidanzato-davide-vitale\/#primaryimage"},"thumbnailUrl":"https:\/\/files.gossip.it\/immagini_news\/2019\/06\/1559729576_cristian_imparato_fidanzato.jpg","keywords":["canale 5","cantante","cristian imparato","davide","davide vitale","dichiarazioni","fidanzato","foto","gf","gf 16","grande fratello","grande fratello 16","instagram","pomeriggio 5","reality","reality show","social","tv"],"articleSection":["News"],"inLanguage":"it-IT"},{"@type":"WebPage","@id":"https:\/\/www.gossip.it\/news\/cristian-imparato-fidanzato-davide-vitale\/","url":"https:\/\/www.gossip.it\/news\/cristian-imparato-fidanzato-davide-vitale\/","name":"Cristian Imparato sul social con Davide Vitale: si \u00e8 fidanzato - Gossip.it | News sul Gossip e VIP","isPartOf":{"@id":"https:\/\/www.gossip.it\/#website"},"primaryImageOfPage":{"@id":"https:\/\/www.gossip.it\/news\/cristian-imparato-fidanzato-davide-vitale\/#primaryimage"},"image":{"@id":"https:\/\/www.gossip.it\/news\/cristian-imparato-fidanzato-davide-vitale\/#primaryimage"},"thumbnailUrl":"https:\/\/files.gossip.it\/immagini_news\/2019\/06\/1559729576_cristian_imparato_fidanzato.jpg","datePublished":"2019-06-04T22:00:00+00:00","dateModified":"2019-06-04T22:00:00+00:00","description":"Cristian Imparato si \u00e8 fidanzato. Il cantante 23enne sul suo profilo social condivide uno scatto in cui \u00e8 intimo con Davide Vitale. L\u2019identit\u00e0 del ragazzo","breadcrumb":{"@id":"https:\/\/www.gossip.it\/news\/cristian-imparato-fidanzato-davide-vitale\/#breadcrumb"},"inLanguage":"it-IT","potentialAction":[{"@type":"ReadAction","target":["https:\/\/www.gossip.it\/news\/cristian-imparato-fidanzato-davide-vitale\/"]}]},{"@type":"ImageObject","inLanguage":"it-IT","@id":"https:\/\/www.gossip.it\/news\/cristian-imparato-fidanzato-davide-vitale\/#primaryimage","url":"https:\/\/files.gossip.it\/immagini_news\/2019\/06\/1559729576_cristian_imparato_fidanzato.jpg","contentUrl":"https:\/\/files.gossip.it\/immagini_news\/2019\/06\/1559729576_cristian_imparato_fidanzato.jpg"},{"@type":"BreadcrumbList","@id":"https:\/\/www.gossip.it\/news\/cristian-imparato-fidanzato-davide-vitale\/#breadcrumb","itemListElement":[{"@type":"ListItem","position":1,"name":"Home","item":"https:\/\/www.gossip.it\/"},{"@type":"ListItem","position":2,"name":"Cristian Imparato sul social con Davide Vitale: si \u00e8 fidanzato"}]},{"@type":"WebSite","@id":"https:\/\/www.gossip.it\/#website","url":"https:\/\/www.gossip.it\/","name":"Gossip and VIP News","description":"Quotidiano di cronaca rosa, costume e societ\u00e0","publisher":{"@id":"https:\/\/www.gossip.it\/#organization"},"alternateName":"Gossip and VIP News","potentialAction":[{"@type":"SearchAction","target":{"@type":"EntryPoint","urlTemplate":"https:\/\/www.gossip.it\/?s={search_term_string}"},"query-input":{"@type":"PropertyValueSpecification","valueRequired":true,"valueName":"search_term_string"}}],"inLanguage":"it-IT"},{"@type":"Organization","@id":"https:\/\/www.gossip.it\/#organization","name":"Gossip and VIP News","alternateName":"Gossip News","url":"https:\/\/www.gossip.it\/","logo":{"@type":"ImageObject","inLanguage":"it-IT","@id":"https:\/\/www.gossip.it\/#\/schema\/logo\/image\/","url":"https:\/\/www.gossip.it\/wp-content\/uploads\/2022\/04\/cropped-corna-alta-tiny.png","contentUrl":"https:\/\/www.gossip.it\/wp-content\/uploads\/2022\/04\/cropped-corna-alta-tiny.png","width":512,"height":512,"caption":"Gossip and VIP News"},"image":{"@id":"https:\/\/www.gossip.it\/#\/schema\/logo\/image\/"},"sameAs":["https:\/\/www.facebook.com\/GossipIT","https:\/\/x.com\/gossinews_it","https:\/\/instagram.com\/gossip_it"]},{"@type":"Person","@id":"https:\/\/www.gossip.it\/#\/schema\/person\/488896f75158bff1cc83c6c39d141110","name":"La Redazione","image":{"@type":"ImageObject","inLanguage":"it-IT","@id":"https:\/\/www.gossip.it\/#\/schema\/person\/image\/","url":"https:\/\/secure.gravatar.com\/avatar\/5a5f5c6fa3e6700e4249abdad0263a1e94e927d9e0499b1cb09c1cd29c044d80?s=96&d=mm&r=g","contentUrl":"https:\/\/secure.gravatar.com\/avatar\/5a5f5c6fa3e6700e4249abdad0263a1e94e927d9e0499b1cb09c1cd29c044d80?s=96&d=mm&r=g","caption":"La Redazione"},"sameAs":["https:\/\/www.gossip.it"]}]}},"amp_enabled":true,"_links":{"self":[{"href":"https:\/\/www.gossip.it\/api\/wp\/v2\/posts\/64510","targetHints":{"allow":["GET"]}}],"collection":[{"href":"https:\/\/www.gossip.it\/api\/wp\/v2\/posts"}],"about":[{"href":"https:\/\/www.gossip.it\/api\/wp\/v2\/types\/post"}],"author":[{"embeddable":true,"href":"https:\/\/www.gossip.it\/api\/wp\/v2\/users\/1"}],"replies":[{"embeddable":true,"href":"https:\/\/www.gossip.it\/api\/wp\/v2\/comments?post=64510"}],"version-history":[{"count":0,"href":"https:\/\/www.gossip.it\/api\/wp\/v2\/posts\/64510\/revisions"}],"wp:featuredmedia":[{"embeddable":true,"href":"https:\/\/www.gossip.it\/api\/wp\/v2\/media\/120556"}],"wp:attachment":[{"href":"https:\/\/www.gossip.it\/api\/wp\/v2\/media?parent=64510"}],"wp:term":[{"taxonomy":"category","embeddable":true,"href":"https:\/\/www.gossip.it\/api\/wp\/v2\/categories?post=64510"},{"taxonomy":"post_tag","embeddable":true,"href":"https:\/\/www.gossip.it\/api\/wp\/v2\/tags?post=64510"},{"taxonomy":"vip","embeddable":true,"href":"https:\/\/www.gossip.it\/api\/wp\/v2\/vip?post=64510"}],"curies":[{"name":"wp","href":"https:\/\/api.w.org\/{rel}","templated":true}]}}