{"id":64593,"date":"2019-06-13T00:00:00","date_gmt":"2019-06-12T22:00:00","guid":{"rendered":"https:\/\/www.gossip.it\/senza-categoria\/fiammetta-cicogna-look-premaman-spiaggia\/"},"modified":"2019-06-13T00:00:00","modified_gmt":"2019-06-12T22:00:00","slug":"fiammetta-cicogna-look-premaman-spiaggia","status":"publish","type":"post","link":"https:\/\/www.gossip.it\/news\/fiammetta-cicogna-look-premaman-spiaggia\/","title":{"rendered":"Fiammetta Cicogna in spiaggia sfoggia il suo look premaman e il pancione cresce"},"content":{"rendered":"<p><a href=\"\/vip\/fiammetta-cicogna\/\">Fiammetta Cicogna<\/a>, 31 anni, sti sta godendo qualche giorno di vacanza all'Isola d'Elba. La bionda della tv \u00e8 in dolce attesa, aspetta una coppia di gemelle dal compagno, il ricco imprenditore franco-svizzero <a href=\"\/vip\/carl-hirschmann\/\">Carl Hirschmann<\/a>. La futura mamma posta sul social uno scatto che la ritrae in costume da bagno intero. Sceglie l'azzurro Fiammetta per il suo<strong> look<\/strong>\u00a0<strong>premaman<\/strong> da <strong>spiaggia<\/strong> ma a quanto pare il fiocco sar\u00e0 rosa.<\/p>\n<figure class=\"caption\"><img decoding=\"async\" alt=\"\" width=\"640\" height=\"640\" src=\"https:\/\/files.gossip.it\/immagini_news\/2019\/06\/1560424299_fiammetta_cicogna.jpg\" \/><figcaption>Fiammetta Cicogna pronta per una giornata di mare all'Isola d'Elba<\/figcaption><\/figure>\n<p><em>\"Mi parlano tutti in tedesco\"<\/em>, scrive la Cicogna accanto allo scatto. <em>\"E' il cognome delle gemelle\"<\/em>, commenta <a href=\"\/vip\/marica-pellegrinelli\/\">Marica Pellegrinelli<\/a>. La moglie di <a href=\"\/vip\/eros-ramazzotti\/\">Eros Ramazzotti<\/a> sembra cos\u00ec confermare\u00a0le voci gi\u00e0 circolate sul sesso delle nasciture.<em> \"Ecco, \u00e8 colpa loro\"<\/em>, replica scherzosa <strong>Fiammetta<\/strong>. Una <a href=\"\/vip\/follower,\/\">follower,<\/a> invece, ironizza: <em>\"Sono le ciabatte, sei un loro simile\"<\/em>, facendo riferimento al<strong> look<\/strong>\u00a0<strong>premaman <\/strong>sfoggiato in <strong>spiaggia<\/strong> dalla modella e conduttrice. <em>\"Mi puntano\"<\/em>, risponde divertita la futura mamma.<\/p>\n<p><strong>Fiammetta Cicogna<\/strong>, insomma, all'Isola d'Elba viene scambiata per una turista tedesca. Colpa del <strong>look<\/strong>? Una cosa \u00e8 certa, la dolce attesa per lei sta trascorrendo serena e ha deciso di rilassarsi al mare. Molto presto avr\u00e0 il suo bel da fare tra poppate e pannolini. Per lei il lavoro sar\u00e0 doppio.<\/p>\n<p>\u00a0<\/p>\n","protected":false},"excerpt":{"rendered":"<p>Fiammetta Cicogna, 31 anni, sti sta godendo qualche giorno di vacanza all'Isola d'Elba. La bionda della tv \u00e8 in dolce attesa, aspetta una coppia di gemelle dal compagno, il ricco imprenditore franco-svizzero Carl Hirschmann. La futura mamma posta sul social uno scatto che la ritrae in costume da bagno intero. Sceglie l'azzurro Fiammetta per il [&hellip;]<\/p>\n","protected":false},"author":1,"featured_media":120639,"comment_status":"closed","ping_status":"closed","sticky":false,"template":"","format":"standard","meta":{"footnotes":""},"categories":[54],"tags":[50433,59451,2181,59450,1997,2952,2097,1899],"vip":[745],"class_list":["post-64593","post","type-post","status-publish","format-standard","has-post-thumbnail","hentry","category-news","tag-consuttrice","tag-costume-social","tag-gravidanza","tag-look-premaman","tag-modella","tag-spiaggia","tag-tv","tag-vacanza","vip-fiammetta_cicogna"],"yoast_head":"<title>Fiammetta Cicogna in spiaggia sfoggia il suo look premaman e il pancione cresce - Gossip.it | News sul Gossip e VIP<\/title>\n<meta name=\"description\" content=\"Fiammetta Cicogna, 31 anni, sti sta godendo qualche giorno di vacanza all&#039;Isola d&#039;Elba. La bionda della tv \u00e8 in dolce attesa, aspetta una coppia di\" \/>\n<meta name=\"robots\" content=\"index, follow, max-snippet:-1, max-image-preview:large, max-video-preview:-1\" \/>\n<link rel=\"canonical\" href=\"https:\/\/www.gossip.it\/news\/fiammetta-cicogna-look-premaman-spiaggia\/\" \/>\n<meta property=\"og:locale\" content=\"it_IT\" \/>\n<meta property=\"og:type\" content=\"article\" \/>\n<meta property=\"og:title\" content=\"Fiammetta Cicogna in spiaggia sfoggia il suo look premaman e il pancione cresce - Gossip.it | News sul Gossip e VIP\" \/>\n<meta property=\"og:description\" content=\"Fiammetta Cicogna, 31 anni, sti sta godendo qualche giorno di vacanza all&#039;Isola d&#039;Elba. La bionda della tv \u00e8 in dolce attesa, aspetta una coppia di\" \/>\n<meta property=\"og:url\" content=\"https:\/\/www.gossip.it\/news\/fiammetta-cicogna-look-premaman-spiaggia\/\" \/>\n<meta property=\"og:site_name\" content=\"Gossip.it | News sul Gossip e VIP\" \/>\n<meta property=\"article:publisher\" content=\"https:\/\/www.facebook.com\/GossipIT\" \/>\n<meta property=\"article:published_time\" content=\"2019-06-12T22:00:00+00:00\" \/>\n<meta property=\"og:image\" content=\"https:\/\/files.gossip.it\/immagini_news\/2019\/06\/1560424299_fiammetta_cicogna.jpg\" \/>\n<meta name=\"author\" content=\"La Redazione\" \/>\n<meta name=\"twitter:card\" content=\"summary_large_image\" \/>\n<meta name=\"twitter:image\" content=\"https:\/\/files.gossip.it\/immagini_news\/2019\/06\/1560424299_fiammetta_cicogna.jpg\" \/>\n<meta name=\"twitter:creator\" content=\"@gossinews_it\" \/>\n<meta name=\"twitter:site\" content=\"@gossinews_it\" \/>\n<meta name=\"twitter:label1\" content=\"Scritto da\" \/>\n\t<meta name=\"twitter:data1\" content=\"Francesca Romana Domenici\" \/>\n\t<meta name=\"twitter:label2\" content=\"Tempo di lettura stimato\" \/>\n\t<meta name=\"twitter:data2\" content=\"1 minuto\" \/>","yoast_head_json":{"title":"Fiammetta Cicogna in spiaggia sfoggia il suo look premaman e il pancione cresce - Gossip.it | News sul Gossip e VIP","description":"Fiammetta Cicogna, 31 anni, sti sta godendo qualche giorno di vacanza all'Isola d'Elba. La bionda della tv \u00e8 in dolce attesa, aspetta una coppia di","robots":{"index":"index","follow":"follow","max-snippet":"max-snippet:-1","max-image-preview":"max-image-preview:large","max-video-preview":"max-video-preview:-1"},"canonical":"https:\/\/www.gossip.it\/news\/fiammetta-cicogna-look-premaman-spiaggia\/","og_locale":"it_IT","og_type":"article","og_title":"Fiammetta Cicogna in spiaggia sfoggia il suo look premaman e il pancione cresce - Gossip.it | News sul Gossip e VIP","og_description":"Fiammetta Cicogna, 31 anni, sti sta godendo qualche giorno di vacanza all'Isola d'Elba. La bionda della tv \u00e8 in dolce attesa, aspetta una coppia di","og_url":"https:\/\/www.gossip.it\/news\/fiammetta-cicogna-look-premaman-spiaggia\/","og_site_name":"Gossip.it | News sul Gossip e VIP","article_publisher":"https:\/\/www.facebook.com\/GossipIT","article_published_time":"2019-06-12T22:00:00+00:00","og_image":[{"url":"https:\/\/files.gossip.it\/immagini_news\/2019\/06\/1560424299_fiammetta_cicogna.jpg"}],"author":"La Redazione","twitter_card":"summary_large_image","twitter_image":"https:\/\/files.gossip.it\/immagini_news\/2019\/06\/1560424299_fiammetta_cicogna.jpg","twitter_creator":"@gossinews_it","twitter_site":"@gossinews_it","twitter_misc":{"Scritto da":"Francesca Romana Domenici","Tempo di lettura stimato":"1 minuto"},"schema":{"@context":"https:\/\/schema.org","@graph":[{"@type":"Article","@id":"https:\/\/www.gossip.it\/news\/fiammetta-cicogna-look-premaman-spiaggia\/#article","isPartOf":{"@id":"https:\/\/www.gossip.it\/news\/fiammetta-cicogna-look-premaman-spiaggia\/"},"author":{"name":"La Redazione","@id":"https:\/\/www.gossip.it\/#\/schema\/person\/488896f75158bff1cc83c6c39d141110"},"headline":"Fiammetta Cicogna in spiaggia sfoggia il suo look premaman e il pancione cresce","datePublished":"2019-06-12T22:00:00+00:00","dateModified":"2019-06-12T22:00:00+00:00","mainEntityOfPage":{"@id":"https:\/\/www.gossip.it\/news\/fiammetta-cicogna-look-premaman-spiaggia\/"},"wordCount":217,"publisher":{"@id":"https:\/\/www.gossip.it\/#organization"},"image":{"@id":"https:\/\/www.gossip.it\/news\/fiammetta-cicogna-look-premaman-spiaggia\/#primaryimage"},"thumbnailUrl":"https:\/\/files.gossip.it\/immagini_news\/2019\/06\/1560424299_fiammetta_cicogna.jpg","keywords":["consuttrice","costume social","gravidanza","look premaman","modella","spiaggia","tv","vacanza"],"articleSection":["News"],"inLanguage":"it-IT"},{"@type":"WebPage","@id":"https:\/\/www.gossip.it\/news\/fiammetta-cicogna-look-premaman-spiaggia\/","url":"https:\/\/www.gossip.it\/news\/fiammetta-cicogna-look-premaman-spiaggia\/","name":"Fiammetta Cicogna in spiaggia sfoggia il suo look premaman e il pancione cresce - Gossip.it | News sul Gossip e VIP","isPartOf":{"@id":"https:\/\/www.gossip.it\/#website"},"primaryImageOfPage":{"@id":"https:\/\/www.gossip.it\/news\/fiammetta-cicogna-look-premaman-spiaggia\/#primaryimage"},"image":{"@id":"https:\/\/www.gossip.it\/news\/fiammetta-cicogna-look-premaman-spiaggia\/#primaryimage"},"thumbnailUrl":"https:\/\/files.gossip.it\/immagini_news\/2019\/06\/1560424299_fiammetta_cicogna.jpg","datePublished":"2019-06-12T22:00:00+00:00","dateModified":"2019-06-12T22:00:00+00:00","description":"Fiammetta Cicogna, 31 anni, sti sta godendo qualche giorno di vacanza all'Isola d'Elba. La bionda della tv \u00e8 in dolce attesa, aspetta una coppia di","breadcrumb":{"@id":"https:\/\/www.gossip.it\/news\/fiammetta-cicogna-look-premaman-spiaggia\/#breadcrumb"},"inLanguage":"it-IT","potentialAction":[{"@type":"ReadAction","target":["https:\/\/www.gossip.it\/news\/fiammetta-cicogna-look-premaman-spiaggia\/"]}]},{"@type":"ImageObject","inLanguage":"it-IT","@id":"https:\/\/www.gossip.it\/news\/fiammetta-cicogna-look-premaman-spiaggia\/#primaryimage","url":"https:\/\/files.gossip.it\/immagini_news\/2019\/06\/1560424299_fiammetta_cicogna.jpg","contentUrl":"https:\/\/files.gossip.it\/immagini_news\/2019\/06\/1560424299_fiammetta_cicogna.jpg"},{"@type":"BreadcrumbList","@id":"https:\/\/www.gossip.it\/news\/fiammetta-cicogna-look-premaman-spiaggia\/#breadcrumb","itemListElement":[{"@type":"ListItem","position":1,"name":"Home","item":"https:\/\/www.gossip.it\/"},{"@type":"ListItem","position":2,"name":"Fiammetta Cicogna in spiaggia sfoggia il suo look premaman e il pancione cresce"}]},{"@type":"WebSite","@id":"https:\/\/www.gossip.it\/#website","url":"https:\/\/www.gossip.it\/","name":"Gossip and VIP News","description":"Quotidiano di cronaca rosa, costume e societ\u00e0","publisher":{"@id":"https:\/\/www.gossip.it\/#organization"},"alternateName":"Gossip and VIP News","potentialAction":[{"@type":"SearchAction","target":{"@type":"EntryPoint","urlTemplate":"https:\/\/www.gossip.it\/?s={search_term_string}"},"query-input":{"@type":"PropertyValueSpecification","valueRequired":true,"valueName":"search_term_string"}}],"inLanguage":"it-IT"},{"@type":"Organization","@id":"https:\/\/www.gossip.it\/#organization","name":"Gossip and VIP News","alternateName":"Gossip News","url":"https:\/\/www.gossip.it\/","logo":{"@type":"ImageObject","inLanguage":"it-IT","@id":"https:\/\/www.gossip.it\/#\/schema\/logo\/image\/","url":"https:\/\/www.gossip.it\/wp-content\/uploads\/2022\/04\/cropped-corna-alta-tiny.png","contentUrl":"https:\/\/www.gossip.it\/wp-content\/uploads\/2022\/04\/cropped-corna-alta-tiny.png","width":512,"height":512,"caption":"Gossip and VIP News"},"image":{"@id":"https:\/\/www.gossip.it\/#\/schema\/logo\/image\/"},"sameAs":["https:\/\/www.facebook.com\/GossipIT","https:\/\/x.com\/gossinews_it","https:\/\/instagram.com\/gossip_it"]},{"@type":"Person","@id":"https:\/\/www.gossip.it\/#\/schema\/person\/488896f75158bff1cc83c6c39d141110","name":"La Redazione","image":{"@type":"ImageObject","inLanguage":"it-IT","@id":"https:\/\/www.gossip.it\/#\/schema\/person\/image\/","url":"https:\/\/secure.gravatar.com\/avatar\/5a5f5c6fa3e6700e4249abdad0263a1e94e927d9e0499b1cb09c1cd29c044d80?s=96&d=mm&r=g","contentUrl":"https:\/\/secure.gravatar.com\/avatar\/5a5f5c6fa3e6700e4249abdad0263a1e94e927d9e0499b1cb09c1cd29c044d80?s=96&d=mm&r=g","caption":"La Redazione"},"sameAs":["https:\/\/www.gossip.it"]}]}},"amp_enabled":true,"_links":{"self":[{"href":"https:\/\/www.gossip.it\/api\/wp\/v2\/posts\/64593","targetHints":{"allow":["GET"]}}],"collection":[{"href":"https:\/\/www.gossip.it\/api\/wp\/v2\/posts"}],"about":[{"href":"https:\/\/www.gossip.it\/api\/wp\/v2\/types\/post"}],"author":[{"embeddable":true,"href":"https:\/\/www.gossip.it\/api\/wp\/v2\/users\/1"}],"replies":[{"embeddable":true,"href":"https:\/\/www.gossip.it\/api\/wp\/v2\/comments?post=64593"}],"version-history":[{"count":0,"href":"https:\/\/www.gossip.it\/api\/wp\/v2\/posts\/64593\/revisions"}],"wp:featuredmedia":[{"embeddable":true,"href":"https:\/\/www.gossip.it\/api\/wp\/v2\/media\/120639"}],"wp:attachment":[{"href":"https:\/\/www.gossip.it\/api\/wp\/v2\/media?parent=64593"}],"wp:term":[{"taxonomy":"category","embeddable":true,"href":"https:\/\/www.gossip.it\/api\/wp\/v2\/categories?post=64593"},{"taxonomy":"post_tag","embeddable":true,"href":"https:\/\/www.gossip.it\/api\/wp\/v2\/tags?post=64593"},{"taxonomy":"vip","embeddable":true,"href":"https:\/\/www.gossip.it\/api\/wp\/v2\/vip?post=64593"}],"curies":[{"name":"wp","href":"https:\/\/api.w.org\/{rel}","templated":true}]}}