{"id":64637,"date":"2019-06-18T00:00:00","date_gmt":"2019-06-17T22:00:00","guid":{"rendered":"https:\/\/www.gossip.it\/senza-categoria\/simona-ventura-giovanni-terzi-gardaland\/"},"modified":"2019-06-18T00:00:00","modified_gmt":"2019-06-17T22:00:00","slug":"simona-ventura-giovanni-terzi-gardaland","status":"publish","type":"post","link":"https:\/\/www.gossip.it\/news\/simona-ventura-giovanni-terzi-gardaland\/","title":{"rendered":"Simona Ventura a Gardaland con Giovanni Terzi, la figlia, la sorella Sara ed Enea. Pure il figlio del giornalista con loro"},"content":{"rendered":"<p><a href=\"\/vip\/simona-ventura\/\">Simona Ventura<\/a>, dopo la conclusione di <a href=\"\/vip\/the-voice of italy\/\">The Voice of Italy<\/a>, si concede un po\u2019 di sano relax in famiglia. Trascorre un\u2019intera giornata a <strong>Gardaland<\/strong> insieme al compagno <a href=\"\/vip\/giovanni-terzi\/\">Giovanni Terzi<\/a>, alla figlia Caterina, alla sorella, <a href=\"\/vip\/sara-ventura\/\">Sara Ventura<\/a>, e al nipotino, Enea. Insieme a loro c\u2019\u00e8 anche uno dei due figli del giornalista, Giulio, nato dalla sua precedente relazione (\u00e8 anche padre di Lodovico). Il volto della conduttrice \u00e8 raggiante: in famiglia nel parco divertimenti ci si diverte un mondo.<\/p>\n<figure class=\"caption\"><img decoding=\"async\" alt=\"\" width=\"640\" height=\"473\" src=\"https:\/\/files.gossip.it\/immagini_news\/2019\/06\/1560859757_ventura_1.jpg\" \/><figcaption>Simona Ventura a Gardaland con Giovanni Terzi, la figlia, la sorella Sara ed Enea. Pure il figlio del giornalista con loro<\/figcaption><\/figure>\n<p>Non sar\u00e0 un\u2019estate di sola vacanza. <strong>Simona Ventura<\/strong> torner\u00e0 in <a href=\"\/vip\/tv\/\">tv<\/a> come presidente di giuria di Castrocaro, come annunciato dal manager <a href=\"\/vip\/lucio-presta\/\">Lucio Presta<\/a>. Il 3 settembre la finale del festival sar\u00e0 trasmessa in diretta su Rai Due. SuperSimo, 54 anni, ritrover\u00e0 una sua<em> \u2018creatura\u2019<\/em>, <a href=\"\/vip\/belen-rodriguez\/\">Belen Rodriguez<\/a>, che presenter\u00e0 la kermesse insieme al marito <a href=\"\/vip\/stefano-de martino\/\">Stefano De Martino<\/a>. Intanto, per\u00f2, meglio fare festa a <strong>Gardaland<\/strong>, con <strong>Giovanni Terzi<\/strong>, sempre al suo fianco, i bambini e la sua adorata sorellina.<\/p>\n<figure class=\"caption\"><img decoding=\"async\" alt=\"\" width=\"640\" height=\"1061\" src=\"https:\/\/files.gossip.it\/immagini_news\/2019\/06\/1560859788_ventura_2.jpg\" \/><figcaption>La conduttrice \u00e8 raggiante<\/figcaption><\/figure>\n<figure class=\"caption\"><img decoding=\"async\" alt=\"\" width=\"640\" height=\"433\" src=\"https:\/\/files.gossip.it\/immagini_news\/2019\/06\/1560859835_ventura_3.jpg\" \/><figcaption>Simona con la figlia Caterina<\/figcaption><\/figure>\n<p><em>\u201cMomenti belli, momenti da ricordare!\u00a0<\/em>\u2013 scrive <strong>Simona Ventura<\/strong> a commento di alcuni scatti condivisi su Instagram \u2013\u00a0<em>Giornata stupenda\u201c.<\/em><\/p>\n<figure class=\"caption\"><img decoding=\"async\" alt=\"\" width=\"640\" height=\"741\" src=\"https:\/\/files.gossip.it\/immagini_news\/2019\/06\/1560859854_ventura_4.jpg\" \/><figcaption>Tutti si divertono sulle attrazionio del parco divertimenti<\/figcaption><\/figure>\n<p>A <strong>Gardaland<\/strong>, tra attrazioni e spuntini, camminate e foto di gruppo, il tempo trascorre anche troppo in fretta.<strong> Giovanni Terzi<\/strong>, l\u2019uomo che le ha ridonato il sorriso dopo la fine della sua lunga relazione con <a href=\"\/vip\/ger\u00f2-carraro\/\">Ger\u00f2 Carraro<\/a>, non la perde di vista un istante.<\/p>\n<p>\u00a0<\/p>\n<p>\u00a0<\/p>\n<p>\u00a0<\/p>\n","protected":false},"excerpt":{"rendered":"<p>Simona Ventura, dopo la conclusione di The Voice of Italy, si concede un po\u2019 di sano relax in famiglia. Trascorre un\u2019intera giornata a Gardaland insieme al compagno Giovanni Terzi, alla figlia Caterina, alla sorella, Sara Ventura, e al nipotino, Enea. Insieme a loro c\u2019\u00e8 anche uno dei due figli del giornalista, Giulio, nato dalla sua [&hellip;]<\/p>\n","protected":false},"author":1,"featured_media":120683,"comment_status":"closed","ping_status":"closed","sticky":false,"template":"","format":"standard","meta":{"footnotes":""},"categories":[54],"tags":[7457,1945,1992,1905,1942,11149,12658,2121,2145,6308,1923],"vip":[1698],"class_list":["post-64637","post","type-post","status-publish","format-standard","has-post-thumbnail","hentry","category-news","tag-caterina","tag-compagno","tag-conduttrice","tag-figlia","tag-figlio","tag-gardaland","tag-giovanni-terzi","tag-instagram","tag-presentatrice","tag-sara-ventura","tag-social","vip-simona_ventura"],"yoast_head":"<title>Simona Ventura a Gardaland con Giovanni Terzi, la figlia, la sorella Sara ed Enea. Pure il figlio del giornalista con loro - Gossip.it | News sul Gossip e VIP<\/title>\n<meta name=\"description\" content=\"Simona Ventura, dopo la conclusione di The Voice of Italy, si concede un po\u2019 di sano relax in famiglia. Trascorre un\u2019intera giornata a Gardaland insieme\" \/>\n<meta name=\"robots\" content=\"index, follow, max-snippet:-1, max-image-preview:large, max-video-preview:-1\" \/>\n<link rel=\"canonical\" href=\"https:\/\/www.gossip.it\/news\/simona-ventura-giovanni-terzi-gardaland\/\" \/>\n<meta property=\"og:locale\" content=\"it_IT\" \/>\n<meta property=\"og:type\" content=\"article\" \/>\n<meta property=\"og:title\" content=\"Simona Ventura a Gardaland con Giovanni Terzi, la figlia, la sorella Sara ed Enea. Pure il figlio del giornalista con loro - Gossip.it | News sul Gossip e VIP\" \/>\n<meta property=\"og:description\" content=\"Simona Ventura, dopo la conclusione di The Voice of Italy, si concede un po\u2019 di sano relax in famiglia. Trascorre un\u2019intera giornata a Gardaland insieme\" \/>\n<meta property=\"og:url\" content=\"https:\/\/www.gossip.it\/news\/simona-ventura-giovanni-terzi-gardaland\/\" \/>\n<meta property=\"og:site_name\" content=\"Gossip.it | News sul Gossip e VIP\" \/>\n<meta property=\"article:publisher\" content=\"https:\/\/www.facebook.com\/GossipIT\" \/>\n<meta property=\"article:published_time\" content=\"2019-06-17T22:00:00+00:00\" \/>\n<meta property=\"og:image\" content=\"https:\/\/files.gossip.it\/immagini_news\/2019\/06\/1560859757_ventura_1.jpg\" \/>\n<meta name=\"author\" content=\"La Redazione\" \/>\n<meta name=\"twitter:card\" content=\"summary_large_image\" \/>\n<meta name=\"twitter:image\" content=\"https:\/\/files.gossip.it\/immagini_news\/2019\/06\/1560859757_ventura_1.jpg\" \/>\n<meta name=\"twitter:creator\" content=\"@gossinews_it\" \/>\n<meta name=\"twitter:site\" content=\"@gossinews_it\" \/>\n<meta name=\"twitter:label1\" content=\"Scritto da\" \/>\n\t<meta name=\"twitter:data1\" content=\"Annamaria Capozzi\" \/>\n\t<meta name=\"twitter:label2\" content=\"Tempo di lettura stimato\" \/>\n\t<meta name=\"twitter:data2\" content=\"1 minuto\" \/>","yoast_head_json":{"title":"Simona Ventura a Gardaland con Giovanni Terzi, la figlia, la sorella Sara ed Enea. Pure il figlio del giornalista con loro - Gossip.it | News sul Gossip e VIP","description":"Simona Ventura, dopo la conclusione di The Voice of Italy, si concede un po\u2019 di sano relax in famiglia. Trascorre un\u2019intera giornata a Gardaland insieme","robots":{"index":"index","follow":"follow","max-snippet":"max-snippet:-1","max-image-preview":"max-image-preview:large","max-video-preview":"max-video-preview:-1"},"canonical":"https:\/\/www.gossip.it\/news\/simona-ventura-giovanni-terzi-gardaland\/","og_locale":"it_IT","og_type":"article","og_title":"Simona Ventura a Gardaland con Giovanni Terzi, la figlia, la sorella Sara ed Enea. Pure il figlio del giornalista con loro - Gossip.it | News sul Gossip e VIP","og_description":"Simona Ventura, dopo la conclusione di The Voice of Italy, si concede un po\u2019 di sano relax in famiglia. Trascorre un\u2019intera giornata a Gardaland insieme","og_url":"https:\/\/www.gossip.it\/news\/simona-ventura-giovanni-terzi-gardaland\/","og_site_name":"Gossip.it | News sul Gossip e VIP","article_publisher":"https:\/\/www.facebook.com\/GossipIT","article_published_time":"2019-06-17T22:00:00+00:00","og_image":[{"url":"https:\/\/files.gossip.it\/immagini_news\/2019\/06\/1560859757_ventura_1.jpg"}],"author":"La Redazione","twitter_card":"summary_large_image","twitter_image":"https:\/\/files.gossip.it\/immagini_news\/2019\/06\/1560859757_ventura_1.jpg","twitter_creator":"@gossinews_it","twitter_site":"@gossinews_it","twitter_misc":{"Scritto da":"Annamaria Capozzi","Tempo di lettura stimato":"1 minuto"},"schema":{"@context":"https:\/\/schema.org","@graph":[{"@type":"Article","@id":"https:\/\/www.gossip.it\/news\/simona-ventura-giovanni-terzi-gardaland\/#article","isPartOf":{"@id":"https:\/\/www.gossip.it\/news\/simona-ventura-giovanni-terzi-gardaland\/"},"author":{"name":"La Redazione","@id":"https:\/\/www.gossip.it\/#\/schema\/person\/488896f75158bff1cc83c6c39d141110"},"headline":"Simona Ventura a Gardaland con Giovanni Terzi, la figlia, la sorella Sara ed Enea. Pure il figlio del giornalista con loro","datePublished":"2019-06-17T22:00:00+00:00","dateModified":"2019-06-17T22:00:00+00:00","mainEntityOfPage":{"@id":"https:\/\/www.gossip.it\/news\/simona-ventura-giovanni-terzi-gardaland\/"},"wordCount":274,"publisher":{"@id":"https:\/\/www.gossip.it\/#organization"},"image":{"@id":"https:\/\/www.gossip.it\/news\/simona-ventura-giovanni-terzi-gardaland\/#primaryimage"},"thumbnailUrl":"https:\/\/files.gossip.it\/immagini_news\/2019\/06\/1560859757_ventura_1.jpg","keywords":["caterina","compagno","conduttrice","figlia","figlio","gardaland","giovanni terzi","instagram","presentatrice","sara ventura","social"],"articleSection":["News"],"inLanguage":"it-IT"},{"@type":"WebPage","@id":"https:\/\/www.gossip.it\/news\/simona-ventura-giovanni-terzi-gardaland\/","url":"https:\/\/www.gossip.it\/news\/simona-ventura-giovanni-terzi-gardaland\/","name":"Simona Ventura a Gardaland con Giovanni Terzi, la figlia, la sorella Sara ed Enea. Pure il figlio del giornalista con loro - Gossip.it | News sul Gossip e VIP","isPartOf":{"@id":"https:\/\/www.gossip.it\/#website"},"primaryImageOfPage":{"@id":"https:\/\/www.gossip.it\/news\/simona-ventura-giovanni-terzi-gardaland\/#primaryimage"},"image":{"@id":"https:\/\/www.gossip.it\/news\/simona-ventura-giovanni-terzi-gardaland\/#primaryimage"},"thumbnailUrl":"https:\/\/files.gossip.it\/immagini_news\/2019\/06\/1560859757_ventura_1.jpg","datePublished":"2019-06-17T22:00:00+00:00","dateModified":"2019-06-17T22:00:00+00:00","description":"Simona Ventura, dopo la conclusione di The Voice of Italy, si concede un po\u2019 di sano relax in famiglia. Trascorre un\u2019intera giornata a Gardaland insieme","breadcrumb":{"@id":"https:\/\/www.gossip.it\/news\/simona-ventura-giovanni-terzi-gardaland\/#breadcrumb"},"inLanguage":"it-IT","potentialAction":[{"@type":"ReadAction","target":["https:\/\/www.gossip.it\/news\/simona-ventura-giovanni-terzi-gardaland\/"]}]},{"@type":"ImageObject","inLanguage":"it-IT","@id":"https:\/\/www.gossip.it\/news\/simona-ventura-giovanni-terzi-gardaland\/#primaryimage","url":"https:\/\/files.gossip.it\/immagini_news\/2019\/06\/1560859757_ventura_1.jpg","contentUrl":"https:\/\/files.gossip.it\/immagini_news\/2019\/06\/1560859757_ventura_1.jpg"},{"@type":"BreadcrumbList","@id":"https:\/\/www.gossip.it\/news\/simona-ventura-giovanni-terzi-gardaland\/#breadcrumb","itemListElement":[{"@type":"ListItem","position":1,"name":"Home","item":"https:\/\/www.gossip.it\/"},{"@type":"ListItem","position":2,"name":"Simona Ventura a Gardaland con Giovanni Terzi, la figlia, la sorella Sara ed Enea. Pure il figlio del giornalista con loro"}]},{"@type":"WebSite","@id":"https:\/\/www.gossip.it\/#website","url":"https:\/\/www.gossip.it\/","name":"Gossip and VIP News","description":"Quotidiano di cronaca rosa, costume e societ\u00e0","publisher":{"@id":"https:\/\/www.gossip.it\/#organization"},"alternateName":"Gossip and VIP News","potentialAction":[{"@type":"SearchAction","target":{"@type":"EntryPoint","urlTemplate":"https:\/\/www.gossip.it\/?s={search_term_string}"},"query-input":{"@type":"PropertyValueSpecification","valueRequired":true,"valueName":"search_term_string"}}],"inLanguage":"it-IT"},{"@type":"Organization","@id":"https:\/\/www.gossip.it\/#organization","name":"Gossip and VIP News","alternateName":"Gossip News","url":"https:\/\/www.gossip.it\/","logo":{"@type":"ImageObject","inLanguage":"it-IT","@id":"https:\/\/www.gossip.it\/#\/schema\/logo\/image\/","url":"https:\/\/www.gossip.it\/wp-content\/uploads\/2022\/04\/cropped-corna-alta-tiny.png","contentUrl":"https:\/\/www.gossip.it\/wp-content\/uploads\/2022\/04\/cropped-corna-alta-tiny.png","width":512,"height":512,"caption":"Gossip and VIP News"},"image":{"@id":"https:\/\/www.gossip.it\/#\/schema\/logo\/image\/"},"sameAs":["https:\/\/www.facebook.com\/GossipIT","https:\/\/x.com\/gossinews_it","https:\/\/instagram.com\/gossip_it"]},{"@type":"Person","@id":"https:\/\/www.gossip.it\/#\/schema\/person\/488896f75158bff1cc83c6c39d141110","name":"La Redazione","image":{"@type":"ImageObject","inLanguage":"it-IT","@id":"https:\/\/www.gossip.it\/#\/schema\/person\/image\/","url":"https:\/\/secure.gravatar.com\/avatar\/5a5f5c6fa3e6700e4249abdad0263a1e94e927d9e0499b1cb09c1cd29c044d80?s=96&d=mm&r=g","contentUrl":"https:\/\/secure.gravatar.com\/avatar\/5a5f5c6fa3e6700e4249abdad0263a1e94e927d9e0499b1cb09c1cd29c044d80?s=96&d=mm&r=g","caption":"La Redazione"},"sameAs":["https:\/\/www.gossip.it"]}]}},"amp_enabled":true,"_links":{"self":[{"href":"https:\/\/www.gossip.it\/api\/wp\/v2\/posts\/64637","targetHints":{"allow":["GET"]}}],"collection":[{"href":"https:\/\/www.gossip.it\/api\/wp\/v2\/posts"}],"about":[{"href":"https:\/\/www.gossip.it\/api\/wp\/v2\/types\/post"}],"author":[{"embeddable":true,"href":"https:\/\/www.gossip.it\/api\/wp\/v2\/users\/1"}],"replies":[{"embeddable":true,"href":"https:\/\/www.gossip.it\/api\/wp\/v2\/comments?post=64637"}],"version-history":[{"count":0,"href":"https:\/\/www.gossip.it\/api\/wp\/v2\/posts\/64637\/revisions"}],"wp:featuredmedia":[{"embeddable":true,"href":"https:\/\/www.gossip.it\/api\/wp\/v2\/media\/120683"}],"wp:attachment":[{"href":"https:\/\/www.gossip.it\/api\/wp\/v2\/media?parent=64637"}],"wp:term":[{"taxonomy":"category","embeddable":true,"href":"https:\/\/www.gossip.it\/api\/wp\/v2\/categories?post=64637"},{"taxonomy":"post_tag","embeddable":true,"href":"https:\/\/www.gossip.it\/api\/wp\/v2\/tags?post=64637"},{"taxonomy":"vip","embeddable":true,"href":"https:\/\/www.gossip.it\/api\/wp\/v2\/vip?post=64637"}],"curies":[{"name":"wp","href":"https:\/\/api.w.org\/{rel}","templated":true}]}}