{"id":64651,"date":"2019-06-19T00:00:00","date_gmt":"2019-06-18T22:00:00","guid":{"rendered":"https:\/\/www.gossip.it\/senza-categoria\/melita-toniolo-nessun-reality\/"},"modified":"2019-06-19T00:00:00","modified_gmt":"2019-06-18T22:00:00","slug":"melita-toniolo-nessun-reality","status":"publish","type":"post","link":"https:\/\/www.gossip.it\/news\/melita-toniolo-nessun-reality\/","title":{"rendered":"Melita Toniolo: 'Non farei mai pi\u00f9 nessun reality. Non ho pi\u00f9 la voglia di sentirmi giudicata\u2019"},"content":{"rendered":"<p><a href=\"\/vip\/melita-toniolo\/\">Melita Toniolo<\/a> risponde alle domande dei fan nelle sue<em> IG Stories<\/em>. L\u2019ex gieffina ai tanti che chiedono se la vedranno in <a href=\"\/vip\/tv\/\">tv<\/a> alla prossima <a href=\"\/vip\/isola-dei famosi\/\">Isola dei Famosi<\/a>, se mai ci sar\u00e0, replica: \u201c<em>Non farei mai pi\u00f9 <strong>nessun<\/strong> <\/em><a href=\"\/vip\/reality\/\">reality<\/a><em>\u201d<\/em>. Non ha pi\u00f9 voglia di sentirsi giudicata e non vuole nel suo futuro il <em>\u2018trash\u2019<\/em>. La 33enne nata a Treviso, legata al comico <a href=\"\/vip\/andrea-vigan\u00f2\/\">Andrea Vigan\u00f2<\/a>, da cui a dicembre 2017 ha avuto Daniel preferisce fare la mamma.<\/p>\n<figure class=\"caption\"><img decoding=\"async\" alt=\"\" width=\"640\" height=\"776\" src=\"https:\/\/files.gossip.it\/immagini_news\/2019\/06\/1560949327_melita_1.jpg\" \/><figcaption>Melita Toniolo non far\u00e0 mai pi\u00f9 un reality<\/figcaption><\/figure>\n<p><em>\"Non farei mai pi\u00f9 <strong>nessun reality<\/strong>. Non ho pi\u00f9 la voglia di sentirmi giudicata. N\u00e9 starei troppi giorni distante da Dani. Non voglio pi\u00f9 mettermi a \u2018nudo\u2019, non ho pi\u00f9 l\u2019et\u00e0\u201d<\/em>, sottolinea <strong>Melita Toniolo<\/strong>, una delle protagoniste del <a href=\"\/vip\/grande-fratello\/\">Grande Fratello<\/a> 7, quando fece perdere la testa ad <a href=\"\/vip\/alessandro-tersigni\/\">Alessandro Tersigni<\/a>, anche lui inquilino della Casa di Cinecitt\u00e0.<\/p>\n<p>La <a href=\"\/vip\/tv\/\">tv<\/a> non le interessa pi\u00f9, <strong>nessun reality<\/strong> la catturerebbe. <strong>Melita Toniolo<\/strong> \u00e8 piuttosto decisa nel replicare agli ammiratori. Quando uno le domanda:<em> \"Ma Melita la \u2018Diavolita\u2019 dov\u2019\u00e8 finita?\"<\/em>, la bella influencer risponde: <em>\u201cParli di quella ragazza di 21 anni che andava dai politici a rompere i maroni? E\u2019 qui, ha finito quel programma e ora continua a chiamarsi Melita. E\u2019 mamma, \u00e8 felice e non ha voglia di trash\u201d.<\/em><\/p>\n<figure class=\"caption\"><img decoding=\"async\" alt=\"\" width=\"640\" height=\"526\" src=\"https:\/\/files.gossip.it\/immagini_news\/2019\/06\/1560949341_melita_2.jpg\" \/><figcaption>La 33enne \u00e8 felice lontana dalla tv con il compagno, Andrea Vigan\u00f2, e il figlio Daniel<\/figcaption><\/figure>\n<p><strong>Melita Toniolo<\/strong> ai <a href=\"\/vip\/reality-show\/\">reality show<\/a> dice basta. Non ha neppure intenzione di andare a <a href=\"\/vip\/nozze\/\">nozze<\/a> con il compagno.<em> \u201cNon credo che mi sposer\u00f2<\/em> - precisa - <em>ma far\u00f2 un altro figlio\u201d<\/em>. Vuole dare a Daniel un fratellino o una sorellina.<\/p>\n<p>\u00a0<\/p>\n","protected":false},"excerpt":{"rendered":"<p>Melita Toniolo risponde alle domande dei fan nelle sue IG Stories. L\u2019ex gieffina ai tanti che chiedono se la vedranno in tv alla prossima Isola dei Famosi, se mai ci sar\u00e0, replica: \u201cNon farei mai pi\u00f9 nessun reality\u201d. Non ha pi\u00f9 voglia di sentirsi giudicata e non vuole nel suo futuro il \u2018trash\u2019. La 33enne [&hellip;]<\/p>\n","protected":false},"author":1,"featured_media":120697,"comment_status":"closed","ping_status":"closed","sticky":false,"template":"","format":"standard","meta":{"footnotes":""},"categories":[54],"tags":[9556,8768,3323,2102,1942,2106,59482,2107,25903,2198,2121,57514,1934,2128,1967,1923,2142,12462],"vip":[1334],"class_list":["post-64651","post","type-post","status-publish","format-standard","has-post-thumbnail","hentry","category-news","tag-andrea-vigano","tag-daniel","tag-diavolita","tag-dichiarazioni","tag-figlio","tag-gf","tag-gf-7","tag-grande-fratello","tag-grande-fratello-7","tag-influencer","tag-instagram","tag-nessun","tag-reality","tag-reality-show","tag-showgirl","tag-social","tag-stories","tag-trash","vip-melita_toniolo"],"yoast_head":"<title>Melita Toniolo: &#039;Non farei mai pi\u00f9 nessun reality. Non ho pi\u00f9 la voglia di sentirmi giudicata\u2019 - Gossip.it | News sul Gossip e VIP<\/title>\n<meta name=\"description\" content=\"Melita Toniolo risponde alle domande dei fan nelle sue IG Stories. L\u2019ex gieffina ai tanti che chiedono se la vedranno in tv alla prossima Isola dei\" \/>\n<meta name=\"robots\" content=\"index, follow, max-snippet:-1, max-image-preview:large, max-video-preview:-1\" \/>\n<link rel=\"canonical\" href=\"https:\/\/www.gossip.it\/news\/melita-toniolo-nessun-reality\/\" \/>\n<meta property=\"og:locale\" content=\"it_IT\" \/>\n<meta property=\"og:type\" content=\"article\" \/>\n<meta property=\"og:title\" content=\"Melita Toniolo: &#039;Non farei mai pi\u00f9 nessun reality. Non ho pi\u00f9 la voglia di sentirmi giudicata\u2019 - Gossip.it | News sul Gossip e VIP\" \/>\n<meta property=\"og:description\" content=\"Melita Toniolo risponde alle domande dei fan nelle sue IG Stories. L\u2019ex gieffina ai tanti che chiedono se la vedranno in tv alla prossima Isola dei\" \/>\n<meta property=\"og:url\" content=\"https:\/\/www.gossip.it\/news\/melita-toniolo-nessun-reality\/\" \/>\n<meta property=\"og:site_name\" content=\"Gossip.it | News sul Gossip e VIP\" \/>\n<meta property=\"article:publisher\" content=\"https:\/\/www.facebook.com\/GossipIT\" \/>\n<meta property=\"article:published_time\" content=\"2019-06-18T22:00:00+00:00\" \/>\n<meta property=\"og:image\" content=\"https:\/\/files.gossip.it\/immagini_news\/2019\/06\/1560949327_melita_1.jpg\" \/>\n<meta name=\"author\" content=\"La Redazione\" \/>\n<meta name=\"twitter:card\" content=\"summary_large_image\" \/>\n<meta name=\"twitter:image\" content=\"https:\/\/files.gossip.it\/immagini_news\/2019\/06\/1560949327_melita_1.jpg\" \/>\n<meta name=\"twitter:creator\" content=\"@gossinews_it\" \/>\n<meta name=\"twitter:site\" content=\"@gossinews_it\" \/>\n<meta name=\"twitter:label1\" content=\"Scritto da\" \/>\n\t<meta name=\"twitter:data1\" content=\"Annamaria Capozzi\" \/>\n\t<meta name=\"twitter:label2\" content=\"Tempo di lettura stimato\" \/>\n\t<meta name=\"twitter:data2\" content=\"1 minuto\" \/>","yoast_head_json":{"title":"Melita Toniolo: 'Non farei mai pi\u00f9 nessun reality. Non ho pi\u00f9 la voglia di sentirmi giudicata\u2019 - Gossip.it | News sul Gossip e VIP","description":"Melita Toniolo risponde alle domande dei fan nelle sue IG Stories. L\u2019ex gieffina ai tanti che chiedono se la vedranno in tv alla prossima Isola dei","robots":{"index":"index","follow":"follow","max-snippet":"max-snippet:-1","max-image-preview":"max-image-preview:large","max-video-preview":"max-video-preview:-1"},"canonical":"https:\/\/www.gossip.it\/news\/melita-toniolo-nessun-reality\/","og_locale":"it_IT","og_type":"article","og_title":"Melita Toniolo: 'Non farei mai pi\u00f9 nessun reality. Non ho pi\u00f9 la voglia di sentirmi giudicata\u2019 - Gossip.it | News sul Gossip e VIP","og_description":"Melita Toniolo risponde alle domande dei fan nelle sue IG Stories. L\u2019ex gieffina ai tanti che chiedono se la vedranno in tv alla prossima Isola dei","og_url":"https:\/\/www.gossip.it\/news\/melita-toniolo-nessun-reality\/","og_site_name":"Gossip.it | News sul Gossip e VIP","article_publisher":"https:\/\/www.facebook.com\/GossipIT","article_published_time":"2019-06-18T22:00:00+00:00","og_image":[{"url":"https:\/\/files.gossip.it\/immagini_news\/2019\/06\/1560949327_melita_1.jpg"}],"author":"La Redazione","twitter_card":"summary_large_image","twitter_image":"https:\/\/files.gossip.it\/immagini_news\/2019\/06\/1560949327_melita_1.jpg","twitter_creator":"@gossinews_it","twitter_site":"@gossinews_it","twitter_misc":{"Scritto da":"Annamaria Capozzi","Tempo di lettura stimato":"1 minuto"},"schema":{"@context":"https:\/\/schema.org","@graph":[{"@type":"Article","@id":"https:\/\/www.gossip.it\/news\/melita-toniolo-nessun-reality\/#article","isPartOf":{"@id":"https:\/\/www.gossip.it\/news\/melita-toniolo-nessun-reality\/"},"author":{"name":"La Redazione","@id":"https:\/\/www.gossip.it\/#\/schema\/person\/488896f75158bff1cc83c6c39d141110"},"headline":"Melita Toniolo: 'Non farei mai pi\u00f9 nessun reality. Non ho pi\u00f9 la voglia di sentirmi giudicata\u2019","datePublished":"2019-06-18T22:00:00+00:00","dateModified":"2019-06-18T22:00:00+00:00","mainEntityOfPage":{"@id":"https:\/\/www.gossip.it\/news\/melita-toniolo-nessun-reality\/"},"wordCount":277,"publisher":{"@id":"https:\/\/www.gossip.it\/#organization"},"image":{"@id":"https:\/\/www.gossip.it\/news\/melita-toniolo-nessun-reality\/#primaryimage"},"thumbnailUrl":"https:\/\/files.gossip.it\/immagini_news\/2019\/06\/1560949327_melita_1.jpg","keywords":["andrea vigan\u00f2","daniel","diavolita","dichiarazioni","figlio","gf","gf 7","grande fratello","grande fratello 7","influencer","instagram","nessun","reality","reality show","showgirl","social","stories","trash"],"articleSection":["News"],"inLanguage":"it-IT"},{"@type":"WebPage","@id":"https:\/\/www.gossip.it\/news\/melita-toniolo-nessun-reality\/","url":"https:\/\/www.gossip.it\/news\/melita-toniolo-nessun-reality\/","name":"Melita Toniolo: 'Non farei mai pi\u00f9 nessun reality. Non ho pi\u00f9 la voglia di sentirmi giudicata\u2019 - Gossip.it | News sul Gossip e VIP","isPartOf":{"@id":"https:\/\/www.gossip.it\/#website"},"primaryImageOfPage":{"@id":"https:\/\/www.gossip.it\/news\/melita-toniolo-nessun-reality\/#primaryimage"},"image":{"@id":"https:\/\/www.gossip.it\/news\/melita-toniolo-nessun-reality\/#primaryimage"},"thumbnailUrl":"https:\/\/files.gossip.it\/immagini_news\/2019\/06\/1560949327_melita_1.jpg","datePublished":"2019-06-18T22:00:00+00:00","dateModified":"2019-06-18T22:00:00+00:00","description":"Melita Toniolo risponde alle domande dei fan nelle sue IG Stories. L\u2019ex gieffina ai tanti che chiedono se la vedranno in tv alla prossima Isola dei","breadcrumb":{"@id":"https:\/\/www.gossip.it\/news\/melita-toniolo-nessun-reality\/#breadcrumb"},"inLanguage":"it-IT","potentialAction":[{"@type":"ReadAction","target":["https:\/\/www.gossip.it\/news\/melita-toniolo-nessun-reality\/"]}]},{"@type":"ImageObject","inLanguage":"it-IT","@id":"https:\/\/www.gossip.it\/news\/melita-toniolo-nessun-reality\/#primaryimage","url":"https:\/\/files.gossip.it\/immagini_news\/2019\/06\/1560949327_melita_1.jpg","contentUrl":"https:\/\/files.gossip.it\/immagini_news\/2019\/06\/1560949327_melita_1.jpg"},{"@type":"BreadcrumbList","@id":"https:\/\/www.gossip.it\/news\/melita-toniolo-nessun-reality\/#breadcrumb","itemListElement":[{"@type":"ListItem","position":1,"name":"Home","item":"https:\/\/www.gossip.it\/"},{"@type":"ListItem","position":2,"name":"Melita Toniolo: 'Non farei mai pi\u00f9 nessun reality. Non ho pi\u00f9 la voglia di sentirmi giudicata\u2019"}]},{"@type":"WebSite","@id":"https:\/\/www.gossip.it\/#website","url":"https:\/\/www.gossip.it\/","name":"Gossip and VIP News","description":"Quotidiano di cronaca rosa, costume e societ\u00e0","publisher":{"@id":"https:\/\/www.gossip.it\/#organization"},"alternateName":"Gossip and VIP News","potentialAction":[{"@type":"SearchAction","target":{"@type":"EntryPoint","urlTemplate":"https:\/\/www.gossip.it\/?s={search_term_string}"},"query-input":{"@type":"PropertyValueSpecification","valueRequired":true,"valueName":"search_term_string"}}],"inLanguage":"it-IT"},{"@type":"Organization","@id":"https:\/\/www.gossip.it\/#organization","name":"Gossip and VIP News","alternateName":"Gossip News","url":"https:\/\/www.gossip.it\/","logo":{"@type":"ImageObject","inLanguage":"it-IT","@id":"https:\/\/www.gossip.it\/#\/schema\/logo\/image\/","url":"https:\/\/www.gossip.it\/wp-content\/uploads\/2022\/04\/cropped-corna-alta-tiny.png","contentUrl":"https:\/\/www.gossip.it\/wp-content\/uploads\/2022\/04\/cropped-corna-alta-tiny.png","width":512,"height":512,"caption":"Gossip and VIP News"},"image":{"@id":"https:\/\/www.gossip.it\/#\/schema\/logo\/image\/"},"sameAs":["https:\/\/www.facebook.com\/GossipIT","https:\/\/x.com\/gossinews_it","https:\/\/instagram.com\/gossip_it"]},{"@type":"Person","@id":"https:\/\/www.gossip.it\/#\/schema\/person\/488896f75158bff1cc83c6c39d141110","name":"La Redazione","image":{"@type":"ImageObject","inLanguage":"it-IT","@id":"https:\/\/www.gossip.it\/#\/schema\/person\/image\/","url":"https:\/\/secure.gravatar.com\/avatar\/5a5f5c6fa3e6700e4249abdad0263a1e94e927d9e0499b1cb09c1cd29c044d80?s=96&d=mm&r=g","contentUrl":"https:\/\/secure.gravatar.com\/avatar\/5a5f5c6fa3e6700e4249abdad0263a1e94e927d9e0499b1cb09c1cd29c044d80?s=96&d=mm&r=g","caption":"La Redazione"},"sameAs":["https:\/\/www.gossip.it"]}]}},"amp_enabled":true,"_links":{"self":[{"href":"https:\/\/www.gossip.it\/api\/wp\/v2\/posts\/64651","targetHints":{"allow":["GET"]}}],"collection":[{"href":"https:\/\/www.gossip.it\/api\/wp\/v2\/posts"}],"about":[{"href":"https:\/\/www.gossip.it\/api\/wp\/v2\/types\/post"}],"author":[{"embeddable":true,"href":"https:\/\/www.gossip.it\/api\/wp\/v2\/users\/1"}],"replies":[{"embeddable":true,"href":"https:\/\/www.gossip.it\/api\/wp\/v2\/comments?post=64651"}],"version-history":[{"count":0,"href":"https:\/\/www.gossip.it\/api\/wp\/v2\/posts\/64651\/revisions"}],"wp:featuredmedia":[{"embeddable":true,"href":"https:\/\/www.gossip.it\/api\/wp\/v2\/media\/120697"}],"wp:attachment":[{"href":"https:\/\/www.gossip.it\/api\/wp\/v2\/media?parent=64651"}],"wp:term":[{"taxonomy":"category","embeddable":true,"href":"https:\/\/www.gossip.it\/api\/wp\/v2\/categories?post=64651"},{"taxonomy":"post_tag","embeddable":true,"href":"https:\/\/www.gossip.it\/api\/wp\/v2\/tags?post=64651"},{"taxonomy":"vip","embeddable":true,"href":"https:\/\/www.gossip.it\/api\/wp\/v2\/vip?post=64651"}],"curies":[{"name":"wp","href":"https:\/\/api.w.org\/{rel}","templated":true}]}}