{"id":64689,"date":"2019-06-24T00:00:00","date_gmt":"2019-06-23T22:00:00","guid":{"rendered":"https:\/\/www.gossip.it\/senza-categoria\/aida-yespica-geppi-lama-fashion-week-roma\/"},"modified":"2019-06-24T00:00:00","modified_gmt":"2019-06-23T22:00:00","slug":"aida-yespica-geppi-lama-fashion-week-roma","status":"publish","type":"post","link":"https:\/\/www.gossip.it\/news\/aida-yespica-geppi-lama-fashion-week-roma\/","title":{"rendered":"Aida Yespica e Geppi Lama mondani dopo il ritorno di fiamma alla Fashion Week a Roma"},"content":{"rendered":"<p><a href=\"\/vip\/aida-yespica\/\">Aida Yespica<\/a>\u00a0e <a href=\"\/vip\/geppi-lama\/\">Geppi Lama<\/a> sono nuovamente mondani in coppia dopo il ritorno di fiamma. I due sfilano sul red carpet della <strong>Fashion Week<\/strong> a <strong>Roma<\/strong>. La <a href=\"\/vip\/showgirl\/\">showgirl<\/a> venezuelana e l\u2019imprenditore napoletano si lasciano immortalare dai tanti obiettivi presenti mentre brindano con un calice in mano non solo all\u2019evento, ma all\u2019amore ritrovato.<\/p>\n<figure class=\"caption\"><img decoding=\"async\" alt=\"\" width=\"640\" height=\"827\" src=\"https:\/\/files.gossip.it\/immagini_news\/2019\/06\/1561373045_yespica_lama.jpg\" \/><figcaption>Aida Yespica e Geppi Lama mondani dopo il ritorno di fiamma alla Fashion Week a Roma<\/figcaption><\/figure>\n<p><strong>Aida Yespica <\/strong>e <strong>Geppi Lama<\/strong> a inizio giugno si sono goduti una splendida vacanza a Santorini. Sull\u2019isola greca, tra cene romantiche e bagni in piscina, hanno condiviso con i fan alcune<em> IG Stories<\/em> in cui hanno ufficializzato il ritorno di fiamma, di cui gi\u00e0 si vociferava. Ora, dopo pochi giorni, arriva anche la prima occasione mondana a due alla <strong>Fashion Week<\/strong> a <strong>Roma<\/strong>. L\u2019estate, come \u00e8 sempre accaduto, li fa tornare insieme.<\/p>\n<p>Erano una coppia anche sotto il solleone del 2017. La 36enne e il partenopeo, per\u00f2, con il freddo, hanno fatto crack. Seconda reunion nei mesi caldi del 2018, con ennesimo addio nel novembre dello scorso anno. Ora, per il terzo anno consecutivo, <strong>Aida Yespica<\/strong> e <strong>Geppi Lama<\/strong> ci riprovano e si fanno vedere appassionati alla <strong>Fashion Week <\/strong>a <strong>Roma<\/strong>. Per sapere se il ritorno di fiamma stavolta sar\u00e0 o meno duraturo, per\u00f2, bisogner\u00e0 attendere l\u2019autunno inoltrato, la loro prova del fuoco, a quanto pare.<\/p>\n<p>\u00a0<\/p>\n<p>\u00a0<\/p>\n<p>\u00a0<\/p>\n","protected":false},"excerpt":{"rendered":"<p>Aida Yespica\u00a0e Geppi Lama sono nuovamente mondani in coppia dopo il ritorno di fiamma. I due sfilano sul red carpet della Fashion Week a Roma. La showgirl venezuelana e l\u2019imprenditore napoletano si lasciano immortalare dai tanti obiettivi presenti mentre brindano con un calice in mano non solo all\u2019evento, ma all\u2019amore ritrovato. Aida Yespica e Geppi [&hellip;]<\/p>\n","protected":false},"author":1,"featured_media":120735,"comment_status":"closed","ping_status":"closed","sticky":false,"template":"","format":"standard","meta":{"footnotes":""},"categories":[54],"tags":[2387,1880,2622,2757,5419,11809,11342,9553,2351,2121,2199,2654,1949,1879,11819,1967,1923,1899],"vip":[225],"class_list":["post-64689","post","type-post","status-publish","format-standard","has-post-thumbnail","hentry","category-news","tag-amore","tag-coppia","tag-estate","tag-evento","tag-fashion-week","tag-geppi-lama","tag-geppy-lama","tag-grecia","tag-imprenditore","tag-instagram","tag-isola","tag-mondanita","tag-ritorno-di-fiamma","tag-roma","tag-santorini","tag-showgirl","tag-social","tag-vacanza","vip-aida_yespica"],"yoast_head":"<title>Aida Yespica e Geppi Lama mondani dopo il ritorno di fiamma alla Fashion Week a Roma - Gossip.it | News sul Gossip e VIP<\/title>\n<meta name=\"description\" content=\"Aida Yespica\u00a0e Geppi Lama sono nuovamente mondani in coppia dopo il ritorno di fiamma. I due sfilano sul red carpet della Fashion Week a Roma. La showgirl\" \/>\n<meta name=\"robots\" content=\"index, follow, max-snippet:-1, max-image-preview:large, max-video-preview:-1\" \/>\n<link rel=\"canonical\" href=\"https:\/\/www.gossip.it\/news\/aida-yespica-geppi-lama-fashion-week-roma\/\" \/>\n<meta property=\"og:locale\" content=\"it_IT\" \/>\n<meta property=\"og:type\" content=\"article\" \/>\n<meta property=\"og:title\" content=\"Aida Yespica e Geppi Lama mondani dopo il ritorno di fiamma alla Fashion Week a Roma - Gossip.it | News sul Gossip e VIP\" \/>\n<meta property=\"og:description\" content=\"Aida Yespica\u00a0e Geppi Lama sono nuovamente mondani in coppia dopo il ritorno di fiamma. I due sfilano sul red carpet della Fashion Week a Roma. La showgirl\" \/>\n<meta property=\"og:url\" content=\"https:\/\/www.gossip.it\/news\/aida-yespica-geppi-lama-fashion-week-roma\/\" \/>\n<meta property=\"og:site_name\" content=\"Gossip.it | News sul Gossip e VIP\" \/>\n<meta property=\"article:publisher\" content=\"https:\/\/www.facebook.com\/GossipIT\" \/>\n<meta property=\"article:published_time\" content=\"2019-06-23T22:00:00+00:00\" \/>\n<meta property=\"og:image\" content=\"https:\/\/files.gossip.it\/immagini_news\/2019\/06\/1561373045_yespica_lama.jpg\" \/>\n<meta name=\"author\" content=\"La Redazione\" \/>\n<meta name=\"twitter:card\" content=\"summary_large_image\" \/>\n<meta name=\"twitter:image\" content=\"https:\/\/files.gossip.it\/immagini_news\/2019\/06\/1561373045_yespica_lama.jpg\" \/>\n<meta name=\"twitter:creator\" content=\"@gossinews_it\" \/>\n<meta name=\"twitter:site\" content=\"@gossinews_it\" \/>\n<meta name=\"twitter:label1\" content=\"Scritto da\" \/>\n\t<meta name=\"twitter:data1\" content=\"Annamaria Capozzi\" \/>\n\t<meta name=\"twitter:label2\" content=\"Tempo di lettura stimato\" \/>\n\t<meta name=\"twitter:data2\" content=\"1 minuto\" \/>","yoast_head_json":{"title":"Aida Yespica e Geppi Lama mondani dopo il ritorno di fiamma alla Fashion Week a Roma - Gossip.it | News sul Gossip e VIP","description":"Aida Yespica\u00a0e Geppi Lama sono nuovamente mondani in coppia dopo il ritorno di fiamma. I due sfilano sul red carpet della Fashion Week a Roma. La showgirl","robots":{"index":"index","follow":"follow","max-snippet":"max-snippet:-1","max-image-preview":"max-image-preview:large","max-video-preview":"max-video-preview:-1"},"canonical":"https:\/\/www.gossip.it\/news\/aida-yespica-geppi-lama-fashion-week-roma\/","og_locale":"it_IT","og_type":"article","og_title":"Aida Yespica e Geppi Lama mondani dopo il ritorno di fiamma alla Fashion Week a Roma - Gossip.it | News sul Gossip e VIP","og_description":"Aida Yespica\u00a0e Geppi Lama sono nuovamente mondani in coppia dopo il ritorno di fiamma. I due sfilano sul red carpet della Fashion Week a Roma. La showgirl","og_url":"https:\/\/www.gossip.it\/news\/aida-yespica-geppi-lama-fashion-week-roma\/","og_site_name":"Gossip.it | News sul Gossip e VIP","article_publisher":"https:\/\/www.facebook.com\/GossipIT","article_published_time":"2019-06-23T22:00:00+00:00","og_image":[{"url":"https:\/\/files.gossip.it\/immagini_news\/2019\/06\/1561373045_yespica_lama.jpg"}],"author":"La Redazione","twitter_card":"summary_large_image","twitter_image":"https:\/\/files.gossip.it\/immagini_news\/2019\/06\/1561373045_yespica_lama.jpg","twitter_creator":"@gossinews_it","twitter_site":"@gossinews_it","twitter_misc":{"Scritto da":"Annamaria Capozzi","Tempo di lettura stimato":"1 minuto"},"schema":{"@context":"https:\/\/schema.org","@graph":[{"@type":"Article","@id":"https:\/\/www.gossip.it\/news\/aida-yespica-geppi-lama-fashion-week-roma\/#article","isPartOf":{"@id":"https:\/\/www.gossip.it\/news\/aida-yespica-geppi-lama-fashion-week-roma\/"},"author":{"name":"La Redazione","@id":"https:\/\/www.gossip.it\/#\/schema\/person\/488896f75158bff1cc83c6c39d141110"},"headline":"Aida Yespica e Geppi Lama mondani dopo il ritorno di fiamma alla Fashion Week a Roma","datePublished":"2019-06-23T22:00:00+00:00","dateModified":"2019-06-23T22:00:00+00:00","mainEntityOfPage":{"@id":"https:\/\/www.gossip.it\/news\/aida-yespica-geppi-lama-fashion-week-roma\/"},"wordCount":243,"publisher":{"@id":"https:\/\/www.gossip.it\/#organization"},"image":{"@id":"https:\/\/www.gossip.it\/news\/aida-yespica-geppi-lama-fashion-week-roma\/#primaryimage"},"thumbnailUrl":"https:\/\/files.gossip.it\/immagini_news\/2019\/06\/1561373045_yespica_lama.jpg","keywords":["amore","coppia","estate","evento","fashion week","geppi lama","geppy lama","grecia","imprenditore","instagram","isola","mondanita","ritorno di fiamma","roma","santorini","showgirl","social","vacanza"],"articleSection":["News"],"inLanguage":"it-IT"},{"@type":"WebPage","@id":"https:\/\/www.gossip.it\/news\/aida-yespica-geppi-lama-fashion-week-roma\/","url":"https:\/\/www.gossip.it\/news\/aida-yespica-geppi-lama-fashion-week-roma\/","name":"Aida Yespica e Geppi Lama mondani dopo il ritorno di fiamma alla Fashion Week a Roma - Gossip.it | News sul Gossip e VIP","isPartOf":{"@id":"https:\/\/www.gossip.it\/#website"},"primaryImageOfPage":{"@id":"https:\/\/www.gossip.it\/news\/aida-yespica-geppi-lama-fashion-week-roma\/#primaryimage"},"image":{"@id":"https:\/\/www.gossip.it\/news\/aida-yespica-geppi-lama-fashion-week-roma\/#primaryimage"},"thumbnailUrl":"https:\/\/files.gossip.it\/immagini_news\/2019\/06\/1561373045_yespica_lama.jpg","datePublished":"2019-06-23T22:00:00+00:00","dateModified":"2019-06-23T22:00:00+00:00","description":"Aida Yespica\u00a0e Geppi Lama sono nuovamente mondani in coppia dopo il ritorno di fiamma. I due sfilano sul red carpet della Fashion Week a Roma. La showgirl","breadcrumb":{"@id":"https:\/\/www.gossip.it\/news\/aida-yespica-geppi-lama-fashion-week-roma\/#breadcrumb"},"inLanguage":"it-IT","potentialAction":[{"@type":"ReadAction","target":["https:\/\/www.gossip.it\/news\/aida-yespica-geppi-lama-fashion-week-roma\/"]}]},{"@type":"ImageObject","inLanguage":"it-IT","@id":"https:\/\/www.gossip.it\/news\/aida-yespica-geppi-lama-fashion-week-roma\/#primaryimage","url":"https:\/\/files.gossip.it\/immagini_news\/2019\/06\/1561373045_yespica_lama.jpg","contentUrl":"https:\/\/files.gossip.it\/immagini_news\/2019\/06\/1561373045_yespica_lama.jpg"},{"@type":"BreadcrumbList","@id":"https:\/\/www.gossip.it\/news\/aida-yespica-geppi-lama-fashion-week-roma\/#breadcrumb","itemListElement":[{"@type":"ListItem","position":1,"name":"Home","item":"https:\/\/www.gossip.it\/"},{"@type":"ListItem","position":2,"name":"Aida Yespica e Geppi Lama mondani dopo il ritorno di fiamma alla Fashion Week a Roma"}]},{"@type":"WebSite","@id":"https:\/\/www.gossip.it\/#website","url":"https:\/\/www.gossip.it\/","name":"Gossip and VIP News","description":"Quotidiano di cronaca rosa, costume e societ\u00e0","publisher":{"@id":"https:\/\/www.gossip.it\/#organization"},"alternateName":"Gossip and VIP News","potentialAction":[{"@type":"SearchAction","target":{"@type":"EntryPoint","urlTemplate":"https:\/\/www.gossip.it\/?s={search_term_string}"},"query-input":{"@type":"PropertyValueSpecification","valueRequired":true,"valueName":"search_term_string"}}],"inLanguage":"it-IT"},{"@type":"Organization","@id":"https:\/\/www.gossip.it\/#organization","name":"Gossip and VIP News","alternateName":"Gossip News","url":"https:\/\/www.gossip.it\/","logo":{"@type":"ImageObject","inLanguage":"it-IT","@id":"https:\/\/www.gossip.it\/#\/schema\/logo\/image\/","url":"https:\/\/www.gossip.it\/wp-content\/uploads\/2022\/04\/cropped-corna-alta-tiny.png","contentUrl":"https:\/\/www.gossip.it\/wp-content\/uploads\/2022\/04\/cropped-corna-alta-tiny.png","width":512,"height":512,"caption":"Gossip and VIP News"},"image":{"@id":"https:\/\/www.gossip.it\/#\/schema\/logo\/image\/"},"sameAs":["https:\/\/www.facebook.com\/GossipIT","https:\/\/x.com\/gossinews_it","https:\/\/instagram.com\/gossip_it"]},{"@type":"Person","@id":"https:\/\/www.gossip.it\/#\/schema\/person\/488896f75158bff1cc83c6c39d141110","name":"La Redazione","image":{"@type":"ImageObject","inLanguage":"it-IT","@id":"https:\/\/www.gossip.it\/#\/schema\/person\/image\/","url":"https:\/\/secure.gravatar.com\/avatar\/5a5f5c6fa3e6700e4249abdad0263a1e94e927d9e0499b1cb09c1cd29c044d80?s=96&d=mm&r=g","contentUrl":"https:\/\/secure.gravatar.com\/avatar\/5a5f5c6fa3e6700e4249abdad0263a1e94e927d9e0499b1cb09c1cd29c044d80?s=96&d=mm&r=g","caption":"La Redazione"},"sameAs":["https:\/\/www.gossip.it"]}]}},"amp_enabled":true,"_links":{"self":[{"href":"https:\/\/www.gossip.it\/api\/wp\/v2\/posts\/64689","targetHints":{"allow":["GET"]}}],"collection":[{"href":"https:\/\/www.gossip.it\/api\/wp\/v2\/posts"}],"about":[{"href":"https:\/\/www.gossip.it\/api\/wp\/v2\/types\/post"}],"author":[{"embeddable":true,"href":"https:\/\/www.gossip.it\/api\/wp\/v2\/users\/1"}],"replies":[{"embeddable":true,"href":"https:\/\/www.gossip.it\/api\/wp\/v2\/comments?post=64689"}],"version-history":[{"count":0,"href":"https:\/\/www.gossip.it\/api\/wp\/v2\/posts\/64689\/revisions"}],"wp:featuredmedia":[{"embeddable":true,"href":"https:\/\/www.gossip.it\/api\/wp\/v2\/media\/120735"}],"wp:attachment":[{"href":"https:\/\/www.gossip.it\/api\/wp\/v2\/media?parent=64689"}],"wp:term":[{"taxonomy":"category","embeddable":true,"href":"https:\/\/www.gossip.it\/api\/wp\/v2\/categories?post=64689"},{"taxonomy":"post_tag","embeddable":true,"href":"https:\/\/www.gossip.it\/api\/wp\/v2\/tags?post=64689"},{"taxonomy":"vip","embeddable":true,"href":"https:\/\/www.gossip.it\/api\/wp\/v2\/vip?post=64689"}],"curies":[{"name":"wp","href":"https:\/\/api.w.org\/{rel}","templated":true}]}}