{"id":64736,"date":"2019-06-28T00:00:00","date_gmt":"2019-06-27T22:00:00","guid":{"rendered":"https:\/\/www.gossip.it\/senza-categoria\/eros-ramazzotti-aurora-cognome\/"},"modified":"2019-06-28T00:00:00","modified_gmt":"2019-06-27T22:00:00","slug":"eros-ramazzotti-aurora-cognome","status":"publish","type":"post","link":"https:\/\/www.gossip.it\/news\/eros-ramazzotti-aurora-cognome\/","title":{"rendered":"Eros Ramazzotti: 'Aurora ha fatto le sue cavolate, additata per il cognome? Noi ce ne sbattiamo\u2019"},"content":{"rendered":"<p><a href=\"\/vip\/eros-ramazzotti\/\">Eros Ramazzotti<\/a> parla di <a href=\"\/vip\/aurora\/\">Aurora<\/a>, la figlia primogenita di 22 anni. Il <a href=\"\/vip\/cantante\/\">cantante<\/a> ai microfoni di Rai Radio2 nel corso del format <em>\"I Lunatici\"<\/em>, condotto da Roberto Arduini e Andrea Di Ciancio,\u00a0dice: <em>\u201cHa fatto le sue cavolate, ma \u00e8 molto maturata\u201d<\/em>. Poi, quando gli si fa notare che spesso \u00e8 stata <em>\u2018additata\u2019 <\/em>per il suo <strong>cognome<\/strong> famoso, sottolinea: <em>\u201cNoi ce ne sbattiamo\u201d.<\/em><\/p>\n<figure class=\"caption\"><img decoding=\"async\" alt=\"\" width=\"640\" height=\"676\" src=\"https:\/\/files.gossip.it\/immagini_news\/2019\/06\/1561723582_ramazzotti_1.jpg\" \/><figcaption>Eros Ramazzotti parla della figlia Aurora a 'I Lunatici': 'Ha fatto cavolate ma \u00e8 molto maturata'<\/figcaption><\/figure>\n<p>Non dice nulla sulle voci di possibile crisi con la moglie <a href=\"\/vip\/marica-pellegrinelli\/\">Marica Pellegrinelli<\/a>, messe nero su bianco dal settimanale <em>Spy<\/em>. <strong>Eros Ramazzotti<\/strong> fa sapere ai fan che dopo l\u2019operazione alle corde vocali va molto meglio. Poi parla di <strong>Aurora,<\/strong>\u00a0del suo rapporto con lei e del <strong>cognome<\/strong> importante che porta, quello che spesso le ha fatto dare della<em> 'raccomandata'<\/em>. <em>\u201cIl nostro rapporto \u00e8 bellissimo. Lei negli ultimi anni \u00e8 molto maturata, ha fatto le sue cavolate come tutti i giovani, ma \u00e8 cresciuta bene\u201d<\/em>, spiega.<\/p>\n<p>Le<em> \u2018cavolate\u2019 <\/em>sono ormai alle spalle.<strong> Eros Ramazzotti <\/strong>\u00e8 fiero di Aurora. \u201c<em>E' una ragazza con molto piglio, ha voglia di imparare, ha la vita in corpo, \u00e8 molto serena, anche quando la criticano riesce a rimanere fredda e ad andare avanti per la sua strada. Questo \u00e8 importante, un figlio con due genitori separati fa sempre un po' di fatica e lei l'ha superata bene questa cosa. Il rischio di essere additata per il <strong>cognome<\/strong>? Quello c'\u00e8 sempre, ma noi ce ne sbattiamo, siamo gente pulita, non abbiamo mai rubato niente a nessuno\u201d.<\/em><\/p>\n<figure class=\"caption\"><img decoding=\"async\" alt=\"\" width=\"640\" height=\"664\" src=\"https:\/\/files.gossip.it\/immagini_news\/2019\/06\/1561723601_ramazzotti_2.jpg\" \/><figcaption>Il cantante sulla ragazza additata per il cognome importante sottolinea. 'Noi ce ne sbattiamo'<\/figcaption><\/figure>\n<p>L\u2019artista 55enne, padre anche di Raffaela Maria, 7 anni, e Gabrio Tullio, 4, nati dall\u2019unione con la Pellegrinelli, 31 anni, del suo essere genitore, dice: <em>\u201cCome pap\u00e0 cerco di essere sempre molto presente, di insegnare l'educazione, le basi per il rispetto del prossimo\u201d.<\/em><\/p>\n<p>\u00a0<\/p>\n<p>\u00a0<\/p>\n","protected":false},"excerpt":{"rendered":"<p>Eros Ramazzotti parla di Aurora, la figlia primogenita di 22 anni. Il cantante ai microfoni di Rai Radio2 nel corso del format \"I Lunatici\", condotto da Roberto Arduini e Andrea Di Ciancio,\u00a0dice: \u201cHa fatto le sue cavolate, ma \u00e8 molto maturata\u201d. Poi, quando gli si fa notare che spesso \u00e8 stata \u2018additata\u2019 per il suo [&hellip;]<\/p>\n","protected":false},"author":1,"featured_media":120782,"comment_status":"closed","ping_status":"closed","sticky":false,"template":"","format":"standard","meta":{"footnotes":""},"categories":[54],"tags":[2161,4668,1939,1981,55386,13755,2102,15483,1905,58350,8754],"vip":[693],"class_list":["post-64736","post","type-post","status-publish","format-standard","has-post-thumbnail","hentry","category-news","tag-artista","tag-aurora","tag-aurora-ramazzotti","tag-cantante","tag-cavolate","tag-cognome","tag-dichiarazioni","tag-eros","tag-figlia","tag-i-lunatici","tag-marica-pellegrinelli","vip-eros_ramazzotti"],"yoast_head":"<title>Eros Ramazzotti: &#039;Aurora ha fatto le sue cavolate, additata per il cognome? Noi ce ne sbattiamo\u2019 - Gossip.it | News sul Gossip e VIP<\/title>\n<meta name=\"description\" content=\"Eros Ramazzotti parla di Aurora, la figlia primogenita di 22 anni. Il cantante ai microfoni di Rai Radio2 nel corso del format &quot;I Lunatici&quot;, condotto da\" \/>\n<meta name=\"robots\" content=\"index, follow, max-snippet:-1, max-image-preview:large, max-video-preview:-1\" \/>\n<link rel=\"canonical\" href=\"https:\/\/www.gossip.it\/news\/eros-ramazzotti-aurora-cognome\/\" \/>\n<meta property=\"og:locale\" content=\"it_IT\" \/>\n<meta property=\"og:type\" content=\"article\" \/>\n<meta property=\"og:title\" content=\"Eros Ramazzotti: &#039;Aurora ha fatto le sue cavolate, additata per il cognome? Noi ce ne sbattiamo\u2019 - Gossip.it | News sul Gossip e VIP\" \/>\n<meta property=\"og:description\" content=\"Eros Ramazzotti parla di Aurora, la figlia primogenita di 22 anni. Il cantante ai microfoni di Rai Radio2 nel corso del format &quot;I Lunatici&quot;, condotto da\" \/>\n<meta property=\"og:url\" content=\"https:\/\/www.gossip.it\/news\/eros-ramazzotti-aurora-cognome\/\" \/>\n<meta property=\"og:site_name\" content=\"Gossip.it | News sul Gossip e VIP\" \/>\n<meta property=\"article:publisher\" content=\"https:\/\/www.facebook.com\/GossipIT\" \/>\n<meta property=\"article:published_time\" content=\"2019-06-27T22:00:00+00:00\" \/>\n<meta property=\"og:image\" content=\"https:\/\/files.gossip.it\/immagini_news\/2019\/06\/1561723582_ramazzotti_1.jpg\" \/>\n<meta name=\"author\" content=\"La Redazione\" \/>\n<meta name=\"twitter:card\" content=\"summary_large_image\" \/>\n<meta name=\"twitter:image\" content=\"https:\/\/files.gossip.it\/immagini_news\/2019\/06\/1561723582_ramazzotti_1.jpg\" \/>\n<meta name=\"twitter:creator\" content=\"@gossinews_it\" \/>\n<meta name=\"twitter:site\" content=\"@gossinews_it\" \/>\n<meta name=\"twitter:label1\" content=\"Scritto da\" \/>\n\t<meta name=\"twitter:data1\" content=\"Annamaria Capozzi\" \/>\n\t<meta name=\"twitter:label2\" content=\"Tempo di lettura stimato\" \/>\n\t<meta name=\"twitter:data2\" content=\"2 minuti\" \/>","yoast_head_json":{"title":"Eros Ramazzotti: 'Aurora ha fatto le sue cavolate, additata per il cognome? Noi ce ne sbattiamo\u2019 - Gossip.it | News sul Gossip e VIP","description":"Eros Ramazzotti parla di Aurora, la figlia primogenita di 22 anni. Il cantante ai microfoni di Rai Radio2 nel corso del format \"I Lunatici\", condotto da","robots":{"index":"index","follow":"follow","max-snippet":"max-snippet:-1","max-image-preview":"max-image-preview:large","max-video-preview":"max-video-preview:-1"},"canonical":"https:\/\/www.gossip.it\/news\/eros-ramazzotti-aurora-cognome\/","og_locale":"it_IT","og_type":"article","og_title":"Eros Ramazzotti: 'Aurora ha fatto le sue cavolate, additata per il cognome? Noi ce ne sbattiamo\u2019 - Gossip.it | News sul Gossip e VIP","og_description":"Eros Ramazzotti parla di Aurora, la figlia primogenita di 22 anni. Il cantante ai microfoni di Rai Radio2 nel corso del format \"I Lunatici\", condotto da","og_url":"https:\/\/www.gossip.it\/news\/eros-ramazzotti-aurora-cognome\/","og_site_name":"Gossip.it | News sul Gossip e VIP","article_publisher":"https:\/\/www.facebook.com\/GossipIT","article_published_time":"2019-06-27T22:00:00+00:00","og_image":[{"url":"https:\/\/files.gossip.it\/immagini_news\/2019\/06\/1561723582_ramazzotti_1.jpg"}],"author":"La Redazione","twitter_card":"summary_large_image","twitter_image":"https:\/\/files.gossip.it\/immagini_news\/2019\/06\/1561723582_ramazzotti_1.jpg","twitter_creator":"@gossinews_it","twitter_site":"@gossinews_it","twitter_misc":{"Scritto da":"Annamaria Capozzi","Tempo di lettura stimato":"2 minuti"},"schema":{"@context":"https:\/\/schema.org","@graph":[{"@type":"Article","@id":"https:\/\/www.gossip.it\/news\/eros-ramazzotti-aurora-cognome\/#article","isPartOf":{"@id":"https:\/\/www.gossip.it\/news\/eros-ramazzotti-aurora-cognome\/"},"author":{"name":"La Redazione","@id":"https:\/\/www.gossip.it\/#\/schema\/person\/488896f75158bff1cc83c6c39d141110"},"headline":"Eros Ramazzotti: 'Aurora ha fatto le sue cavolate, additata per il cognome? Noi ce ne sbattiamo\u2019","datePublished":"2019-06-27T22:00:00+00:00","dateModified":"2019-06-27T22:00:00+00:00","mainEntityOfPage":{"@id":"https:\/\/www.gossip.it\/news\/eros-ramazzotti-aurora-cognome\/"},"wordCount":323,"publisher":{"@id":"https:\/\/www.gossip.it\/#organization"},"image":{"@id":"https:\/\/www.gossip.it\/news\/eros-ramazzotti-aurora-cognome\/#primaryimage"},"thumbnailUrl":"https:\/\/files.gossip.it\/immagini_news\/2019\/06\/1561723582_ramazzotti_1.jpg","keywords":["artista","aurora","aurora ramazzotti","cantante","cavolate","cognome","dichiarazioni","eros","figlia","i lunatici","marica pellegrinelli"],"articleSection":["News"],"inLanguage":"it-IT"},{"@type":"WebPage","@id":"https:\/\/www.gossip.it\/news\/eros-ramazzotti-aurora-cognome\/","url":"https:\/\/www.gossip.it\/news\/eros-ramazzotti-aurora-cognome\/","name":"Eros Ramazzotti: 'Aurora ha fatto le sue cavolate, additata per il cognome? Noi ce ne sbattiamo\u2019 - Gossip.it | News sul Gossip e VIP","isPartOf":{"@id":"https:\/\/www.gossip.it\/#website"},"primaryImageOfPage":{"@id":"https:\/\/www.gossip.it\/news\/eros-ramazzotti-aurora-cognome\/#primaryimage"},"image":{"@id":"https:\/\/www.gossip.it\/news\/eros-ramazzotti-aurora-cognome\/#primaryimage"},"thumbnailUrl":"https:\/\/files.gossip.it\/immagini_news\/2019\/06\/1561723582_ramazzotti_1.jpg","datePublished":"2019-06-27T22:00:00+00:00","dateModified":"2019-06-27T22:00:00+00:00","description":"Eros Ramazzotti parla di Aurora, la figlia primogenita di 22 anni. Il cantante ai microfoni di Rai Radio2 nel corso del format \"I Lunatici\", condotto da","breadcrumb":{"@id":"https:\/\/www.gossip.it\/news\/eros-ramazzotti-aurora-cognome\/#breadcrumb"},"inLanguage":"it-IT","potentialAction":[{"@type":"ReadAction","target":["https:\/\/www.gossip.it\/news\/eros-ramazzotti-aurora-cognome\/"]}]},{"@type":"ImageObject","inLanguage":"it-IT","@id":"https:\/\/www.gossip.it\/news\/eros-ramazzotti-aurora-cognome\/#primaryimage","url":"https:\/\/files.gossip.it\/immagini_news\/2019\/06\/1561723582_ramazzotti_1.jpg","contentUrl":"https:\/\/files.gossip.it\/immagini_news\/2019\/06\/1561723582_ramazzotti_1.jpg"},{"@type":"BreadcrumbList","@id":"https:\/\/www.gossip.it\/news\/eros-ramazzotti-aurora-cognome\/#breadcrumb","itemListElement":[{"@type":"ListItem","position":1,"name":"Home","item":"https:\/\/www.gossip.it\/"},{"@type":"ListItem","position":2,"name":"Eros Ramazzotti: 'Aurora ha fatto le sue cavolate, additata per il cognome? Noi ce ne sbattiamo\u2019"}]},{"@type":"WebSite","@id":"https:\/\/www.gossip.it\/#website","url":"https:\/\/www.gossip.it\/","name":"Gossip and VIP News","description":"Quotidiano di cronaca rosa, costume e societ\u00e0","publisher":{"@id":"https:\/\/www.gossip.it\/#organization"},"alternateName":"Gossip and VIP News","potentialAction":[{"@type":"SearchAction","target":{"@type":"EntryPoint","urlTemplate":"https:\/\/www.gossip.it\/?s={search_term_string}"},"query-input":{"@type":"PropertyValueSpecification","valueRequired":true,"valueName":"search_term_string"}}],"inLanguage":"it-IT"},{"@type":"Organization","@id":"https:\/\/www.gossip.it\/#organization","name":"Gossip and VIP News","alternateName":"Gossip News","url":"https:\/\/www.gossip.it\/","logo":{"@type":"ImageObject","inLanguage":"it-IT","@id":"https:\/\/www.gossip.it\/#\/schema\/logo\/image\/","url":"https:\/\/www.gossip.it\/wp-content\/uploads\/2022\/04\/cropped-corna-alta-tiny.png","contentUrl":"https:\/\/www.gossip.it\/wp-content\/uploads\/2022\/04\/cropped-corna-alta-tiny.png","width":512,"height":512,"caption":"Gossip and VIP News"},"image":{"@id":"https:\/\/www.gossip.it\/#\/schema\/logo\/image\/"},"sameAs":["https:\/\/www.facebook.com\/GossipIT","https:\/\/x.com\/gossinews_it","https:\/\/instagram.com\/gossip_it"]},{"@type":"Person","@id":"https:\/\/www.gossip.it\/#\/schema\/person\/488896f75158bff1cc83c6c39d141110","name":"La Redazione","image":{"@type":"ImageObject","inLanguage":"it-IT","@id":"https:\/\/www.gossip.it\/#\/schema\/person\/image\/","url":"https:\/\/secure.gravatar.com\/avatar\/5a5f5c6fa3e6700e4249abdad0263a1e94e927d9e0499b1cb09c1cd29c044d80?s=96&d=mm&r=g","contentUrl":"https:\/\/secure.gravatar.com\/avatar\/5a5f5c6fa3e6700e4249abdad0263a1e94e927d9e0499b1cb09c1cd29c044d80?s=96&d=mm&r=g","caption":"La Redazione"},"sameAs":["https:\/\/www.gossip.it"]}]}},"amp_enabled":true,"_links":{"self":[{"href":"https:\/\/www.gossip.it\/api\/wp\/v2\/posts\/64736","targetHints":{"allow":["GET"]}}],"collection":[{"href":"https:\/\/www.gossip.it\/api\/wp\/v2\/posts"}],"about":[{"href":"https:\/\/www.gossip.it\/api\/wp\/v2\/types\/post"}],"author":[{"embeddable":true,"href":"https:\/\/www.gossip.it\/api\/wp\/v2\/users\/1"}],"replies":[{"embeddable":true,"href":"https:\/\/www.gossip.it\/api\/wp\/v2\/comments?post=64736"}],"version-history":[{"count":0,"href":"https:\/\/www.gossip.it\/api\/wp\/v2\/posts\/64736\/revisions"}],"wp:featuredmedia":[{"embeddable":true,"href":"https:\/\/www.gossip.it\/api\/wp\/v2\/media\/120782"}],"wp:attachment":[{"href":"https:\/\/www.gossip.it\/api\/wp\/v2\/media?parent=64736"}],"wp:term":[{"taxonomy":"category","embeddable":true,"href":"https:\/\/www.gossip.it\/api\/wp\/v2\/categories?post=64736"},{"taxonomy":"post_tag","embeddable":true,"href":"https:\/\/www.gossip.it\/api\/wp\/v2\/tags?post=64736"},{"taxonomy":"vip","embeddable":true,"href":"https:\/\/www.gossip.it\/api\/wp\/v2\/vip?post=64736"}],"curies":[{"name":"wp","href":"https:\/\/api.w.org\/{rel}","templated":true}]}}