{"id":64902,"date":"2019-07-18T00:00:00","date_gmt":"2019-07-17T22:00:00","guid":{"rendered":"https:\/\/www.gossip.it\/senza-categoria\/francesco-monte-attaccato-dopo-foto-isabella-de-candia\/"},"modified":"2019-07-18T00:00:00","modified_gmt":"2019-07-17T22:00:00","slug":"francesco-monte-attaccato-dopo-foto-isabella-de-candia","status":"publish","type":"post","link":"https:\/\/www.gossip.it\/news\/francesco-monte-attaccato-dopo-foto-isabella-de-candia\/","title":{"rendered":"Francesco Monte di nuovo bersagliato sui social: attaccato dopo la foto con Isabella De Candia"},"content":{"rendered":"<p><a href=\"\/vip\/francesco-monte\/\">Francesco Monte<\/a> \u00e8 di nuovo nella bufera. <strong>Dopo<\/strong> la <strong>foto<\/strong> condivisa nelle IG Stories con <a href=\"\/vip\/isabella-de candia\/\">Isabella De Candia<\/a>, la sua nuova fidanzata, in moltissimi lo <strong>attaccano<\/strong> sui <a href=\"\/vip\/social\/\">social<\/a> e si dicono<em> \u2018schifati\u2019<\/em> dal suo comportamento. Sono tantissimi quelli dalla parte dell\u2019ex <a href=\"\/vip\/giulia-salemi\/\">Giulia Salemi<\/a>.<\/p>\n<figure class=\"caption\"><img decoding=\"async\" alt=\"\" width=\"640\" height=\"660\" src=\"https:\/\/files.gossip.it\/immagini_news\/2019\/07\/1563449220_monte_polemica.jpg\" \/><figcaption>Francesco Monte di nuovo nella bufera: sui social lo attaccano duramente<\/figcaption><\/figure>\n<p>Lo <strong>attaccano<\/strong> impietosamente. <strong>Francesco Monte<\/strong> \u00e8 nel centro del mirino degli utenti sui social. <strong>Dopo<\/strong> la<strong> foto<\/strong> con<strong> Isabella De Candia <\/strong>si \u00e8 scatenato il caos. \u201c<em>Ora comprendo il perch\u00e9 gli autori del <\/em><a href=\"\/vip\/gf-vip\/\">GF Vip<\/a><em> percu*avano il tuo legame con la Salemi, perch\u00e9 loro avevano capito chi sei veramente<\/em>\u201d, dice una commentatrice. Un\u2019altra gli sottolinea: <em>\u201cSchifata\u201d.<\/em><\/p>\n<p><em>\u201cOgni tre mesi cambi fidanzata\u201d,<\/em> scrive un\u2019altra sua ex fan. <strong>Francesco Monte<\/strong> \u00e8 bersagliato. <strong>Dopo<\/strong> la pubblicazione della <strong>foto<\/strong> con <strong>Isabella De Candia<\/strong> tutti gli danno addosso. Non capiscono come abbia potuto ufficializzare cos\u00ec presto un legame nato quasi in concomitanza con la rottura con Giulia Salemi. I pi\u00f9 maligni, tra l\u2019altro, sono convinti che la<em> \u2018tresca\u2019<\/em> tra i due fosse in atto gi\u00e0 da prima\u2026<\/p>\n<p><em>\u201cChe differenza abissale tra te e Giulia lei la purezza tu... Non mi esprimo non ne vale la pena\u201d<\/em>, gli fa sapere un\u2019altra commentatrice.<em> \u201cMi hai deluso\u201d<\/em>, gli scrivono ancora.<\/p>\n<figure class=\"caption\"><img decoding=\"async\" alt=\"\" width=\"640\" height=\"1101\" src=\"https:\/\/files.gossip.it\/immagini_news\/2019\/07\/1563449102_monte_de_candia.jpg\" \/><figcaption>La foto condivisa con isabella De Candia, la nuova fidanzata, scatena un polverone<\/figcaption><\/figure>\n<p>In un lungo post una ragazza gli esprime tutto il suo disappunto: <em>\u201cSinceramente non voglio insultarti, perch\u00e9 ho condiviso un percorso con te, perch\u00e9 ho provato a difenderti. Per\u00f2 mi dispiace, la delusione \u00e8 fortissima, e quando vengo delusa da una persona, per me quella persona smette di esistere. Ho provato a capire, a comprendere, ma alla fine mi sono arresa. Arresa alla realt\u00e0, e mi dispiace perch\u00e9 a 31 anni, hai la testa di uno di 15. Perch\u00e9 insegui una chimera che non esiste, perch\u00e9 pensi di cercare la donna perfetta, costruita a tua immagine e somiglianza, ma non esiste. Non esiste la donna robot, che ti ascolta e ti da ragione, perch\u00e9 non sarebbe una donna, ma un burattino nelle tue mani. Tu vuoi un burattino, una persona che ti dia sempre ragione, che china la testa e ti dica sempre di s\u00ec\u201d.<\/em><\/p>\n<p>E ancora: <strong>\u201c<\/strong><em>Una persona che non ti venga contro, che accetti passiva tutto quello che le proponi. Io gi\u00e0 quando siete stati in America, ho capito che qualcosa non andava, perch\u00e9 quando hai saputo che Giulia stava male, sei rimasto a Taranto invece di correre da lei, come qualsiasi persona innamorata avrebbe fatto. Ti sei giustificato dicendo che c\u2019era la madre, ma non era una giustificazione. Le prime crepe sono iniziate li, io le ho colte, e queste crepe sono diventate sempre pi\u00f9 grosse, fino a far crollare tutto. Perch\u00e9 tu volevi che lei cambiasse per te, si annullasse completamente, ma non funziona cos\u00ec. Non puoi cambiare una persona. Sinceramente credo che non troverai mai la persona per te, perch\u00e9 non esiste, stai solo inseguendo un qualcosa che non esiste. Quello che mi dispiace, e che ti ho difeso andando contro tutti per te, e ora mi sento scema sinceramente. Non so che dirti, solo addio e basta\u201d.<\/em><\/p>\n<p>Al momento <strong>Francesco Monte <\/strong>non replica. Lo <strong>attaccano<\/strong>, ma lui a Ibiza si gode la vacanza con la sua Isa e lascia correre. E\u2019 convinto che passer\u00e0.<\/p>\n<p>\u00a0<\/p>\n<p>\u00a0<\/p>\n","protected":false},"excerpt":{"rendered":"<p>Francesco Monte \u00e8 di nuovo nella bufera. Dopo la foto condivisa nelle IG Stories con Isabella De Candia, la sua nuova fidanzata, in moltissimi lo attaccano sui social e si dicono \u2018schifati\u2019 dal suo comportamento. Sono tantissimi quelli dalla parte dell\u2019ex Giulia Salemi. Francesco Monte di nuovo nella bufera: sui social lo attaccano duramente Lo [&hellip;]<\/p>\n","protected":false},"author":1,"featured_media":120948,"comment_status":"closed","ping_status":"closed","sticky":false,"template":"","format":"standard","meta":{"footnotes":""},"categories":[54],"tags":[44975,2685,2133,2180,59605,8847,2121,1997,2205,2122,1923,2113],"vip":[],"class_list":["post-64902","post","type-post","status-publish","format-standard","has-post-thumbnail","hentry","category-news","tag-attaccato","tag-commenti","tag-dopo","tag-fidanzata","tag-foto-isabella-de-candia","tag-francesco-monte","tag-instagram","tag-modella","tag-modello","tag-post","tag-social","tag-tronista"],"yoast_head":"<title>Francesco Monte di nuovo bersagliato sui social: attaccato dopo la foto con Isabella De Candia - Gossip.it | News sul Gossip e VIP<\/title>\n<meta name=\"description\" content=\"Francesco Monte \u00e8 di nuovo nella bufera. Dopo la foto condivisa nelle IG Stories con Isabella De Candia, la sua nuova fidanzata, in moltissimi lo\" \/>\n<meta name=\"robots\" content=\"index, follow, max-snippet:-1, max-image-preview:large, max-video-preview:-1\" \/>\n<link rel=\"canonical\" href=\"https:\/\/www.gossip.it\/news\/francesco-monte-attaccato-dopo-foto-isabella-de-candia\/\" \/>\n<meta property=\"og:locale\" content=\"it_IT\" \/>\n<meta property=\"og:type\" content=\"article\" \/>\n<meta property=\"og:title\" content=\"Francesco Monte di nuovo bersagliato sui social: attaccato dopo la foto con Isabella De Candia - Gossip.it | News sul Gossip e VIP\" \/>\n<meta property=\"og:description\" content=\"Francesco Monte \u00e8 di nuovo nella bufera. Dopo la foto condivisa nelle IG Stories con Isabella De Candia, la sua nuova fidanzata, in moltissimi lo\" \/>\n<meta property=\"og:url\" content=\"https:\/\/www.gossip.it\/news\/francesco-monte-attaccato-dopo-foto-isabella-de-candia\/\" \/>\n<meta property=\"og:site_name\" content=\"Gossip.it | News sul Gossip e VIP\" \/>\n<meta property=\"article:publisher\" content=\"https:\/\/www.facebook.com\/GossipIT\" \/>\n<meta property=\"article:published_time\" content=\"2019-07-17T22:00:00+00:00\" \/>\n<meta property=\"og:image\" content=\"https:\/\/files.gossip.it\/immagini_news\/2019\/07\/1563449220_monte_polemica.jpg\" \/>\n<meta name=\"author\" content=\"La Redazione\" \/>\n<meta name=\"twitter:card\" content=\"summary_large_image\" \/>\n<meta name=\"twitter:image\" content=\"https:\/\/files.gossip.it\/immagini_news\/2019\/07\/1563449220_monte_polemica.jpg\" \/>\n<meta name=\"twitter:creator\" content=\"@gossinews_it\" \/>\n<meta name=\"twitter:site\" content=\"@gossinews_it\" \/>\n<meta name=\"twitter:label1\" content=\"Scritto da\" \/>\n\t<meta name=\"twitter:data1\" content=\"Annamaria Capozzi\" \/>\n\t<meta name=\"twitter:label2\" content=\"Tempo di lettura stimato\" \/>\n\t<meta name=\"twitter:data2\" content=\"3 minuti\" \/>","yoast_head_json":{"title":"Francesco Monte di nuovo bersagliato sui social: attaccato dopo la foto con Isabella De Candia - Gossip.it | News sul Gossip e VIP","description":"Francesco Monte \u00e8 di nuovo nella bufera. Dopo la foto condivisa nelle IG Stories con Isabella De Candia, la sua nuova fidanzata, in moltissimi lo","robots":{"index":"index","follow":"follow","max-snippet":"max-snippet:-1","max-image-preview":"max-image-preview:large","max-video-preview":"max-video-preview:-1"},"canonical":"https:\/\/www.gossip.it\/news\/francesco-monte-attaccato-dopo-foto-isabella-de-candia\/","og_locale":"it_IT","og_type":"article","og_title":"Francesco Monte di nuovo bersagliato sui social: attaccato dopo la foto con Isabella De Candia - Gossip.it | News sul Gossip e VIP","og_description":"Francesco Monte \u00e8 di nuovo nella bufera. Dopo la foto condivisa nelle IG Stories con Isabella De Candia, la sua nuova fidanzata, in moltissimi lo","og_url":"https:\/\/www.gossip.it\/news\/francesco-monte-attaccato-dopo-foto-isabella-de-candia\/","og_site_name":"Gossip.it | News sul Gossip e VIP","article_publisher":"https:\/\/www.facebook.com\/GossipIT","article_published_time":"2019-07-17T22:00:00+00:00","og_image":[{"url":"https:\/\/files.gossip.it\/immagini_news\/2019\/07\/1563449220_monte_polemica.jpg"}],"author":"La Redazione","twitter_card":"summary_large_image","twitter_image":"https:\/\/files.gossip.it\/immagini_news\/2019\/07\/1563449220_monte_polemica.jpg","twitter_creator":"@gossinews_it","twitter_site":"@gossinews_it","twitter_misc":{"Scritto da":"Annamaria Capozzi","Tempo di lettura stimato":"3 minuti"},"schema":{"@context":"https:\/\/schema.org","@graph":[{"@type":"Article","@id":"https:\/\/www.gossip.it\/news\/francesco-monte-attaccato-dopo-foto-isabella-de-candia\/#article","isPartOf":{"@id":"https:\/\/www.gossip.it\/news\/francesco-monte-attaccato-dopo-foto-isabella-de-candia\/"},"author":{"name":"La Redazione","@id":"https:\/\/www.gossip.it\/#\/schema\/person\/488896f75158bff1cc83c6c39d141110"},"headline":"Francesco Monte di nuovo bersagliato sui social: attaccato dopo la foto con Isabella De Candia","datePublished":"2019-07-17T22:00:00+00:00","dateModified":"2019-07-17T22:00:00+00:00","mainEntityOfPage":{"@id":"https:\/\/www.gossip.it\/news\/francesco-monte-attaccato-dopo-foto-isabella-de-candia\/"},"wordCount":564,"publisher":{"@id":"https:\/\/www.gossip.it\/#organization"},"image":{"@id":"https:\/\/www.gossip.it\/news\/francesco-monte-attaccato-dopo-foto-isabella-de-candia\/#primaryimage"},"thumbnailUrl":"https:\/\/files.gossip.it\/immagini_news\/2019\/07\/1563449220_monte_polemica.jpg","keywords":["attaccato","commenti","dopo","fidanzata","foto isabella de candia","francesco monte","instagram","modella","modello","post","social","tronista"],"articleSection":["News"],"inLanguage":"it-IT"},{"@type":"WebPage","@id":"https:\/\/www.gossip.it\/news\/francesco-monte-attaccato-dopo-foto-isabella-de-candia\/","url":"https:\/\/www.gossip.it\/news\/francesco-monte-attaccato-dopo-foto-isabella-de-candia\/","name":"Francesco Monte di nuovo bersagliato sui social: attaccato dopo la foto con Isabella De Candia - Gossip.it | News sul Gossip e VIP","isPartOf":{"@id":"https:\/\/www.gossip.it\/#website"},"primaryImageOfPage":{"@id":"https:\/\/www.gossip.it\/news\/francesco-monte-attaccato-dopo-foto-isabella-de-candia\/#primaryimage"},"image":{"@id":"https:\/\/www.gossip.it\/news\/francesco-monte-attaccato-dopo-foto-isabella-de-candia\/#primaryimage"},"thumbnailUrl":"https:\/\/files.gossip.it\/immagini_news\/2019\/07\/1563449220_monte_polemica.jpg","datePublished":"2019-07-17T22:00:00+00:00","dateModified":"2019-07-17T22:00:00+00:00","description":"Francesco Monte \u00e8 di nuovo nella bufera. Dopo la foto condivisa nelle IG Stories con Isabella De Candia, la sua nuova fidanzata, in moltissimi lo","breadcrumb":{"@id":"https:\/\/www.gossip.it\/news\/francesco-monte-attaccato-dopo-foto-isabella-de-candia\/#breadcrumb"},"inLanguage":"it-IT","potentialAction":[{"@type":"ReadAction","target":["https:\/\/www.gossip.it\/news\/francesco-monte-attaccato-dopo-foto-isabella-de-candia\/"]}]},{"@type":"ImageObject","inLanguage":"it-IT","@id":"https:\/\/www.gossip.it\/news\/francesco-monte-attaccato-dopo-foto-isabella-de-candia\/#primaryimage","url":"https:\/\/files.gossip.it\/immagini_news\/2019\/07\/1563449220_monte_polemica.jpg","contentUrl":"https:\/\/files.gossip.it\/immagini_news\/2019\/07\/1563449220_monte_polemica.jpg"},{"@type":"BreadcrumbList","@id":"https:\/\/www.gossip.it\/news\/francesco-monte-attaccato-dopo-foto-isabella-de-candia\/#breadcrumb","itemListElement":[{"@type":"ListItem","position":1,"name":"Home","item":"https:\/\/www.gossip.it\/"},{"@type":"ListItem","position":2,"name":"Francesco Monte di nuovo bersagliato sui social: attaccato dopo la foto con Isabella De Candia"}]},{"@type":"WebSite","@id":"https:\/\/www.gossip.it\/#website","url":"https:\/\/www.gossip.it\/","name":"Gossip and VIP News","description":"Quotidiano di cronaca rosa, costume e societ\u00e0","publisher":{"@id":"https:\/\/www.gossip.it\/#organization"},"alternateName":"Gossip and VIP News","potentialAction":[{"@type":"SearchAction","target":{"@type":"EntryPoint","urlTemplate":"https:\/\/www.gossip.it\/?s={search_term_string}"},"query-input":{"@type":"PropertyValueSpecification","valueRequired":true,"valueName":"search_term_string"}}],"inLanguage":"it-IT"},{"@type":"Organization","@id":"https:\/\/www.gossip.it\/#organization","name":"Gossip and VIP News","alternateName":"Gossip News","url":"https:\/\/www.gossip.it\/","logo":{"@type":"ImageObject","inLanguage":"it-IT","@id":"https:\/\/www.gossip.it\/#\/schema\/logo\/image\/","url":"https:\/\/www.gossip.it\/wp-content\/uploads\/2022\/04\/cropped-corna-alta-tiny.png","contentUrl":"https:\/\/www.gossip.it\/wp-content\/uploads\/2022\/04\/cropped-corna-alta-tiny.png","width":512,"height":512,"caption":"Gossip and VIP News"},"image":{"@id":"https:\/\/www.gossip.it\/#\/schema\/logo\/image\/"},"sameAs":["https:\/\/www.facebook.com\/GossipIT","https:\/\/x.com\/gossinews_it","https:\/\/instagram.com\/gossip_it"]},{"@type":"Person","@id":"https:\/\/www.gossip.it\/#\/schema\/person\/488896f75158bff1cc83c6c39d141110","name":"La Redazione","image":{"@type":"ImageObject","inLanguage":"it-IT","@id":"https:\/\/www.gossip.it\/#\/schema\/person\/image\/","url":"https:\/\/secure.gravatar.com\/avatar\/5a5f5c6fa3e6700e4249abdad0263a1e94e927d9e0499b1cb09c1cd29c044d80?s=96&d=mm&r=g","contentUrl":"https:\/\/secure.gravatar.com\/avatar\/5a5f5c6fa3e6700e4249abdad0263a1e94e927d9e0499b1cb09c1cd29c044d80?s=96&d=mm&r=g","caption":"La Redazione"},"sameAs":["https:\/\/www.gossip.it"]}]}},"amp_enabled":true,"_links":{"self":[{"href":"https:\/\/www.gossip.it\/api\/wp\/v2\/posts\/64902","targetHints":{"allow":["GET"]}}],"collection":[{"href":"https:\/\/www.gossip.it\/api\/wp\/v2\/posts"}],"about":[{"href":"https:\/\/www.gossip.it\/api\/wp\/v2\/types\/post"}],"author":[{"embeddable":true,"href":"https:\/\/www.gossip.it\/api\/wp\/v2\/users\/1"}],"replies":[{"embeddable":true,"href":"https:\/\/www.gossip.it\/api\/wp\/v2\/comments?post=64902"}],"version-history":[{"count":0,"href":"https:\/\/www.gossip.it\/api\/wp\/v2\/posts\/64902\/revisions"}],"wp:featuredmedia":[{"embeddable":true,"href":"https:\/\/www.gossip.it\/api\/wp\/v2\/media\/120948"}],"wp:attachment":[{"href":"https:\/\/www.gossip.it\/api\/wp\/v2\/media?parent=64902"}],"wp:term":[{"taxonomy":"category","embeddable":true,"href":"https:\/\/www.gossip.it\/api\/wp\/v2\/categories?post=64902"},{"taxonomy":"post_tag","embeddable":true,"href":"https:\/\/www.gossip.it\/api\/wp\/v2\/tags?post=64902"},{"taxonomy":"vip","embeddable":true,"href":"https:\/\/www.gossip.it\/api\/wp\/v2\/vip?post=64902"}],"curies":[{"name":"wp","href":"https:\/\/api.w.org\/{rel}","templated":true}]}}