{"id":64991,"date":"2019-08-02T00:00:00","date_gmt":"2019-08-01T22:00:00","guid":{"rendered":"https:\/\/www.gossip.it\/senza-categoria\/rosa-perrotta-allattamento-seno\/"},"modified":"2019-08-02T00:00:00","modified_gmt":"2019-08-01T22:00:00","slug":"rosa-perrotta-allattamento-seno","status":"publish","type":"post","link":"https:\/\/www.gossip.it\/news\/rosa-perrotta-allattamento-seno\/","title":{"rendered":"Rosa Perrotta: 'Il seno si rovina con l'allattamento? Sti ca**i!'"},"content":{"rendered":"<p><a href=\"\/vip\/rosa-perrotta\/\">Rosa Perrotta<\/a>, mamma da poco pi\u00f9 di una settimana, ha optato per l<strong>'allattamento <\/strong>al <strong>seno<\/strong>. La 30enne lo racconta sul suo profilo <a href=\"\/vip\/social-\/\">social <\/a>e descrive questo momento delicato della maternit\u00e0 come un'esperienza pazzesca. Il d\u00e9collet\u00e9 si rovina? <em>\"Sti ca**i\"<\/em>, dichiara a chiare note l'ex volto di \"<a href=\"\/vip\/uomini-e donne\/\">Uomini e Donne<\/a>\".\u00a0<\/p>\n<figure class=\"caption\"><img decoding=\"async\" alt=\"\" width=\"640\" height=\"1016\" src=\"https:\/\/files.gossip.it\/immagini_news\/2019\/08\/1564740536_perrotta_1.jpg\" \/><figcaption>Rosa Perrotta ha deciso di allattare il figlio Domenico al seno\u00a0<\/figcaption><\/figure>\n<p><em>\"Sto allattando<\/em> - racconta <strong>Rosa Perrotta<\/strong> ai <a href=\"\/vip\/follower\/\">follower<\/a> - <em>Ho scelto di allattare nonostante quello che si dice, e in parte \u00e8 vero, sul seno che fa male, si rovina e cos\u00ec via. Se il <strong>seno<\/strong>\u00a0si rovina, sti ca**i. E' un'esperienza secondo me bellissima. Consiglio a tutte quelle che possono, ovviamente se ci sono le condizioni, di farlo. Tra l'altro Dodo mangia tantissimo, veramente mi svena, ma \u00e8 una sorta di proseguo dopo il parto. Voi in pancia lo nutrivate e poi dopo quando lo avete tra le braccia si attacca al vostro seno e sentite che ancora voi siete le uniche che potete farlo. Si crea un legame ancora pi\u00f9 forte. L'<strong>allattamento<\/strong> \u00e8 un'esperienza pazzesca\"<\/em>.<\/p>\n<figure class=\"caption\"><img decoding=\"async\" alt=\"\" width=\"640\" height=\"777\" src=\"https:\/\/files.gossip.it\/immagini_news\/2019\/08\/1564740587_perrotta_2.jpg\" \/><figcaption>Rosa bacia il piedino del figlio nato gioved\u00ec 25 luglio<\/figcaption><\/figure>\n<figure class=\"caption\"><img decoding=\"async\" alt=\"\" width=\"640\" height=\"1051\" src=\"https:\/\/files.gossip.it\/immagini_news\/2019\/08\/1564740646_tartaglione_perrotta_4.jpg\" \/><figcaption>Pap\u00e0 Pietro Tartaglione fa le coccole al figlio\u00a0<\/figcaption><\/figure>\n<figure class=\"caption\"><img decoding=\"async\" alt=\"\" width=\"640\" height=\"1115\" src=\"https:\/\/files.gossip.it\/immagini_news\/2019\/08\/1564740689_perrotta_3.jpg\" \/><figcaption>Rosa \u00e8 innamoratissima del suo Dodo\u00a0<\/figcaption><\/figure>\n<p><em>\"E poi sono i nostri figli <\/em>- aggiunge la <strong>Perrotta<\/strong> - <em>se non lo facciamo noi... sti ca**i di tutto. E' un'emozione indimenticabile e unica\"<\/em>.\u00a0<\/p>\n<p>\u00a0<\/p>\n","protected":false},"excerpt":{"rendered":"<p>Rosa Perrotta, mamma da poco pi\u00f9 di una settimana, ha optato per l'allattamento al seno. La 30enne lo racconta sul suo profilo social e descrive questo momento delicato della maternit\u00e0 come un'esperienza pazzesca. Il d\u00e9collet\u00e9 si rovina? \"Sti ca**i\", dichiara a chiare note l'ex volto di \"Uomini e Donne\".\u00a0 Rosa Perrotta ha deciso di allattare [&hellip;]<\/p>\n","protected":false},"author":1,"featured_media":121037,"comment_status":"closed","ping_status":"closed","sticky":false,"template":"","format":"standard","meta":{"footnotes":""},"categories":[54],"tags":[12783,12585,1942,2181,2095,2187,11472,2403,1923,2115],"vip":[],"class_list":["post-64991","post","type-post","status-publish","format-standard","has-post-thumbnail","hentry","category-news","tag-allattamento","tag-domenico","tag-figlio","tag-gravidanza","tag-isola-dei-famosi","tag-parto","tag-rosa-perrotta","tag-seno","tag-social","tag-uomini-e-donne"],"yoast_head":"<title>Rosa Perrotta: &#039;Il seno si rovina con l&#039;allattamento? Sti ca**i!&#039; - Gossip.it | News sul Gossip e VIP<\/title>\n<meta name=\"description\" content=\"Rosa Perrotta, mamma da poco pi\u00f9 di una settimana, ha optato per l&#039;allattamento al seno. La 30enne lo racconta sul suo profilo social e descrive questo\" \/>\n<meta name=\"robots\" content=\"index, follow, max-snippet:-1, max-image-preview:large, max-video-preview:-1\" \/>\n<link rel=\"canonical\" href=\"https:\/\/www.gossip.it\/news\/rosa-perrotta-allattamento-seno\/\" \/>\n<meta property=\"og:locale\" content=\"it_IT\" \/>\n<meta property=\"og:type\" content=\"article\" \/>\n<meta property=\"og:title\" content=\"Rosa Perrotta: &#039;Il seno si rovina con l&#039;allattamento? Sti ca**i!&#039; - Gossip.it | News sul Gossip e VIP\" \/>\n<meta property=\"og:description\" content=\"Rosa Perrotta, mamma da poco pi\u00f9 di una settimana, ha optato per l&#039;allattamento al seno. La 30enne lo racconta sul suo profilo social e descrive questo\" \/>\n<meta property=\"og:url\" content=\"https:\/\/www.gossip.it\/news\/rosa-perrotta-allattamento-seno\/\" \/>\n<meta property=\"og:site_name\" content=\"Gossip.it | News sul Gossip e VIP\" \/>\n<meta property=\"article:publisher\" content=\"https:\/\/www.facebook.com\/GossipIT\" \/>\n<meta property=\"article:published_time\" content=\"2019-08-01T22:00:00+00:00\" \/>\n<meta property=\"og:image\" content=\"https:\/\/files.gossip.it\/immagini_news\/2019\/08\/1564740536_perrotta_1.jpg\" \/>\n<meta name=\"author\" content=\"La Redazione\" \/>\n<meta name=\"twitter:card\" content=\"summary_large_image\" \/>\n<meta name=\"twitter:image\" content=\"https:\/\/files.gossip.it\/immagini_news\/2019\/08\/1564740536_perrotta_1.jpg\" \/>\n<meta name=\"twitter:creator\" content=\"@gossinews_it\" \/>\n<meta name=\"twitter:site\" content=\"@gossinews_it\" \/>\n<meta name=\"twitter:label1\" content=\"Scritto da\" \/>\n\t<meta name=\"twitter:data1\" content=\"Francesca Romana Domenici\" \/>\n\t<meta name=\"twitter:label2\" content=\"Tempo di lettura stimato\" \/>\n\t<meta name=\"twitter:data2\" content=\"1 minuto\" \/>","yoast_head_json":{"title":"Rosa Perrotta: 'Il seno si rovina con l'allattamento? Sti ca**i!' - Gossip.it | News sul Gossip e VIP","description":"Rosa Perrotta, mamma da poco pi\u00f9 di una settimana, ha optato per l'allattamento al seno. La 30enne lo racconta sul suo profilo social e descrive questo","robots":{"index":"index","follow":"follow","max-snippet":"max-snippet:-1","max-image-preview":"max-image-preview:large","max-video-preview":"max-video-preview:-1"},"canonical":"https:\/\/www.gossip.it\/news\/rosa-perrotta-allattamento-seno\/","og_locale":"it_IT","og_type":"article","og_title":"Rosa Perrotta: 'Il seno si rovina con l'allattamento? Sti ca**i!' - Gossip.it | News sul Gossip e VIP","og_description":"Rosa Perrotta, mamma da poco pi\u00f9 di una settimana, ha optato per l'allattamento al seno. La 30enne lo racconta sul suo profilo social e descrive questo","og_url":"https:\/\/www.gossip.it\/news\/rosa-perrotta-allattamento-seno\/","og_site_name":"Gossip.it | News sul Gossip e VIP","article_publisher":"https:\/\/www.facebook.com\/GossipIT","article_published_time":"2019-08-01T22:00:00+00:00","og_image":[{"url":"https:\/\/files.gossip.it\/immagini_news\/2019\/08\/1564740536_perrotta_1.jpg"}],"author":"La Redazione","twitter_card":"summary_large_image","twitter_image":"https:\/\/files.gossip.it\/immagini_news\/2019\/08\/1564740536_perrotta_1.jpg","twitter_creator":"@gossinews_it","twitter_site":"@gossinews_it","twitter_misc":{"Scritto da":"Francesca Romana Domenici","Tempo di lettura stimato":"1 minuto"},"schema":{"@context":"https:\/\/schema.org","@graph":[{"@type":"Article","@id":"https:\/\/www.gossip.it\/news\/rosa-perrotta-allattamento-seno\/#article","isPartOf":{"@id":"https:\/\/www.gossip.it\/news\/rosa-perrotta-allattamento-seno\/"},"author":{"name":"La Redazione","@id":"https:\/\/www.gossip.it\/#\/schema\/person\/488896f75158bff1cc83c6c39d141110"},"headline":"Rosa Perrotta: 'Il seno si rovina con l'allattamento? Sti ca**i!'","datePublished":"2019-08-01T22:00:00+00:00","dateModified":"2019-08-01T22:00:00+00:00","mainEntityOfPage":{"@id":"https:\/\/www.gossip.it\/news\/rosa-perrotta-allattamento-seno\/"},"wordCount":245,"publisher":{"@id":"https:\/\/www.gossip.it\/#organization"},"image":{"@id":"https:\/\/www.gossip.it\/news\/rosa-perrotta-allattamento-seno\/#primaryimage"},"thumbnailUrl":"https:\/\/files.gossip.it\/immagini_news\/2019\/08\/1564740536_perrotta_1.jpg","keywords":["allattamento","domenico","figlio","gravidanza","isola dei famosi","parto","Rosa Perrotta","seno","social","uomini e donne"],"articleSection":["News"],"inLanguage":"it-IT"},{"@type":"WebPage","@id":"https:\/\/www.gossip.it\/news\/rosa-perrotta-allattamento-seno\/","url":"https:\/\/www.gossip.it\/news\/rosa-perrotta-allattamento-seno\/","name":"Rosa Perrotta: 'Il seno si rovina con l'allattamento? Sti ca**i!' - Gossip.it | News sul Gossip e VIP","isPartOf":{"@id":"https:\/\/www.gossip.it\/#website"},"primaryImageOfPage":{"@id":"https:\/\/www.gossip.it\/news\/rosa-perrotta-allattamento-seno\/#primaryimage"},"image":{"@id":"https:\/\/www.gossip.it\/news\/rosa-perrotta-allattamento-seno\/#primaryimage"},"thumbnailUrl":"https:\/\/files.gossip.it\/immagini_news\/2019\/08\/1564740536_perrotta_1.jpg","datePublished":"2019-08-01T22:00:00+00:00","dateModified":"2019-08-01T22:00:00+00:00","description":"Rosa Perrotta, mamma da poco pi\u00f9 di una settimana, ha optato per l'allattamento al seno. La 30enne lo racconta sul suo profilo social e descrive questo","breadcrumb":{"@id":"https:\/\/www.gossip.it\/news\/rosa-perrotta-allattamento-seno\/#breadcrumb"},"inLanguage":"it-IT","potentialAction":[{"@type":"ReadAction","target":["https:\/\/www.gossip.it\/news\/rosa-perrotta-allattamento-seno\/"]}]},{"@type":"ImageObject","inLanguage":"it-IT","@id":"https:\/\/www.gossip.it\/news\/rosa-perrotta-allattamento-seno\/#primaryimage","url":"https:\/\/files.gossip.it\/immagini_news\/2019\/08\/1564740536_perrotta_1.jpg","contentUrl":"https:\/\/files.gossip.it\/immagini_news\/2019\/08\/1564740536_perrotta_1.jpg"},{"@type":"BreadcrumbList","@id":"https:\/\/www.gossip.it\/news\/rosa-perrotta-allattamento-seno\/#breadcrumb","itemListElement":[{"@type":"ListItem","position":1,"name":"Home","item":"https:\/\/www.gossip.it\/"},{"@type":"ListItem","position":2,"name":"Rosa Perrotta: 'Il seno si rovina con l'allattamento? Sti ca**i!'"}]},{"@type":"WebSite","@id":"https:\/\/www.gossip.it\/#website","url":"https:\/\/www.gossip.it\/","name":"Gossip and VIP News","description":"Quotidiano di cronaca rosa, costume e societ\u00e0","publisher":{"@id":"https:\/\/www.gossip.it\/#organization"},"alternateName":"Gossip and VIP News","potentialAction":[{"@type":"SearchAction","target":{"@type":"EntryPoint","urlTemplate":"https:\/\/www.gossip.it\/?s={search_term_string}"},"query-input":{"@type":"PropertyValueSpecification","valueRequired":true,"valueName":"search_term_string"}}],"inLanguage":"it-IT"},{"@type":"Organization","@id":"https:\/\/www.gossip.it\/#organization","name":"Gossip and VIP News","alternateName":"Gossip News","url":"https:\/\/www.gossip.it\/","logo":{"@type":"ImageObject","inLanguage":"it-IT","@id":"https:\/\/www.gossip.it\/#\/schema\/logo\/image\/","url":"https:\/\/www.gossip.it\/wp-content\/uploads\/2022\/04\/cropped-corna-alta-tiny.png","contentUrl":"https:\/\/www.gossip.it\/wp-content\/uploads\/2022\/04\/cropped-corna-alta-tiny.png","width":512,"height":512,"caption":"Gossip and VIP News"},"image":{"@id":"https:\/\/www.gossip.it\/#\/schema\/logo\/image\/"},"sameAs":["https:\/\/www.facebook.com\/GossipIT","https:\/\/x.com\/gossinews_it","https:\/\/instagram.com\/gossip_it"]},{"@type":"Person","@id":"https:\/\/www.gossip.it\/#\/schema\/person\/488896f75158bff1cc83c6c39d141110","name":"La Redazione","image":{"@type":"ImageObject","inLanguage":"it-IT","@id":"https:\/\/www.gossip.it\/#\/schema\/person\/image\/","url":"https:\/\/secure.gravatar.com\/avatar\/5a5f5c6fa3e6700e4249abdad0263a1e94e927d9e0499b1cb09c1cd29c044d80?s=96&d=mm&r=g","contentUrl":"https:\/\/secure.gravatar.com\/avatar\/5a5f5c6fa3e6700e4249abdad0263a1e94e927d9e0499b1cb09c1cd29c044d80?s=96&d=mm&r=g","caption":"La Redazione"},"sameAs":["https:\/\/www.gossip.it"]}]}},"amp_enabled":true,"_links":{"self":[{"href":"https:\/\/www.gossip.it\/api\/wp\/v2\/posts\/64991","targetHints":{"allow":["GET"]}}],"collection":[{"href":"https:\/\/www.gossip.it\/api\/wp\/v2\/posts"}],"about":[{"href":"https:\/\/www.gossip.it\/api\/wp\/v2\/types\/post"}],"author":[{"embeddable":true,"href":"https:\/\/www.gossip.it\/api\/wp\/v2\/users\/1"}],"replies":[{"embeddable":true,"href":"https:\/\/www.gossip.it\/api\/wp\/v2\/comments?post=64991"}],"version-history":[{"count":0,"href":"https:\/\/www.gossip.it\/api\/wp\/v2\/posts\/64991\/revisions"}],"wp:featuredmedia":[{"embeddable":true,"href":"https:\/\/www.gossip.it\/api\/wp\/v2\/media\/121037"}],"wp:attachment":[{"href":"https:\/\/www.gossip.it\/api\/wp\/v2\/media?parent=64991"}],"wp:term":[{"taxonomy":"category","embeddable":true,"href":"https:\/\/www.gossip.it\/api\/wp\/v2\/categories?post=64991"},{"taxonomy":"post_tag","embeddable":true,"href":"https:\/\/www.gossip.it\/api\/wp\/v2\/tags?post=64991"},{"taxonomy":"vip","embeddable":true,"href":"https:\/\/www.gossip.it\/api\/wp\/v2\/vip?post=64991"}],"curies":[{"name":"wp","href":"https:\/\/api.w.org\/{rel}","templated":true}]}}