{"id":65023,"date":"2019-08-08T00:00:00","date_gmt":"2019-08-07T22:00:00","guid":{"rendered":"https:\/\/www.gossip.it\/senza-categoria\/raffaella-mennoia-teresa-cilia-uomini-e-donne\/"},"modified":"2019-08-08T00:00:00","modified_gmt":"2019-08-07T22:00:00","slug":"raffaella-mennoia-teresa-cilia-uomini-e-donne","status":"publish","type":"post","link":"https:\/\/www.gossip.it\/news\/raffaella-mennoia-teresa-cilia-uomini-e-donne\/","title":{"rendered":"Bufera a 'Uomini e Donne': Teresa Cilia contro Raffaella Mennoia e arriva una nota firmata dalla De Filippi"},"content":{"rendered":"<p>E' un'estate infuocata quella di <a href=\"\/vip\/raffaella-mennoia\/\">Raffaella Mennoia<\/a> e della redazione di \"<a href=\"\/vip\/uomini-e donne\/\">Uomini e Donne<\/a>\". Dopo la recente polemica <a href=\"\/vip\/social-\/\">social <\/a>con l'ex corteggiatore e opinionista <a href=\"\/vip\/mario-serpa\/\">Mario Serpa<\/a>, ora \u00e8 la volta di <a href=\"\/vip\/teresa-cilia\/\">Teresa Cilia<\/a>.<\/p>\n<figure class=\"caption\"><img decoding=\"async\" alt=\"\" width=\"640\" height=\"640\" src=\"https:\/\/files.gossip.it\/immagini_news\/2019\/08\/1565254262_raffaella_mennoia.jpg\" \/><figcaption>Raffaella Mennoia \u00e8 di nuovo nella bufera<\/figcaption><\/figure>\n<p>La ragazza ha partecipato alla trasmissione nella stagione 2014\/2015 dove ha incontrato <a href=\"\/vip\/salvatore-di carlo\/\">Salvatore Di Carlo<\/a> che due anni dopo \u00e8 diventato suo marito. La coppia ha anche partecipato alla seconda edizione di \"<a href=\"\/vip\/temptation-island\/\">Temptation Island<\/a>\" da cui \u00e8 scappata dopo appena sette giorni. Da l\u00ec i rapporti con la redazione, nello specifico con <strong>Raffaella Mennoia<\/strong>, si sono incrinati, come ha spiegato l'ex tronista. La <strong>Cilia<\/strong> ha menzionato un episodio in particolare: durante una puntata speciale di \"Temptation\" Salvatore, dopo aver visto qualcosa che non avrebbe mai voluto vedere, ha lasciato lo studio seguito poco dopo dalla moglie.\u00a0<\/p>\n<figure class=\"caption\"><img decoding=\"async\" alt=\"\" width=\"640\" height=\"640\" src=\"https:\/\/files.gossip.it\/immagini_news\/2019\/08\/1565254367_teresa_cilia.jpg\" \/><figcaption>L'ex tronista Teresa Cilia si \u00e8 scagliata via social contro l'autrice di 'Uomini e Donne'<\/figcaption><\/figure>\n<p><strong>Teresa<\/strong>, stanca di leggere notizie poco veritiere, ha deciso di rompere il silenzio: <em>\"Buongiorno, ho letto un po\u2019 sul web, ma\u00a0faccio una premessa non voglio parlare di quella persona, perch\u00e9 la storia \u00e8 molto complessa e delicata e ho ancora bisogno di tempo, ma tranquilli che i nodi vengono al pettine <\/em>- ha dichiarato - <em>Voglio rispondere ad alcune affermazioni. Io ho parlato di una singola persona e non di\u00a0un intero\u00a0staff. Io non ce l\u2019ho con la redazione, ma con una persona. Se\u00a0devo ringraziare qualcuno, \u00e8 la padrona di casa, che \u00e8 lei che mi ha permesso di fare\u00a0<strong>Uomini e Donne<\/strong>, Temptation Island, e a sua volta offrirmi un lavoro dove mi pagava lei, non\u00a0<strong>Raffaella<\/strong>\"<\/em>.<\/p>\n<figure class=\"caption\"><img decoding=\"async\" alt=\"\" width=\"640\" height=\"640\" src=\"https:\/\/files.gossip.it\/immagini_news\/2019\/08\/1565254422_teresa_cilia_2.jpg\" \/><figcaption>Teresa con il marito Salvatore Di Carlo conosciuto durante la trasmissione di Maria De Filippi<\/figcaption><\/figure>\n<p><em>\"Molti di voi dicono che ho lasciato il lavoro per cose che vi siete inventati voi, perch\u00e9 non \u00e8 assolutamente cos\u00ec<\/em> - ha aggiunto la <strong>Cilia <\/strong>- <em>Non \u00e8 quello il motivo, ma visto che ho profondo rispetto di alcuni aspetti interni preferisco tenerlo per me, perch\u00e9 sono molto rispettosa. Se non ho parlato prima \u00e8 anche per questo, ma visto che poi si va oltre mi tocca intervenire. Quindi se devo ringraziare una persona \u00e8 lei e poi me stessa. Io sono andata l\u00ec per trovare l\u2019amore e non fare le serate (...) e a un certo punto si sono interrotti i rapporti, \u00e8 evidente. Da quando si sono interrotti, \u00e8 successo qualcosa, non prima, perch\u00e9 se avessi saputo prima le cose sarebbero andate per un verso diverso\"<\/em>.<\/p>\n<figure class=\"caption\"><img decoding=\"async\" alt=\"\" width=\"640\" height=\"640\" src=\"https:\/\/files.gossip.it\/immagini_news\/2019\/08\/1565254469_post_mennoia.jpg\" \/><figcaption>La replica della Mennoia\u00a0<\/figcaption><\/figure>\n<p><strong>Raffaella Mennoia<\/strong> subito dopo lo sfogo di <strong>Teresa<\/strong>\u00a0ha pubblicato un post in cui accennava alla possibilit\u00e0 di ricorrere alle vie legali. La controreplica da parte dell'ex tronista non si \u00e8 fatta attendere: <em>\"Se pensi di farmi paura ti sbagli, forse ti stai rendendo conto che la gente sta cambiando idea su di te e quindi stai cercando di deviare il discorso. La risposta te la stai dando tu, con questo post hai dimostrato chi sei, vivi di minacce, fai solo minacce e hai prese di potere che non ti appartengono perch\u00e9 per me non sei nessuno e non lo sarai mai, per me non lo sarai mai, per gli altri non lo so, per chi ti lecca il cu*o non lo so, ma per me non lo sarai mai\"<\/em>.<\/p>\n<figure class=\"caption\"><img decoding=\"async\" alt=\"\" width=\"640\" height=\"640\" src=\"https:\/\/files.gossip.it\/immagini_news\/2019\/08\/1565254507_post_uomini_e_donne_1.jpg\" \/><figcaption>La nota pubblicata sul profilo ufficiale di 'Uomini e Donne'<\/figcaption><\/figure>\n<p>A questo punto sulla pagina ufficiale di \"<strong>Uomini e Donne<\/strong>\" \u00e8 apparsa una nota firmata anche a nome di <a href=\"\/vip\/maria-de filippi\/\">Maria De Filippi<\/a>: <em>\"Recentemente si leggono sui social a proposito di Uomini e Donne, svariate sciocchezze. Alcune innocue e altre pi\u00f9 equivoche dove si promettono chiss\u00e0 quali grandi rivelazioni che poi purtroppo non arrivano mai... dobbiamo essere ben pazienti, ma fino ad un certo punto... oltre al quale diventa d'obbligo far partire diffide e denunce. La morale purtroppo \u00e8 sempre questa: a chi ha deciso di partecipare al programma cercando una soluzione per la vita che poi non \u00e8 arrivata (non ci siamo mai posti come risolutori di vita), \u00e8 rimasto un indigeribile amaro in bocca che fa scrivere grandi sciocchezze. Lasciamo a voi il compito di saper individuare i 'rosiconi' e vi auguriamo un felice agosto 2019. La produzione anche a nome di MDF'<\/em>.<\/p>\n<figure class=\"caption\"><img decoding=\"async\" alt=\"\" width=\"640\" height=\"640\" src=\"https:\/\/files.gossip.it\/immagini_news\/2019\/08\/1565254601_post_uomini_e_donne_2.jpg\" \/><figcaption>Il post \u00e8 firmato anche a nome di Maria De Filippi\u00a0<\/figcaption><\/figure>\n<p><em>\"Queste minacce, queste diffide. Tutto questo fa alquanto schifo\"<\/em>, ha risposto <strong>Teresa Cilia<\/strong>. <em>\"Io non ho paura, vivo la mia vita. Ho il mio lavoro e mio marito il suo\"<\/em>.\u00a0<\/p>\n","protected":false},"excerpt":{"rendered":"<p>E' un'estate infuocata quella di Raffaella Mennoia e della redazione di \"Uomini e Donne\". Dopo la recente polemica social con l'ex corteggiatore e opinionista Mario Serpa, ora \u00e8 la volta di Teresa Cilia. Raffaella Mennoia \u00e8 di nuovo nella bufera La ragazza ha partecipato alla trasmissione nella stagione 2014\/2015 dove ha incontrato Salvatore Di Carlo [&hellip;]<\/p>\n","protected":false},"author":1,"featured_media":121069,"comment_status":"closed","ping_status":"closed","sticky":false,"template":"","format":"standard","meta":{"footnotes":""},"categories":[54],"tags":[2179,10461,1923,10460,2097,2115],"vip":[1237,1535],"class_list":["post-65023","post","type-post","status-publish","format-standard","has-post-thumbnail","hentry","category-news","tag-polemica","tag-salvatore-di-carlo","tag-social","tag-teresa-cilia","tag-tv","tag-uomini-e-donne","vip-maria_de_filippi","vip-raffaella_mennoia"],"yoast_head":"<title>Bufera a &#039;Uomini e Donne&#039;: Teresa Cilia contro Raffaella Mennoia e arriva una nota firmata dalla De Filippi - Gossip.it | News sul Gossip e VIP<\/title>\n<meta name=\"description\" content=\"E&#039; un&#039;estate infuocata quella di Raffaella Mennoia e della redazione di &quot;Uomini e Donne&quot;. Dopo la recente polemica social con l&#039;ex corteggiatore e\" \/>\n<meta name=\"robots\" content=\"index, follow, max-snippet:-1, max-image-preview:large, max-video-preview:-1\" \/>\n<link rel=\"canonical\" href=\"https:\/\/www.gossip.it\/news\/raffaella-mennoia-teresa-cilia-uomini-e-donne\/\" \/>\n<meta property=\"og:locale\" content=\"it_IT\" \/>\n<meta property=\"og:type\" content=\"article\" \/>\n<meta property=\"og:title\" content=\"Bufera a &#039;Uomini e Donne&#039;: Teresa Cilia contro Raffaella Mennoia e arriva una nota firmata dalla De Filippi - Gossip.it | News sul Gossip e VIP\" \/>\n<meta property=\"og:description\" content=\"E&#039; un&#039;estate infuocata quella di Raffaella Mennoia e della redazione di &quot;Uomini e Donne&quot;. Dopo la recente polemica social con l&#039;ex corteggiatore e\" \/>\n<meta property=\"og:url\" content=\"https:\/\/www.gossip.it\/news\/raffaella-mennoia-teresa-cilia-uomini-e-donne\/\" \/>\n<meta property=\"og:site_name\" content=\"Gossip.it | News sul Gossip e VIP\" \/>\n<meta property=\"article:publisher\" content=\"https:\/\/www.facebook.com\/GossipIT\" \/>\n<meta property=\"article:published_time\" content=\"2019-08-07T22:00:00+00:00\" \/>\n<meta property=\"og:image\" content=\"https:\/\/files.gossip.it\/immagini_news\/2019\/08\/1565254262_raffaella_mennoia.jpg\" \/>\n<meta name=\"author\" content=\"La Redazione\" \/>\n<meta name=\"twitter:card\" content=\"summary_large_image\" \/>\n<meta name=\"twitter:image\" content=\"https:\/\/files.gossip.it\/immagini_news\/2019\/08\/1565254262_raffaella_mennoia.jpg\" \/>\n<meta name=\"twitter:creator\" content=\"@gossinews_it\" \/>\n<meta name=\"twitter:site\" content=\"@gossinews_it\" \/>\n<meta name=\"twitter:label1\" content=\"Scritto da\" \/>\n\t<meta name=\"twitter:data1\" content=\"Francesca Romana Domenici\" \/>\n\t<meta name=\"twitter:label2\" content=\"Tempo di lettura stimato\" \/>\n\t<meta name=\"twitter:data2\" content=\"4 minuti\" \/>","yoast_head_json":{"title":"Bufera a 'Uomini e Donne': Teresa Cilia contro Raffaella Mennoia e arriva una nota firmata dalla De Filippi - Gossip.it | News sul Gossip e VIP","description":"E' un'estate infuocata quella di Raffaella Mennoia e della redazione di \"Uomini e Donne\". Dopo la recente polemica social con l'ex corteggiatore e","robots":{"index":"index","follow":"follow","max-snippet":"max-snippet:-1","max-image-preview":"max-image-preview:large","max-video-preview":"max-video-preview:-1"},"canonical":"https:\/\/www.gossip.it\/news\/raffaella-mennoia-teresa-cilia-uomini-e-donne\/","og_locale":"it_IT","og_type":"article","og_title":"Bufera a 'Uomini e Donne': Teresa Cilia contro Raffaella Mennoia e arriva una nota firmata dalla De Filippi - Gossip.it | News sul Gossip e VIP","og_description":"E' un'estate infuocata quella di Raffaella Mennoia e della redazione di \"Uomini e Donne\". Dopo la recente polemica social con l'ex corteggiatore e","og_url":"https:\/\/www.gossip.it\/news\/raffaella-mennoia-teresa-cilia-uomini-e-donne\/","og_site_name":"Gossip.it | News sul Gossip e VIP","article_publisher":"https:\/\/www.facebook.com\/GossipIT","article_published_time":"2019-08-07T22:00:00+00:00","og_image":[{"url":"https:\/\/files.gossip.it\/immagini_news\/2019\/08\/1565254262_raffaella_mennoia.jpg"}],"author":"La Redazione","twitter_card":"summary_large_image","twitter_image":"https:\/\/files.gossip.it\/immagini_news\/2019\/08\/1565254262_raffaella_mennoia.jpg","twitter_creator":"@gossinews_it","twitter_site":"@gossinews_it","twitter_misc":{"Scritto da":"Francesca Romana Domenici","Tempo di lettura stimato":"4 minuti"},"schema":{"@context":"https:\/\/schema.org","@graph":[{"@type":"Article","@id":"https:\/\/www.gossip.it\/news\/raffaella-mennoia-teresa-cilia-uomini-e-donne\/#article","isPartOf":{"@id":"https:\/\/www.gossip.it\/news\/raffaella-mennoia-teresa-cilia-uomini-e-donne\/"},"author":{"name":"La Redazione","@id":"https:\/\/www.gossip.it\/#\/schema\/person\/488896f75158bff1cc83c6c39d141110"},"headline":"Bufera a 'Uomini e Donne': Teresa Cilia contro Raffaella Mennoia e arriva una nota firmata dalla De Filippi","datePublished":"2019-08-07T22:00:00+00:00","dateModified":"2019-08-07T22:00:00+00:00","mainEntityOfPage":{"@id":"https:\/\/www.gossip.it\/news\/raffaella-mennoia-teresa-cilia-uomini-e-donne\/"},"wordCount":750,"publisher":{"@id":"https:\/\/www.gossip.it\/#organization"},"image":{"@id":"https:\/\/www.gossip.it\/news\/raffaella-mennoia-teresa-cilia-uomini-e-donne\/#primaryimage"},"thumbnailUrl":"https:\/\/files.gossip.it\/immagini_news\/2019\/08\/1565254262_raffaella_mennoia.jpg","keywords":["polemica","salvatore di carlo","social","teresa cilia","tv","uomini e donne"],"articleSection":["News"],"inLanguage":"it-IT"},{"@type":"WebPage","@id":"https:\/\/www.gossip.it\/news\/raffaella-mennoia-teresa-cilia-uomini-e-donne\/","url":"https:\/\/www.gossip.it\/news\/raffaella-mennoia-teresa-cilia-uomini-e-donne\/","name":"Bufera a 'Uomini e Donne': Teresa Cilia contro Raffaella Mennoia e arriva una nota firmata dalla De Filippi - Gossip.it | News sul Gossip e VIP","isPartOf":{"@id":"https:\/\/www.gossip.it\/#website"},"primaryImageOfPage":{"@id":"https:\/\/www.gossip.it\/news\/raffaella-mennoia-teresa-cilia-uomini-e-donne\/#primaryimage"},"image":{"@id":"https:\/\/www.gossip.it\/news\/raffaella-mennoia-teresa-cilia-uomini-e-donne\/#primaryimage"},"thumbnailUrl":"https:\/\/files.gossip.it\/immagini_news\/2019\/08\/1565254262_raffaella_mennoia.jpg","datePublished":"2019-08-07T22:00:00+00:00","dateModified":"2019-08-07T22:00:00+00:00","description":"E' un'estate infuocata quella di Raffaella Mennoia e della redazione di \"Uomini e Donne\". Dopo la recente polemica social con l'ex corteggiatore e","breadcrumb":{"@id":"https:\/\/www.gossip.it\/news\/raffaella-mennoia-teresa-cilia-uomini-e-donne\/#breadcrumb"},"inLanguage":"it-IT","potentialAction":[{"@type":"ReadAction","target":["https:\/\/www.gossip.it\/news\/raffaella-mennoia-teresa-cilia-uomini-e-donne\/"]}]},{"@type":"ImageObject","inLanguage":"it-IT","@id":"https:\/\/www.gossip.it\/news\/raffaella-mennoia-teresa-cilia-uomini-e-donne\/#primaryimage","url":"https:\/\/files.gossip.it\/immagini_news\/2019\/08\/1565254262_raffaella_mennoia.jpg","contentUrl":"https:\/\/files.gossip.it\/immagini_news\/2019\/08\/1565254262_raffaella_mennoia.jpg"},{"@type":"BreadcrumbList","@id":"https:\/\/www.gossip.it\/news\/raffaella-mennoia-teresa-cilia-uomini-e-donne\/#breadcrumb","itemListElement":[{"@type":"ListItem","position":1,"name":"Home","item":"https:\/\/www.gossip.it\/"},{"@type":"ListItem","position":2,"name":"Bufera a 'Uomini e Donne': Teresa Cilia contro Raffaella Mennoia e arriva una nota firmata dalla De Filippi"}]},{"@type":"WebSite","@id":"https:\/\/www.gossip.it\/#website","url":"https:\/\/www.gossip.it\/","name":"Gossip and VIP News","description":"Quotidiano di cronaca rosa, costume e societ\u00e0","publisher":{"@id":"https:\/\/www.gossip.it\/#organization"},"alternateName":"Gossip and VIP News","potentialAction":[{"@type":"SearchAction","target":{"@type":"EntryPoint","urlTemplate":"https:\/\/www.gossip.it\/?s={search_term_string}"},"query-input":{"@type":"PropertyValueSpecification","valueRequired":true,"valueName":"search_term_string"}}],"inLanguage":"it-IT"},{"@type":"Organization","@id":"https:\/\/www.gossip.it\/#organization","name":"Gossip and VIP News","alternateName":"Gossip News","url":"https:\/\/www.gossip.it\/","logo":{"@type":"ImageObject","inLanguage":"it-IT","@id":"https:\/\/www.gossip.it\/#\/schema\/logo\/image\/","url":"https:\/\/www.gossip.it\/wp-content\/uploads\/2022\/04\/cropped-corna-alta-tiny.png","contentUrl":"https:\/\/www.gossip.it\/wp-content\/uploads\/2022\/04\/cropped-corna-alta-tiny.png","width":512,"height":512,"caption":"Gossip and VIP News"},"image":{"@id":"https:\/\/www.gossip.it\/#\/schema\/logo\/image\/"},"sameAs":["https:\/\/www.facebook.com\/GossipIT","https:\/\/x.com\/gossinews_it","https:\/\/instagram.com\/gossip_it"]},{"@type":"Person","@id":"https:\/\/www.gossip.it\/#\/schema\/person\/488896f75158bff1cc83c6c39d141110","name":"La Redazione","image":{"@type":"ImageObject","inLanguage":"it-IT","@id":"https:\/\/www.gossip.it\/#\/schema\/person\/image\/","url":"https:\/\/secure.gravatar.com\/avatar\/5a5f5c6fa3e6700e4249abdad0263a1e94e927d9e0499b1cb09c1cd29c044d80?s=96&d=mm&r=g","contentUrl":"https:\/\/secure.gravatar.com\/avatar\/5a5f5c6fa3e6700e4249abdad0263a1e94e927d9e0499b1cb09c1cd29c044d80?s=96&d=mm&r=g","caption":"La Redazione"},"sameAs":["https:\/\/www.gossip.it"]}]}},"amp_enabled":true,"_links":{"self":[{"href":"https:\/\/www.gossip.it\/api\/wp\/v2\/posts\/65023","targetHints":{"allow":["GET"]}}],"collection":[{"href":"https:\/\/www.gossip.it\/api\/wp\/v2\/posts"}],"about":[{"href":"https:\/\/www.gossip.it\/api\/wp\/v2\/types\/post"}],"author":[{"embeddable":true,"href":"https:\/\/www.gossip.it\/api\/wp\/v2\/users\/1"}],"replies":[{"embeddable":true,"href":"https:\/\/www.gossip.it\/api\/wp\/v2\/comments?post=65023"}],"version-history":[{"count":0,"href":"https:\/\/www.gossip.it\/api\/wp\/v2\/posts\/65023\/revisions"}],"wp:featuredmedia":[{"embeddable":true,"href":"https:\/\/www.gossip.it\/api\/wp\/v2\/media\/121069"}],"wp:attachment":[{"href":"https:\/\/www.gossip.it\/api\/wp\/v2\/media?parent=65023"}],"wp:term":[{"taxonomy":"category","embeddable":true,"href":"https:\/\/www.gossip.it\/api\/wp\/v2\/categories?post=65023"},{"taxonomy":"post_tag","embeddable":true,"href":"https:\/\/www.gossip.it\/api\/wp\/v2\/tags?post=65023"},{"taxonomy":"vip","embeddable":true,"href":"https:\/\/www.gossip.it\/api\/wp\/v2\/vip?post=65023"}],"curies":[{"name":"wp","href":"https:\/\/api.w.org\/{rel}","templated":true}]}}