{"id":65113,"date":"2019-08-23T00:00:00","date_gmt":"2019-08-22T22:00:00","guid":{"rendered":"https:\/\/www.gossip.it\/senza-categoria\/brigitta-boccoli-figlio-brando\/"},"modified":"2019-08-23T00:00:00","modified_gmt":"2019-08-22T22:00:00","slug":"brigitta-boccoli-figlio-brando","status":"publish","type":"post","link":"https:\/\/www.gossip.it\/news\/brigitta-boccoli-figlio-brando\/","title":{"rendered":"Brigitta Boccoli, la prima foto social con il figlio Brando"},"content":{"rendered":"<p><a href=\"\/vip\/brigitta-boccoli\/\">Brigitta Boccoli<\/a> a distanza di poco pi\u00f9 di un mese dalla nascita del suo secondogenito, condivide con i fan la prima foto <a href=\"\/vip\/social\/\">social<\/a> con il <strong>figlio Brando<\/strong>. Il neonato, venuto alla luce lo scorso 18 luglio, \u00e8 circondato dall\u2019affetto anche del pap\u00e0, <a href=\"\/vip\/stefano-orfei\/\">Stefano Orfei<\/a>, 53 anni, e del fratello maggiore Manfredi, 10 anni. Tutti in casa lo considerano quasi un piccolo miracolo.<\/p>\n<figure class=\"caption\"><img decoding=\"async\" alt=\"\" width=\"640\" height=\"714\" src=\"https:\/\/files.gossip.it\/immagini_news\/2019\/08\/1566562142_boccoli_1.jpg\" \/><figcaption>Brigitta Boccoli, la prima foto social con il figlio Brando<\/figcaption><\/figure>\n<p>Per diventare mamma la seconda volta <strong>Brigitta Boccoli<\/strong> a 47 anni \u00e8 ricorsa alla fecondazione assistita, non riuscendoci in un altro modo: il suo desiderio \u00e8 diventato realt\u00e0. Ora posa raggiante con il <strong>figlio Brando<\/strong> e scrive: <em>\u201cTi ho desiderato, aspettato, voluto... Ora sei qui\u2026 Mi sembra un sogno\u2026\u201d.<\/em><\/p>\n<figure class=\"caption\"><img decoding=\"async\" alt=\"\" width=\"640\" height=\"830\" src=\"https:\/\/files.gossip.it\/immagini_news\/2019\/08\/1566562158_boccoli_2.jpg\" \/><figcaption>Il bimbo di un mese con il pap\u00e0 Stefano Orfei<\/figcaption><\/figure>\n<p>A un mese dal parto <strong>Brigitta Boccoli<\/strong> \u00e8 gi\u00e0 tornata alla sua vita di sempre, in forma sprint ha trascorso le vacanze al mare vicino Roma, anche lei spesso a Sabaudia, la localit\u00e0 del cuore di <a href=\"\/vip\/francesco-totti\/\">Francesco Totti<\/a> e <a href=\"\/vip\/ilary-blasi\/\">Ilary Blasi<\/a>.<\/p>\n<figure class=\"caption\"><img decoding=\"async\" alt=\"\" width=\"640\" height=\"805\" src=\"https:\/\/files.gossip.it\/immagini_news\/2019\/08\/1566562179_boccoli_3.jpg\" \/><figcaption>Il neonato tra le braccia del fratello Manfredi, 10 anni<\/figcaption><\/figure>\n<p>Il <strong>figlio Brando<\/strong> le ha regalato una nuova forza e vitalit\u00e0. In foto lo tiene vicino a s\u00e9 nel lettone. Non \u00e8 stato un percorso facile, anzi. E\u2019 stato doloroso. Alla fine per\u00f2 ha raggiunto l\u2019obiettivo e si \u00e8 regalata un altro desideratissimo beb\u00e8.<\/p>\n<p>\u00a0<\/p>\n<p>\u00a0<\/p>\n","protected":false},"excerpt":{"rendered":"<p>Brigitta Boccoli a distanza di poco pi\u00f9 di un mese dalla nascita del suo secondogenito, condivide con i fan la prima foto social con il figlio Brando. Il neonato, venuto alla luce lo scorso 18 luglio, \u00e8 circondato dall\u2019affetto anche del pap\u00e0, Stefano Orfei, 53 anni, e del fratello maggiore Manfredi, 10 anni. Tutti in [&hellip;]<\/p>\n","protected":false},"author":1,"featured_media":121159,"comment_status":"closed","ping_status":"closed","sticky":false,"template":"","format":"standard","meta":{"footnotes":""},"categories":[54],"tags":[4253,1942,2118,2322,2121,4801,6163,1967,1923,5916],"vip":[425],"class_list":["post-65113","post","type-post","status-publish","format-standard","has-post-thumbnail","hentry","category-news","tag-brando","tag-figlio","tag-foto","tag-fratello","tag-instagram","tag-manfredi","tag-secondogenito","tag-showgirl","tag-social","tag-stefano-orfei","vip-brigitta_boccoli"],"yoast_head":"<title>Brigitta Boccoli, la prima foto social con il figlio Brando - Gossip.it | News sul Gossip e VIP<\/title>\n<meta name=\"description\" content=\"Brigitta Boccoli a distanza di poco pi\u00f9 di un mese dalla nascita del suo secondogenito, condivide con i fan la prima foto social con il figlio Brando. Il\" \/>\n<meta name=\"robots\" content=\"index, follow, max-snippet:-1, max-image-preview:large, max-video-preview:-1\" \/>\n<link rel=\"canonical\" href=\"https:\/\/www.gossip.it\/news\/brigitta-boccoli-figlio-brando\/\" \/>\n<meta property=\"og:locale\" content=\"it_IT\" \/>\n<meta property=\"og:type\" content=\"article\" \/>\n<meta property=\"og:title\" content=\"Brigitta Boccoli, la prima foto social con il figlio Brando - Gossip.it | News sul Gossip e VIP\" \/>\n<meta property=\"og:description\" content=\"Brigitta Boccoli a distanza di poco pi\u00f9 di un mese dalla nascita del suo secondogenito, condivide con i fan la prima foto social con il figlio Brando. Il\" \/>\n<meta property=\"og:url\" content=\"https:\/\/www.gossip.it\/news\/brigitta-boccoli-figlio-brando\/\" \/>\n<meta property=\"og:site_name\" content=\"Gossip.it | News sul Gossip e VIP\" \/>\n<meta property=\"article:publisher\" content=\"https:\/\/www.facebook.com\/GossipIT\" \/>\n<meta property=\"article:published_time\" content=\"2019-08-22T22:00:00+00:00\" \/>\n<meta property=\"og:image\" content=\"https:\/\/files.gossip.it\/immagini_news\/2019\/08\/1566562142_boccoli_1.jpg\" \/>\n<meta name=\"author\" content=\"La Redazione\" \/>\n<meta name=\"twitter:card\" content=\"summary_large_image\" \/>\n<meta name=\"twitter:image\" content=\"https:\/\/files.gossip.it\/immagini_news\/2019\/08\/1566562142_boccoli_1.jpg\" \/>\n<meta name=\"twitter:creator\" content=\"@gossinews_it\" \/>\n<meta name=\"twitter:site\" content=\"@gossinews_it\" \/>\n<meta name=\"twitter:label1\" content=\"Scritto da\" \/>\n\t<meta name=\"twitter:data1\" content=\"Annamaria Capozzi\" \/>\n\t<meta name=\"twitter:label2\" content=\"Tempo di lettura stimato\" \/>\n\t<meta name=\"twitter:data2\" content=\"1 minuto\" \/>","yoast_head_json":{"title":"Brigitta Boccoli, la prima foto social con il figlio Brando - Gossip.it | News sul Gossip e VIP","description":"Brigitta Boccoli a distanza di poco pi\u00f9 di un mese dalla nascita del suo secondogenito, condivide con i fan la prima foto social con il figlio Brando. Il","robots":{"index":"index","follow":"follow","max-snippet":"max-snippet:-1","max-image-preview":"max-image-preview:large","max-video-preview":"max-video-preview:-1"},"canonical":"https:\/\/www.gossip.it\/news\/brigitta-boccoli-figlio-brando\/","og_locale":"it_IT","og_type":"article","og_title":"Brigitta Boccoli, la prima foto social con il figlio Brando - Gossip.it | News sul Gossip e VIP","og_description":"Brigitta Boccoli a distanza di poco pi\u00f9 di un mese dalla nascita del suo secondogenito, condivide con i fan la prima foto social con il figlio Brando. Il","og_url":"https:\/\/www.gossip.it\/news\/brigitta-boccoli-figlio-brando\/","og_site_name":"Gossip.it | News sul Gossip e VIP","article_publisher":"https:\/\/www.facebook.com\/GossipIT","article_published_time":"2019-08-22T22:00:00+00:00","og_image":[{"url":"https:\/\/files.gossip.it\/immagini_news\/2019\/08\/1566562142_boccoli_1.jpg"}],"author":"La Redazione","twitter_card":"summary_large_image","twitter_image":"https:\/\/files.gossip.it\/immagini_news\/2019\/08\/1566562142_boccoli_1.jpg","twitter_creator":"@gossinews_it","twitter_site":"@gossinews_it","twitter_misc":{"Scritto da":"Annamaria Capozzi","Tempo di lettura stimato":"1 minuto"},"schema":{"@context":"https:\/\/schema.org","@graph":[{"@type":"Article","@id":"https:\/\/www.gossip.it\/news\/brigitta-boccoli-figlio-brando\/#article","isPartOf":{"@id":"https:\/\/www.gossip.it\/news\/brigitta-boccoli-figlio-brando\/"},"author":{"name":"La Redazione","@id":"https:\/\/www.gossip.it\/#\/schema\/person\/488896f75158bff1cc83c6c39d141110"},"headline":"Brigitta Boccoli, la prima foto social con il figlio Brando","datePublished":"2019-08-22T22:00:00+00:00","dateModified":"2019-08-22T22:00:00+00:00","mainEntityOfPage":{"@id":"https:\/\/www.gossip.it\/news\/brigitta-boccoli-figlio-brando\/"},"wordCount":227,"publisher":{"@id":"https:\/\/www.gossip.it\/#organization"},"image":{"@id":"https:\/\/www.gossip.it\/news\/brigitta-boccoli-figlio-brando\/#primaryimage"},"thumbnailUrl":"https:\/\/files.gossip.it\/immagini_news\/2019\/08\/1566562142_boccoli_1.jpg","keywords":["brando","figlio","foto","fratello","instagram","manfredi","secondogenito","showgirl","social","stefano orfei"],"articleSection":["News"],"inLanguage":"it-IT"},{"@type":"WebPage","@id":"https:\/\/www.gossip.it\/news\/brigitta-boccoli-figlio-brando\/","url":"https:\/\/www.gossip.it\/news\/brigitta-boccoli-figlio-brando\/","name":"Brigitta Boccoli, la prima foto social con il figlio Brando - Gossip.it | News sul Gossip e VIP","isPartOf":{"@id":"https:\/\/www.gossip.it\/#website"},"primaryImageOfPage":{"@id":"https:\/\/www.gossip.it\/news\/brigitta-boccoli-figlio-brando\/#primaryimage"},"image":{"@id":"https:\/\/www.gossip.it\/news\/brigitta-boccoli-figlio-brando\/#primaryimage"},"thumbnailUrl":"https:\/\/files.gossip.it\/immagini_news\/2019\/08\/1566562142_boccoli_1.jpg","datePublished":"2019-08-22T22:00:00+00:00","dateModified":"2019-08-22T22:00:00+00:00","description":"Brigitta Boccoli a distanza di poco pi\u00f9 di un mese dalla nascita del suo secondogenito, condivide con i fan la prima foto social con il figlio Brando. Il","breadcrumb":{"@id":"https:\/\/www.gossip.it\/news\/brigitta-boccoli-figlio-brando\/#breadcrumb"},"inLanguage":"it-IT","potentialAction":[{"@type":"ReadAction","target":["https:\/\/www.gossip.it\/news\/brigitta-boccoli-figlio-brando\/"]}]},{"@type":"ImageObject","inLanguage":"it-IT","@id":"https:\/\/www.gossip.it\/news\/brigitta-boccoli-figlio-brando\/#primaryimage","url":"https:\/\/files.gossip.it\/immagini_news\/2019\/08\/1566562142_boccoli_1.jpg","contentUrl":"https:\/\/files.gossip.it\/immagini_news\/2019\/08\/1566562142_boccoli_1.jpg"},{"@type":"BreadcrumbList","@id":"https:\/\/www.gossip.it\/news\/brigitta-boccoli-figlio-brando\/#breadcrumb","itemListElement":[{"@type":"ListItem","position":1,"name":"Home","item":"https:\/\/www.gossip.it\/"},{"@type":"ListItem","position":2,"name":"Brigitta Boccoli, la prima foto social con il figlio Brando"}]},{"@type":"WebSite","@id":"https:\/\/www.gossip.it\/#website","url":"https:\/\/www.gossip.it\/","name":"Gossip and VIP News","description":"Quotidiano di cronaca rosa, costume e societ\u00e0","publisher":{"@id":"https:\/\/www.gossip.it\/#organization"},"alternateName":"Gossip and VIP News","potentialAction":[{"@type":"SearchAction","target":{"@type":"EntryPoint","urlTemplate":"https:\/\/www.gossip.it\/?s={search_term_string}"},"query-input":{"@type":"PropertyValueSpecification","valueRequired":true,"valueName":"search_term_string"}}],"inLanguage":"it-IT"},{"@type":"Organization","@id":"https:\/\/www.gossip.it\/#organization","name":"Gossip and VIP News","alternateName":"Gossip News","url":"https:\/\/www.gossip.it\/","logo":{"@type":"ImageObject","inLanguage":"it-IT","@id":"https:\/\/www.gossip.it\/#\/schema\/logo\/image\/","url":"https:\/\/www.gossip.it\/wp-content\/uploads\/2022\/04\/cropped-corna-alta-tiny.png","contentUrl":"https:\/\/www.gossip.it\/wp-content\/uploads\/2022\/04\/cropped-corna-alta-tiny.png","width":512,"height":512,"caption":"Gossip and VIP News"},"image":{"@id":"https:\/\/www.gossip.it\/#\/schema\/logo\/image\/"},"sameAs":["https:\/\/www.facebook.com\/GossipIT","https:\/\/x.com\/gossinews_it","https:\/\/instagram.com\/gossip_it"]},{"@type":"Person","@id":"https:\/\/www.gossip.it\/#\/schema\/person\/488896f75158bff1cc83c6c39d141110","name":"La Redazione","image":{"@type":"ImageObject","inLanguage":"it-IT","@id":"https:\/\/www.gossip.it\/#\/schema\/person\/image\/","url":"https:\/\/secure.gravatar.com\/avatar\/5a5f5c6fa3e6700e4249abdad0263a1e94e927d9e0499b1cb09c1cd29c044d80?s=96&d=mm&r=g","contentUrl":"https:\/\/secure.gravatar.com\/avatar\/5a5f5c6fa3e6700e4249abdad0263a1e94e927d9e0499b1cb09c1cd29c044d80?s=96&d=mm&r=g","caption":"La Redazione"},"sameAs":["https:\/\/www.gossip.it"]}]}},"amp_enabled":true,"_links":{"self":[{"href":"https:\/\/www.gossip.it\/api\/wp\/v2\/posts\/65113","targetHints":{"allow":["GET"]}}],"collection":[{"href":"https:\/\/www.gossip.it\/api\/wp\/v2\/posts"}],"about":[{"href":"https:\/\/www.gossip.it\/api\/wp\/v2\/types\/post"}],"author":[{"embeddable":true,"href":"https:\/\/www.gossip.it\/api\/wp\/v2\/users\/1"}],"replies":[{"embeddable":true,"href":"https:\/\/www.gossip.it\/api\/wp\/v2\/comments?post=65113"}],"version-history":[{"count":0,"href":"https:\/\/www.gossip.it\/api\/wp\/v2\/posts\/65113\/revisions"}],"wp:featuredmedia":[{"embeddable":true,"href":"https:\/\/www.gossip.it\/api\/wp\/v2\/media\/121159"}],"wp:attachment":[{"href":"https:\/\/www.gossip.it\/api\/wp\/v2\/media?parent=65113"}],"wp:term":[{"taxonomy":"category","embeddable":true,"href":"https:\/\/www.gossip.it\/api\/wp\/v2\/categories?post=65113"},{"taxonomy":"post_tag","embeddable":true,"href":"https:\/\/www.gossip.it\/api\/wp\/v2\/tags?post=65113"},{"taxonomy":"vip","embeddable":true,"href":"https:\/\/www.gossip.it\/api\/wp\/v2\/vip?post=65113"}],"curies":[{"name":"wp","href":"https:\/\/api.w.org\/{rel}","templated":true}]}}