{"id":65120,"date":"2019-08-26T00:00:00","date_gmt":"2019-08-25T22:00:00","guid":{"rendered":"https:\/\/www.gossip.it\/senza-categoria\/sinisa-mihajlovic-leucemia-bologna\/"},"modified":"2019-08-26T00:00:00","modified_gmt":"2019-08-25T22:00:00","slug":"sinisa-mihajlovic-leucemia-bologna","status":"publish","type":"post","link":"https:\/\/www.gossip.it\/news\/sinisa-mihajlovic-leucemia-bologna\/","title":{"rendered":"Sinisa Mihajlovic torna in campo nonostante la leucemia: la reazione delle figlie"},"content":{"rendered":"<p><a href=\"\/vip\/sinisa-mihajlovic\/\">Sinisa Mihajlovic<\/a>, 50 anni, si \u00e8 seduto sulla panchina del<strong> Bologna<\/strong> durante la prima partita del campionato di Serie A contro il Verona. L'allenatore rossoblu per la gioia dei tifosi \u00e8 tornato in campo dopo aver annunciato di essere malato di<strong> leucemia<\/strong>.<\/p>\n<figure class=\"caption\"><img decoding=\"async\" alt=\"\" width=\"640\" height=\"694\" src=\"https:\/\/files.gossip.it\/immagini_news\/2019\/08\/1566812452_mihajlovic_2.jpg\" \/><figcaption>Sinisa Mihajlovic in campo durante la prima partita di campionato e le parole della figlia Virginia\u00a0<\/figcaption><\/figure>\n<p><strong>Sinisa<\/strong> si sta sottoponendo alle cure da poco pi\u00f9 di un mese: cappellino in testa, un vistoso cerotto sul collo, visibilmente dimagrito, \u00e8 voluto per\u00f2 tornare a lavoro e la sua presenza in campo ha reso felici tifosi e non solo. Tanti i messaggi d'affetto per <strong>Mihajlovic<\/strong>, in particolare, sui <a href=\"\/vip\/social\/\">social<\/a>, non sono passati inosservati quelli delle figlie Virginia e Viktorija.<\/p>\n<figure class=\"caption\"><img decoding=\"async\" alt=\"\" src=\"https:\/\/files.gossip.it\/immagini_news\/2019\/08\/1566812505_mihajlovic_1.jpg\" \/><figcaption>Il post di Viktorija<\/figcaption><\/figure>\n<p>Le due ragazze hanno entrambe postato su\u00a0<a href=\"\/vip\/-instgram\/\">Instgram<\/a> una foto del pap\u00e0 scattata durante la partita del<strong> Bologna<\/strong> contro il Verona:<em> \"Dirti che ti amo \u00e8 troppo poco. La tua forza, la tua grinta ed il tuo coraggio, nonostante io sia tua figlia, mi rendono ancora oggi la ragazza pi\u00f9 orgogliosa di questo mondo. Sei pi\u00f9 di un guerriero, sei pi\u00f9 di un combattente, sei pi\u00f9 di un leone, tu sei 'pi\u00f9 di ogni cosa'. Quante altre cose ancora vorrei dirti, ma le parole giuste per descriverti, nessuno le ha ancora mai inventate\"<\/em>, il post di Virginia. Viktorija invece ha scritto:<em> \"Ma come si fa. La grande bellezza\".<\/em>\u00a0<\/p>\n<p>\u00a0<\/p>\n<p>\u00a0<\/p>\n","protected":false},"excerpt":{"rendered":"<p>Sinisa Mihajlovic, 50 anni, si \u00e8 seduto sulla panchina del Bologna durante la prima partita del campionato di Serie A contro il Verona. L'allenatore rossoblu per la gioia dei tifosi \u00e8 tornato in campo dopo aver annunciato di essere malato di leucemia. Sinisa Mihajlovic in campo durante la prima partita di campionato e le parole [&hellip;]<\/p>\n","protected":false},"author":1,"featured_media":121166,"comment_status":"closed","ping_status":"closed","sticky":false,"template":"","format":"standard","meta":{"footnotes":""},"categories":[54],"tags":[2219,7930,3609,5300,13931,2119,11615,27936,13881,1923],"vip":[],"class_list":["post-65120","post","type-post","status-publish","format-standard","has-post-thumbnail","hentry","category-news","tag-allenatore","tag-bologna","tag-calcio","tag-figlie","tag-leucemia","tag-malattia","tag-mister","tag-panchina","tag-sinisa-mihajlovic","tag-social"],"yoast_head":"<title>Sinisa Mihajlovic torna in campo nonostante la leucemia: la reazione delle figlie - Gossip.it | News sul Gossip e VIP<\/title>\n<meta name=\"description\" content=\"Sinisa Mihajlovic, 50 anni, si \u00e8 seduto sulla panchina del Bologna durante la prima partita del campionato di Serie A contro il Verona. L&#039;allenatore\" \/>\n<meta name=\"robots\" content=\"index, follow, max-snippet:-1, max-image-preview:large, max-video-preview:-1\" \/>\n<link rel=\"canonical\" href=\"https:\/\/www.gossip.it\/news\/sinisa-mihajlovic-leucemia-bologna\/\" \/>\n<meta property=\"og:locale\" content=\"it_IT\" \/>\n<meta property=\"og:type\" content=\"article\" \/>\n<meta property=\"og:title\" content=\"Sinisa Mihajlovic torna in campo nonostante la leucemia: la reazione delle figlie - Gossip.it | News sul Gossip e VIP\" \/>\n<meta property=\"og:description\" content=\"Sinisa Mihajlovic, 50 anni, si \u00e8 seduto sulla panchina del Bologna durante la prima partita del campionato di Serie A contro il Verona. L&#039;allenatore\" \/>\n<meta property=\"og:url\" content=\"https:\/\/www.gossip.it\/news\/sinisa-mihajlovic-leucemia-bologna\/\" \/>\n<meta property=\"og:site_name\" content=\"Gossip.it | News sul Gossip e VIP\" \/>\n<meta property=\"article:publisher\" content=\"https:\/\/www.facebook.com\/GossipIT\" \/>\n<meta property=\"article:published_time\" content=\"2019-08-25T22:00:00+00:00\" \/>\n<meta property=\"og:image\" content=\"https:\/\/files.gossip.it\/immagini_news\/2019\/08\/1566812452_mihajlovic_2.jpg\" \/>\n<meta name=\"author\" content=\"La Redazione\" \/>\n<meta name=\"twitter:card\" content=\"summary_large_image\" \/>\n<meta name=\"twitter:image\" content=\"https:\/\/files.gossip.it\/immagini_news\/2019\/08\/1566812452_mihajlovic_2.jpg\" \/>\n<meta name=\"twitter:creator\" content=\"@gossinews_it\" \/>\n<meta name=\"twitter:site\" content=\"@gossinews_it\" \/>\n<meta name=\"twitter:label1\" content=\"Scritto da\" \/>\n\t<meta name=\"twitter:data1\" content=\"Francesca Romana Domenici\" \/>\n\t<meta name=\"twitter:label2\" content=\"Tempo di lettura stimato\" \/>\n\t<meta name=\"twitter:data2\" content=\"1 minuto\" \/>","yoast_head_json":{"title":"Sinisa Mihajlovic torna in campo nonostante la leucemia: la reazione delle figlie - Gossip.it | News sul Gossip e VIP","description":"Sinisa Mihajlovic, 50 anni, si \u00e8 seduto sulla panchina del Bologna durante la prima partita del campionato di Serie A contro il Verona. L'allenatore","robots":{"index":"index","follow":"follow","max-snippet":"max-snippet:-1","max-image-preview":"max-image-preview:large","max-video-preview":"max-video-preview:-1"},"canonical":"https:\/\/www.gossip.it\/news\/sinisa-mihajlovic-leucemia-bologna\/","og_locale":"it_IT","og_type":"article","og_title":"Sinisa Mihajlovic torna in campo nonostante la leucemia: la reazione delle figlie - Gossip.it | News sul Gossip e VIP","og_description":"Sinisa Mihajlovic, 50 anni, si \u00e8 seduto sulla panchina del Bologna durante la prima partita del campionato di Serie A contro il Verona. L'allenatore","og_url":"https:\/\/www.gossip.it\/news\/sinisa-mihajlovic-leucemia-bologna\/","og_site_name":"Gossip.it | News sul Gossip e VIP","article_publisher":"https:\/\/www.facebook.com\/GossipIT","article_published_time":"2019-08-25T22:00:00+00:00","og_image":[{"url":"https:\/\/files.gossip.it\/immagini_news\/2019\/08\/1566812452_mihajlovic_2.jpg"}],"author":"La Redazione","twitter_card":"summary_large_image","twitter_image":"https:\/\/files.gossip.it\/immagini_news\/2019\/08\/1566812452_mihajlovic_2.jpg","twitter_creator":"@gossinews_it","twitter_site":"@gossinews_it","twitter_misc":{"Scritto da":"Francesca Romana Domenici","Tempo di lettura stimato":"1 minuto"},"schema":{"@context":"https:\/\/schema.org","@graph":[{"@type":"Article","@id":"https:\/\/www.gossip.it\/news\/sinisa-mihajlovic-leucemia-bologna\/#article","isPartOf":{"@id":"https:\/\/www.gossip.it\/news\/sinisa-mihajlovic-leucemia-bologna\/"},"author":{"name":"La Redazione","@id":"https:\/\/www.gossip.it\/#\/schema\/person\/488896f75158bff1cc83c6c39d141110"},"headline":"Sinisa Mihajlovic torna in campo nonostante la leucemia: la reazione delle figlie","datePublished":"2019-08-25T22:00:00+00:00","dateModified":"2019-08-25T22:00:00+00:00","mainEntityOfPage":{"@id":"https:\/\/www.gossip.it\/news\/sinisa-mihajlovic-leucemia-bologna\/"},"wordCount":240,"publisher":{"@id":"https:\/\/www.gossip.it\/#organization"},"image":{"@id":"https:\/\/www.gossip.it\/news\/sinisa-mihajlovic-leucemia-bologna\/#primaryimage"},"thumbnailUrl":"https:\/\/files.gossip.it\/immagini_news\/2019\/08\/1566812452_mihajlovic_2.jpg","keywords":["allenatore","bologna","calcio","figlie","leucemia","malattia","mister","panchina","sinisa mihajlovic","social"],"articleSection":["News"],"inLanguage":"it-IT"},{"@type":"WebPage","@id":"https:\/\/www.gossip.it\/news\/sinisa-mihajlovic-leucemia-bologna\/","url":"https:\/\/www.gossip.it\/news\/sinisa-mihajlovic-leucemia-bologna\/","name":"Sinisa Mihajlovic torna in campo nonostante la leucemia: la reazione delle figlie - Gossip.it | News sul Gossip e VIP","isPartOf":{"@id":"https:\/\/www.gossip.it\/#website"},"primaryImageOfPage":{"@id":"https:\/\/www.gossip.it\/news\/sinisa-mihajlovic-leucemia-bologna\/#primaryimage"},"image":{"@id":"https:\/\/www.gossip.it\/news\/sinisa-mihajlovic-leucemia-bologna\/#primaryimage"},"thumbnailUrl":"https:\/\/files.gossip.it\/immagini_news\/2019\/08\/1566812452_mihajlovic_2.jpg","datePublished":"2019-08-25T22:00:00+00:00","dateModified":"2019-08-25T22:00:00+00:00","description":"Sinisa Mihajlovic, 50 anni, si \u00e8 seduto sulla panchina del Bologna durante la prima partita del campionato di Serie A contro il Verona. L'allenatore","breadcrumb":{"@id":"https:\/\/www.gossip.it\/news\/sinisa-mihajlovic-leucemia-bologna\/#breadcrumb"},"inLanguage":"it-IT","potentialAction":[{"@type":"ReadAction","target":["https:\/\/www.gossip.it\/news\/sinisa-mihajlovic-leucemia-bologna\/"]}]},{"@type":"ImageObject","inLanguage":"it-IT","@id":"https:\/\/www.gossip.it\/news\/sinisa-mihajlovic-leucemia-bologna\/#primaryimage","url":"https:\/\/files.gossip.it\/immagini_news\/2019\/08\/1566812452_mihajlovic_2.jpg","contentUrl":"https:\/\/files.gossip.it\/immagini_news\/2019\/08\/1566812452_mihajlovic_2.jpg"},{"@type":"BreadcrumbList","@id":"https:\/\/www.gossip.it\/news\/sinisa-mihajlovic-leucemia-bologna\/#breadcrumb","itemListElement":[{"@type":"ListItem","position":1,"name":"Home","item":"https:\/\/www.gossip.it\/"},{"@type":"ListItem","position":2,"name":"Sinisa Mihajlovic torna in campo nonostante la leucemia: la reazione delle figlie"}]},{"@type":"WebSite","@id":"https:\/\/www.gossip.it\/#website","url":"https:\/\/www.gossip.it\/","name":"Gossip and VIP News","description":"Quotidiano di cronaca rosa, costume e societ\u00e0","publisher":{"@id":"https:\/\/www.gossip.it\/#organization"},"alternateName":"Gossip and VIP News","potentialAction":[{"@type":"SearchAction","target":{"@type":"EntryPoint","urlTemplate":"https:\/\/www.gossip.it\/?s={search_term_string}"},"query-input":{"@type":"PropertyValueSpecification","valueRequired":true,"valueName":"search_term_string"}}],"inLanguage":"it-IT"},{"@type":"Organization","@id":"https:\/\/www.gossip.it\/#organization","name":"Gossip and VIP News","alternateName":"Gossip News","url":"https:\/\/www.gossip.it\/","logo":{"@type":"ImageObject","inLanguage":"it-IT","@id":"https:\/\/www.gossip.it\/#\/schema\/logo\/image\/","url":"https:\/\/www.gossip.it\/wp-content\/uploads\/2022\/04\/cropped-corna-alta-tiny.png","contentUrl":"https:\/\/www.gossip.it\/wp-content\/uploads\/2022\/04\/cropped-corna-alta-tiny.png","width":512,"height":512,"caption":"Gossip and VIP News"},"image":{"@id":"https:\/\/www.gossip.it\/#\/schema\/logo\/image\/"},"sameAs":["https:\/\/www.facebook.com\/GossipIT","https:\/\/x.com\/gossinews_it","https:\/\/instagram.com\/gossip_it"]},{"@type":"Person","@id":"https:\/\/www.gossip.it\/#\/schema\/person\/488896f75158bff1cc83c6c39d141110","name":"La Redazione","image":{"@type":"ImageObject","inLanguage":"it-IT","@id":"https:\/\/www.gossip.it\/#\/schema\/person\/image\/","url":"https:\/\/secure.gravatar.com\/avatar\/5a5f5c6fa3e6700e4249abdad0263a1e94e927d9e0499b1cb09c1cd29c044d80?s=96&d=mm&r=g","contentUrl":"https:\/\/secure.gravatar.com\/avatar\/5a5f5c6fa3e6700e4249abdad0263a1e94e927d9e0499b1cb09c1cd29c044d80?s=96&d=mm&r=g","caption":"La Redazione"},"sameAs":["https:\/\/www.gossip.it"]}]}},"amp_enabled":true,"_links":{"self":[{"href":"https:\/\/www.gossip.it\/api\/wp\/v2\/posts\/65120","targetHints":{"allow":["GET"]}}],"collection":[{"href":"https:\/\/www.gossip.it\/api\/wp\/v2\/posts"}],"about":[{"href":"https:\/\/www.gossip.it\/api\/wp\/v2\/types\/post"}],"author":[{"embeddable":true,"href":"https:\/\/www.gossip.it\/api\/wp\/v2\/users\/1"}],"replies":[{"embeddable":true,"href":"https:\/\/www.gossip.it\/api\/wp\/v2\/comments?post=65120"}],"version-history":[{"count":0,"href":"https:\/\/www.gossip.it\/api\/wp\/v2\/posts\/65120\/revisions"}],"wp:featuredmedia":[{"embeddable":true,"href":"https:\/\/www.gossip.it\/api\/wp\/v2\/media\/121166"}],"wp:attachment":[{"href":"https:\/\/www.gossip.it\/api\/wp\/v2\/media?parent=65120"}],"wp:term":[{"taxonomy":"category","embeddable":true,"href":"https:\/\/www.gossip.it\/api\/wp\/v2\/categories?post=65120"},{"taxonomy":"post_tag","embeddable":true,"href":"https:\/\/www.gossip.it\/api\/wp\/v2\/tags?post=65120"},{"taxonomy":"vip","embeddable":true,"href":"https:\/\/www.gossip.it\/api\/wp\/v2\/vip?post=65120"}],"curies":[{"name":"wp","href":"https:\/\/api.w.org\/{rel}","templated":true}]}}