{"id":65170,"date":"2019-08-29T00:00:00","date_gmt":"2019-08-28T22:00:00","guid":{"rendered":"https:\/\/www.gossip.it\/senza-categoria\/amadeus-giovanna-civitillo-viaggio-di-nozze-sanremo\/"},"modified":"2019-08-29T00:00:00","modified_gmt":"2019-08-28T22:00:00","slug":"amadeus-giovanna-civitillo-viaggio-di-nozze-sanremo","status":"publish","type":"post","link":"https:\/\/www.gossip.it\/news\/amadeus-giovanna-civitillo-viaggio-di-nozze-sanremo\/","title":{"rendered":"Amadeus e Giovanna Civitillo: 'Dopo il viaggio di nozze lavoriamo a Sanremo insieme\u2019"},"content":{"rendered":"<p><a href=\"\/vip\/amadeus\/\">Amadeus<\/a> e <a href=\"\/vip\/giovanna-civitillo\/\">Giovanna Civitillo<\/a>, dopo il <strong>viaggio di nozze<\/strong> a Mauritius, preparano <a href=\"\/vip\/sanremo\/\">Sanremo<\/a> insieme. Il conduttore quasi 57enne \u00e8 gi\u00e0 al lavoro per la settantesima edizione del festival, lo svela a <em>Oggi.<\/em> La moglie 41enne, come al solito, \u00e8 sempre al suo fianco.<\/p>\n<figure class=\"caption\"><img decoding=\"async\" alt=\"\" width=\"640\" height=\"731\" src=\"https:\/\/files.gossip.it\/immagini_news\/2019\/08\/1567079858_amedeus_giovanna_lavoro.jpg\" \/><figcaption>Amadeus e Giovanna Civitillo dopo la luna di miele preparano Sanremo insieme: per i due viaggio di nozze a Mauritius<\/figcaption><\/figure>\n<p>Si sono sposati in chiesa lo scorso 11 luglio. <em>\u201cCi sono voluti dieci anni per fare il <strong>viaggio di nozze<\/strong>, ma \u00e8 valsa la pena aspettare\"<\/em>, sottolinea <strong>Amadeus<\/strong> al settimanale. Insieme da 16 anni con <strong>Giovanna Civitillo<\/strong>, si \u00e8 rilassato con lei sulle spiagge tropicali dell\u2019isola. Non da soli: con loro hanno portato il figlio Jos\u00e9, 10 anni. <em>\u201cNon saremmo mai partiti senza Jos\u00e9. Anche in questo io e Giovanna la pensiamo nello stesso modo. Non siamo stati combattuti o in difficolt\u00e0 nemmeno un secondo, per noi \u00e8 naturale scegliere di stare insieme tutti e tre. Non ce lo saremmo mai goduto un viaggio senza nostro figlio\u201d.<\/em><\/p>\n<p>Con Giovanna <strong>Amadeus<\/strong> si gode la gioia di condurre finalmente il <a href=\"\/vip\/festival-di sanremo\/\">Festival di Sanremo<\/a>. <em>\u201cE\u2019 stata strafelice per me<\/em> - racconta -<em> Ogni conduttore sogna di presentare il festival\u201d.<\/em> Ha idee chiare riguardo la manifestazione canora e forse approfitter\u00e0 dell\u2019amicizia che lo lega da sempre a <a href=\"\/vip\/fiorello\/\">Fiorello<\/a>\u00a0e\u00a0<a href=\"\/vip\/jovanotti\/\">Jovanotti<\/a>.\u00a0\u201c<em>Il mio festival sar\u00e0 pieno di affetto e di sentimento\u201d<\/em>, spiega <strong>Amadeus<\/strong>. Giovanna lo aiuta: <em>\u201cDi lei mi fido ciecamente, la coinvolgo in ogni scelta e tutte le volte che le ho dato retta, non me ne sono mai pentito\u201d.<\/em><\/p>\n<figure class=\"caption\"><img decoding=\"async\" alt=\"\" width=\"640\" height=\"666\" src=\"https:\/\/files.gossip.it\/immagini_news\/2019\/08\/1567080138_amedeus_giovanna_figlio.jpg\" \/><figcaption>Con la coppia sull'isola anche il figlio Jos\u00e8, 10 anni<\/figcaption><\/figure>\n<p><strong>Amadeus<\/strong> desidererebbe far tornare a <strong>Sanremo<\/strong> <a href=\"\/vip\/madonna\/\">Madonna<\/a>. Quando si nomina <a href=\"\/vip\/monica-bellucci\/\">Monica Bellucci<\/a>, che si sussurra potrebbe essere al suo fianco all\u2019Ariston, dice: <em>\u201cMagari! Ho la bocca cucita, per ora sono concentrato sul regolamento delle canzoni\u201d.<\/em><\/p>\n<p>\u00a0<\/p>\n","protected":false},"excerpt":{"rendered":"<p>Amadeus e Giovanna Civitillo, dopo il viaggio di nozze a Mauritius, preparano Sanremo insieme. Il conduttore quasi 57enne \u00e8 gi\u00e0 al lavoro per la settantesima edizione del festival, lo svela a Oggi. La moglie 41enne, come al solito, \u00e8 sempre al suo fianco. Amadeus e Giovanna Civitillo dopo la luna di miele preparano Sanremo insieme: [&hellip;]<\/p>\n","protected":false},"author":1,"featured_media":121216,"comment_status":"closed","ping_status":"closed","sticky":false,"template":"","format":"standard","meta":{"footnotes":""},"categories":[54],"tags":[59550,2176,2102,2637,1905,1942,2103,10368,1868,11766,3499,1950,10023,2216,2311,2177,2582,12921,1923,2097,7873],"vip":[292,880],"class_list":["post-65170","post","type-post","status-publish","format-standard","has-post-thumbnail","hentry","category-news","tag-alice-sebastiani","tag-conduttore","tag-dichiarazioni","tag-festival-di-sanremo","tag-figlia","tag-figlio","tag-intervista","tag-jose","tag-laurea","tag-laureata","tag-luna-di-miele","tag-matrimonio","tag-mauritius","tag-nozze","tag-oggi","tag-presentatore","tag-sanremo","tag-sanremo-2020","tag-social","tag-tv","tag-viaggio-di-nozze","vip-amadeus","vip-giovanna_civitillo"],"yoast_head":"<title>Amadeus e Giovanna Civitillo: &#039;Dopo il viaggio di nozze lavoriamo a Sanremo insieme\u2019 - Gossip.it | News sul Gossip e VIP<\/title>\n<meta name=\"description\" content=\"Amadeus e Giovanna Civitillo, dopo il viaggio di nozze a Mauritius, preparano Sanremo insieme. Il conduttore quasi 57enne \u00e8 gi\u00e0 al lavoro per la\" \/>\n<meta name=\"robots\" content=\"index, follow, max-snippet:-1, max-image-preview:large, max-video-preview:-1\" \/>\n<link rel=\"canonical\" href=\"https:\/\/www.gossip.it\/news\/amadeus-giovanna-civitillo-viaggio-di-nozze-sanremo\/\" \/>\n<meta property=\"og:locale\" content=\"it_IT\" \/>\n<meta property=\"og:type\" content=\"article\" \/>\n<meta property=\"og:title\" content=\"Amadeus e Giovanna Civitillo: &#039;Dopo il viaggio di nozze lavoriamo a Sanremo insieme\u2019 - Gossip.it | News sul Gossip e VIP\" \/>\n<meta property=\"og:description\" content=\"Amadeus e Giovanna Civitillo, dopo il viaggio di nozze a Mauritius, preparano Sanremo insieme. Il conduttore quasi 57enne \u00e8 gi\u00e0 al lavoro per la\" \/>\n<meta property=\"og:url\" content=\"https:\/\/www.gossip.it\/news\/amadeus-giovanna-civitillo-viaggio-di-nozze-sanremo\/\" \/>\n<meta property=\"og:site_name\" content=\"Gossip.it | News sul Gossip e VIP\" \/>\n<meta property=\"article:publisher\" content=\"https:\/\/www.facebook.com\/GossipIT\" \/>\n<meta property=\"article:published_time\" content=\"2019-08-28T22:00:00+00:00\" \/>\n<meta property=\"og:image\" content=\"https:\/\/files.gossip.it\/immagini_news\/2019\/08\/1567079858_amedeus_giovanna_lavoro.jpg\" \/>\n<meta name=\"author\" content=\"La Redazione\" \/>\n<meta name=\"twitter:card\" content=\"summary_large_image\" \/>\n<meta name=\"twitter:image\" content=\"https:\/\/files.gossip.it\/immagini_news\/2019\/08\/1567079858_amedeus_giovanna_lavoro.jpg\" \/>\n<meta name=\"twitter:creator\" content=\"@gossinews_it\" \/>\n<meta name=\"twitter:site\" content=\"@gossinews_it\" \/>\n<meta name=\"twitter:label1\" content=\"Scritto da\" \/>\n\t<meta name=\"twitter:data1\" content=\"Annamaria Capozzi\" \/>\n\t<meta name=\"twitter:label2\" content=\"Tempo di lettura stimato\" \/>\n\t<meta name=\"twitter:data2\" content=\"1 minuto\" \/>","yoast_head_json":{"title":"Amadeus e Giovanna Civitillo: 'Dopo il viaggio di nozze lavoriamo a Sanremo insieme\u2019 - Gossip.it | News sul Gossip e VIP","description":"Amadeus e Giovanna Civitillo, dopo il viaggio di nozze a Mauritius, preparano Sanremo insieme. Il conduttore quasi 57enne \u00e8 gi\u00e0 al lavoro per la","robots":{"index":"index","follow":"follow","max-snippet":"max-snippet:-1","max-image-preview":"max-image-preview:large","max-video-preview":"max-video-preview:-1"},"canonical":"https:\/\/www.gossip.it\/news\/amadeus-giovanna-civitillo-viaggio-di-nozze-sanremo\/","og_locale":"it_IT","og_type":"article","og_title":"Amadeus e Giovanna Civitillo: 'Dopo il viaggio di nozze lavoriamo a Sanremo insieme\u2019 - Gossip.it | News sul Gossip e VIP","og_description":"Amadeus e Giovanna Civitillo, dopo il viaggio di nozze a Mauritius, preparano Sanremo insieme. Il conduttore quasi 57enne \u00e8 gi\u00e0 al lavoro per la","og_url":"https:\/\/www.gossip.it\/news\/amadeus-giovanna-civitillo-viaggio-di-nozze-sanremo\/","og_site_name":"Gossip.it | News sul Gossip e VIP","article_publisher":"https:\/\/www.facebook.com\/GossipIT","article_published_time":"2019-08-28T22:00:00+00:00","og_image":[{"url":"https:\/\/files.gossip.it\/immagini_news\/2019\/08\/1567079858_amedeus_giovanna_lavoro.jpg"}],"author":"La Redazione","twitter_card":"summary_large_image","twitter_image":"https:\/\/files.gossip.it\/immagini_news\/2019\/08\/1567079858_amedeus_giovanna_lavoro.jpg","twitter_creator":"@gossinews_it","twitter_site":"@gossinews_it","twitter_misc":{"Scritto da":"Annamaria Capozzi","Tempo di lettura stimato":"1 minuto"},"schema":{"@context":"https:\/\/schema.org","@graph":[{"@type":"Article","@id":"https:\/\/www.gossip.it\/news\/amadeus-giovanna-civitillo-viaggio-di-nozze-sanremo\/#article","isPartOf":{"@id":"https:\/\/www.gossip.it\/news\/amadeus-giovanna-civitillo-viaggio-di-nozze-sanremo\/"},"author":{"name":"La Redazione","@id":"https:\/\/www.gossip.it\/#\/schema\/person\/488896f75158bff1cc83c6c39d141110"},"headline":"Amadeus e Giovanna Civitillo: 'Dopo il viaggio di nozze lavoriamo a Sanremo insieme\u2019","datePublished":"2019-08-28T22:00:00+00:00","dateModified":"2019-08-28T22:00:00+00:00","mainEntityOfPage":{"@id":"https:\/\/www.gossip.it\/news\/amadeus-giovanna-civitillo-viaggio-di-nozze-sanremo\/"},"wordCount":312,"publisher":{"@id":"https:\/\/www.gossip.it\/#organization"},"image":{"@id":"https:\/\/www.gossip.it\/news\/amadeus-giovanna-civitillo-viaggio-di-nozze-sanremo\/#primaryimage"},"thumbnailUrl":"https:\/\/files.gossip.it\/immagini_news\/2019\/08\/1567079858_amedeus_giovanna_lavoro.jpg","keywords":["alice sebastiani","conduttore","dichiarazioni","festival di sanremo","figlia","figlio","intervista","jos\u00e8","laurea","laureata","luna di miele","matrimonio","mauritius","nozze","oggi","presentatore","sanremo","sanremo 2020","social","tv","viaggio di nozze"],"articleSection":["News"],"inLanguage":"it-IT"},{"@type":"WebPage","@id":"https:\/\/www.gossip.it\/news\/amadeus-giovanna-civitillo-viaggio-di-nozze-sanremo\/","url":"https:\/\/www.gossip.it\/news\/amadeus-giovanna-civitillo-viaggio-di-nozze-sanremo\/","name":"Amadeus e Giovanna Civitillo: 'Dopo il viaggio di nozze lavoriamo a Sanremo insieme\u2019 - Gossip.it | News sul Gossip e VIP","isPartOf":{"@id":"https:\/\/www.gossip.it\/#website"},"primaryImageOfPage":{"@id":"https:\/\/www.gossip.it\/news\/amadeus-giovanna-civitillo-viaggio-di-nozze-sanremo\/#primaryimage"},"image":{"@id":"https:\/\/www.gossip.it\/news\/amadeus-giovanna-civitillo-viaggio-di-nozze-sanremo\/#primaryimage"},"thumbnailUrl":"https:\/\/files.gossip.it\/immagini_news\/2019\/08\/1567079858_amedeus_giovanna_lavoro.jpg","datePublished":"2019-08-28T22:00:00+00:00","dateModified":"2019-08-28T22:00:00+00:00","description":"Amadeus e Giovanna Civitillo, dopo il viaggio di nozze a Mauritius, preparano Sanremo insieme. Il conduttore quasi 57enne \u00e8 gi\u00e0 al lavoro per la","breadcrumb":{"@id":"https:\/\/www.gossip.it\/news\/amadeus-giovanna-civitillo-viaggio-di-nozze-sanremo\/#breadcrumb"},"inLanguage":"it-IT","potentialAction":[{"@type":"ReadAction","target":["https:\/\/www.gossip.it\/news\/amadeus-giovanna-civitillo-viaggio-di-nozze-sanremo\/"]}]},{"@type":"ImageObject","inLanguage":"it-IT","@id":"https:\/\/www.gossip.it\/news\/amadeus-giovanna-civitillo-viaggio-di-nozze-sanremo\/#primaryimage","url":"https:\/\/files.gossip.it\/immagini_news\/2019\/08\/1567079858_amedeus_giovanna_lavoro.jpg","contentUrl":"https:\/\/files.gossip.it\/immagini_news\/2019\/08\/1567079858_amedeus_giovanna_lavoro.jpg"},{"@type":"BreadcrumbList","@id":"https:\/\/www.gossip.it\/news\/amadeus-giovanna-civitillo-viaggio-di-nozze-sanremo\/#breadcrumb","itemListElement":[{"@type":"ListItem","position":1,"name":"Home","item":"https:\/\/www.gossip.it\/"},{"@type":"ListItem","position":2,"name":"Amadeus e Giovanna Civitillo: 'Dopo il viaggio di nozze lavoriamo a Sanremo insieme\u2019"}]},{"@type":"WebSite","@id":"https:\/\/www.gossip.it\/#website","url":"https:\/\/www.gossip.it\/","name":"Gossip and VIP News","description":"Quotidiano di cronaca rosa, costume e societ\u00e0","publisher":{"@id":"https:\/\/www.gossip.it\/#organization"},"alternateName":"Gossip and VIP News","potentialAction":[{"@type":"SearchAction","target":{"@type":"EntryPoint","urlTemplate":"https:\/\/www.gossip.it\/?s={search_term_string}"},"query-input":{"@type":"PropertyValueSpecification","valueRequired":true,"valueName":"search_term_string"}}],"inLanguage":"it-IT"},{"@type":"Organization","@id":"https:\/\/www.gossip.it\/#organization","name":"Gossip and VIP News","alternateName":"Gossip News","url":"https:\/\/www.gossip.it\/","logo":{"@type":"ImageObject","inLanguage":"it-IT","@id":"https:\/\/www.gossip.it\/#\/schema\/logo\/image\/","url":"https:\/\/www.gossip.it\/wp-content\/uploads\/2022\/04\/cropped-corna-alta-tiny.png","contentUrl":"https:\/\/www.gossip.it\/wp-content\/uploads\/2022\/04\/cropped-corna-alta-tiny.png","width":512,"height":512,"caption":"Gossip and VIP News"},"image":{"@id":"https:\/\/www.gossip.it\/#\/schema\/logo\/image\/"},"sameAs":["https:\/\/www.facebook.com\/GossipIT","https:\/\/x.com\/gossinews_it","https:\/\/instagram.com\/gossip_it"]},{"@type":"Person","@id":"https:\/\/www.gossip.it\/#\/schema\/person\/488896f75158bff1cc83c6c39d141110","name":"La Redazione","image":{"@type":"ImageObject","inLanguage":"it-IT","@id":"https:\/\/www.gossip.it\/#\/schema\/person\/image\/","url":"https:\/\/secure.gravatar.com\/avatar\/5a5f5c6fa3e6700e4249abdad0263a1e94e927d9e0499b1cb09c1cd29c044d80?s=96&d=mm&r=g","contentUrl":"https:\/\/secure.gravatar.com\/avatar\/5a5f5c6fa3e6700e4249abdad0263a1e94e927d9e0499b1cb09c1cd29c044d80?s=96&d=mm&r=g","caption":"La Redazione"},"sameAs":["https:\/\/www.gossip.it"]}]}},"amp_enabled":true,"_links":{"self":[{"href":"https:\/\/www.gossip.it\/api\/wp\/v2\/posts\/65170","targetHints":{"allow":["GET"]}}],"collection":[{"href":"https:\/\/www.gossip.it\/api\/wp\/v2\/posts"}],"about":[{"href":"https:\/\/www.gossip.it\/api\/wp\/v2\/types\/post"}],"author":[{"embeddable":true,"href":"https:\/\/www.gossip.it\/api\/wp\/v2\/users\/1"}],"replies":[{"embeddable":true,"href":"https:\/\/www.gossip.it\/api\/wp\/v2\/comments?post=65170"}],"version-history":[{"count":0,"href":"https:\/\/www.gossip.it\/api\/wp\/v2\/posts\/65170\/revisions"}],"wp:featuredmedia":[{"embeddable":true,"href":"https:\/\/www.gossip.it\/api\/wp\/v2\/media\/121216"}],"wp:attachment":[{"href":"https:\/\/www.gossip.it\/api\/wp\/v2\/media?parent=65170"}],"wp:term":[{"taxonomy":"category","embeddable":true,"href":"https:\/\/www.gossip.it\/api\/wp\/v2\/categories?post=65170"},{"taxonomy":"post_tag","embeddable":true,"href":"https:\/\/www.gossip.it\/api\/wp\/v2\/tags?post=65170"},{"taxonomy":"vip","embeddable":true,"href":"https:\/\/www.gossip.it\/api\/wp\/v2\/vip?post=65170"}],"curies":[{"name":"wp","href":"https:\/\/api.w.org\/{rel}","templated":true}]}}