{"id":65299,"date":"2019-09-11T00:00:00","date_gmt":"2019-09-10T22:00:00","guid":{"rendered":"https:\/\/www.gossip.it\/senza-categoria\/federica-panicucci-festa-di-compleanno-figlia-14-anni\/"},"modified":"2019-09-11T00:00:00","modified_gmt":"2019-09-10T22:00:00","slug":"federica-panicucci-festa-di-compleanno-figlia-14-anni","status":"publish","type":"post","link":"https:\/\/www.gossip.it\/news\/federica-panicucci-festa-di-compleanno-figlia-14-anni\/","title":{"rendered":"Federica Panicucci organizza una festa di compleanno tutta rosa per i 14 anni della figlia Sofia"},"content":{"rendered":"<p>Il lavoro \u00e8 ricominciato, l'agenda \u00e8 piena di impegni e da luned\u00ec 9 settembre \u00e8 di nuovo in onda tutti i giorni con \"<a href=\"\/vip\/mattino-5\/\">Mattino 5<\/a>\". Ma <a href=\"\/vip\/federica-panicucci\/\">Federica Panicucci<\/a> quando si tratta dei suoi ragazzi trova sempre il tempo. La famiglia viene prima di tutto e per la primogenita <strong>Sofia<\/strong>, avuta dall'ex marito <a href=\"\/vip\/mario-fargetta\/\">Mario Fargetta<\/a>, ha organizzato una <strong>festa di compleanno<\/strong>\u00a0coi fiocchi. La figlia ha compiuto<strong> 14 ann<\/strong>i il 10 settembre e la conduttrice 52enne ha voluto per lei un party tutto rosa con tantissimi palloncini.<\/p>\n<figure class=\"caption\"><img decoding=\"async\" alt=\"\" src=\"https:\/\/files.gossip.it\/immagini_news\/2019\/09\/1568205278_panicucci_1.jpg\" \/><figcaption>Federica Panicucci e la figlia Sofia circondate da palloncini rosa, bianchi e viola<\/figcaption><\/figure>\n<p>La <strong>Panicucci<\/strong> ha organizzato per <strong>Sofia<\/strong> una festa in casa e le ha fatto trovare la sua camera invasa da tantissimi palloncini colorati. Appesi al soffitto anche quelli a forma di 14. Una sorpresa bellissima, corredata anche da una torta di <strong>compleanno<\/strong> speciale: un dolce a due piani con una ginnasta in cima.<em>\u00a0\"Auguri piccola mia\"<\/em>, scrive il volto noto della tv sulla sua pagina <a href=\"\/vip\/instagram\/\">Instagram<\/a>. E usa anche l'hashtag <em>\"tutto l'amore del mondo\"<\/em>.<\/p>\n<figure class=\"caption\"><img decoding=\"async\" alt=\"\" src=\"https:\/\/files.gossip.it\/immagini_news\/2019\/09\/1568205334_panicucci_2.jpg\" \/><figcaption>La torta che la conduttrice ha fatto preparare per i 14 anni della figlia<\/figcaption><\/figure>\n<p>L'amore che <strong>Federica<\/strong> prova per i suoi figli \u00e8 grande. E se il secondogenito Mattia ha\u00a0 spento le 12 candeline lo scorso giugno durante una vacanza a New York con la sorella e la celebre mamma, per Sofia la sorpresa non \u00e8 stata da meno. La casa di Milano si \u00e8 trasformata in suo onore in una location allegra e suggestiva.\u00a0<\/p>\n<p>\u00a0<\/p>\n","protected":false},"excerpt":{"rendered":"<p>Il lavoro \u00e8 ricominciato, l'agenda \u00e8 piena di impegni e da luned\u00ec 9 settembre \u00e8 di nuovo in onda tutti i giorni con \"Mattino 5\". Ma Federica Panicucci quando si tratta dei suoi ragazzi trova sempre il tempo. La famiglia viene prima di tutto e per la primogenita Sofia, avuta dall'ex marito Mario Fargetta, ha [&hellip;]<\/p>\n","protected":false},"author":1,"featured_media":121345,"comment_status":"closed","ping_status":"closed","sticky":false,"template":"","format":"standard","meta":{"footnotes":""},"categories":[54],"tags":[1904,1992,1907,1905,2288,1923,4667,2097],"vip":[731],"class_list":["post-65299","post","type-post","status-publish","format-standard","has-post-thumbnail","hentry","category-news","tag-compleanno","tag-conduttrice","tag-festa","tag-figlia","tag-mattino-5","tag-social","tag-sofia","tag-tv","vip-federica_panicucci"],"yoast_head":"<title>Federica Panicucci organizza una festa di compleanno tutta rosa per i 14 anni della figlia Sofia - Gossip.it | News sul Gossip e VIP<\/title>\n<meta name=\"description\" content=\"Il lavoro \u00e8 ricominciato, l&#039;agenda \u00e8 piena di impegni e da luned\u00ec 9 settembre \u00e8 di nuovo in onda tutti i giorni con &quot;Mattino 5&quot;. Ma Federica Panicucci\" \/>\n<meta name=\"robots\" content=\"index, follow, max-snippet:-1, max-image-preview:large, max-video-preview:-1\" \/>\n<link rel=\"canonical\" href=\"https:\/\/www.gossip.it\/news\/federica-panicucci-festa-di-compleanno-figlia-14-anni\/\" \/>\n<meta property=\"og:locale\" content=\"it_IT\" \/>\n<meta property=\"og:type\" content=\"article\" \/>\n<meta property=\"og:title\" content=\"Federica Panicucci organizza una festa di compleanno tutta rosa per i 14 anni della figlia Sofia - Gossip.it | News sul Gossip e VIP\" \/>\n<meta property=\"og:description\" content=\"Il lavoro \u00e8 ricominciato, l&#039;agenda \u00e8 piena di impegni e da luned\u00ec 9 settembre \u00e8 di nuovo in onda tutti i giorni con &quot;Mattino 5&quot;. Ma Federica Panicucci\" \/>\n<meta property=\"og:url\" content=\"https:\/\/www.gossip.it\/news\/federica-panicucci-festa-di-compleanno-figlia-14-anni\/\" \/>\n<meta property=\"og:site_name\" content=\"Gossip.it | News sul Gossip e VIP\" \/>\n<meta property=\"article:publisher\" content=\"https:\/\/www.facebook.com\/GossipIT\" \/>\n<meta property=\"article:published_time\" content=\"2019-09-10T22:00:00+00:00\" \/>\n<meta property=\"og:image\" content=\"https:\/\/files.gossip.it\/immagini_news\/2019\/09\/1568205278_panicucci_1.jpg\" \/>\n<meta name=\"author\" content=\"La Redazione\" \/>\n<meta name=\"twitter:card\" content=\"summary_large_image\" \/>\n<meta name=\"twitter:image\" content=\"https:\/\/files.gossip.it\/immagini_news\/2019\/09\/1568205278_panicucci_1.jpg\" \/>\n<meta name=\"twitter:creator\" content=\"@gossinews_it\" \/>\n<meta name=\"twitter:site\" content=\"@gossinews_it\" \/>\n<meta name=\"twitter:label1\" content=\"Scritto da\" \/>\n\t<meta name=\"twitter:data1\" content=\"Francesca Romana Domenici\" \/>\n\t<meta name=\"twitter:label2\" content=\"Tempo di lettura stimato\" \/>\n\t<meta name=\"twitter:data2\" content=\"1 minuto\" \/>","yoast_head_json":{"title":"Federica Panicucci organizza una festa di compleanno tutta rosa per i 14 anni della figlia Sofia - Gossip.it | News sul Gossip e VIP","description":"Il lavoro \u00e8 ricominciato, l'agenda \u00e8 piena di impegni e da luned\u00ec 9 settembre \u00e8 di nuovo in onda tutti i giorni con \"Mattino 5\". Ma Federica Panicucci","robots":{"index":"index","follow":"follow","max-snippet":"max-snippet:-1","max-image-preview":"max-image-preview:large","max-video-preview":"max-video-preview:-1"},"canonical":"https:\/\/www.gossip.it\/news\/federica-panicucci-festa-di-compleanno-figlia-14-anni\/","og_locale":"it_IT","og_type":"article","og_title":"Federica Panicucci organizza una festa di compleanno tutta rosa per i 14 anni della figlia Sofia - Gossip.it | News sul Gossip e VIP","og_description":"Il lavoro \u00e8 ricominciato, l'agenda \u00e8 piena di impegni e da luned\u00ec 9 settembre \u00e8 di nuovo in onda tutti i giorni con \"Mattino 5\". Ma Federica Panicucci","og_url":"https:\/\/www.gossip.it\/news\/federica-panicucci-festa-di-compleanno-figlia-14-anni\/","og_site_name":"Gossip.it | News sul Gossip e VIP","article_publisher":"https:\/\/www.facebook.com\/GossipIT","article_published_time":"2019-09-10T22:00:00+00:00","og_image":[{"url":"https:\/\/files.gossip.it\/immagini_news\/2019\/09\/1568205278_panicucci_1.jpg"}],"author":"La Redazione","twitter_card":"summary_large_image","twitter_image":"https:\/\/files.gossip.it\/immagini_news\/2019\/09\/1568205278_panicucci_1.jpg","twitter_creator":"@gossinews_it","twitter_site":"@gossinews_it","twitter_misc":{"Scritto da":"Francesca Romana Domenici","Tempo di lettura stimato":"1 minuto"},"schema":{"@context":"https:\/\/schema.org","@graph":[{"@type":"Article","@id":"https:\/\/www.gossip.it\/news\/federica-panicucci-festa-di-compleanno-figlia-14-anni\/#article","isPartOf":{"@id":"https:\/\/www.gossip.it\/news\/federica-panicucci-festa-di-compleanno-figlia-14-anni\/"},"author":{"name":"La Redazione","@id":"https:\/\/www.gossip.it\/#\/schema\/person\/488896f75158bff1cc83c6c39d141110"},"headline":"Federica Panicucci organizza una festa di compleanno tutta rosa per i 14 anni della figlia Sofia","datePublished":"2019-09-10T22:00:00+00:00","dateModified":"2019-09-10T22:00:00+00:00","mainEntityOfPage":{"@id":"https:\/\/www.gossip.it\/news\/federica-panicucci-festa-di-compleanno-figlia-14-anni\/"},"wordCount":255,"publisher":{"@id":"https:\/\/www.gossip.it\/#organization"},"image":{"@id":"https:\/\/www.gossip.it\/news\/federica-panicucci-festa-di-compleanno-figlia-14-anni\/#primaryimage"},"thumbnailUrl":"https:\/\/files.gossip.it\/immagini_news\/2019\/09\/1568205278_panicucci_1.jpg","keywords":["compleanno","conduttrice","festa","figlia","mattino 5","social","sofia","tv"],"articleSection":["News"],"inLanguage":"it-IT"},{"@type":"WebPage","@id":"https:\/\/www.gossip.it\/news\/federica-panicucci-festa-di-compleanno-figlia-14-anni\/","url":"https:\/\/www.gossip.it\/news\/federica-panicucci-festa-di-compleanno-figlia-14-anni\/","name":"Federica Panicucci organizza una festa di compleanno tutta rosa per i 14 anni della figlia Sofia - Gossip.it | News sul Gossip e VIP","isPartOf":{"@id":"https:\/\/www.gossip.it\/#website"},"primaryImageOfPage":{"@id":"https:\/\/www.gossip.it\/news\/federica-panicucci-festa-di-compleanno-figlia-14-anni\/#primaryimage"},"image":{"@id":"https:\/\/www.gossip.it\/news\/federica-panicucci-festa-di-compleanno-figlia-14-anni\/#primaryimage"},"thumbnailUrl":"https:\/\/files.gossip.it\/immagini_news\/2019\/09\/1568205278_panicucci_1.jpg","datePublished":"2019-09-10T22:00:00+00:00","dateModified":"2019-09-10T22:00:00+00:00","description":"Il lavoro \u00e8 ricominciato, l'agenda \u00e8 piena di impegni e da luned\u00ec 9 settembre \u00e8 di nuovo in onda tutti i giorni con \"Mattino 5\". Ma Federica Panicucci","breadcrumb":{"@id":"https:\/\/www.gossip.it\/news\/federica-panicucci-festa-di-compleanno-figlia-14-anni\/#breadcrumb"},"inLanguage":"it-IT","potentialAction":[{"@type":"ReadAction","target":["https:\/\/www.gossip.it\/news\/federica-panicucci-festa-di-compleanno-figlia-14-anni\/"]}]},{"@type":"ImageObject","inLanguage":"it-IT","@id":"https:\/\/www.gossip.it\/news\/federica-panicucci-festa-di-compleanno-figlia-14-anni\/#primaryimage","url":"https:\/\/files.gossip.it\/immagini_news\/2019\/09\/1568205278_panicucci_1.jpg","contentUrl":"https:\/\/files.gossip.it\/immagini_news\/2019\/09\/1568205278_panicucci_1.jpg"},{"@type":"BreadcrumbList","@id":"https:\/\/www.gossip.it\/news\/federica-panicucci-festa-di-compleanno-figlia-14-anni\/#breadcrumb","itemListElement":[{"@type":"ListItem","position":1,"name":"Home","item":"https:\/\/www.gossip.it\/"},{"@type":"ListItem","position":2,"name":"Federica Panicucci organizza una festa di compleanno tutta rosa per i 14 anni della figlia Sofia"}]},{"@type":"WebSite","@id":"https:\/\/www.gossip.it\/#website","url":"https:\/\/www.gossip.it\/","name":"Gossip and VIP News","description":"Quotidiano di cronaca rosa, costume e societ\u00e0","publisher":{"@id":"https:\/\/www.gossip.it\/#organization"},"alternateName":"Gossip and VIP News","potentialAction":[{"@type":"SearchAction","target":{"@type":"EntryPoint","urlTemplate":"https:\/\/www.gossip.it\/?s={search_term_string}"},"query-input":{"@type":"PropertyValueSpecification","valueRequired":true,"valueName":"search_term_string"}}],"inLanguage":"it-IT"},{"@type":"Organization","@id":"https:\/\/www.gossip.it\/#organization","name":"Gossip and VIP News","alternateName":"Gossip News","url":"https:\/\/www.gossip.it\/","logo":{"@type":"ImageObject","inLanguage":"it-IT","@id":"https:\/\/www.gossip.it\/#\/schema\/logo\/image\/","url":"https:\/\/www.gossip.it\/wp-content\/uploads\/2022\/04\/cropped-corna-alta-tiny.png","contentUrl":"https:\/\/www.gossip.it\/wp-content\/uploads\/2022\/04\/cropped-corna-alta-tiny.png","width":512,"height":512,"caption":"Gossip and VIP News"},"image":{"@id":"https:\/\/www.gossip.it\/#\/schema\/logo\/image\/"},"sameAs":["https:\/\/www.facebook.com\/GossipIT","https:\/\/x.com\/gossinews_it","https:\/\/instagram.com\/gossip_it"]},{"@type":"Person","@id":"https:\/\/www.gossip.it\/#\/schema\/person\/488896f75158bff1cc83c6c39d141110","name":"La Redazione","image":{"@type":"ImageObject","inLanguage":"it-IT","@id":"https:\/\/www.gossip.it\/#\/schema\/person\/image\/","url":"https:\/\/secure.gravatar.com\/avatar\/5a5f5c6fa3e6700e4249abdad0263a1e94e927d9e0499b1cb09c1cd29c044d80?s=96&d=mm&r=g","contentUrl":"https:\/\/secure.gravatar.com\/avatar\/5a5f5c6fa3e6700e4249abdad0263a1e94e927d9e0499b1cb09c1cd29c044d80?s=96&d=mm&r=g","caption":"La Redazione"},"sameAs":["https:\/\/www.gossip.it"]}]}},"amp_enabled":true,"_links":{"self":[{"href":"https:\/\/www.gossip.it\/api\/wp\/v2\/posts\/65299","targetHints":{"allow":["GET"]}}],"collection":[{"href":"https:\/\/www.gossip.it\/api\/wp\/v2\/posts"}],"about":[{"href":"https:\/\/www.gossip.it\/api\/wp\/v2\/types\/post"}],"author":[{"embeddable":true,"href":"https:\/\/www.gossip.it\/api\/wp\/v2\/users\/1"}],"replies":[{"embeddable":true,"href":"https:\/\/www.gossip.it\/api\/wp\/v2\/comments?post=65299"}],"version-history":[{"count":0,"href":"https:\/\/www.gossip.it\/api\/wp\/v2\/posts\/65299\/revisions"}],"wp:featuredmedia":[{"embeddable":true,"href":"https:\/\/www.gossip.it\/api\/wp\/v2\/media\/121345"}],"wp:attachment":[{"href":"https:\/\/www.gossip.it\/api\/wp\/v2\/media?parent=65299"}],"wp:term":[{"taxonomy":"category","embeddable":true,"href":"https:\/\/www.gossip.it\/api\/wp\/v2\/categories?post=65299"},{"taxonomy":"post_tag","embeddable":true,"href":"https:\/\/www.gossip.it\/api\/wp\/v2\/tags?post=65299"},{"taxonomy":"vip","embeddable":true,"href":"https:\/\/www.gossip.it\/api\/wp\/v2\/vip?post=65299"}],"curies":[{"name":"wp","href":"https:\/\/api.w.org\/{rel}","templated":true}]}}