{"id":65423,"date":"2019-09-23T00:00:00","date_gmt":"2019-09-22T22:00:00","guid":{"rendered":"https:\/\/www.gossip.it\/senza-categoria\/costanza-caracciolo-bobo-vieri-insieme-fashion-week\/"},"modified":"2019-09-23T00:00:00","modified_gmt":"2019-09-22T22:00:00","slug":"costanza-caracciolo-bobo-vieri-insieme-fashion-week","status":"publish","type":"post","link":"https:\/\/www.gossip.it\/news\/costanza-caracciolo-bobo-vieri-insieme-fashion-week\/","title":{"rendered":"Costanza Caracciolo e Bobo Vieri insieme alla Fashion Week"},"content":{"rendered":"<p><a href=\"\/vip\/costanza-caracciolo\/\">Costanza Caracciolo<\/a> e <a href=\"\/vip\/bobo-vieri\/\">Bobo Vieri<\/a> si vedono raramente<strong> insieme<\/strong> ad eventi ufficiali. Durante la settimana della moda milanese non hanno per\u00f2 potuto fare a meno di prendere parte ad uno degli eventi pi\u00f9 importanti, la sfilata di <a href=\"\/vip\/giorgio-armani\/\">Giorgio Armani<\/a>, uno degli stilisti italiani pi\u00f9 acclamati nel mondo. L\u2019ex velina e il calciatore si sono quindi mostrati insieme all\u2019appuntamento.<\/p>\n<figure class=\"caption\"><img decoding=\"async\" alt=\"Costanza Caracciolo, 29 anni, e Christian Vieri, 46, con due look coordinati firmati da Giorgio Armani mentre si avviano alla sfilata dello stilista durante l'ultima Milano Fashion Week\" width=\"640\" height=\"808\" src=\"https:\/\/files.gossip.it\/immagini_news\/2019\/09\/1569268061_caracciolo_vieri.jpg\" \/><figcaption>Costanza Caracciolo, 29 anni, e Christian Vieri, 46, con due look coordinati firmati da Giorgio Armani mentre si avviano alla sfilata dello stilista durante l'ultima Milano Fashion Week<\/figcaption><\/figure>\n<p>Eccoli con due <strong>look coordinati<\/strong>, entrambi firmati da Re Giorgio, mentre si avviano verso la location dove ha avuto luogo il d\u00e9fil\u00e9. Completo blu e scarpe sportive bianche per lui, abito <strong>blu<\/strong> a fantasia floreale per lei. La 29enne ha condiviso lo scatto accanto al 46enne, sposato in gran segreto all\u2019inizio di quest\u2019anno, sul suo profilo <em>Instagram<\/em>.<\/p>\n<p>La coppia ha avuto una figlia da meno di un anno. Il 18 novembre del 2018 la bionda siciliana ha infatti dato alla luce la piccola <strong>Stella<\/strong>, che per\u00f2 non ha ancora mai mostrato sui social. Qualche tempo fa ha spiegato di voler tutelare la privacy della bambina quanto pi\u00f9 a lungo possibile e che per questo non sa quando mostrer\u00e0 il suo viso ai tanti follower che le chiedono di poter vedere se somiglia di pi\u00f9 alla mamma o al pap\u00e0. \u201c<em>Non mi sono data una tempistica, ma cercher\u00f2 di proteggerla il pi\u00f9 possibile da questo circo\u201d<\/em>, ha fatto sapere Costy.<\/p>\n<p>\u00a0<\/p>\n","protected":false},"excerpt":{"rendered":"<p>Costanza Caracciolo e Bobo Vieri si vedono raramente insieme ad eventi ufficiali. Durante la settimana della moda milanese non hanno per\u00f2 potuto fare a meno di prendere parte ad uno degli eventi pi\u00f9 importanti, la sfilata di Giorgio Armani, uno degli stilisti italiani pi\u00f9 acclamati nel mondo. L\u2019ex velina e il calciatore si sono quindi [&hellip;]<\/p>\n","protected":false},"author":1,"featured_media":121469,"comment_status":"closed","ping_status":"closed","sticky":false,"template":"","format":"standard","meta":{"footnotes":""},"categories":[54],"tags":[6560],"vip":[419,532],"class_list":["post-65423","post","type-post","status-publish","format-standard","has-post-thumbnail","hentry","category-news","tag-christian-vieri","vip-bobo_vieri","vip-costanza_caracciolo"],"yoast_head":"<title>Costanza Caracciolo e Bobo Vieri insieme alla Fashion Week - Gossip.it | News sul Gossip e VIP<\/title>\n<meta name=\"description\" content=\"Costanza Caracciolo e Bobo Vieri si vedono raramente insieme ad eventi ufficiali. Durante la settimana della moda milanese non hanno per\u00f2 potuto fare a\" \/>\n<meta name=\"robots\" content=\"index, follow, max-snippet:-1, max-image-preview:large, max-video-preview:-1\" \/>\n<link rel=\"canonical\" href=\"https:\/\/www.gossip.it\/news\/costanza-caracciolo-bobo-vieri-insieme-fashion-week\/\" \/>\n<meta property=\"og:locale\" content=\"it_IT\" \/>\n<meta property=\"og:type\" content=\"article\" \/>\n<meta property=\"og:title\" content=\"Costanza Caracciolo e Bobo Vieri insieme alla Fashion Week - Gossip.it | News sul Gossip e VIP\" \/>\n<meta property=\"og:description\" content=\"Costanza Caracciolo e Bobo Vieri si vedono raramente insieme ad eventi ufficiali. Durante la settimana della moda milanese non hanno per\u00f2 potuto fare a\" \/>\n<meta property=\"og:url\" content=\"https:\/\/www.gossip.it\/news\/costanza-caracciolo-bobo-vieri-insieme-fashion-week\/\" \/>\n<meta property=\"og:site_name\" content=\"Gossip.it | News sul Gossip e VIP\" \/>\n<meta property=\"article:publisher\" content=\"https:\/\/www.facebook.com\/GossipIT\" \/>\n<meta property=\"article:published_time\" content=\"2019-09-22T22:00:00+00:00\" \/>\n<meta property=\"og:image\" content=\"https:\/\/files.gossip.it\/immagini_news\/2019\/09\/1569268061_caracciolo_vieri.jpg\" \/>\n<meta name=\"author\" content=\"La Redazione\" \/>\n<meta name=\"twitter:card\" content=\"summary_large_image\" \/>\n<meta name=\"twitter:image\" content=\"https:\/\/files.gossip.it\/immagini_news\/2019\/09\/1569268061_caracciolo_vieri.jpg\" \/>\n<meta name=\"twitter:creator\" content=\"@gossinews_it\" \/>\n<meta name=\"twitter:site\" content=\"@gossinews_it\" \/>\n<meta name=\"twitter:label1\" content=\"Scritto da\" \/>\n\t<meta name=\"twitter:data1\" content=\"la Redazione\" \/>\n\t<meta name=\"twitter:label2\" content=\"Tempo di lettura stimato\" \/>\n\t<meta name=\"twitter:data2\" content=\"1 minuto\" \/>","yoast_head_json":{"title":"Costanza Caracciolo e Bobo Vieri insieme alla Fashion Week - Gossip.it | News sul Gossip e VIP","description":"Costanza Caracciolo e Bobo Vieri si vedono raramente insieme ad eventi ufficiali. Durante la settimana della moda milanese non hanno per\u00f2 potuto fare a","robots":{"index":"index","follow":"follow","max-snippet":"max-snippet:-1","max-image-preview":"max-image-preview:large","max-video-preview":"max-video-preview:-1"},"canonical":"https:\/\/www.gossip.it\/news\/costanza-caracciolo-bobo-vieri-insieme-fashion-week\/","og_locale":"it_IT","og_type":"article","og_title":"Costanza Caracciolo e Bobo Vieri insieme alla Fashion Week - Gossip.it | News sul Gossip e VIP","og_description":"Costanza Caracciolo e Bobo Vieri si vedono raramente insieme ad eventi ufficiali. Durante la settimana della moda milanese non hanno per\u00f2 potuto fare a","og_url":"https:\/\/www.gossip.it\/news\/costanza-caracciolo-bobo-vieri-insieme-fashion-week\/","og_site_name":"Gossip.it | News sul Gossip e VIP","article_publisher":"https:\/\/www.facebook.com\/GossipIT","article_published_time":"2019-09-22T22:00:00+00:00","og_image":[{"url":"https:\/\/files.gossip.it\/immagini_news\/2019\/09\/1569268061_caracciolo_vieri.jpg"}],"author":"La Redazione","twitter_card":"summary_large_image","twitter_image":"https:\/\/files.gossip.it\/immagini_news\/2019\/09\/1569268061_caracciolo_vieri.jpg","twitter_creator":"@gossinews_it","twitter_site":"@gossinews_it","twitter_misc":{"Scritto da":"la Redazione","Tempo di lettura stimato":"1 minuto"},"schema":{"@context":"https:\/\/schema.org","@graph":[{"@type":"Article","@id":"https:\/\/www.gossip.it\/news\/costanza-caracciolo-bobo-vieri-insieme-fashion-week\/#article","isPartOf":{"@id":"https:\/\/www.gossip.it\/news\/costanza-caracciolo-bobo-vieri-insieme-fashion-week\/"},"author":{"name":"La Redazione","@id":"https:\/\/www.gossip.it\/#\/schema\/person\/488896f75158bff1cc83c6c39d141110"},"headline":"Costanza Caracciolo e Bobo Vieri insieme alla Fashion Week","datePublished":"2019-09-22T22:00:00+00:00","dateModified":"2019-09-22T22:00:00+00:00","mainEntityOfPage":{"@id":"https:\/\/www.gossip.it\/news\/costanza-caracciolo-bobo-vieri-insieme-fashion-week\/"},"wordCount":256,"publisher":{"@id":"https:\/\/www.gossip.it\/#organization"},"image":{"@id":"https:\/\/www.gossip.it\/news\/costanza-caracciolo-bobo-vieri-insieme-fashion-week\/#primaryimage"},"thumbnailUrl":"https:\/\/files.gossip.it\/immagini_news\/2019\/09\/1569268061_caracciolo_vieri.jpg","keywords":["christian vieri"],"articleSection":["News"],"inLanguage":"it-IT"},{"@type":"WebPage","@id":"https:\/\/www.gossip.it\/news\/costanza-caracciolo-bobo-vieri-insieme-fashion-week\/","url":"https:\/\/www.gossip.it\/news\/costanza-caracciolo-bobo-vieri-insieme-fashion-week\/","name":"Costanza Caracciolo e Bobo Vieri insieme alla Fashion Week - Gossip.it | News sul Gossip e VIP","isPartOf":{"@id":"https:\/\/www.gossip.it\/#website"},"primaryImageOfPage":{"@id":"https:\/\/www.gossip.it\/news\/costanza-caracciolo-bobo-vieri-insieme-fashion-week\/#primaryimage"},"image":{"@id":"https:\/\/www.gossip.it\/news\/costanza-caracciolo-bobo-vieri-insieme-fashion-week\/#primaryimage"},"thumbnailUrl":"https:\/\/files.gossip.it\/immagini_news\/2019\/09\/1569268061_caracciolo_vieri.jpg","datePublished":"2019-09-22T22:00:00+00:00","dateModified":"2019-09-22T22:00:00+00:00","description":"Costanza Caracciolo e Bobo Vieri si vedono raramente insieme ad eventi ufficiali. Durante la settimana della moda milanese non hanno per\u00f2 potuto fare a","breadcrumb":{"@id":"https:\/\/www.gossip.it\/news\/costanza-caracciolo-bobo-vieri-insieme-fashion-week\/#breadcrumb"},"inLanguage":"it-IT","potentialAction":[{"@type":"ReadAction","target":["https:\/\/www.gossip.it\/news\/costanza-caracciolo-bobo-vieri-insieme-fashion-week\/"]}]},{"@type":"ImageObject","inLanguage":"it-IT","@id":"https:\/\/www.gossip.it\/news\/costanza-caracciolo-bobo-vieri-insieme-fashion-week\/#primaryimage","url":"https:\/\/files.gossip.it\/immagini_news\/2019\/09\/1569268061_caracciolo_vieri.jpg","contentUrl":"https:\/\/files.gossip.it\/immagini_news\/2019\/09\/1569268061_caracciolo_vieri.jpg"},{"@type":"BreadcrumbList","@id":"https:\/\/www.gossip.it\/news\/costanza-caracciolo-bobo-vieri-insieme-fashion-week\/#breadcrumb","itemListElement":[{"@type":"ListItem","position":1,"name":"Home","item":"https:\/\/www.gossip.it\/"},{"@type":"ListItem","position":2,"name":"Costanza Caracciolo e Bobo Vieri insieme alla Fashion Week"}]},{"@type":"WebSite","@id":"https:\/\/www.gossip.it\/#website","url":"https:\/\/www.gossip.it\/","name":"Gossip and VIP News","description":"Quotidiano di cronaca rosa, costume e societ\u00e0","publisher":{"@id":"https:\/\/www.gossip.it\/#organization"},"alternateName":"Gossip and VIP News","potentialAction":[{"@type":"SearchAction","target":{"@type":"EntryPoint","urlTemplate":"https:\/\/www.gossip.it\/?s={search_term_string}"},"query-input":{"@type":"PropertyValueSpecification","valueRequired":true,"valueName":"search_term_string"}}],"inLanguage":"it-IT"},{"@type":"Organization","@id":"https:\/\/www.gossip.it\/#organization","name":"Gossip and VIP News","alternateName":"Gossip News","url":"https:\/\/www.gossip.it\/","logo":{"@type":"ImageObject","inLanguage":"it-IT","@id":"https:\/\/www.gossip.it\/#\/schema\/logo\/image\/","url":"https:\/\/www.gossip.it\/wp-content\/uploads\/2022\/04\/cropped-corna-alta-tiny.png","contentUrl":"https:\/\/www.gossip.it\/wp-content\/uploads\/2022\/04\/cropped-corna-alta-tiny.png","width":512,"height":512,"caption":"Gossip and VIP News"},"image":{"@id":"https:\/\/www.gossip.it\/#\/schema\/logo\/image\/"},"sameAs":["https:\/\/www.facebook.com\/GossipIT","https:\/\/x.com\/gossinews_it","https:\/\/instagram.com\/gossip_it"]},{"@type":"Person","@id":"https:\/\/www.gossip.it\/#\/schema\/person\/488896f75158bff1cc83c6c39d141110","name":"La Redazione","image":{"@type":"ImageObject","inLanguage":"it-IT","@id":"https:\/\/www.gossip.it\/#\/schema\/person\/image\/","url":"https:\/\/secure.gravatar.com\/avatar\/5a5f5c6fa3e6700e4249abdad0263a1e94e927d9e0499b1cb09c1cd29c044d80?s=96&d=mm&r=g","contentUrl":"https:\/\/secure.gravatar.com\/avatar\/5a5f5c6fa3e6700e4249abdad0263a1e94e927d9e0499b1cb09c1cd29c044d80?s=96&d=mm&r=g","caption":"La Redazione"},"sameAs":["https:\/\/www.gossip.it"]}]}},"amp_enabled":true,"_links":{"self":[{"href":"https:\/\/www.gossip.it\/api\/wp\/v2\/posts\/65423","targetHints":{"allow":["GET"]}}],"collection":[{"href":"https:\/\/www.gossip.it\/api\/wp\/v2\/posts"}],"about":[{"href":"https:\/\/www.gossip.it\/api\/wp\/v2\/types\/post"}],"author":[{"embeddable":true,"href":"https:\/\/www.gossip.it\/api\/wp\/v2\/users\/1"}],"replies":[{"embeddable":true,"href":"https:\/\/www.gossip.it\/api\/wp\/v2\/comments?post=65423"}],"version-history":[{"count":0,"href":"https:\/\/www.gossip.it\/api\/wp\/v2\/posts\/65423\/revisions"}],"wp:featuredmedia":[{"embeddable":true,"href":"https:\/\/www.gossip.it\/api\/wp\/v2\/media\/121469"}],"wp:attachment":[{"href":"https:\/\/www.gossip.it\/api\/wp\/v2\/media?parent=65423"}],"wp:term":[{"taxonomy":"category","embeddable":true,"href":"https:\/\/www.gossip.it\/api\/wp\/v2\/categories?post=65423"},{"taxonomy":"post_tag","embeddable":true,"href":"https:\/\/www.gossip.it\/api\/wp\/v2\/tags?post=65423"},{"taxonomy":"vip","embeddable":true,"href":"https:\/\/www.gossip.it\/api\/wp\/v2\/vip?post=65423"}],"curies":[{"name":"wp","href":"https:\/\/api.w.org\/{rel}","templated":true}]}}