{"id":65559,"date":"2019-10-09T00:00:00","date_gmt":"2019-10-08T22:00:00","guid":{"rendered":"https:\/\/www.gossip.it\/senza-categoria\/raffaella-mennoia-mio-padre-sta-male\/"},"modified":"2019-10-09T00:00:00","modified_gmt":"2019-10-08T22:00:00","slug":"raffaella-mennoia-mio-padre-sta-male","status":"publish","type":"post","link":"https:\/\/www.gossip.it\/news\/raffaella-mennoia-mio-padre-sta-male\/","title":{"rendered":"Raffaella Mennoia: 'Ho un problema familiare, mio padre sta male\u2019"},"content":{"rendered":"<p><a href=\"\/vip\/raffaella-mennoia\/\">Raffaella Mennoia<\/a> ha rivelato che suo <strong>padre sta male<\/strong>. Per il braccio destro di <a href=\"\/vip\/maria-de filippi\/\">Maria De Filippi<\/a>, dal punto di vista privato, non \u00e8 affatto un periodo semplice. La malattia del padre infatti le sta dando molti pensieri, come traspare dalle <em>Instagram Stories<\/em> condivise nelle scorse ore e attraverso le quali ha fatto sapere ai suoi follower del problema familiare che sta affrontando in questo periodo.<\/p>\n<figure class=\"caption\"><img decoding=\"async\" alt=\"Raffaella Mennoia, 45 anni, nel video con cui ha fatto sapere che suo padre sta male\" width=\"640\" height=\"871\" src=\"https:\/\/files.gossip.it\/immagini_news\/2019\/10\/1570613901_mennoia-640-2.jpg\" \/><figcaption>Raffaella Mennoia, 45 anni, nel video con cui ha fatto sapere che suo padre sta male<\/figcaption><\/figure>\n<p>Sul suo profilo social ha fatto sapere: <em>\u201cNon voglio angosciarvi con dei miei problemi personali e familiari pesanti di questo periodo. C\u2019\u00e8 <strong>mio padre<\/strong> che <strong>sta male<\/strong>, ragazzi questa \u00e8 la vita. Spesso quello che mostriamo su Instagram non \u00e8 la realt\u00e0\u201d<\/em>. Le difficolt\u00e0 private potrebbero portarla anche ad abbandonare temporaneamente il suo seguitissimo account. <em>\u201cDiciamo che uso questo social per le cose allegre, se poi non dovessi farcela mi<strong> tolgo <\/strong>e non vi racconto tutto del problema familiare che ho in questo momento\u2026\u201d<\/em>, ha aggiunto.<\/p>\n<figure class=\"caption\"><img decoding=\"async\" alt=\"Raffaella Mennoia \u00e8 una delle collaboratrici pi\u00f9 importanti di Maria De Filippi\" width=\"640\" height=\"706\" src=\"https:\/\/files.gossip.it\/immagini_news\/2019\/10\/1570613933_mennoia-640.jpg\" \/><figcaption>Raffaella Mennoia \u00e8 una delle collaboratrici pi\u00f9 importanti di Maria De Filippi<\/figcaption><\/figure>\n<p>Dal punto di vista professionale per Raffaella \u00e8 invece un periodo molto soddisfacente. <em>\u2018Temptation Island Vip\u2019<\/em>, altra creatura della De Filippi a cui lavora, ha infatti registrato ascolti record durante l\u2019ultima puntata. Parlando dello share intorno al <strong>20%<\/strong> ottenuto lo scorso luned\u00ec sera ha fatto sapere: <em>\u201cGrazie mille, abbiamo fatto degli <strong>ascolti <\/strong>pazzeschi. Sono davvero molto molto contenta, lo siamo tutti, dopo tanta fatica \u00e8 normale\u2026\u201d<\/em>.<\/p>\n<p>\u00a0<\/p>\n","protected":false},"excerpt":{"rendered":"<p>Raffaella Mennoia ha rivelato che suo padre sta male. Per il braccio destro di Maria De Filippi, dal punto di vista privato, non \u00e8 affatto un periodo semplice. La malattia del padre infatti le sta dando molti pensieri, come traspare dalle Instagram Stories condivise nelle scorse ore e attraverso le quali ha fatto sapere ai [&hellip;]<\/p>\n","protected":false},"author":1,"featured_media":121605,"comment_status":"closed","ping_status":"closed","sticky":false,"template":"","format":"standard","meta":{"footnotes":""},"categories":[54],"tags":[],"vip":[1535],"class_list":["post-65559","post","type-post","status-publish","format-standard","has-post-thumbnail","hentry","category-news","vip-raffaella_mennoia"],"yoast_head":"<title>Raffaella Mennoia: &#039;Ho un problema familiare, mio padre sta male\u2019 - Gossip.it | News sul Gossip e VIP<\/title>\n<meta name=\"description\" content=\"Raffaella Mennoia ha rivelato che suo padre sta male. Per il braccio destro di Maria De Filippi, dal punto di vista privato, non \u00e8 affatto un periodo\" \/>\n<meta name=\"robots\" content=\"index, follow, max-snippet:-1, max-image-preview:large, max-video-preview:-1\" \/>\n<link rel=\"canonical\" href=\"https:\/\/www.gossip.it\/news\/raffaella-mennoia-mio-padre-sta-male\/\" \/>\n<meta property=\"og:locale\" content=\"it_IT\" \/>\n<meta property=\"og:type\" content=\"article\" \/>\n<meta property=\"og:title\" content=\"Raffaella Mennoia: &#039;Ho un problema familiare, mio padre sta male\u2019 - Gossip.it | News sul Gossip e VIP\" \/>\n<meta property=\"og:description\" content=\"Raffaella Mennoia ha rivelato che suo padre sta male. Per il braccio destro di Maria De Filippi, dal punto di vista privato, non \u00e8 affatto un periodo\" \/>\n<meta property=\"og:url\" content=\"https:\/\/www.gossip.it\/news\/raffaella-mennoia-mio-padre-sta-male\/\" \/>\n<meta property=\"og:site_name\" content=\"Gossip.it | News sul Gossip e VIP\" \/>\n<meta property=\"article:publisher\" content=\"https:\/\/www.facebook.com\/GossipIT\" \/>\n<meta property=\"article:published_time\" content=\"2019-10-08T22:00:00+00:00\" \/>\n<meta property=\"og:image\" content=\"https:\/\/files.gossip.it\/immagini_news\/2019\/10\/1570613901_mennoia-640-2.jpg\" \/>\n<meta name=\"author\" content=\"La Redazione\" \/>\n<meta name=\"twitter:card\" content=\"summary_large_image\" \/>\n<meta name=\"twitter:image\" content=\"https:\/\/files.gossip.it\/immagini_news\/2019\/10\/1570613901_mennoia-640-2.jpg\" \/>\n<meta name=\"twitter:creator\" content=\"@gossinews_it\" \/>\n<meta name=\"twitter:site\" content=\"@gossinews_it\" \/>\n<meta name=\"twitter:label1\" content=\"Scritto da\" \/>\n\t<meta name=\"twitter:data1\" content=\"la Redazione\" \/>\n\t<meta name=\"twitter:label2\" content=\"Tempo di lettura stimato\" \/>\n\t<meta name=\"twitter:data2\" content=\"1 minuto\" \/>","yoast_head_json":{"title":"Raffaella Mennoia: 'Ho un problema familiare, mio padre sta male\u2019 - Gossip.it | News sul Gossip e VIP","description":"Raffaella Mennoia ha rivelato che suo padre sta male. Per il braccio destro di Maria De Filippi, dal punto di vista privato, non \u00e8 affatto un periodo","robots":{"index":"index","follow":"follow","max-snippet":"max-snippet:-1","max-image-preview":"max-image-preview:large","max-video-preview":"max-video-preview:-1"},"canonical":"https:\/\/www.gossip.it\/news\/raffaella-mennoia-mio-padre-sta-male\/","og_locale":"it_IT","og_type":"article","og_title":"Raffaella Mennoia: 'Ho un problema familiare, mio padre sta male\u2019 - Gossip.it | News sul Gossip e VIP","og_description":"Raffaella Mennoia ha rivelato che suo padre sta male. Per il braccio destro di Maria De Filippi, dal punto di vista privato, non \u00e8 affatto un periodo","og_url":"https:\/\/www.gossip.it\/news\/raffaella-mennoia-mio-padre-sta-male\/","og_site_name":"Gossip.it | News sul Gossip e VIP","article_publisher":"https:\/\/www.facebook.com\/GossipIT","article_published_time":"2019-10-08T22:00:00+00:00","og_image":[{"url":"https:\/\/files.gossip.it\/immagini_news\/2019\/10\/1570613901_mennoia-640-2.jpg"}],"author":"La Redazione","twitter_card":"summary_large_image","twitter_image":"https:\/\/files.gossip.it\/immagini_news\/2019\/10\/1570613901_mennoia-640-2.jpg","twitter_creator":"@gossinews_it","twitter_site":"@gossinews_it","twitter_misc":{"Scritto da":"la Redazione","Tempo di lettura stimato":"1 minuto"},"schema":{"@context":"https:\/\/schema.org","@graph":[{"@type":"Article","@id":"https:\/\/www.gossip.it\/news\/raffaella-mennoia-mio-padre-sta-male\/#article","isPartOf":{"@id":"https:\/\/www.gossip.it\/news\/raffaella-mennoia-mio-padre-sta-male\/"},"author":{"name":"La Redazione","@id":"https:\/\/www.gossip.it\/#\/schema\/person\/488896f75158bff1cc83c6c39d141110"},"headline":"Raffaella Mennoia: 'Ho un problema familiare, mio padre sta male\u2019","datePublished":"2019-10-08T22:00:00+00:00","dateModified":"2019-10-08T22:00:00+00:00","mainEntityOfPage":{"@id":"https:\/\/www.gossip.it\/news\/raffaella-mennoia-mio-padre-sta-male\/"},"wordCount":249,"publisher":{"@id":"https:\/\/www.gossip.it\/#organization"},"image":{"@id":"https:\/\/www.gossip.it\/news\/raffaella-mennoia-mio-padre-sta-male\/#primaryimage"},"thumbnailUrl":"https:\/\/files.gossip.it\/immagini_news\/2019\/10\/1570613901_mennoia-640-2.jpg","articleSection":["News"],"inLanguage":"it-IT"},{"@type":"WebPage","@id":"https:\/\/www.gossip.it\/news\/raffaella-mennoia-mio-padre-sta-male\/","url":"https:\/\/www.gossip.it\/news\/raffaella-mennoia-mio-padre-sta-male\/","name":"Raffaella Mennoia: 'Ho un problema familiare, mio padre sta male\u2019 - Gossip.it | News sul Gossip e VIP","isPartOf":{"@id":"https:\/\/www.gossip.it\/#website"},"primaryImageOfPage":{"@id":"https:\/\/www.gossip.it\/news\/raffaella-mennoia-mio-padre-sta-male\/#primaryimage"},"image":{"@id":"https:\/\/www.gossip.it\/news\/raffaella-mennoia-mio-padre-sta-male\/#primaryimage"},"thumbnailUrl":"https:\/\/files.gossip.it\/immagini_news\/2019\/10\/1570613901_mennoia-640-2.jpg","datePublished":"2019-10-08T22:00:00+00:00","dateModified":"2019-10-08T22:00:00+00:00","description":"Raffaella Mennoia ha rivelato che suo padre sta male. Per il braccio destro di Maria De Filippi, dal punto di vista privato, non \u00e8 affatto un periodo","breadcrumb":{"@id":"https:\/\/www.gossip.it\/news\/raffaella-mennoia-mio-padre-sta-male\/#breadcrumb"},"inLanguage":"it-IT","potentialAction":[{"@type":"ReadAction","target":["https:\/\/www.gossip.it\/news\/raffaella-mennoia-mio-padre-sta-male\/"]}]},{"@type":"ImageObject","inLanguage":"it-IT","@id":"https:\/\/www.gossip.it\/news\/raffaella-mennoia-mio-padre-sta-male\/#primaryimage","url":"https:\/\/files.gossip.it\/immagini_news\/2019\/10\/1570613901_mennoia-640-2.jpg","contentUrl":"https:\/\/files.gossip.it\/immagini_news\/2019\/10\/1570613901_mennoia-640-2.jpg"},{"@type":"BreadcrumbList","@id":"https:\/\/www.gossip.it\/news\/raffaella-mennoia-mio-padre-sta-male\/#breadcrumb","itemListElement":[{"@type":"ListItem","position":1,"name":"Home","item":"https:\/\/www.gossip.it\/"},{"@type":"ListItem","position":2,"name":"Raffaella Mennoia: 'Ho un problema familiare, mio padre sta male\u2019"}]},{"@type":"WebSite","@id":"https:\/\/www.gossip.it\/#website","url":"https:\/\/www.gossip.it\/","name":"Gossip and VIP News","description":"Quotidiano di cronaca rosa, costume e societ\u00e0","publisher":{"@id":"https:\/\/www.gossip.it\/#organization"},"alternateName":"Gossip and VIP News","potentialAction":[{"@type":"SearchAction","target":{"@type":"EntryPoint","urlTemplate":"https:\/\/www.gossip.it\/?s={search_term_string}"},"query-input":{"@type":"PropertyValueSpecification","valueRequired":true,"valueName":"search_term_string"}}],"inLanguage":"it-IT"},{"@type":"Organization","@id":"https:\/\/www.gossip.it\/#organization","name":"Gossip and VIP News","alternateName":"Gossip News","url":"https:\/\/www.gossip.it\/","logo":{"@type":"ImageObject","inLanguage":"it-IT","@id":"https:\/\/www.gossip.it\/#\/schema\/logo\/image\/","url":"https:\/\/www.gossip.it\/wp-content\/uploads\/2022\/04\/cropped-corna-alta-tiny.png","contentUrl":"https:\/\/www.gossip.it\/wp-content\/uploads\/2022\/04\/cropped-corna-alta-tiny.png","width":512,"height":512,"caption":"Gossip and VIP News"},"image":{"@id":"https:\/\/www.gossip.it\/#\/schema\/logo\/image\/"},"sameAs":["https:\/\/www.facebook.com\/GossipIT","https:\/\/x.com\/gossinews_it","https:\/\/instagram.com\/gossip_it"]},{"@type":"Person","@id":"https:\/\/www.gossip.it\/#\/schema\/person\/488896f75158bff1cc83c6c39d141110","name":"La Redazione","image":{"@type":"ImageObject","inLanguage":"it-IT","@id":"https:\/\/www.gossip.it\/#\/schema\/person\/image\/","url":"https:\/\/secure.gravatar.com\/avatar\/5a5f5c6fa3e6700e4249abdad0263a1e94e927d9e0499b1cb09c1cd29c044d80?s=96&d=mm&r=g","contentUrl":"https:\/\/secure.gravatar.com\/avatar\/5a5f5c6fa3e6700e4249abdad0263a1e94e927d9e0499b1cb09c1cd29c044d80?s=96&d=mm&r=g","caption":"La Redazione"},"sameAs":["https:\/\/www.gossip.it"]}]}},"amp_enabled":true,"_links":{"self":[{"href":"https:\/\/www.gossip.it\/api\/wp\/v2\/posts\/65559","targetHints":{"allow":["GET"]}}],"collection":[{"href":"https:\/\/www.gossip.it\/api\/wp\/v2\/posts"}],"about":[{"href":"https:\/\/www.gossip.it\/api\/wp\/v2\/types\/post"}],"author":[{"embeddable":true,"href":"https:\/\/www.gossip.it\/api\/wp\/v2\/users\/1"}],"replies":[{"embeddable":true,"href":"https:\/\/www.gossip.it\/api\/wp\/v2\/comments?post=65559"}],"version-history":[{"count":0,"href":"https:\/\/www.gossip.it\/api\/wp\/v2\/posts\/65559\/revisions"}],"wp:featuredmedia":[{"embeddable":true,"href":"https:\/\/www.gossip.it\/api\/wp\/v2\/media\/121605"}],"wp:attachment":[{"href":"https:\/\/www.gossip.it\/api\/wp\/v2\/media?parent=65559"}],"wp:term":[{"taxonomy":"category","embeddable":true,"href":"https:\/\/www.gossip.it\/api\/wp\/v2\/categories?post=65559"},{"taxonomy":"post_tag","embeddable":true,"href":"https:\/\/www.gossip.it\/api\/wp\/v2\/tags?post=65559"},{"taxonomy":"vip","embeddable":true,"href":"https:\/\/www.gossip.it\/api\/wp\/v2\/vip?post=65559"}],"curies":[{"name":"wp","href":"https:\/\/api.w.org\/{rel}","templated":true}]}}