{"id":65655,"date":"2019-10-22T00:00:00","date_gmt":"2019-10-21T22:00:00","guid":{"rendered":"https:\/\/www.gossip.it\/senza-categoria\/emma-marrone-prima-intervista-dopo-intervento-malattia\/"},"modified":"2019-10-22T00:00:00","modified_gmt":"2019-10-21T22:00:00","slug":"emma-marrone-prima-intervista-dopo-intervento-malattia","status":"publish","type":"post","link":"https:\/\/www.gossip.it\/news\/emma-marrone-prima-intervista-dopo-intervento-malattia\/","title":{"rendered":"Emma Marrone, prima intervista dopo l\u2019intervento e la paura della malattia: 'Mi sono aiutata da sola\u2019"},"content":{"rendered":"<p><a href=\"\/vip\/emma-marrone\/\">Emma Marrone<\/a> parla a Vanity Fair. La <a href=\"\/vip\/cantante\/\">cantante<\/a> salentina concede la sua <strong>prima intervista dopo<\/strong> l\u2019<strong>intervento<\/strong> e la paura per la <strong>malattia<\/strong> a Simone Marchetti, direttore del settimanale. Racconta il difficile momento vissuto, ma anche la forza con la quale ha reagito al terribile momento vissuto. Lo ha fatto non solo per se stessa, ma pure per la sua famiglia, per i propri cari.<em> \u201cNon ho fatto vedere nemmeno a mia madre quanto dolore provavo veramente\u201d<\/em>, confessa con la voce rotta.<\/p>\n<figure class=\"caption\"><img decoding=\"async\" alt=\"\" width=\"640\" height=\"465\" src=\"https:\/\/files.gossip.it\/immagini_news\/2019\/10\/1571733444_emma_1.jpg\" \/><figcaption>Emma Marrone concede la prima intervista dopo l&rsquo;intervento e la paura della malattia<\/figcaption><\/figure>\n<p><em>\u201c<strong>Dopo<\/strong> l'<strong>intervento<\/strong>, mi sono tirata gi\u00f9 dal letto subito, perch\u00e9 per me era pi\u00f9 importante mostrare alle persone a cui voglio bene che c'ero e che stavo bene\u201d<\/em>, racconta <strong>Emma Marrone<\/strong> al giornale. La 35enne poi, parlando di come la mamma abbia appreso la notizia della <strong>malattia<\/strong>, aggiunge: <em>\"Non ho fatto vedere nemmeno a mia madre quanto dolore provavo veramente. Per\u00f2 per la prima volta ho visto mia madre piccola\u201d.<\/em><\/p>\n<p><strong>Emma Marrone <\/strong>nella sua <strong>prima intervista dopo<\/strong> l\u2019<strong>intervento<\/strong> ci tiene a sottolineare che si \u00e8 aiutata da sola a venirne fuori. <em>\"Non vorrei sembrare presuntuosa, per\u00f2 io mi sono aiutata da sola. Per quanto tanti ti dimostrino amore, famiglia, amici e altri, poi sei tu che ci devi fare i conti\u201d<\/em>, spiega.<\/p>\n<p><em>\u201cE' stata la mia testa, il modo in cui mi sono proposta sin dall'inizio nei confronti delle situazioni<\/em> - continua l\u2019artista - <em>Sono una combattiva e ho sempre cercato di vedere il bicchiere mezzo pieno. Anche nei momenti pi\u00f9 tremendi. Dico sempre che esiste un\u00a0Karma. Se \u00e8 successo a me, come succede a tanta gente, \u00e8 perch\u00e9 doveva andare cos\u00ec e poi ci sar\u00e0 un risvolto positivo, C'\u00e8 sempre\".\u00a0<\/em><\/p>\n<figure class=\"caption\"><img decoding=\"async\" alt=\"\" width=\"640\" height=\"443\" src=\"https:\/\/files.gossip.it\/immagini_news\/2019\/10\/1571733473_emma_2.jpg\" \/><figcaption>La cantante 35enne intervistata dal direttore del settimanale Simone Marchetti<\/figcaption><\/figure>\n<p><em>\u201cNon \u00e8 vero che non ho paura, io ho molta paura, perch\u00e9 la paura ti serve a non fare passi falsi, a essere azzardato<\/em> - sottolinea Emma quando le si domanda come faccia a essere apparentemente a essere cos\u00ec libera e senza paura - <em>Non sono una che professa finte libert\u00e0, io sono libera veramente. Fino in fondo. Pi\u00f9 che dirlo a parole, lo dimostro con i fatti. Non perch\u00e9 questo mi renda migliore degli altri. Io sono sempre stata cos\u00ec. Libera. Se non dico quello che penso vado a letto con il mal di pancia la sera e preferisco buttare fuori che tenere dentro, poi ci si ammala. Si vive una volta sola e voglio dire sempre quello che penso, perch\u00e9 magari, un domani, sar\u00e0 di buon esempio per qualcun altro\u201d.<\/em><\/p>\n<p>La scoperta del ritorno della <strong>malattia<\/strong>\u00a0\u00e8 stata devastante: <em>\"Ho pianto per due giorni perch\u00e9 ho imparato che tirare fuori tutto subito \u00e8 meglio di covare il dolore, ma ero nera.\u00a0Sentivo che la vita mi stava togliendo una possibilit\u00e0. Ai medici continuavo a dire: 'Fatemi cantare al concerto'. 'Vasco Rossi ha scritto un pezzo per me', 'Non posso andare a Malta e operarmi dopo?'<\/em>\". Le hanno detto che non era possibile.<\/p>\n<p><em>\"Ho dovuto accettarlo e ho capito una cosa fondamentale. Che accettare non significa farsi andare bene ogni cosa o aspettare passivamente quel che ti accadr\u00e0, ma costruire la propria serenit\u00e0<\/em> - spiega Emma -<em> Ho avuto un problema di salute, ma non l\u2019ho combattuto n\u00e9 respinto. L\u2019ho fatto mio, l\u2019ho digerito, me lo sono fatto fatto scivolare addosso.\u00a0Non sono arrabbiata e non sto combattendo.\u00a0Per accettare una cosa del genere \u00e8 necessaria molta pi\u00f9 consapevolezza di quanto non ne serva per combattere. Accettare di stare di nuovo male mi ha aiutata ad arrivare all\u2019intervento con serenit\u00e0. Sono entrata in sala operatoria col sorriso e ne sono uscita nello stesso modo. L\u2019operazione non mi ha incattivito: non sono arrabbiata con la vita, al limite alla vita sono grata\".<\/em><\/p>\n<p>\u00a0<\/p>\n<p>\u00a0<\/p>\n<p>\u00a0<\/p>\n","protected":false},"excerpt":{"rendered":"<p>Emma Marrone parla a Vanity Fair. La cantante salentina concede la sua prima intervista dopo l\u2019intervento e la paura per la malattia a Simone Marchetti, direttore del settimanale. Racconta il difficile momento vissuto, ma anche la forza con la quale ha reagito al terribile momento vissuto. Lo ha fatto non solo per se stessa, ma [&hellip;]<\/p>\n","protected":false},"author":1,"featured_media":121701,"comment_status":"closed","ping_status":"closed","sticky":false,"template":"","format":"standard","meta":{"footnotes":""},"categories":[54],"tags":[2314,1981,2102,2121,9029,2103,2119,8466,54373,59861,1923,2313,59862,3639,2162],"vip":[669],"class_list":["post-65655","post","type-post","status-publish","format-standard","has-post-thumbnail","hentry","category-news","tag-cancro","tag-cantante","tag-dichiarazioni","tag-instagram","tag-intervento","tag-intervista","tag-malattia","tag-operazione","tag-prima-intervista","tag-recidiva","tag-social","tag-tumore","tag-tumore-alle-ovaie","tag-ufficio-stampa","tag-vanity-fair","vip-emma_marrone"],"yoast_head":"<title>Emma Marrone, prima intervista dopo l\u2019intervento e la paura della malattia: &#039;Mi sono aiutata da sola\u2019 - Gossip.it | News sul Gossip e VIP<\/title>\n<meta name=\"description\" content=\"Emma Marrone parla a Vanity Fair. La cantante salentina concede la sua prima intervista dopo l\u2019intervento e la paura per la malattia a Simone Marchetti,\" \/>\n<meta name=\"robots\" content=\"index, follow, max-snippet:-1, max-image-preview:large, max-video-preview:-1\" \/>\n<link rel=\"canonical\" href=\"https:\/\/www.gossip.it\/news\/emma-marrone-prima-intervista-dopo-intervento-malattia\/\" \/>\n<meta property=\"og:locale\" content=\"it_IT\" \/>\n<meta property=\"og:type\" content=\"article\" \/>\n<meta property=\"og:title\" content=\"Emma Marrone, prima intervista dopo l\u2019intervento e la paura della malattia: &#039;Mi sono aiutata da sola\u2019 - Gossip.it | News sul Gossip e VIP\" \/>\n<meta property=\"og:description\" content=\"Emma Marrone parla a Vanity Fair. La cantante salentina concede la sua prima intervista dopo l\u2019intervento e la paura per la malattia a Simone Marchetti,\" \/>\n<meta property=\"og:url\" content=\"https:\/\/www.gossip.it\/news\/emma-marrone-prima-intervista-dopo-intervento-malattia\/\" \/>\n<meta property=\"og:site_name\" content=\"Gossip.it | News sul Gossip e VIP\" \/>\n<meta property=\"article:publisher\" content=\"https:\/\/www.facebook.com\/GossipIT\" \/>\n<meta property=\"article:published_time\" content=\"2019-10-21T22:00:00+00:00\" \/>\n<meta property=\"og:image\" content=\"https:\/\/files.gossip.it\/immagini_news\/2019\/10\/1571733444_emma_1.jpg\" \/>\n<meta name=\"author\" content=\"La Redazione\" \/>\n<meta name=\"twitter:card\" content=\"summary_large_image\" \/>\n<meta name=\"twitter:image\" content=\"https:\/\/files.gossip.it\/immagini_news\/2019\/10\/1571733444_emma_1.jpg\" \/>\n<meta name=\"twitter:creator\" content=\"@gossinews_it\" \/>\n<meta name=\"twitter:site\" content=\"@gossinews_it\" \/>\n<meta name=\"twitter:label1\" content=\"Scritto da\" \/>\n\t<meta name=\"twitter:data1\" content=\"Annamaria Capozzi\" \/>\n\t<meta name=\"twitter:label2\" content=\"Tempo di lettura stimato\" \/>\n\t<meta name=\"twitter:data2\" content=\"3 minuti\" \/>","yoast_head_json":{"title":"Emma Marrone, prima intervista dopo l\u2019intervento e la paura della malattia: 'Mi sono aiutata da sola\u2019 - Gossip.it | News sul Gossip e VIP","description":"Emma Marrone parla a Vanity Fair. La cantante salentina concede la sua prima intervista dopo l\u2019intervento e la paura per la malattia a Simone Marchetti,","robots":{"index":"index","follow":"follow","max-snippet":"max-snippet:-1","max-image-preview":"max-image-preview:large","max-video-preview":"max-video-preview:-1"},"canonical":"https:\/\/www.gossip.it\/news\/emma-marrone-prima-intervista-dopo-intervento-malattia\/","og_locale":"it_IT","og_type":"article","og_title":"Emma Marrone, prima intervista dopo l\u2019intervento e la paura della malattia: 'Mi sono aiutata da sola\u2019 - Gossip.it | News sul Gossip e VIP","og_description":"Emma Marrone parla a Vanity Fair. La cantante salentina concede la sua prima intervista dopo l\u2019intervento e la paura per la malattia a Simone Marchetti,","og_url":"https:\/\/www.gossip.it\/news\/emma-marrone-prima-intervista-dopo-intervento-malattia\/","og_site_name":"Gossip.it | News sul Gossip e VIP","article_publisher":"https:\/\/www.facebook.com\/GossipIT","article_published_time":"2019-10-21T22:00:00+00:00","og_image":[{"url":"https:\/\/files.gossip.it\/immagini_news\/2019\/10\/1571733444_emma_1.jpg"}],"author":"La Redazione","twitter_card":"summary_large_image","twitter_image":"https:\/\/files.gossip.it\/immagini_news\/2019\/10\/1571733444_emma_1.jpg","twitter_creator":"@gossinews_it","twitter_site":"@gossinews_it","twitter_misc":{"Scritto da":"Annamaria Capozzi","Tempo di lettura stimato":"3 minuti"},"schema":{"@context":"https:\/\/schema.org","@graph":[{"@type":"Article","@id":"https:\/\/www.gossip.it\/news\/emma-marrone-prima-intervista-dopo-intervento-malattia\/#article","isPartOf":{"@id":"https:\/\/www.gossip.it\/news\/emma-marrone-prima-intervista-dopo-intervento-malattia\/"},"author":{"name":"La Redazione","@id":"https:\/\/www.gossip.it\/#\/schema\/person\/488896f75158bff1cc83c6c39d141110"},"headline":"Emma Marrone, prima intervista dopo l\u2019intervento e la paura della malattia: 'Mi sono aiutata da sola\u2019","datePublished":"2019-10-21T22:00:00+00:00","dateModified":"2019-10-21T22:00:00+00:00","mainEntityOfPage":{"@id":"https:\/\/www.gossip.it\/news\/emma-marrone-prima-intervista-dopo-intervento-malattia\/"},"wordCount":651,"publisher":{"@id":"https:\/\/www.gossip.it\/#organization"},"image":{"@id":"https:\/\/www.gossip.it\/news\/emma-marrone-prima-intervista-dopo-intervento-malattia\/#primaryimage"},"thumbnailUrl":"https:\/\/files.gossip.it\/immagini_news\/2019\/10\/1571733444_emma_1.jpg","keywords":["cancro","cantante","dichiarazioni","instagram","intervento","intervista","malattia","operazione","prima intervista","recidiva","social","tumore","tumore alle ovaie","ufficio stampa","vanity fair"],"articleSection":["News"],"inLanguage":"it-IT"},{"@type":"WebPage","@id":"https:\/\/www.gossip.it\/news\/emma-marrone-prima-intervista-dopo-intervento-malattia\/","url":"https:\/\/www.gossip.it\/news\/emma-marrone-prima-intervista-dopo-intervento-malattia\/","name":"Emma Marrone, prima intervista dopo l\u2019intervento e la paura della malattia: 'Mi sono aiutata da sola\u2019 - Gossip.it | News sul Gossip e VIP","isPartOf":{"@id":"https:\/\/www.gossip.it\/#website"},"primaryImageOfPage":{"@id":"https:\/\/www.gossip.it\/news\/emma-marrone-prima-intervista-dopo-intervento-malattia\/#primaryimage"},"image":{"@id":"https:\/\/www.gossip.it\/news\/emma-marrone-prima-intervista-dopo-intervento-malattia\/#primaryimage"},"thumbnailUrl":"https:\/\/files.gossip.it\/immagini_news\/2019\/10\/1571733444_emma_1.jpg","datePublished":"2019-10-21T22:00:00+00:00","dateModified":"2019-10-21T22:00:00+00:00","description":"Emma Marrone parla a Vanity Fair. La cantante salentina concede la sua prima intervista dopo l\u2019intervento e la paura per la malattia a Simone Marchetti,","breadcrumb":{"@id":"https:\/\/www.gossip.it\/news\/emma-marrone-prima-intervista-dopo-intervento-malattia\/#breadcrumb"},"inLanguage":"it-IT","potentialAction":[{"@type":"ReadAction","target":["https:\/\/www.gossip.it\/news\/emma-marrone-prima-intervista-dopo-intervento-malattia\/"]}]},{"@type":"ImageObject","inLanguage":"it-IT","@id":"https:\/\/www.gossip.it\/news\/emma-marrone-prima-intervista-dopo-intervento-malattia\/#primaryimage","url":"https:\/\/files.gossip.it\/immagini_news\/2019\/10\/1571733444_emma_1.jpg","contentUrl":"https:\/\/files.gossip.it\/immagini_news\/2019\/10\/1571733444_emma_1.jpg"},{"@type":"BreadcrumbList","@id":"https:\/\/www.gossip.it\/news\/emma-marrone-prima-intervista-dopo-intervento-malattia\/#breadcrumb","itemListElement":[{"@type":"ListItem","position":1,"name":"Home","item":"https:\/\/www.gossip.it\/"},{"@type":"ListItem","position":2,"name":"Emma Marrone, prima intervista dopo l\u2019intervento e la paura della malattia: 'Mi sono aiutata da sola\u2019"}]},{"@type":"WebSite","@id":"https:\/\/www.gossip.it\/#website","url":"https:\/\/www.gossip.it\/","name":"Gossip and VIP News","description":"Quotidiano di cronaca rosa, costume e societ\u00e0","publisher":{"@id":"https:\/\/www.gossip.it\/#organization"},"alternateName":"Gossip and VIP News","potentialAction":[{"@type":"SearchAction","target":{"@type":"EntryPoint","urlTemplate":"https:\/\/www.gossip.it\/?s={search_term_string}"},"query-input":{"@type":"PropertyValueSpecification","valueRequired":true,"valueName":"search_term_string"}}],"inLanguage":"it-IT"},{"@type":"Organization","@id":"https:\/\/www.gossip.it\/#organization","name":"Gossip and VIP News","alternateName":"Gossip News","url":"https:\/\/www.gossip.it\/","logo":{"@type":"ImageObject","inLanguage":"it-IT","@id":"https:\/\/www.gossip.it\/#\/schema\/logo\/image\/","url":"https:\/\/www.gossip.it\/wp-content\/uploads\/2022\/04\/cropped-corna-alta-tiny.png","contentUrl":"https:\/\/www.gossip.it\/wp-content\/uploads\/2022\/04\/cropped-corna-alta-tiny.png","width":512,"height":512,"caption":"Gossip and VIP News"},"image":{"@id":"https:\/\/www.gossip.it\/#\/schema\/logo\/image\/"},"sameAs":["https:\/\/www.facebook.com\/GossipIT","https:\/\/x.com\/gossinews_it","https:\/\/instagram.com\/gossip_it"]},{"@type":"Person","@id":"https:\/\/www.gossip.it\/#\/schema\/person\/488896f75158bff1cc83c6c39d141110","name":"La Redazione","image":{"@type":"ImageObject","inLanguage":"it-IT","@id":"https:\/\/www.gossip.it\/#\/schema\/person\/image\/","url":"https:\/\/secure.gravatar.com\/avatar\/5a5f5c6fa3e6700e4249abdad0263a1e94e927d9e0499b1cb09c1cd29c044d80?s=96&d=mm&r=g","contentUrl":"https:\/\/secure.gravatar.com\/avatar\/5a5f5c6fa3e6700e4249abdad0263a1e94e927d9e0499b1cb09c1cd29c044d80?s=96&d=mm&r=g","caption":"La Redazione"},"sameAs":["https:\/\/www.gossip.it"]}]}},"amp_enabled":true,"_links":{"self":[{"href":"https:\/\/www.gossip.it\/api\/wp\/v2\/posts\/65655","targetHints":{"allow":["GET"]}}],"collection":[{"href":"https:\/\/www.gossip.it\/api\/wp\/v2\/posts"}],"about":[{"href":"https:\/\/www.gossip.it\/api\/wp\/v2\/types\/post"}],"author":[{"embeddable":true,"href":"https:\/\/www.gossip.it\/api\/wp\/v2\/users\/1"}],"replies":[{"embeddable":true,"href":"https:\/\/www.gossip.it\/api\/wp\/v2\/comments?post=65655"}],"version-history":[{"count":0,"href":"https:\/\/www.gossip.it\/api\/wp\/v2\/posts\/65655\/revisions"}],"wp:featuredmedia":[{"embeddable":true,"href":"https:\/\/www.gossip.it\/api\/wp\/v2\/media\/121701"}],"wp:attachment":[{"href":"https:\/\/www.gossip.it\/api\/wp\/v2\/media?parent=65655"}],"wp:term":[{"taxonomy":"category","embeddable":true,"href":"https:\/\/www.gossip.it\/api\/wp\/v2\/categories?post=65655"},{"taxonomy":"post_tag","embeddable":true,"href":"https:\/\/www.gossip.it\/api\/wp\/v2\/tags?post=65655"},{"taxonomy":"vip","embeddable":true,"href":"https:\/\/www.gossip.it\/api\/wp\/v2\/vip?post=65655"}],"curies":[{"name":"wp","href":"https:\/\/api.w.org\/{rel}","templated":true}]}}