{"id":65792,"date":"2019-11-07T00:00:00","date_gmt":"2019-11-06T23:00:00","guid":{"rendered":"https:\/\/www.gossip.it\/senza-categoria\/claudia-galanti-vorrei-raggiungere-indila\/"},"modified":"2019-11-07T00:00:00","modified_gmt":"2019-11-06T23:00:00","slug":"claudia-galanti-vorrei-raggiungere-indila","status":"publish","type":"post","link":"https:\/\/www.gossip.it\/news\/claudia-galanti-vorrei-raggiungere-indila\/","title":{"rendered":"Claudia Galanti: 'Vorrei raggiungere Indila ma ho altri due figli. Non mi trovo pi\u00f9 bella\u2019"},"content":{"rendered":"<p><a href=\"\/vip\/claudia-galanti\/\">Claudia Galanti<\/a> confessa il dolore che ancora prova per la morte della figlia <strong>Indila<\/strong>\u00a0Carolina Sky, scomparsa a 9 mesi nel dicembre 2014. <em>\u201c<strong>Vorrei raggiungere Indila<\/strong>, ma ho altri due figli\u201d<\/em>, dice sconfortata a\u00a0<em>\u201cSeconda Vita\u201d<\/em>, programma Ideato e condotto da <a href=\"\/vip\/gabriele-parpiglia\/\">Gabriele Parpiglia<\/a> in onda il mercoled\u00ec in prima serata su Real Time. La scomparsa della piccola l\u2019ha segnata irrimediabilmente.<em> \u201cNon mi trovo pi\u00f9 bella\u201d,<\/em> aggiunge poi.<\/p>\n<figure class=\"caption\"><img decoding=\"async\" alt=\"\" width=\"640\" height=\"356\" src=\"https:\/\/files.gossip.it\/immagini_news\/2019\/11\/1573121812_galanti_1.jpg\" \/><figcaption>Claudia Galanti: 'Vorrei raggiungere Indila ma ho altri due figli. Non mi trovo pi\u00f9 bella'<\/figcaption><\/figure>\n<p>\u201c<em>Ho rischiato di perdere anche il funerale della mia bambina. Ho rotto tutto e la\u00a0security\u00a0mi aveva persino legata. Ero con due amiche e grazie al pilota che ha accettato di farmi salire sull\u2019aereo ho potuto prendere il volo. Ero completamente legata perch\u00e9 pensavano che avrei fatto cadere l\u2019aereo e non avevano tutti i torti\u201d,<\/em> racconta Claudia Galanti.<\/p>\n<p><em>\u201c<strong>Indila<\/strong>\u00a0\u00e8 venuta a mancare nella settimana che doveva averla il padre, che invece \u00e8 partito a Dubai con la sua compagna e gli altri due figli miei. Ha lasciato lei a casa con la tata. La sera in cui \u00e8 morta, Arnaud era rientrato a Parigi. Dicono che \u00e8 morta per un\u2019infezione batterica del sangue. Mi hanno chiesto di fare l\u2019autopsia e ho detto di no. Adesso mi chiedo perch\u00e9 non l\u2019ho fatto, in quel momento non volevo associare quell\u2019immagine che in genere vedevo in serie come CSI alla mia bambina\u201d,<\/em> confessa ancora la <a href=\"\/vip\/showgirl\/\">showgirl<\/a> 38enne, mamma anche di Liam, 8 anni, e Tal 7.<\/p>\n<figure class=\"caption\"><img decoding=\"async\" alt=\"\" width=\"640\" height=\"352\" src=\"https:\/\/files.gossip.it\/immagini_news\/2019\/11\/1573121856_galanti_2.jpg\" \/><figcaption>La paraguaiana 38enne racconta il dolore per la perdita della figlia<\/figcaption><\/figure>\n<p><em>\u201cIo non c\u2019ero e mi passa qualunque cosa per la testa. La peggiore cosa che mi passa per la testa che non mi abbiano raccontato la verit\u00e0, che sia caduta o successo qualcosa che non mi \u00e8 stato raccontato\u201d<\/em>, sottolinea <strong>Claudia Galanti<\/strong> esternando tutti i dubbi che rimangono nel suo cuore sulla morte della figlia.<\/p>\n<p>Claudia \u00e8 segnata. <em>\u201cAveva 9 mesi, a volte pensi che stai diventando pazza, mi avevano dato tre anni fa una cura di sette pastiglie al giorno e non parlavo pi\u00f9. Mi ero gonfiata, a un certo punto ho buttato tutto e mi sono detta\u00a0da sola ce la far\u00f2\u201d,<\/em> svela.<\/p>\n<figure class=\"caption\"><img decoding=\"async\" alt=\"\" width=\"640\" height=\"356\" src=\"https:\/\/files.gossip.it\/immagini_news\/2019\/11\/1573121888_galanti_3.jpg\" \/><figcaption>La showgirl sorpavvive, vuole farcela<\/figcaption><\/figure>\n<p><em>\u201cSe c\u2019\u00e8 un Dio credo che mi abbia punito di brutto, sono stata molto superficiale<\/em> - si rammarica la paraguaiana - <em>Io sopravvivo, finch\u00e9 ti capita di perdere i genitori che \u00e8 una cosa terribile, oppure i soldi...ma quando il colpo \u00e8 innaturale, niente \u00e8 pi\u00f9 lo stesso. Ce l\u2019ho fatta, anzi ce la sto facendo\u201d.<\/em><\/p>\n<p><em>\u201cNon hai idea di quanto fa male e soffro, vorrei tanto raggiungere Indila, ma ho altri due figli che meritano di stare con me<\/em> - rivela Claudia Galanti -\u00a0 <em>Non mi trovo pi\u00f9 bella e alzarmi dal letto \u00e8 la cosa pi\u00f9 dura della giornata. Ho passato tutta l\u2019estate in un letto\u201d.<\/em><\/p>\n<figure class=\"caption\"><img decoding=\"async\" alt=\"\" width=\"640\" height=\"359\" src=\"https:\/\/files.gossip.it\/immagini_news\/2019\/11\/1573122046_galanti_4.jpg\" \/><figcaption>La Galanti si \u00e8 pentita non aver detto di s\u00ec all'autopsia sul corpo della bambina<\/figcaption><\/figure>\n<p>La sua cura \u00e8<em> \u201ctrovare un senso e cercare di capire chi sei e che cosa vuoi, capire cosa ti fa felice nella tua tragedia. Quello ti manterr\u00e0 viva, quello ti aiuter\u00e0\u201d<\/em>. <em>\u201cPi\u00f9 facile \u00e8 la salita e pi\u00f9 \u00e8 dura la caduta, ma dopo tutto questo oggi sono una persona che sta cercando di costruire, sulla base di quello che mi piace, un futuro un p\u00f2 pi\u00f9 completo, maturo, un po' pi\u00f9 reale\u201d<\/em>, spiega <strong>Claudia Galanti<\/strong>.<\/p>\n<p>L\u2019ex compagna di <a href=\"\/vip\/arnaud-mimran\/\">Arnaud Mimran<\/a> parla ai suoi figli di Indila:<em> \u201cIl\u00a0dolore ti rimane dentro, parlo ai bambini di lei. Loro, quando parlano a scuola con i maestri o fanno dei disegni, raccontano di una sorellina che non c\u2019\u00e8 pi\u00f9 e per loro \u00e8 una storia dolce, tenera\u201d.<\/em><\/p>\n<p>\u00a0<\/p>\n","protected":false},"excerpt":{"rendered":"<p>Claudia Galanti confessa il dolore che ancora prova per la morte della figlia Indila\u00a0Carolina Sky, scomparsa a 9 mesi nel dicembre 2014. \u201cVorrei raggiungere Indila, ma ho altri due figli\u201d, dice sconfortata a\u00a0\u201cSeconda Vita\u201d, programma Ideato e condotto da Gabriele Parpiglia in onda il mercoled\u00ec in prima serata su Real Time. La scomparsa della piccola [&hellip;]<\/p>\n","protected":false},"author":1,"featured_media":121838,"comment_status":"closed","ping_status":"closed","sticky":false,"template":"","format":"standard","meta":{"footnotes":""},"categories":[54],"tags":[37921,40459,48085,2102,1905,9548,8880,11388,2103,7151,8879,10815,14180,11098,2281,2097,60012],"vip":[502],"class_list":["post-65792","post","type-post","status-publish","format-standard","has-post-thumbnail","hentry","category-news","tag-arnoud-mimran","tag-autopsia","tag-deceduta","tag-dichiarazioni","tag-figlia","tag-gabriele-parpiglia","tag-indila","tag-indila-carolina-sky","tag-intervista","tag-liam","tag-morta","tag-real-time","tag-seconda-vita","tag-tal","tag-televisione","tag-tv","tag-vorrei-raggiungere-indila","vip-claudia_galanti"],"yoast_head":"<title>Claudia Galanti: &#039;Vorrei raggiungere Indila ma ho altri due figli. Non mi trovo pi\u00f9 bella\u2019 - Gossip.it | News sul Gossip e VIP<\/title>\n<meta name=\"description\" content=\"Claudia Galanti confessa il dolore che ancora prova per la morte della figlia Indila\u00a0Carolina Sky, scomparsa a 9 mesi nel dicembre 2014. \u201cVorrei\" \/>\n<meta name=\"robots\" content=\"index, follow, max-snippet:-1, max-image-preview:large, max-video-preview:-1\" \/>\n<link rel=\"canonical\" href=\"https:\/\/www.gossip.it\/news\/claudia-galanti-vorrei-raggiungere-indila\/\" \/>\n<meta property=\"og:locale\" content=\"it_IT\" \/>\n<meta property=\"og:type\" content=\"article\" \/>\n<meta property=\"og:title\" content=\"Claudia Galanti: &#039;Vorrei raggiungere Indila ma ho altri due figli. Non mi trovo pi\u00f9 bella\u2019 - Gossip.it | News sul Gossip e VIP\" \/>\n<meta property=\"og:description\" content=\"Claudia Galanti confessa il dolore che ancora prova per la morte della figlia Indila\u00a0Carolina Sky, scomparsa a 9 mesi nel dicembre 2014. \u201cVorrei\" \/>\n<meta property=\"og:url\" content=\"https:\/\/www.gossip.it\/news\/claudia-galanti-vorrei-raggiungere-indila\/\" \/>\n<meta property=\"og:site_name\" content=\"Gossip.it | News sul Gossip e VIP\" \/>\n<meta property=\"article:publisher\" content=\"https:\/\/www.facebook.com\/GossipIT\" \/>\n<meta property=\"article:published_time\" content=\"2019-11-06T23:00:00+00:00\" \/>\n<meta property=\"og:image\" content=\"https:\/\/files.gossip.it\/immagini_news\/2019\/11\/1573121812_galanti_1.jpg\" \/>\n<meta name=\"author\" content=\"La Redazione\" \/>\n<meta name=\"twitter:card\" content=\"summary_large_image\" \/>\n<meta name=\"twitter:image\" content=\"https:\/\/files.gossip.it\/immagini_news\/2019\/11\/1573121812_galanti_1.jpg\" \/>\n<meta name=\"twitter:creator\" content=\"@gossinews_it\" \/>\n<meta name=\"twitter:site\" content=\"@gossinews_it\" \/>\n<meta name=\"twitter:label1\" content=\"Scritto da\" \/>\n\t<meta name=\"twitter:data1\" content=\"Annamaria Capozzi\" \/>\n\t<meta name=\"twitter:label2\" content=\"Tempo di lettura stimato\" \/>\n\t<meta name=\"twitter:data2\" content=\"3 minuti\" \/>","yoast_head_json":{"title":"Claudia Galanti: 'Vorrei raggiungere Indila ma ho altri due figli. Non mi trovo pi\u00f9 bella\u2019 - Gossip.it | News sul Gossip e VIP","description":"Claudia Galanti confessa il dolore che ancora prova per la morte della figlia Indila\u00a0Carolina Sky, scomparsa a 9 mesi nel dicembre 2014. \u201cVorrei","robots":{"index":"index","follow":"follow","max-snippet":"max-snippet:-1","max-image-preview":"max-image-preview:large","max-video-preview":"max-video-preview:-1"},"canonical":"https:\/\/www.gossip.it\/news\/claudia-galanti-vorrei-raggiungere-indila\/","og_locale":"it_IT","og_type":"article","og_title":"Claudia Galanti: 'Vorrei raggiungere Indila ma ho altri due figli. Non mi trovo pi\u00f9 bella\u2019 - Gossip.it | News sul Gossip e VIP","og_description":"Claudia Galanti confessa il dolore che ancora prova per la morte della figlia Indila\u00a0Carolina Sky, scomparsa a 9 mesi nel dicembre 2014. \u201cVorrei","og_url":"https:\/\/www.gossip.it\/news\/claudia-galanti-vorrei-raggiungere-indila\/","og_site_name":"Gossip.it | News sul Gossip e VIP","article_publisher":"https:\/\/www.facebook.com\/GossipIT","article_published_time":"2019-11-06T23:00:00+00:00","og_image":[{"url":"https:\/\/files.gossip.it\/immagini_news\/2019\/11\/1573121812_galanti_1.jpg"}],"author":"La Redazione","twitter_card":"summary_large_image","twitter_image":"https:\/\/files.gossip.it\/immagini_news\/2019\/11\/1573121812_galanti_1.jpg","twitter_creator":"@gossinews_it","twitter_site":"@gossinews_it","twitter_misc":{"Scritto da":"Annamaria Capozzi","Tempo di lettura stimato":"3 minuti"},"schema":{"@context":"https:\/\/schema.org","@graph":[{"@type":"Article","@id":"https:\/\/www.gossip.it\/news\/claudia-galanti-vorrei-raggiungere-indila\/#article","isPartOf":{"@id":"https:\/\/www.gossip.it\/news\/claudia-galanti-vorrei-raggiungere-indila\/"},"author":{"name":"La Redazione","@id":"https:\/\/www.gossip.it\/#\/schema\/person\/488896f75158bff1cc83c6c39d141110"},"headline":"Claudia Galanti: 'Vorrei raggiungere Indila ma ho altri due figli. Non mi trovo pi\u00f9 bella\u2019","datePublished":"2019-11-06T23:00:00+00:00","dateModified":"2019-11-06T23:00:00+00:00","mainEntityOfPage":{"@id":"https:\/\/www.gossip.it\/news\/claudia-galanti-vorrei-raggiungere-indila\/"},"wordCount":625,"publisher":{"@id":"https:\/\/www.gossip.it\/#organization"},"image":{"@id":"https:\/\/www.gossip.it\/news\/claudia-galanti-vorrei-raggiungere-indila\/#primaryimage"},"thumbnailUrl":"https:\/\/files.gossip.it\/immagini_news\/2019\/11\/1573121812_galanti_1.jpg","keywords":["arnoud mimran","autopsia","deceduta","dichiarazioni","figlia","gabriele parpiglia","indila","indila carolina sky","intervista","liam","morta","real time","seconda vita","tal","televisione","tv","vorrei raggiungere indila"],"articleSection":["News"],"inLanguage":"it-IT"},{"@type":"WebPage","@id":"https:\/\/www.gossip.it\/news\/claudia-galanti-vorrei-raggiungere-indila\/","url":"https:\/\/www.gossip.it\/news\/claudia-galanti-vorrei-raggiungere-indila\/","name":"Claudia Galanti: 'Vorrei raggiungere Indila ma ho altri due figli. Non mi trovo pi\u00f9 bella\u2019 - Gossip.it | News sul Gossip e VIP","isPartOf":{"@id":"https:\/\/www.gossip.it\/#website"},"primaryImageOfPage":{"@id":"https:\/\/www.gossip.it\/news\/claudia-galanti-vorrei-raggiungere-indila\/#primaryimage"},"image":{"@id":"https:\/\/www.gossip.it\/news\/claudia-galanti-vorrei-raggiungere-indila\/#primaryimage"},"thumbnailUrl":"https:\/\/files.gossip.it\/immagini_news\/2019\/11\/1573121812_galanti_1.jpg","datePublished":"2019-11-06T23:00:00+00:00","dateModified":"2019-11-06T23:00:00+00:00","description":"Claudia Galanti confessa il dolore che ancora prova per la morte della figlia Indila\u00a0Carolina Sky, scomparsa a 9 mesi nel dicembre 2014. \u201cVorrei","breadcrumb":{"@id":"https:\/\/www.gossip.it\/news\/claudia-galanti-vorrei-raggiungere-indila\/#breadcrumb"},"inLanguage":"it-IT","potentialAction":[{"@type":"ReadAction","target":["https:\/\/www.gossip.it\/news\/claudia-galanti-vorrei-raggiungere-indila\/"]}]},{"@type":"ImageObject","inLanguage":"it-IT","@id":"https:\/\/www.gossip.it\/news\/claudia-galanti-vorrei-raggiungere-indila\/#primaryimage","url":"https:\/\/files.gossip.it\/immagini_news\/2019\/11\/1573121812_galanti_1.jpg","contentUrl":"https:\/\/files.gossip.it\/immagini_news\/2019\/11\/1573121812_galanti_1.jpg"},{"@type":"BreadcrumbList","@id":"https:\/\/www.gossip.it\/news\/claudia-galanti-vorrei-raggiungere-indila\/#breadcrumb","itemListElement":[{"@type":"ListItem","position":1,"name":"Home","item":"https:\/\/www.gossip.it\/"},{"@type":"ListItem","position":2,"name":"Claudia Galanti: 'Vorrei raggiungere Indila ma ho altri due figli. Non mi trovo pi\u00f9 bella\u2019"}]},{"@type":"WebSite","@id":"https:\/\/www.gossip.it\/#website","url":"https:\/\/www.gossip.it\/","name":"Gossip and VIP News","description":"Quotidiano di cronaca rosa, costume e societ\u00e0","publisher":{"@id":"https:\/\/www.gossip.it\/#organization"},"alternateName":"Gossip and VIP News","potentialAction":[{"@type":"SearchAction","target":{"@type":"EntryPoint","urlTemplate":"https:\/\/www.gossip.it\/?s={search_term_string}"},"query-input":{"@type":"PropertyValueSpecification","valueRequired":true,"valueName":"search_term_string"}}],"inLanguage":"it-IT"},{"@type":"Organization","@id":"https:\/\/www.gossip.it\/#organization","name":"Gossip and VIP News","alternateName":"Gossip News","url":"https:\/\/www.gossip.it\/","logo":{"@type":"ImageObject","inLanguage":"it-IT","@id":"https:\/\/www.gossip.it\/#\/schema\/logo\/image\/","url":"https:\/\/www.gossip.it\/wp-content\/uploads\/2022\/04\/cropped-corna-alta-tiny.png","contentUrl":"https:\/\/www.gossip.it\/wp-content\/uploads\/2022\/04\/cropped-corna-alta-tiny.png","width":512,"height":512,"caption":"Gossip and VIP News"},"image":{"@id":"https:\/\/www.gossip.it\/#\/schema\/logo\/image\/"},"sameAs":["https:\/\/www.facebook.com\/GossipIT","https:\/\/x.com\/gossinews_it","https:\/\/instagram.com\/gossip_it"]},{"@type":"Person","@id":"https:\/\/www.gossip.it\/#\/schema\/person\/488896f75158bff1cc83c6c39d141110","name":"La Redazione","image":{"@type":"ImageObject","inLanguage":"it-IT","@id":"https:\/\/www.gossip.it\/#\/schema\/person\/image\/","url":"https:\/\/secure.gravatar.com\/avatar\/5a5f5c6fa3e6700e4249abdad0263a1e94e927d9e0499b1cb09c1cd29c044d80?s=96&d=mm&r=g","contentUrl":"https:\/\/secure.gravatar.com\/avatar\/5a5f5c6fa3e6700e4249abdad0263a1e94e927d9e0499b1cb09c1cd29c044d80?s=96&d=mm&r=g","caption":"La Redazione"},"sameAs":["https:\/\/www.gossip.it"]}]}},"amp_enabled":true,"_links":{"self":[{"href":"https:\/\/www.gossip.it\/api\/wp\/v2\/posts\/65792","targetHints":{"allow":["GET"]}}],"collection":[{"href":"https:\/\/www.gossip.it\/api\/wp\/v2\/posts"}],"about":[{"href":"https:\/\/www.gossip.it\/api\/wp\/v2\/types\/post"}],"author":[{"embeddable":true,"href":"https:\/\/www.gossip.it\/api\/wp\/v2\/users\/1"}],"replies":[{"embeddable":true,"href":"https:\/\/www.gossip.it\/api\/wp\/v2\/comments?post=65792"}],"version-history":[{"count":0,"href":"https:\/\/www.gossip.it\/api\/wp\/v2\/posts\/65792\/revisions"}],"wp:featuredmedia":[{"embeddable":true,"href":"https:\/\/www.gossip.it\/api\/wp\/v2\/media\/121838"}],"wp:attachment":[{"href":"https:\/\/www.gossip.it\/api\/wp\/v2\/media?parent=65792"}],"wp:term":[{"taxonomy":"category","embeddable":true,"href":"https:\/\/www.gossip.it\/api\/wp\/v2\/categories?post=65792"},{"taxonomy":"post_tag","embeddable":true,"href":"https:\/\/www.gossip.it\/api\/wp\/v2\/tags?post=65792"},{"taxonomy":"vip","embeddable":true,"href":"https:\/\/www.gossip.it\/api\/wp\/v2\/vip?post=65792"}],"curies":[{"name":"wp","href":"https:\/\/api.w.org\/{rel}","templated":true}]}}