{"id":65797,"date":"2019-11-07T00:00:00","date_gmt":"2019-11-06T23:00:00","guid":{"rendered":"https:\/\/www.gossip.it\/senza-categoria\/sara-affi-fella-lacrime-ennesino-attacco-haters\/"},"modified":"2019-11-07T00:00:00","modified_gmt":"2019-11-06T23:00:00","slug":"sara-affi-fella-lacrime-ennesino-attacco-haters","status":"publish","type":"post","link":"https:\/\/www.gossip.it\/news\/sara-affi-fella-lacrime-ennesino-attacco-haters\/","title":{"rendered":"Sara Affi Fella in lacrime sul social dopo l\u2019ennesimo attacco degli haters: 'Basta!\u2019"},"content":{"rendered":"<p><a href=\"\/vip\/sara-affi fella\/\">Sara Affi Fella<\/a> \u00e8 di nuovo in <strong>lacrime<\/strong> sul <a href=\"\/vip\/social\/\">social<\/a>, arrabbiata, delusa, mortificata dopo l\u2019<strong>ennesimo attacco<\/strong> degli <strong>haters<\/strong> e dice basta. E\u2019 passato ormai pi\u00f9 di un anno dallo scandalo che l\u2019ha vista protagonista a <a href=\"\/vip\/uomini-e donne\/\">Uomini e Donne<\/a>, ma c\u2019\u00e8 ancora chi le si scaglia contro, alcuni prendendo di mira persino le aziende con cui collabora. Non ne pu\u00f2 pi\u00f9 delle cattiverie, soprattutto quando compromettono il suo lavoro.<\/p>\n<figure class=\"caption\"><img decoding=\"async\" alt=\"\" width=\"640\" height=\"789\" src=\"https:\/\/files.gossip.it\/immagini_news\/2019\/11\/1573129197_affi_fella_1.jpg\" \/><figcaption>Sara Affi Fella in lacrime sul social dopo l&rsquo;ennesimo attacco degli haters<\/figcaption><\/figure>\n<p><em>\u201cUna persona che ha lavorato con me ha ricevuto messaggi<\/em> - racconta la Affi Fella -<em> perch\u00e9 le persone secondo alcuni non possono sbagliare, non possono cambiare, e di conseguenza devono essere emarginate\u201d.<\/em><\/p>\n<div class=\"video_integrato\" data-videoid=\"6438\" data-autostart=\"true\">\u00a0<\/div>\n<p><em>\u201cPartendo dal fatto che\u00a0Sara, senza mettere in mezzo altre persone, \u00e8 stata la prima carnefice di se stessa, perch\u00e9 io ho sbagliato, ho ammesso le mie colpe, e ho chiesto scusa, mentre c\u2019\u00e8 qualcun altro che se ne \u00e8 pulito le mani ed \u00e8 passato come quello che non era, ma non voglio parlare degli altri, io parlo di me\u201d<\/em>, aggiunge ancora la 23enne di Sesto Campano, in provincia di Isernia.<\/p>\n<figure class=\"caption\"><img decoding=\"async\" alt=\"\" width=\"640\" height=\"824\" src=\"https:\/\/files.gossip.it\/immagini_news\/2019\/11\/1573129212_affi_fella_2.jpg\" \/><figcaption>Non ne pu\u00f2 pi\u00f9 delle cattiverie, soprattutto quando compromettono il suo lavoro<\/figcaption><\/figure>\n<p><em>\u201cMi sono attirata tanto odio per colpa mia<\/em> - continua l\u2019ex <a href=\"\/vip\/tronista\/\">tronista<\/a>\u00a0- <em>ma ho chiesto scusa ovunque, e dopo un po\u2019 si potrebbe anche andare avanti. Invece no, voi continuate! Ma vi volete dare una regolata? Voi non sapete cosa potete creare! Voi magari scrivete un messaggio a me, io vi rispondo male e voi ve la prendete, mentre io che \u00e8 da un anno che mi sento buttare mer*a addosso ogni giorno devo rimanere qua in silenzio!\u201d.<\/em><\/p>\n<p>Poi, ormai al limite, <strong>Sara Affi Fella<\/strong> conclude rabbiosa con le lacrime agli occhi e la voce rotta: <em>\u201cIo non posso pi\u00f9 lavorare per uno sbaglio che ho fatto? Va bene, l\u2019ho fatto ma basta, non si tratta pi\u00f9 del lavoro, ma di una persona che ha ammesso i suoi errori e adesso \u00e8 davvero stanca di tutto questo. Cosa vi viene in tasca a voi se lavoro con un\u2019azienda? Ma andatevene a fancu*o tutti!\u201d.<\/em><\/p>\n<p>\u00a0<\/p>\n<p>\u00a0<\/p>\n","protected":false},"excerpt":{"rendered":"<p>Sara Affi Fella \u00e8 di nuovo in lacrime sul social, arrabbiata, delusa, mortificata dopo l\u2019ennesimo attacco degli haters e dice basta. E\u2019 passato ormai pi\u00f9 di un anno dallo scandalo che l\u2019ha vista protagonista a Uomini e Donne, ma c\u2019\u00e8 ancora chi le si scaglia contro, alcuni prendendo di mira persino le aziende con cui [&hellip;]<\/p>\n","protected":false},"author":1,"featured_media":121843,"comment_status":"closed","ping_status":"closed","sticky":false,"template":"","format":"standard","meta":{"footnotes":""},"categories":[54],"tags":[3782,2102,60018,56352,10888,2121,2207,1997,12090,2271,1923,2142,2115],"vip":[],"class_list":["post-65797","post","type-post","status-publish","format-standard","has-post-thumbnail","hentry","category-news","tag-attacco","tag-dichiarazioni","tag-ennesimo","tag-hater","tag-haters","tag-instagram","tag-lacrime","tag-modella","tag-sara-affi-fella","tag-sfogo","tag-social","tag-stories","tag-uomini-e-donne"],"yoast_head":"<title>Sara Affi Fella in lacrime sul social dopo l\u2019ennesimo attacco degli haters: &#039;Basta!\u2019 - Gossip.it | News sul Gossip e VIP<\/title>\n<meta name=\"description\" content=\"Sara Affi Fella \u00e8 di nuovo in lacrime sul social, arrabbiata, delusa, mortificata dopo l\u2019ennesimo attacco degli haters e dice basta. E\u2019 passato ormai pi\u00f9\" \/>\n<meta name=\"robots\" content=\"index, follow, max-snippet:-1, max-image-preview:large, max-video-preview:-1\" \/>\n<link rel=\"canonical\" href=\"https:\/\/www.gossip.it\/news\/sara-affi-fella-lacrime-ennesino-attacco-haters\/\" \/>\n<meta property=\"og:locale\" content=\"it_IT\" \/>\n<meta property=\"og:type\" content=\"article\" \/>\n<meta property=\"og:title\" content=\"Sara Affi Fella in lacrime sul social dopo l\u2019ennesimo attacco degli haters: &#039;Basta!\u2019 - Gossip.it | News sul Gossip e VIP\" \/>\n<meta property=\"og:description\" content=\"Sara Affi Fella \u00e8 di nuovo in lacrime sul social, arrabbiata, delusa, mortificata dopo l\u2019ennesimo attacco degli haters e dice basta. E\u2019 passato ormai pi\u00f9\" \/>\n<meta property=\"og:url\" content=\"https:\/\/www.gossip.it\/news\/sara-affi-fella-lacrime-ennesino-attacco-haters\/\" \/>\n<meta property=\"og:site_name\" content=\"Gossip.it | News sul Gossip e VIP\" \/>\n<meta property=\"article:publisher\" content=\"https:\/\/www.facebook.com\/GossipIT\" \/>\n<meta property=\"article:published_time\" content=\"2019-11-06T23:00:00+00:00\" \/>\n<meta property=\"og:image\" content=\"https:\/\/files.gossip.it\/immagini_news\/2019\/11\/1573129197_affi_fella_1.jpg\" \/>\n<meta name=\"author\" content=\"La Redazione\" \/>\n<meta name=\"twitter:card\" content=\"summary_large_image\" \/>\n<meta name=\"twitter:image\" content=\"https:\/\/files.gossip.it\/immagini_news\/2019\/11\/1573129197_affi_fella_1.jpg\" \/>\n<meta name=\"twitter:creator\" content=\"@gossinews_it\" \/>\n<meta name=\"twitter:site\" content=\"@gossinews_it\" \/>\n<meta name=\"twitter:label1\" content=\"Scritto da\" \/>\n\t<meta name=\"twitter:data1\" content=\"Annamaria Capozzi\" \/>\n\t<meta name=\"twitter:label2\" content=\"Tempo di lettura stimato\" \/>\n\t<meta name=\"twitter:data2\" content=\"2 minuti\" \/>","yoast_head_json":{"title":"Sara Affi Fella in lacrime sul social dopo l\u2019ennesimo attacco degli haters: 'Basta!\u2019 - Gossip.it | News sul Gossip e VIP","description":"Sara Affi Fella \u00e8 di nuovo in lacrime sul social, arrabbiata, delusa, mortificata dopo l\u2019ennesimo attacco degli haters e dice basta. E\u2019 passato ormai pi\u00f9","robots":{"index":"index","follow":"follow","max-snippet":"max-snippet:-1","max-image-preview":"max-image-preview:large","max-video-preview":"max-video-preview:-1"},"canonical":"https:\/\/www.gossip.it\/news\/sara-affi-fella-lacrime-ennesino-attacco-haters\/","og_locale":"it_IT","og_type":"article","og_title":"Sara Affi Fella in lacrime sul social dopo l\u2019ennesimo attacco degli haters: 'Basta!\u2019 - Gossip.it | News sul Gossip e VIP","og_description":"Sara Affi Fella \u00e8 di nuovo in lacrime sul social, arrabbiata, delusa, mortificata dopo l\u2019ennesimo attacco degli haters e dice basta. E\u2019 passato ormai pi\u00f9","og_url":"https:\/\/www.gossip.it\/news\/sara-affi-fella-lacrime-ennesino-attacco-haters\/","og_site_name":"Gossip.it | News sul Gossip e VIP","article_publisher":"https:\/\/www.facebook.com\/GossipIT","article_published_time":"2019-11-06T23:00:00+00:00","og_image":[{"url":"https:\/\/files.gossip.it\/immagini_news\/2019\/11\/1573129197_affi_fella_1.jpg"}],"author":"La Redazione","twitter_card":"summary_large_image","twitter_image":"https:\/\/files.gossip.it\/immagini_news\/2019\/11\/1573129197_affi_fella_1.jpg","twitter_creator":"@gossinews_it","twitter_site":"@gossinews_it","twitter_misc":{"Scritto da":"Annamaria Capozzi","Tempo di lettura stimato":"2 minuti"},"schema":{"@context":"https:\/\/schema.org","@graph":[{"@type":"Article","@id":"https:\/\/www.gossip.it\/news\/sara-affi-fella-lacrime-ennesino-attacco-haters\/#article","isPartOf":{"@id":"https:\/\/www.gossip.it\/news\/sara-affi-fella-lacrime-ennesino-attacco-haters\/"},"author":{"name":"La Redazione","@id":"https:\/\/www.gossip.it\/#\/schema\/person\/488896f75158bff1cc83c6c39d141110"},"headline":"Sara Affi Fella in lacrime sul social dopo l\u2019ennesimo attacco degli haters: 'Basta!\u2019","datePublished":"2019-11-06T23:00:00+00:00","dateModified":"2019-11-06T23:00:00+00:00","mainEntityOfPage":{"@id":"https:\/\/www.gossip.it\/news\/sara-affi-fella-lacrime-ennesino-attacco-haters\/"},"wordCount":368,"publisher":{"@id":"https:\/\/www.gossip.it\/#organization"},"image":{"@id":"https:\/\/www.gossip.it\/news\/sara-affi-fella-lacrime-ennesino-attacco-haters\/#primaryimage"},"thumbnailUrl":"https:\/\/files.gossip.it\/immagini_news\/2019\/11\/1573129197_affi_fella_1.jpg","keywords":["attacco","dichiarazioni","ennesimo","hater","haters","instagram","lacrime","modella","sara affi fella","sfogo","social","stories","uomini e donne"],"articleSection":["News"],"inLanguage":"it-IT"},{"@type":"WebPage","@id":"https:\/\/www.gossip.it\/news\/sara-affi-fella-lacrime-ennesino-attacco-haters\/","url":"https:\/\/www.gossip.it\/news\/sara-affi-fella-lacrime-ennesino-attacco-haters\/","name":"Sara Affi Fella in lacrime sul social dopo l\u2019ennesimo attacco degli haters: 'Basta!\u2019 - Gossip.it | News sul Gossip e VIP","isPartOf":{"@id":"https:\/\/www.gossip.it\/#website"},"primaryImageOfPage":{"@id":"https:\/\/www.gossip.it\/news\/sara-affi-fella-lacrime-ennesino-attacco-haters\/#primaryimage"},"image":{"@id":"https:\/\/www.gossip.it\/news\/sara-affi-fella-lacrime-ennesino-attacco-haters\/#primaryimage"},"thumbnailUrl":"https:\/\/files.gossip.it\/immagini_news\/2019\/11\/1573129197_affi_fella_1.jpg","datePublished":"2019-11-06T23:00:00+00:00","dateModified":"2019-11-06T23:00:00+00:00","description":"Sara Affi Fella \u00e8 di nuovo in lacrime sul social, arrabbiata, delusa, mortificata dopo l\u2019ennesimo attacco degli haters e dice basta. E\u2019 passato ormai pi\u00f9","breadcrumb":{"@id":"https:\/\/www.gossip.it\/news\/sara-affi-fella-lacrime-ennesino-attacco-haters\/#breadcrumb"},"inLanguage":"it-IT","potentialAction":[{"@type":"ReadAction","target":["https:\/\/www.gossip.it\/news\/sara-affi-fella-lacrime-ennesino-attacco-haters\/"]}]},{"@type":"ImageObject","inLanguage":"it-IT","@id":"https:\/\/www.gossip.it\/news\/sara-affi-fella-lacrime-ennesino-attacco-haters\/#primaryimage","url":"https:\/\/files.gossip.it\/immagini_news\/2019\/11\/1573129197_affi_fella_1.jpg","contentUrl":"https:\/\/files.gossip.it\/immagini_news\/2019\/11\/1573129197_affi_fella_1.jpg"},{"@type":"BreadcrumbList","@id":"https:\/\/www.gossip.it\/news\/sara-affi-fella-lacrime-ennesino-attacco-haters\/#breadcrumb","itemListElement":[{"@type":"ListItem","position":1,"name":"Home","item":"https:\/\/www.gossip.it\/"},{"@type":"ListItem","position":2,"name":"Sara Affi Fella in lacrime sul social dopo l\u2019ennesimo attacco degli haters: 'Basta!\u2019"}]},{"@type":"WebSite","@id":"https:\/\/www.gossip.it\/#website","url":"https:\/\/www.gossip.it\/","name":"Gossip and VIP News","description":"Quotidiano di cronaca rosa, costume e societ\u00e0","publisher":{"@id":"https:\/\/www.gossip.it\/#organization"},"alternateName":"Gossip and VIP News","potentialAction":[{"@type":"SearchAction","target":{"@type":"EntryPoint","urlTemplate":"https:\/\/www.gossip.it\/?s={search_term_string}"},"query-input":{"@type":"PropertyValueSpecification","valueRequired":true,"valueName":"search_term_string"}}],"inLanguage":"it-IT"},{"@type":"Organization","@id":"https:\/\/www.gossip.it\/#organization","name":"Gossip and VIP News","alternateName":"Gossip News","url":"https:\/\/www.gossip.it\/","logo":{"@type":"ImageObject","inLanguage":"it-IT","@id":"https:\/\/www.gossip.it\/#\/schema\/logo\/image\/","url":"https:\/\/www.gossip.it\/wp-content\/uploads\/2022\/04\/cropped-corna-alta-tiny.png","contentUrl":"https:\/\/www.gossip.it\/wp-content\/uploads\/2022\/04\/cropped-corna-alta-tiny.png","width":512,"height":512,"caption":"Gossip and VIP News"},"image":{"@id":"https:\/\/www.gossip.it\/#\/schema\/logo\/image\/"},"sameAs":["https:\/\/www.facebook.com\/GossipIT","https:\/\/x.com\/gossinews_it","https:\/\/instagram.com\/gossip_it"]},{"@type":"Person","@id":"https:\/\/www.gossip.it\/#\/schema\/person\/488896f75158bff1cc83c6c39d141110","name":"La Redazione","image":{"@type":"ImageObject","inLanguage":"it-IT","@id":"https:\/\/www.gossip.it\/#\/schema\/person\/image\/","url":"https:\/\/secure.gravatar.com\/avatar\/5a5f5c6fa3e6700e4249abdad0263a1e94e927d9e0499b1cb09c1cd29c044d80?s=96&d=mm&r=g","contentUrl":"https:\/\/secure.gravatar.com\/avatar\/5a5f5c6fa3e6700e4249abdad0263a1e94e927d9e0499b1cb09c1cd29c044d80?s=96&d=mm&r=g","caption":"La Redazione"},"sameAs":["https:\/\/www.gossip.it"]}]}},"amp_enabled":true,"_links":{"self":[{"href":"https:\/\/www.gossip.it\/api\/wp\/v2\/posts\/65797","targetHints":{"allow":["GET"]}}],"collection":[{"href":"https:\/\/www.gossip.it\/api\/wp\/v2\/posts"}],"about":[{"href":"https:\/\/www.gossip.it\/api\/wp\/v2\/types\/post"}],"author":[{"embeddable":true,"href":"https:\/\/www.gossip.it\/api\/wp\/v2\/users\/1"}],"replies":[{"embeddable":true,"href":"https:\/\/www.gossip.it\/api\/wp\/v2\/comments?post=65797"}],"version-history":[{"count":0,"href":"https:\/\/www.gossip.it\/api\/wp\/v2\/posts\/65797\/revisions"}],"wp:featuredmedia":[{"embeddable":true,"href":"https:\/\/www.gossip.it\/api\/wp\/v2\/media\/121843"}],"wp:attachment":[{"href":"https:\/\/www.gossip.it\/api\/wp\/v2\/media?parent=65797"}],"wp:term":[{"taxonomy":"category","embeddable":true,"href":"https:\/\/www.gossip.it\/api\/wp\/v2\/categories?post=65797"},{"taxonomy":"post_tag","embeddable":true,"href":"https:\/\/www.gossip.it\/api\/wp\/v2\/tags?post=65797"},{"taxonomy":"vip","embeddable":true,"href":"https:\/\/www.gossip.it\/api\/wp\/v2\/vip?post=65797"}],"curies":[{"name":"wp","href":"https:\/\/api.w.org\/{rel}","templated":true}]}}