{"id":65848,"date":"2019-11-14T00:00:00","date_gmt":"2019-11-13T23:00:00","guid":{"rendered":"https:\/\/www.gossip.it\/senza-categoria\/fabrizia-de-andre-padre-cristiano-de-andre-pace\/"},"modified":"2019-11-14T00:00:00","modified_gmt":"2019-11-13T23:00:00","slug":"fabrizia-de-andre-padre-cristiano-de-andre-pace","status":"publish","type":"post","link":"https:\/\/www.gossip.it\/news\/fabrizia-de-andre-padre-cristiano-de-andre-pace\/","title":{"rendered":"Fabrizia De Andr\u00e8 con il padre, Cristiano De Andr\u00e8, accanto: c\u2019\u00e8 pace tra i due"},"content":{"rendered":"<p><a href=\"\/vip\/fabrizia-de andr\u00e8\/\">Fabrizia De Andr\u00e8<\/a> ha definitivamente fatto <strong>pace<\/strong> con il <strong>padre<\/strong>, <strong>Cristiano De Andr\u00e8<\/strong>. Gi\u00e0 durante l\u2019estate il legame tra la 32enne e il cantautore 56enne si era rinsaldato, dopo anni di scontri. Ora tutto si \u00e8 definitivamente appianato. La bella foto <a href=\"\/vip\/social\/\">social<\/a> pubblicata dalla ragazza, che sorride accanto al pap\u00e0 lo dimostra: c\u2019\u00e8 sintonia tra i due.<\/p>\n<figure class=\"caption\"><img decoding=\"async\" alt=\"\" width=\"640\" height=\"724\" src=\"https:\/\/files.gossip.it\/immagini_news\/2019\/11\/1573728862_de_andre_1.jpg\" \/><figcaption>Fabrizia De Andr\u00e8 con il padre, Cristiano De Andr\u00e8, accanto: c'\u00e8 pace tra i due<\/figcaption><\/figure>\n<p><strong>Fabrizia De Andr\u00e8<\/strong>, dal gennaio scorso mamma di un bambino, nata dal matrimonio di <strong>Cristiano De Andr\u00e8<\/strong> con Carmen De Cespedes, ha due fratelli, i gemelli Filippo e Francesca, e una sorellastra, Alice, venuta al mondo dalla relazione del figlio di Faber con la sua seconda compagna Sabrina La Rosa. In passato ha avuto dolorosi dissidi con il <strong>padre<\/strong>, ora \u00e8 tornata la <strong>pace<\/strong>.<\/p>\n<p><em>\u201cChi si appartiene, si ritrova\u00a0#fabriziadeandre #familytime #papi #happiness #daddy #love #lunchtime\u00a0#buenastardes #besitos\u201d,<\/em>\u00a0scrive <strong>Fabrizia De Andr\u00e8<\/strong>, ritraendosi con il <strong>padre Cristiano De Andr\u00e8<\/strong>. I due sono stati a pranzo insieme alla Langosteria Caf\u00e8 a Milano, locale nella Galleria del Corso, e hanno voluto testimoniare la ritrovata serenit\u00e0 condividendo lo scatto insieme su <em>Instagram.<\/em><\/p>\n<figure class=\"caption\"><img decoding=\"async\" alt=\"\" width=\"640\" height=\"815\" src=\"https:\/\/files.gossip.it\/immagini_news\/2019\/11\/1573728876_de_andre_2.jpg\" \/><figcaption>La 32enne e il pap\u00e0 56enne sono stati a pranzo insieme a Milano<\/figcaption><\/figure>\n<p>Tanti i <em>\u2018like\u2019 <\/em>dei fan che gioiscono per il legame recuperato. Sono anche molti, per\u00f2, quelli che si raccomandano con la ragazza perch\u00e9 torni il sereno anche con la sorella <a href=\"\/vip\/francesca-de andr\u00e8\/\">Francesca De Andr\u00e8<\/a>. La mora 29enne, ora tornata insieme a <a href=\"\/vip\/giorgio-tambellini\/\">Giorgio Tambellini<\/a>, ha accusato Fabrizia di averla volutamente fatta allontanare da Giorgino, ordendo un complotto contro di loro durante il <a href=\"\/vip\/gf-16\/\">GF 16<\/a>.<\/p>\n<p>Francesca, tra l\u2019altro, invitata dal pap\u00e0 a mettere fine alla guerra intrapresa da anni che li ha visti contrapposti, ospite da <a href=\"\/vip\/barbara-d\u2019urso\/\">Barbara D\u2019Urso<\/a>, ha ribadito di non avere alcuna intenzione di fare <strong>pace<\/strong> con lui.<\/p>\n<p>\u00a0<\/p>\n<p>\u00a0<\/p>\n<p>\u00a0<\/p>\n<p>\u00a0<\/p>\n<p>\u00a0<\/p>\n","protected":false},"excerpt":{"rendered":"<p>Fabrizia De Andr\u00e8 ha definitivamente fatto pace con il padre, Cristiano De Andr\u00e8. Gi\u00e0 durante l\u2019estate il legame tra la 32enne e il cantautore 56enne si era rinsaldato, dopo anni di scontri. Ora tutto si \u00e8 definitivamente appianato. La bella foto social pubblicata dalla ragazza, che sorride accanto al pap\u00e0 lo dimostra: c\u2019\u00e8 sintonia tra [&hellip;]<\/p>\n","protected":false},"author":1,"featured_media":121894,"comment_status":"closed","ping_status":"closed","sticky":false,"template":"","format":"standard","meta":{"footnotes":""},"categories":[54],"tags":[1981,2156,32667,56051,2121,7730,2353,4232,8631,1923],"vip":[774],"class_list":["post-65848","post","type-post","status-publish","format-standard","has-post-thumbnail","hentry","category-news","tag-cantante","tag-cantautore","tag-cristiano-de-andre","tag-fabrizia-de-andre","tag-instagram","tag-lite","tag-pace","tag-scontro","tag-selfie","tag-social","vip-francesca_de_andre"],"yoast_head":"<title>Fabrizia De Andr\u00e8 con il padre, Cristiano De Andr\u00e8, accanto: c\u2019\u00e8 pace tra i due - Gossip.it | News sul Gossip e VIP<\/title>\n<meta name=\"description\" content=\"Fabrizia De Andr\u00e8 ha definitivamente fatto pace con il padre, Cristiano De Andr\u00e8. Gi\u00e0 durante l\u2019estate il legame tra la 32enne e il cantautore 56enne si\" \/>\n<meta name=\"robots\" content=\"index, follow, max-snippet:-1, max-image-preview:large, max-video-preview:-1\" \/>\n<link rel=\"canonical\" href=\"https:\/\/www.gossip.it\/news\/fabrizia-de-andre-padre-cristiano-de-andre-pace\/\" \/>\n<meta property=\"og:locale\" content=\"it_IT\" \/>\n<meta property=\"og:type\" content=\"article\" \/>\n<meta property=\"og:title\" content=\"Fabrizia De Andr\u00e8 con il padre, Cristiano De Andr\u00e8, accanto: c\u2019\u00e8 pace tra i due - Gossip.it | News sul Gossip e VIP\" \/>\n<meta property=\"og:description\" content=\"Fabrizia De Andr\u00e8 ha definitivamente fatto pace con il padre, Cristiano De Andr\u00e8. Gi\u00e0 durante l\u2019estate il legame tra la 32enne e il cantautore 56enne si\" \/>\n<meta property=\"og:url\" content=\"https:\/\/www.gossip.it\/news\/fabrizia-de-andre-padre-cristiano-de-andre-pace\/\" \/>\n<meta property=\"og:site_name\" content=\"Gossip.it | News sul Gossip e VIP\" \/>\n<meta property=\"article:publisher\" content=\"https:\/\/www.facebook.com\/GossipIT\" \/>\n<meta property=\"article:published_time\" content=\"2019-11-13T23:00:00+00:00\" \/>\n<meta property=\"og:image\" content=\"https:\/\/files.gossip.it\/immagini_news\/2019\/11\/1573728862_de_andre_1.jpg\" \/>\n<meta name=\"author\" content=\"La Redazione\" \/>\n<meta name=\"twitter:card\" content=\"summary_large_image\" \/>\n<meta name=\"twitter:image\" content=\"https:\/\/files.gossip.it\/immagini_news\/2019\/11\/1573728862_de_andre_1.jpg\" \/>\n<meta name=\"twitter:creator\" content=\"@gossinews_it\" \/>\n<meta name=\"twitter:site\" content=\"@gossinews_it\" \/>\n<meta name=\"twitter:label1\" content=\"Scritto da\" \/>\n\t<meta name=\"twitter:data1\" content=\"Annamaria Capozzi\" \/>\n\t<meta name=\"twitter:label2\" content=\"Tempo di lettura stimato\" \/>\n\t<meta name=\"twitter:data2\" content=\"1 minuto\" \/>","yoast_head_json":{"title":"Fabrizia De Andr\u00e8 con il padre, Cristiano De Andr\u00e8, accanto: c\u2019\u00e8 pace tra i due - Gossip.it | News sul Gossip e VIP","description":"Fabrizia De Andr\u00e8 ha definitivamente fatto pace con il padre, Cristiano De Andr\u00e8. Gi\u00e0 durante l\u2019estate il legame tra la 32enne e il cantautore 56enne si","robots":{"index":"index","follow":"follow","max-snippet":"max-snippet:-1","max-image-preview":"max-image-preview:large","max-video-preview":"max-video-preview:-1"},"canonical":"https:\/\/www.gossip.it\/news\/fabrizia-de-andre-padre-cristiano-de-andre-pace\/","og_locale":"it_IT","og_type":"article","og_title":"Fabrizia De Andr\u00e8 con il padre, Cristiano De Andr\u00e8, accanto: c\u2019\u00e8 pace tra i due - Gossip.it | News sul Gossip e VIP","og_description":"Fabrizia De Andr\u00e8 ha definitivamente fatto pace con il padre, Cristiano De Andr\u00e8. Gi\u00e0 durante l\u2019estate il legame tra la 32enne e il cantautore 56enne si","og_url":"https:\/\/www.gossip.it\/news\/fabrizia-de-andre-padre-cristiano-de-andre-pace\/","og_site_name":"Gossip.it | News sul Gossip e VIP","article_publisher":"https:\/\/www.facebook.com\/GossipIT","article_published_time":"2019-11-13T23:00:00+00:00","og_image":[{"url":"https:\/\/files.gossip.it\/immagini_news\/2019\/11\/1573728862_de_andre_1.jpg"}],"author":"La Redazione","twitter_card":"summary_large_image","twitter_image":"https:\/\/files.gossip.it\/immagini_news\/2019\/11\/1573728862_de_andre_1.jpg","twitter_creator":"@gossinews_it","twitter_site":"@gossinews_it","twitter_misc":{"Scritto da":"Annamaria Capozzi","Tempo di lettura stimato":"1 minuto"},"schema":{"@context":"https:\/\/schema.org","@graph":[{"@type":"Article","@id":"https:\/\/www.gossip.it\/news\/fabrizia-de-andre-padre-cristiano-de-andre-pace\/#article","isPartOf":{"@id":"https:\/\/www.gossip.it\/news\/fabrizia-de-andre-padre-cristiano-de-andre-pace\/"},"author":{"name":"La Redazione","@id":"https:\/\/www.gossip.it\/#\/schema\/person\/488896f75158bff1cc83c6c39d141110"},"headline":"Fabrizia De Andr\u00e8 con il padre, Cristiano De Andr\u00e8, accanto: c\u2019\u00e8 pace tra i due","datePublished":"2019-11-13T23:00:00+00:00","dateModified":"2019-11-13T23:00:00+00:00","mainEntityOfPage":{"@id":"https:\/\/www.gossip.it\/news\/fabrizia-de-andre-padre-cristiano-de-andre-pace\/"},"wordCount":316,"publisher":{"@id":"https:\/\/www.gossip.it\/#organization"},"image":{"@id":"https:\/\/www.gossip.it\/news\/fabrizia-de-andre-padre-cristiano-de-andre-pace\/#primaryimage"},"thumbnailUrl":"https:\/\/files.gossip.it\/immagini_news\/2019\/11\/1573728862_de_andre_1.jpg","keywords":["cantante","cantautore","cristiano de andr\u00e8","fabrizia de andr\u00e8","instagram","lite","pace","scontro","selfie","social"],"articleSection":["News"],"inLanguage":"it-IT"},{"@type":"WebPage","@id":"https:\/\/www.gossip.it\/news\/fabrizia-de-andre-padre-cristiano-de-andre-pace\/","url":"https:\/\/www.gossip.it\/news\/fabrizia-de-andre-padre-cristiano-de-andre-pace\/","name":"Fabrizia De Andr\u00e8 con il padre, Cristiano De Andr\u00e8, accanto: c\u2019\u00e8 pace tra i due - Gossip.it | News sul Gossip e VIP","isPartOf":{"@id":"https:\/\/www.gossip.it\/#website"},"primaryImageOfPage":{"@id":"https:\/\/www.gossip.it\/news\/fabrizia-de-andre-padre-cristiano-de-andre-pace\/#primaryimage"},"image":{"@id":"https:\/\/www.gossip.it\/news\/fabrizia-de-andre-padre-cristiano-de-andre-pace\/#primaryimage"},"thumbnailUrl":"https:\/\/files.gossip.it\/immagini_news\/2019\/11\/1573728862_de_andre_1.jpg","datePublished":"2019-11-13T23:00:00+00:00","dateModified":"2019-11-13T23:00:00+00:00","description":"Fabrizia De Andr\u00e8 ha definitivamente fatto pace con il padre, Cristiano De Andr\u00e8. Gi\u00e0 durante l\u2019estate il legame tra la 32enne e il cantautore 56enne si","breadcrumb":{"@id":"https:\/\/www.gossip.it\/news\/fabrizia-de-andre-padre-cristiano-de-andre-pace\/#breadcrumb"},"inLanguage":"it-IT","potentialAction":[{"@type":"ReadAction","target":["https:\/\/www.gossip.it\/news\/fabrizia-de-andre-padre-cristiano-de-andre-pace\/"]}]},{"@type":"ImageObject","inLanguage":"it-IT","@id":"https:\/\/www.gossip.it\/news\/fabrizia-de-andre-padre-cristiano-de-andre-pace\/#primaryimage","url":"https:\/\/files.gossip.it\/immagini_news\/2019\/11\/1573728862_de_andre_1.jpg","contentUrl":"https:\/\/files.gossip.it\/immagini_news\/2019\/11\/1573728862_de_andre_1.jpg"},{"@type":"BreadcrumbList","@id":"https:\/\/www.gossip.it\/news\/fabrizia-de-andre-padre-cristiano-de-andre-pace\/#breadcrumb","itemListElement":[{"@type":"ListItem","position":1,"name":"Home","item":"https:\/\/www.gossip.it\/"},{"@type":"ListItem","position":2,"name":"Fabrizia De Andr\u00e8 con il padre, Cristiano De Andr\u00e8, accanto: c\u2019\u00e8 pace tra i due"}]},{"@type":"WebSite","@id":"https:\/\/www.gossip.it\/#website","url":"https:\/\/www.gossip.it\/","name":"Gossip and VIP News","description":"Quotidiano di cronaca rosa, costume e societ\u00e0","publisher":{"@id":"https:\/\/www.gossip.it\/#organization"},"alternateName":"Gossip and VIP News","potentialAction":[{"@type":"SearchAction","target":{"@type":"EntryPoint","urlTemplate":"https:\/\/www.gossip.it\/?s={search_term_string}"},"query-input":{"@type":"PropertyValueSpecification","valueRequired":true,"valueName":"search_term_string"}}],"inLanguage":"it-IT"},{"@type":"Organization","@id":"https:\/\/www.gossip.it\/#organization","name":"Gossip and VIP News","alternateName":"Gossip News","url":"https:\/\/www.gossip.it\/","logo":{"@type":"ImageObject","inLanguage":"it-IT","@id":"https:\/\/www.gossip.it\/#\/schema\/logo\/image\/","url":"https:\/\/www.gossip.it\/wp-content\/uploads\/2022\/04\/cropped-corna-alta-tiny.png","contentUrl":"https:\/\/www.gossip.it\/wp-content\/uploads\/2022\/04\/cropped-corna-alta-tiny.png","width":512,"height":512,"caption":"Gossip and VIP News"},"image":{"@id":"https:\/\/www.gossip.it\/#\/schema\/logo\/image\/"},"sameAs":["https:\/\/www.facebook.com\/GossipIT","https:\/\/x.com\/gossinews_it","https:\/\/instagram.com\/gossip_it"]},{"@type":"Person","@id":"https:\/\/www.gossip.it\/#\/schema\/person\/488896f75158bff1cc83c6c39d141110","name":"La Redazione","image":{"@type":"ImageObject","inLanguage":"it-IT","@id":"https:\/\/www.gossip.it\/#\/schema\/person\/image\/","url":"https:\/\/secure.gravatar.com\/avatar\/5a5f5c6fa3e6700e4249abdad0263a1e94e927d9e0499b1cb09c1cd29c044d80?s=96&d=mm&r=g","contentUrl":"https:\/\/secure.gravatar.com\/avatar\/5a5f5c6fa3e6700e4249abdad0263a1e94e927d9e0499b1cb09c1cd29c044d80?s=96&d=mm&r=g","caption":"La Redazione"},"sameAs":["https:\/\/www.gossip.it"]}]}},"amp_enabled":true,"_links":{"self":[{"href":"https:\/\/www.gossip.it\/api\/wp\/v2\/posts\/65848","targetHints":{"allow":["GET"]}}],"collection":[{"href":"https:\/\/www.gossip.it\/api\/wp\/v2\/posts"}],"about":[{"href":"https:\/\/www.gossip.it\/api\/wp\/v2\/types\/post"}],"author":[{"embeddable":true,"href":"https:\/\/www.gossip.it\/api\/wp\/v2\/users\/1"}],"replies":[{"embeddable":true,"href":"https:\/\/www.gossip.it\/api\/wp\/v2\/comments?post=65848"}],"version-history":[{"count":0,"href":"https:\/\/www.gossip.it\/api\/wp\/v2\/posts\/65848\/revisions"}],"wp:featuredmedia":[{"embeddable":true,"href":"https:\/\/www.gossip.it\/api\/wp\/v2\/media\/121894"}],"wp:attachment":[{"href":"https:\/\/www.gossip.it\/api\/wp\/v2\/media?parent=65848"}],"wp:term":[{"taxonomy":"category","embeddable":true,"href":"https:\/\/www.gossip.it\/api\/wp\/v2\/categories?post=65848"},{"taxonomy":"post_tag","embeddable":true,"href":"https:\/\/www.gossip.it\/api\/wp\/v2\/tags?post=65848"},{"taxonomy":"vip","embeddable":true,"href":"https:\/\/www.gossip.it\/api\/wp\/v2\/vip?post=65848"}],"curies":[{"name":"wp","href":"https:\/\/api.w.org\/{rel}","templated":true}]}}