{"id":66049,"date":"2019-12-06T00:00:00","date_gmt":"2019-12-05T23:00:00","guid":{"rendered":"https:\/\/www.gossip.it\/senza-categoria\/matteo-salvini-attacco-nutella-posti-di-lavoro\/"},"modified":"2019-12-06T00:00:00","modified_gmt":"2019-12-05T23:00:00","slug":"matteo-salvini-attacco-nutella-posti-di-lavoro","status":"publish","type":"post","link":"https:\/\/www.gossip.it\/news\/matteo-salvini-attacco-nutella-posti-di-lavoro\/","title":{"rendered":"Matteo Salvini con l\u2019attacco alla Nutella potrebbe mettere in pericolo posti di lavoro in Italia"},"content":{"rendered":"<p><a href=\"\/vip\/matteo-salvini\/\">Matteo Salvini<\/a> dice addio alla <strong>Nutella<\/strong>. Il capo della Lega lo ha fatto sapere durante un comizio elettorale. <em>\u201cHo scoperto che per la<strong> Nutella<\/strong> usa <strong>nocciole<\/strong> turche, e io preferisco aiutare le aziende che usano prodotti italiani\u201d<\/em>, ha detto. Eppure questa sua frase tralascia dei particolari importanti e se dovesse scatenare un boicottaggio verso la famosa crema spalmabile della <strong>Ferrero<\/strong> (o anche solo una <strong>diminuzione <\/strong>delle <strong>vendite<\/strong> dovuta a qualche suo \u2018fan\u2019 pronto a seguirlo in questa scelta), potrebbe mettere a <strong>rischio<\/strong> il posto di <strong>lavoro<\/strong> di molti <strong>italiani <\/strong>che sono impiegati in una delle poche multinazionali <strong>tricolori<\/strong> rimaste, un fiore all\u2019occhiello che arricchisce l\u2019<strong>Italia<\/strong> e d\u00e0 lavoro a tantissime persone nel nostro Paese.<\/p>\n<figure class=\"caption\"><img decoding=\"async\" alt=\"Matteo Salvini ha attaccato la Nutella e ha detto che non la mangia pi\u00f9 perch\u00e8 non tutte le nocciole usate dalla Ferrero sono prodotte in Italia, ma la realt\u00e0 \u00e8 che l'Italia non produce nocciole a sufficienza per soddisfare il fabbisogno dell'azienda piemontese\" width=\"640\" height=\"681\" src=\"https:\/\/files.gossip.it\/immagini_news\/2019\/12\/1575644651_salvini_nutella.jpg\" \/><figcaption>Matteo Salvini ha attaccato la Nutella e ha detto che non la mangia pi\u00f9 perch\u00e8 non tutte le nocciole usate dalla Ferrero sono prodotte in Italia, ma la realt\u00e0 \u00e8 che l'Italia non produce nocciole a sufficienza per soddisfare il fabbisogno dell'azienda piemontese<\/figcaption><\/figure>\n<p>L\u2019ex Ministro dell\u2019Interno, che l\u2019estate scorsa ha fatto cadere il governo e ha chiesto di andare al voto, pensando probabilmente di poter poi governare da solo, rimanendo per\u00f2 bruciato da un calcolo politico piuttosto azzardato, omette infatti di spiegare il <strong>motivo <\/strong>per cui la <strong>Ferrero<\/strong> \u00e8 <strong>costretta <\/strong>ad acquistare all\u2019estero una parte delle<strong> nocciole <\/strong>usate per produrre la <strong>Nutella<\/strong>, una crema che viene esportata davvero in tutti i continenti. L\u2019Italia infatti non produce nocciole a sufficienza per coprire tutto il <strong>fabbisogno<\/strong>.<\/p>\n<p>Nel nostro paese si produce il 14% di tutte le nocciole del mondo, mentre la Ferrero assorbe da sola ben il 20% della <strong>produzione mondiale<\/strong>. Se non acquistasse le nocciole anche da altri Paesi, come la Turchia (che produce il 70% delle nocciole del pianeta) dovrebbe smettere di <strong>produrre<\/strong> una parte dei<strong> barattoli <\/strong>di Nutella attualmente confezionati. Questo significherebbe che dovrebbe <strong>licenziare<\/strong> molti dei suoi dipendenti e non potrebbe pi\u00f9 <strong>esportare <\/strong>all\u2019estero come fa ora.<\/p>\n<p>Non solo, proprio per aiutare la <strong>produzione italiana<\/strong>, la Ferrero ha anche recentemente lanciato il <em>Progetto Nocciola Italia<\/em>, con l\u2019obiettivo di aumentare del 30% proprio la produzione di nocciole nel nostro Paese. Insomma, con questa sua dichiarazione elettorale il capo della Lega sembrerebbe essere andato <strong>contro <\/strong>gli <strong>interessi <\/strong>dell\u2019Italia e degli italiani. Su un argomento molto<strong> delicato<\/strong> e di vitale importanza come quello del <strong>lavoro<\/strong>, che spesso dalle nostre parti manca. E che forse non dovrebbe essere messo in<strong> pericolo<\/strong> in questo modo.<\/p>\n<p>\u00a0<\/p>\n","protected":false},"excerpt":{"rendered":"<p>Matteo Salvini dice addio alla Nutella. Il capo della Lega lo ha fatto sapere durante un comizio elettorale. \u201cHo scoperto che per la Nutella usa nocciole turche, e io preferisco aiutare le aziende che usano prodotti italiani\u201d, ha detto. Eppure questa sua frase tralascia dei particolari importanti e se dovesse scatenare un boicottaggio verso la [&hellip;]<\/p>\n","protected":false},"author":1,"featured_media":122095,"comment_status":"closed","ping_status":"closed","sticky":false,"template":"","format":"standard","meta":{"footnotes":""},"categories":[54],"tags":[11141],"vip":[],"class_list":["post-66049","post","type-post","status-publish","format-standard","has-post-thumbnail","hentry","category-news","tag-matteo-salvini"],"yoast_head":"<title>Matteo Salvini con l\u2019attacco alla Nutella potrebbe mettere in pericolo posti di lavoro in Italia - Gossip.it | News sul Gossip e VIP<\/title>\n<meta name=\"description\" content=\"Matteo Salvini dice addio alla Nutella. Il capo della Lega lo ha fatto sapere durante un comizio elettorale. \u201cHo scoperto che per la Nutella usa nocciole\" \/>\n<meta name=\"robots\" content=\"index, follow, max-snippet:-1, max-image-preview:large, max-video-preview:-1\" \/>\n<link rel=\"canonical\" href=\"https:\/\/www.gossip.it\/news\/matteo-salvini-attacco-nutella-posti-di-lavoro\/\" \/>\n<meta property=\"og:locale\" content=\"it_IT\" \/>\n<meta property=\"og:type\" content=\"article\" \/>\n<meta property=\"og:title\" content=\"Matteo Salvini con l\u2019attacco alla Nutella potrebbe mettere in pericolo posti di lavoro in Italia - Gossip.it | News sul Gossip e VIP\" \/>\n<meta property=\"og:description\" content=\"Matteo Salvini dice addio alla Nutella. Il capo della Lega lo ha fatto sapere durante un comizio elettorale. \u201cHo scoperto che per la Nutella usa nocciole\" \/>\n<meta property=\"og:url\" content=\"https:\/\/www.gossip.it\/news\/matteo-salvini-attacco-nutella-posti-di-lavoro\/\" \/>\n<meta property=\"og:site_name\" content=\"Gossip.it | News sul Gossip e VIP\" \/>\n<meta property=\"article:publisher\" content=\"https:\/\/www.facebook.com\/GossipIT\" \/>\n<meta property=\"article:published_time\" content=\"2019-12-05T23:00:00+00:00\" \/>\n<meta property=\"og:image\" content=\"https:\/\/files.gossip.it\/immagini_news\/2019\/12\/1575644651_salvini_nutella.jpg\" \/>\n<meta name=\"author\" content=\"La Redazione\" \/>\n<meta name=\"twitter:card\" content=\"summary_large_image\" \/>\n<meta name=\"twitter:image\" content=\"https:\/\/files.gossip.it\/immagini_news\/2019\/12\/1575644651_salvini_nutella.jpg\" \/>\n<meta name=\"twitter:creator\" content=\"@gossinews_it\" \/>\n<meta name=\"twitter:site\" content=\"@gossinews_it\" \/>\n<meta name=\"twitter:label1\" content=\"Scritto da\" \/>\n\t<meta name=\"twitter:data1\" content=\"la Redazione\" \/>\n\t<meta name=\"twitter:label2\" content=\"Tempo di lettura stimato\" \/>\n\t<meta name=\"twitter:data2\" content=\"2 minuti\" \/>","yoast_head_json":{"title":"Matteo Salvini con l\u2019attacco alla Nutella potrebbe mettere in pericolo posti di lavoro in Italia - Gossip.it | News sul Gossip e VIP","description":"Matteo Salvini dice addio alla Nutella. Il capo della Lega lo ha fatto sapere durante un comizio elettorale. \u201cHo scoperto che per la Nutella usa nocciole","robots":{"index":"index","follow":"follow","max-snippet":"max-snippet:-1","max-image-preview":"max-image-preview:large","max-video-preview":"max-video-preview:-1"},"canonical":"https:\/\/www.gossip.it\/news\/matteo-salvini-attacco-nutella-posti-di-lavoro\/","og_locale":"it_IT","og_type":"article","og_title":"Matteo Salvini con l\u2019attacco alla Nutella potrebbe mettere in pericolo posti di lavoro in Italia - Gossip.it | News sul Gossip e VIP","og_description":"Matteo Salvini dice addio alla Nutella. Il capo della Lega lo ha fatto sapere durante un comizio elettorale. \u201cHo scoperto che per la Nutella usa nocciole","og_url":"https:\/\/www.gossip.it\/news\/matteo-salvini-attacco-nutella-posti-di-lavoro\/","og_site_name":"Gossip.it | News sul Gossip e VIP","article_publisher":"https:\/\/www.facebook.com\/GossipIT","article_published_time":"2019-12-05T23:00:00+00:00","og_image":[{"url":"https:\/\/files.gossip.it\/immagini_news\/2019\/12\/1575644651_salvini_nutella.jpg"}],"author":"La Redazione","twitter_card":"summary_large_image","twitter_image":"https:\/\/files.gossip.it\/immagini_news\/2019\/12\/1575644651_salvini_nutella.jpg","twitter_creator":"@gossinews_it","twitter_site":"@gossinews_it","twitter_misc":{"Scritto da":"la Redazione","Tempo di lettura stimato":"2 minuti"},"schema":{"@context":"https:\/\/schema.org","@graph":[{"@type":"Article","@id":"https:\/\/www.gossip.it\/news\/matteo-salvini-attacco-nutella-posti-di-lavoro\/#article","isPartOf":{"@id":"https:\/\/www.gossip.it\/news\/matteo-salvini-attacco-nutella-posti-di-lavoro\/"},"author":{"name":"La Redazione","@id":"https:\/\/www.gossip.it\/#\/schema\/person\/488896f75158bff1cc83c6c39d141110"},"headline":"Matteo Salvini con l\u2019attacco alla Nutella potrebbe mettere in pericolo posti di lavoro in Italia","datePublished":"2019-12-05T23:00:00+00:00","dateModified":"2019-12-05T23:00:00+00:00","mainEntityOfPage":{"@id":"https:\/\/www.gossip.it\/news\/matteo-salvini-attacco-nutella-posti-di-lavoro\/"},"wordCount":418,"publisher":{"@id":"https:\/\/www.gossip.it\/#organization"},"image":{"@id":"https:\/\/www.gossip.it\/news\/matteo-salvini-attacco-nutella-posti-di-lavoro\/#primaryimage"},"thumbnailUrl":"https:\/\/files.gossip.it\/immagini_news\/2019\/12\/1575644651_salvini_nutella.jpg","keywords":["matteo salvini"],"articleSection":["News"],"inLanguage":"it-IT"},{"@type":"WebPage","@id":"https:\/\/www.gossip.it\/news\/matteo-salvini-attacco-nutella-posti-di-lavoro\/","url":"https:\/\/www.gossip.it\/news\/matteo-salvini-attacco-nutella-posti-di-lavoro\/","name":"Matteo Salvini con l\u2019attacco alla Nutella potrebbe mettere in pericolo posti di lavoro in Italia - Gossip.it | News sul Gossip e VIP","isPartOf":{"@id":"https:\/\/www.gossip.it\/#website"},"primaryImageOfPage":{"@id":"https:\/\/www.gossip.it\/news\/matteo-salvini-attacco-nutella-posti-di-lavoro\/#primaryimage"},"image":{"@id":"https:\/\/www.gossip.it\/news\/matteo-salvini-attacco-nutella-posti-di-lavoro\/#primaryimage"},"thumbnailUrl":"https:\/\/files.gossip.it\/immagini_news\/2019\/12\/1575644651_salvini_nutella.jpg","datePublished":"2019-12-05T23:00:00+00:00","dateModified":"2019-12-05T23:00:00+00:00","description":"Matteo Salvini dice addio alla Nutella. Il capo della Lega lo ha fatto sapere durante un comizio elettorale. \u201cHo scoperto che per la Nutella usa nocciole","breadcrumb":{"@id":"https:\/\/www.gossip.it\/news\/matteo-salvini-attacco-nutella-posti-di-lavoro\/#breadcrumb"},"inLanguage":"it-IT","potentialAction":[{"@type":"ReadAction","target":["https:\/\/www.gossip.it\/news\/matteo-salvini-attacco-nutella-posti-di-lavoro\/"]}]},{"@type":"ImageObject","inLanguage":"it-IT","@id":"https:\/\/www.gossip.it\/news\/matteo-salvini-attacco-nutella-posti-di-lavoro\/#primaryimage","url":"https:\/\/files.gossip.it\/immagini_news\/2019\/12\/1575644651_salvini_nutella.jpg","contentUrl":"https:\/\/files.gossip.it\/immagini_news\/2019\/12\/1575644651_salvini_nutella.jpg"},{"@type":"BreadcrumbList","@id":"https:\/\/www.gossip.it\/news\/matteo-salvini-attacco-nutella-posti-di-lavoro\/#breadcrumb","itemListElement":[{"@type":"ListItem","position":1,"name":"Home","item":"https:\/\/www.gossip.it\/"},{"@type":"ListItem","position":2,"name":"Matteo Salvini con l\u2019attacco alla Nutella potrebbe mettere in pericolo posti di lavoro in Italia"}]},{"@type":"WebSite","@id":"https:\/\/www.gossip.it\/#website","url":"https:\/\/www.gossip.it\/","name":"Gossip and VIP News","description":"Quotidiano di cronaca rosa, costume e societ\u00e0","publisher":{"@id":"https:\/\/www.gossip.it\/#organization"},"alternateName":"Gossip and VIP News","potentialAction":[{"@type":"SearchAction","target":{"@type":"EntryPoint","urlTemplate":"https:\/\/www.gossip.it\/?s={search_term_string}"},"query-input":{"@type":"PropertyValueSpecification","valueRequired":true,"valueName":"search_term_string"}}],"inLanguage":"it-IT"},{"@type":"Organization","@id":"https:\/\/www.gossip.it\/#organization","name":"Gossip and VIP News","alternateName":"Gossip News","url":"https:\/\/www.gossip.it\/","logo":{"@type":"ImageObject","inLanguage":"it-IT","@id":"https:\/\/www.gossip.it\/#\/schema\/logo\/image\/","url":"https:\/\/www.gossip.it\/wp-content\/uploads\/2022\/04\/cropped-corna-alta-tiny.png","contentUrl":"https:\/\/www.gossip.it\/wp-content\/uploads\/2022\/04\/cropped-corna-alta-tiny.png","width":512,"height":512,"caption":"Gossip and VIP News"},"image":{"@id":"https:\/\/www.gossip.it\/#\/schema\/logo\/image\/"},"sameAs":["https:\/\/www.facebook.com\/GossipIT","https:\/\/x.com\/gossinews_it","https:\/\/instagram.com\/gossip_it"]},{"@type":"Person","@id":"https:\/\/www.gossip.it\/#\/schema\/person\/488896f75158bff1cc83c6c39d141110","name":"La Redazione","image":{"@type":"ImageObject","inLanguage":"it-IT","@id":"https:\/\/www.gossip.it\/#\/schema\/person\/image\/","url":"https:\/\/secure.gravatar.com\/avatar\/5a5f5c6fa3e6700e4249abdad0263a1e94e927d9e0499b1cb09c1cd29c044d80?s=96&d=mm&r=g","contentUrl":"https:\/\/secure.gravatar.com\/avatar\/5a5f5c6fa3e6700e4249abdad0263a1e94e927d9e0499b1cb09c1cd29c044d80?s=96&d=mm&r=g","caption":"La Redazione"},"sameAs":["https:\/\/www.gossip.it"]}]}},"amp_enabled":true,"_links":{"self":[{"href":"https:\/\/www.gossip.it\/api\/wp\/v2\/posts\/66049","targetHints":{"allow":["GET"]}}],"collection":[{"href":"https:\/\/www.gossip.it\/api\/wp\/v2\/posts"}],"about":[{"href":"https:\/\/www.gossip.it\/api\/wp\/v2\/types\/post"}],"author":[{"embeddable":true,"href":"https:\/\/www.gossip.it\/api\/wp\/v2\/users\/1"}],"replies":[{"embeddable":true,"href":"https:\/\/www.gossip.it\/api\/wp\/v2\/comments?post=66049"}],"version-history":[{"count":0,"href":"https:\/\/www.gossip.it\/api\/wp\/v2\/posts\/66049\/revisions"}],"wp:featuredmedia":[{"embeddable":true,"href":"https:\/\/www.gossip.it\/api\/wp\/v2\/media\/122095"}],"wp:attachment":[{"href":"https:\/\/www.gossip.it\/api\/wp\/v2\/media?parent=66049"}],"wp:term":[{"taxonomy":"category","embeddable":true,"href":"https:\/\/www.gossip.it\/api\/wp\/v2\/categories?post=66049"},{"taxonomy":"post_tag","embeddable":true,"href":"https:\/\/www.gossip.it\/api\/wp\/v2\/tags?post=66049"},{"taxonomy":"vip","embeddable":true,"href":"https:\/\/www.gossip.it\/api\/wp\/v2\/vip?post=66049"}],"curies":[{"name":"wp","href":"https:\/\/api.w.org\/{rel}","templated":true}]}}