{"id":66075,"date":"2019-12-10T00:00:00","date_gmt":"2019-12-09T23:00:00","guid":{"rendered":"https:\/\/www.gossip.it\/senza-categoria\/giancarlo-magalli-figlia-influencer-affitto\/"},"modified":"2019-12-10T00:00:00","modified_gmt":"2019-12-09T23:00:00","slug":"giancarlo-magalli-figlia-influencer-affitto","status":"publish","type":"post","link":"https:\/\/www.gossip.it\/news\/giancarlo-magalli-figlia-influencer-affitto\/","title":{"rendered":"Giancarlo Magalli: 'Mia figlia Michela fa l'influencer, ma l\u2019affitto glielo pago io\u2019"},"content":{"rendered":"<p><a href=\"\/vip\/giancarlo-magalli\/\">Giancarlo Magalli<\/a> a <em>Tv Talk<\/em> parla di <strong>influencer<\/strong>. Ospite della trasmissione di Rai Tre il conduttore 72enne dice la sua sul nuovo lavoro che sembra appassionare tutti i giovani. Il 72enne rivela che anche la <strong>figlia Michela<\/strong>, 25 anni, \u00e8 una <strong>influencer<\/strong>, una fashion blogger, ma al momento \u00e8 ancora lui a pagare l\u2019<strong>affitto<\/strong> di casa.<\/p>\n<figure class=\"caption\"><img decoding=\"async\" alt=\"Giancarlo Magalli: 'Mia figlia Michela fa l'influencer, ma l\u2019affitto lo pago io'\" width=\"640\" height=\"360\" src=\"https:\/\/files.gossip.it\/immagini_news\/2019\/12\/1575984296_magalli_1.jpg\" \/><figcaption>Giancarlo Magalli: 'Mia figlia Michela fa l'influencer, ma l'affitto lo pago io'<\/figcaption><\/figure>\n<p><strong>Giancarlo Magalli<\/strong> non pensa che farsi delle foto da pubblicare sul social possa essere considerato un vero e proprio lavoro. Prima si concentra sulla polemica per la frase pronunciata da <a href=\"\/vip\/chiara-biasi\/\">Chiara Biasi<\/a> durante lo scherzo de <em>Le Iene<\/em>: \u201c<em>Per 80mila euro non mi alzo nemmeno dal letto\u201d.<\/em> <em>\u201cSecondo me per 800 euro lei alle sette e mezzo \u00e8 gi\u00e0 vestita. Il clamore per la frase \u00e8 giustificato? S\u00ec, pu\u00f2 indignare. Poi \u00e8 un altro discorso che lei lo pensi\u201d<\/em>, sottolinea.<\/p>\n<p>Poi parla della f<strong>iglia Michela<\/strong> e aggiunge: \u201c<em>Io sono anche padre di i<strong>nfluencer<\/strong>, sono padre di fashion blogger. Quindi so di che si tratta. Mia <strong>figlia<\/strong> sta crescendo, ma l\u2019<strong>affitto<\/strong> a mia <strong>figlia<\/strong> comunque lo pago io\u201d.<\/em><\/p>\n<figure class=\"caption\"><img decoding=\"async\" alt=\"\" width=\"640\" height=\"359\" src=\"https:\/\/files.gossip.it\/immagini_news\/2019\/12\/1575984338_magalli_2.jpg\" \/><figcaption>Parla del mondo delle fashion blogger a 'Tv Talk'<\/figcaption><\/figure>\n<p><a href=\"\/vip\/michela-magalli\/\">Michela Magalli<\/a> fa parte della schiera delle tante <strong>influencer<\/strong>, ma <strong>Giancarlo Magalli<\/strong> paga il suo <strong>affitto<\/strong>. La ragazza \u00e8 ancora lontana dal mantenersi con questo lavoro, dall\u2019essere indipendente, cos\u00ec lascia intendere il pap\u00e0, che poi \u00e8 duro con <a href=\"\/vip\/chiara-ferragni\/\">Chiara Ferragni<\/a>.<\/p>\n<figure class=\"caption\"><img decoding=\"async\" alt=\"\" width=\"640\" height=\"391\" src=\"https:\/\/files.gossip.it\/immagini_news\/2019\/12\/1575984373_magalli_3.jpg\" \/><figcaption>Il 72enne con la sua adorata Michela che ora ha 25 anni<\/figcaption><\/figure>\n<p><em>\u201cGuadagna miliardi ma non sa fare niente<\/em>\u00a0- tuona - <em>E\u2019 una brava imprenditrice? S\u00ec, la sua merce \u00e8 se stessa. Se uno ha l\u2019immagine, capitalizza e valorizza quella. L\u2019immagine \u00e8 un vassoio, su cui uno nella vita magari ci mette simpatia, cultura. Chi ha il vassoio colmo, oggi guadagna molto meno di chi ha solo il vassoio\u201d.<\/em><\/p>\n<p>\u00a0<\/p>\n<p>\u00a0<\/p>\n","protected":false},"excerpt":{"rendered":"<p>Giancarlo Magalli a Tv Talk parla di influencer. Ospite della trasmissione di Rai Tre il conduttore 72enne dice la sua sul nuovo lavoro che sembra appassionare tutti i giovani. Il 72enne rivela che anche la figlia Michela, 25 anni, \u00e8 una influencer, una fashion blogger, ma al momento \u00e8 ancora lui a pagare l\u2019affitto di [&hellip;]<\/p>\n","protected":false},"author":1,"featured_media":122121,"comment_status":"closed","ping_status":"closed","sticky":false,"template":"","format":"standard","meta":{"footnotes":""},"categories":[54],"tags":[37726,12517,2102,7313,1905,2198,60181,58588,19619,35725],"vip":[481,844],"class_list":["post-66075","post","type-post","status-publish","format-standard","has-post-thumbnail","hentry","category-news","tag-affitto","tag-chiara-biasi","tag-dichiarazioni","tag-fashion-blogger","tag-figlia","tag-influencer","tag-michela","tag-michela-magalli","tag-rai-tre","tag-tv-talk","vip-chiara_ferragni","vip-giancarlo_magalli"],"yoast_head":"<title>Giancarlo Magalli: &#039;Mia figlia Michela fa l&#039;influencer, ma l\u2019affitto glielo pago io\u2019 - Gossip.it | News sul Gossip e VIP<\/title>\n<meta name=\"description\" content=\"Giancarlo Magalli a Tv Talk parla di influencer. Ospite della trasmissione di Rai Tre il conduttore 72enne dice la sua sul nuovo lavoro che sembra\" \/>\n<meta name=\"robots\" content=\"index, follow, max-snippet:-1, max-image-preview:large, max-video-preview:-1\" \/>\n<link rel=\"canonical\" href=\"https:\/\/www.gossip.it\/news\/giancarlo-magalli-figlia-influencer-affitto\/\" \/>\n<meta property=\"og:locale\" content=\"it_IT\" \/>\n<meta property=\"og:type\" content=\"article\" \/>\n<meta property=\"og:title\" content=\"Giancarlo Magalli: &#039;Mia figlia Michela fa l&#039;influencer, ma l\u2019affitto glielo pago io\u2019 - Gossip.it | News sul Gossip e VIP\" \/>\n<meta property=\"og:description\" content=\"Giancarlo Magalli a Tv Talk parla di influencer. Ospite della trasmissione di Rai Tre il conduttore 72enne dice la sua sul nuovo lavoro che sembra\" \/>\n<meta property=\"og:url\" content=\"https:\/\/www.gossip.it\/news\/giancarlo-magalli-figlia-influencer-affitto\/\" \/>\n<meta property=\"og:site_name\" content=\"Gossip.it | News sul Gossip e VIP\" \/>\n<meta property=\"article:publisher\" content=\"https:\/\/www.facebook.com\/GossipIT\" \/>\n<meta property=\"article:published_time\" content=\"2019-12-09T23:00:00+00:00\" \/>\n<meta property=\"og:image\" content=\"https:\/\/files.gossip.it\/immagini_news\/2019\/12\/1575984296_magalli_1.jpg\" \/>\n<meta name=\"author\" content=\"La Redazione\" \/>\n<meta name=\"twitter:card\" content=\"summary_large_image\" \/>\n<meta name=\"twitter:image\" content=\"https:\/\/files.gossip.it\/immagini_news\/2019\/12\/1575984296_magalli_1.jpg\" \/>\n<meta name=\"twitter:creator\" content=\"@gossinews_it\" \/>\n<meta name=\"twitter:site\" content=\"@gossinews_it\" \/>\n<meta name=\"twitter:label1\" content=\"Scritto da\" \/>\n\t<meta name=\"twitter:data1\" content=\"Annamaria Capozzi\" \/>\n\t<meta name=\"twitter:label2\" content=\"Tempo di lettura stimato\" \/>\n\t<meta name=\"twitter:data2\" content=\"1 minuto\" \/>","yoast_head_json":{"title":"Giancarlo Magalli: 'Mia figlia Michela fa l'influencer, ma l\u2019affitto glielo pago io\u2019 - Gossip.it | News sul Gossip e VIP","description":"Giancarlo Magalli a Tv Talk parla di influencer. Ospite della trasmissione di Rai Tre il conduttore 72enne dice la sua sul nuovo lavoro che sembra","robots":{"index":"index","follow":"follow","max-snippet":"max-snippet:-1","max-image-preview":"max-image-preview:large","max-video-preview":"max-video-preview:-1"},"canonical":"https:\/\/www.gossip.it\/news\/giancarlo-magalli-figlia-influencer-affitto\/","og_locale":"it_IT","og_type":"article","og_title":"Giancarlo Magalli: 'Mia figlia Michela fa l'influencer, ma l\u2019affitto glielo pago io\u2019 - Gossip.it | News sul Gossip e VIP","og_description":"Giancarlo Magalli a Tv Talk parla di influencer. Ospite della trasmissione di Rai Tre il conduttore 72enne dice la sua sul nuovo lavoro che sembra","og_url":"https:\/\/www.gossip.it\/news\/giancarlo-magalli-figlia-influencer-affitto\/","og_site_name":"Gossip.it | News sul Gossip e VIP","article_publisher":"https:\/\/www.facebook.com\/GossipIT","article_published_time":"2019-12-09T23:00:00+00:00","og_image":[{"url":"https:\/\/files.gossip.it\/immagini_news\/2019\/12\/1575984296_magalli_1.jpg"}],"author":"La Redazione","twitter_card":"summary_large_image","twitter_image":"https:\/\/files.gossip.it\/immagini_news\/2019\/12\/1575984296_magalli_1.jpg","twitter_creator":"@gossinews_it","twitter_site":"@gossinews_it","twitter_misc":{"Scritto da":"Annamaria Capozzi","Tempo di lettura stimato":"1 minuto"},"schema":{"@context":"https:\/\/schema.org","@graph":[{"@type":"Article","@id":"https:\/\/www.gossip.it\/news\/giancarlo-magalli-figlia-influencer-affitto\/#article","isPartOf":{"@id":"https:\/\/www.gossip.it\/news\/giancarlo-magalli-figlia-influencer-affitto\/"},"author":{"name":"La Redazione","@id":"https:\/\/www.gossip.it\/#\/schema\/person\/488896f75158bff1cc83c6c39d141110"},"headline":"Giancarlo Magalli: 'Mia figlia Michela fa l'influencer, ma l\u2019affitto glielo pago io\u2019","datePublished":"2019-12-09T23:00:00+00:00","dateModified":"2019-12-09T23:00:00+00:00","mainEntityOfPage":{"@id":"https:\/\/www.gossip.it\/news\/giancarlo-magalli-figlia-influencer-affitto\/"},"wordCount":313,"publisher":{"@id":"https:\/\/www.gossip.it\/#organization"},"image":{"@id":"https:\/\/www.gossip.it\/news\/giancarlo-magalli-figlia-influencer-affitto\/#primaryimage"},"thumbnailUrl":"https:\/\/files.gossip.it\/immagini_news\/2019\/12\/1575984296_magalli_1.jpg","keywords":["affitto","chiara biasi","dichiarazioni","fashion blogger","figlia","influencer","michela","michela magalli","rai tre","tv talk"],"articleSection":["News"],"inLanguage":"it-IT"},{"@type":"WebPage","@id":"https:\/\/www.gossip.it\/news\/giancarlo-magalli-figlia-influencer-affitto\/","url":"https:\/\/www.gossip.it\/news\/giancarlo-magalli-figlia-influencer-affitto\/","name":"Giancarlo Magalli: 'Mia figlia Michela fa l'influencer, ma l\u2019affitto glielo pago io\u2019 - Gossip.it | News sul Gossip e VIP","isPartOf":{"@id":"https:\/\/www.gossip.it\/#website"},"primaryImageOfPage":{"@id":"https:\/\/www.gossip.it\/news\/giancarlo-magalli-figlia-influencer-affitto\/#primaryimage"},"image":{"@id":"https:\/\/www.gossip.it\/news\/giancarlo-magalli-figlia-influencer-affitto\/#primaryimage"},"thumbnailUrl":"https:\/\/files.gossip.it\/immagini_news\/2019\/12\/1575984296_magalli_1.jpg","datePublished":"2019-12-09T23:00:00+00:00","dateModified":"2019-12-09T23:00:00+00:00","description":"Giancarlo Magalli a Tv Talk parla di influencer. Ospite della trasmissione di Rai Tre il conduttore 72enne dice la sua sul nuovo lavoro che sembra","breadcrumb":{"@id":"https:\/\/www.gossip.it\/news\/giancarlo-magalli-figlia-influencer-affitto\/#breadcrumb"},"inLanguage":"it-IT","potentialAction":[{"@type":"ReadAction","target":["https:\/\/www.gossip.it\/news\/giancarlo-magalli-figlia-influencer-affitto\/"]}]},{"@type":"ImageObject","inLanguage":"it-IT","@id":"https:\/\/www.gossip.it\/news\/giancarlo-magalli-figlia-influencer-affitto\/#primaryimage","url":"https:\/\/files.gossip.it\/immagini_news\/2019\/12\/1575984296_magalli_1.jpg","contentUrl":"https:\/\/files.gossip.it\/immagini_news\/2019\/12\/1575984296_magalli_1.jpg"},{"@type":"BreadcrumbList","@id":"https:\/\/www.gossip.it\/news\/giancarlo-magalli-figlia-influencer-affitto\/#breadcrumb","itemListElement":[{"@type":"ListItem","position":1,"name":"Home","item":"https:\/\/www.gossip.it\/"},{"@type":"ListItem","position":2,"name":"Giancarlo Magalli: 'Mia figlia Michela fa l'influencer, ma l\u2019affitto glielo pago io\u2019"}]},{"@type":"WebSite","@id":"https:\/\/www.gossip.it\/#website","url":"https:\/\/www.gossip.it\/","name":"Gossip and VIP News","description":"Quotidiano di cronaca rosa, costume e societ\u00e0","publisher":{"@id":"https:\/\/www.gossip.it\/#organization"},"alternateName":"Gossip and VIP News","potentialAction":[{"@type":"SearchAction","target":{"@type":"EntryPoint","urlTemplate":"https:\/\/www.gossip.it\/?s={search_term_string}"},"query-input":{"@type":"PropertyValueSpecification","valueRequired":true,"valueName":"search_term_string"}}],"inLanguage":"it-IT"},{"@type":"Organization","@id":"https:\/\/www.gossip.it\/#organization","name":"Gossip and VIP News","alternateName":"Gossip News","url":"https:\/\/www.gossip.it\/","logo":{"@type":"ImageObject","inLanguage":"it-IT","@id":"https:\/\/www.gossip.it\/#\/schema\/logo\/image\/","url":"https:\/\/www.gossip.it\/wp-content\/uploads\/2022\/04\/cropped-corna-alta-tiny.png","contentUrl":"https:\/\/www.gossip.it\/wp-content\/uploads\/2022\/04\/cropped-corna-alta-tiny.png","width":512,"height":512,"caption":"Gossip and VIP News"},"image":{"@id":"https:\/\/www.gossip.it\/#\/schema\/logo\/image\/"},"sameAs":["https:\/\/www.facebook.com\/GossipIT","https:\/\/x.com\/gossinews_it","https:\/\/instagram.com\/gossip_it"]},{"@type":"Person","@id":"https:\/\/www.gossip.it\/#\/schema\/person\/488896f75158bff1cc83c6c39d141110","name":"La Redazione","image":{"@type":"ImageObject","inLanguage":"it-IT","@id":"https:\/\/www.gossip.it\/#\/schema\/person\/image\/","url":"https:\/\/secure.gravatar.com\/avatar\/5a5f5c6fa3e6700e4249abdad0263a1e94e927d9e0499b1cb09c1cd29c044d80?s=96&d=mm&r=g","contentUrl":"https:\/\/secure.gravatar.com\/avatar\/5a5f5c6fa3e6700e4249abdad0263a1e94e927d9e0499b1cb09c1cd29c044d80?s=96&d=mm&r=g","caption":"La Redazione"},"sameAs":["https:\/\/www.gossip.it"]}]}},"amp_enabled":true,"_links":{"self":[{"href":"https:\/\/www.gossip.it\/api\/wp\/v2\/posts\/66075","targetHints":{"allow":["GET"]}}],"collection":[{"href":"https:\/\/www.gossip.it\/api\/wp\/v2\/posts"}],"about":[{"href":"https:\/\/www.gossip.it\/api\/wp\/v2\/types\/post"}],"author":[{"embeddable":true,"href":"https:\/\/www.gossip.it\/api\/wp\/v2\/users\/1"}],"replies":[{"embeddable":true,"href":"https:\/\/www.gossip.it\/api\/wp\/v2\/comments?post=66075"}],"version-history":[{"count":0,"href":"https:\/\/www.gossip.it\/api\/wp\/v2\/posts\/66075\/revisions"}],"wp:featuredmedia":[{"embeddable":true,"href":"https:\/\/www.gossip.it\/api\/wp\/v2\/media\/122121"}],"wp:attachment":[{"href":"https:\/\/www.gossip.it\/api\/wp\/v2\/media?parent=66075"}],"wp:term":[{"taxonomy":"category","embeddable":true,"href":"https:\/\/www.gossip.it\/api\/wp\/v2\/categories?post=66075"},{"taxonomy":"post_tag","embeddable":true,"href":"https:\/\/www.gossip.it\/api\/wp\/v2\/tags?post=66075"},{"taxonomy":"vip","embeddable":true,"href":"https:\/\/www.gossip.it\/api\/wp\/v2\/vip?post=66075"}],"curies":[{"name":"wp","href":"https:\/\/api.w.org\/{rel}","templated":true}]}}