{"id":66099,"date":"2019-12-12T00:00:00","date_gmt":"2019-12-11T23:00:00","guid":{"rendered":"https:\/\/www.gossip.it\/senza-categoria\/miss-italia-edelfa-chiara-masciotta-cicatrici-viso-dopo-incidente\/"},"modified":"2019-12-12T00:00:00","modified_gmt":"2019-12-11T23:00:00","slug":"miss-italia-edelfa-chiara-masciotta-cicatrici-viso-dopo-incidente","status":"publish","type":"post","link":"https:\/\/www.gossip.it\/news\/miss-italia-edelfa-chiara-masciotta-cicatrici-viso-dopo-incidente\/","title":{"rendered":"L\u2019ex Miss Italia Edelfa Chiara Masciotta mostra le cicatrici sul viso dopo l\u2019incidente"},"content":{"rendered":"<p><a href=\"\/vip\/edelfa-chiara masciotta\/\">Edelfa Chiara Masciotta<\/a>, ex <strong>Miss Italia<\/strong>, mostra le <strong>cicatrici<\/strong> sul <strong>viso<\/strong> <strong>dopo<\/strong> l\u2019<strong>incidente<\/strong> di cui \u00e8 stata vittima lo scorso 19 novembre. La 35enne non si nasconde: i segni, seppur molto evidenti, nulla tolgono alla bellezza del suo volto.<\/p>\n<figure class=\"caption\"><img decoding=\"async\" alt=\"L\u2019ex Miss Italia Edelfa Chiara Masciotta mostra le cicatrici sul viso dopo l\u2019incidente\" width=\"640\" height=\"748\" src=\"https:\/\/files.gossip.it\/immagini_news\/2019\/12\/1576151218_masciotta_cicatrici.jpg\" \/><figcaption>L'ex Miss Italia Edelfa Chiara Masciotta mostra le cicatrici sul viso dopo l&rsquo;incidente<\/figcaption><\/figure>\n<p><strong>Edelfa Chiara Masciotta<\/strong>, moglie del calciatore fantasista della Salernitana <a href=\"\/vip\/alessandro-rosina\/\">Alessandro Rosina<\/a>, \u00e8 stata investita da un auto a Torino, in pieno centro.<\/p>\n<p>Purtroppo capita sempre pi\u00f9 spesso che l\u2019attraversamento della strada dei pedoni, nonostante avvenga il pi\u00f9 delle volte sulle strisce, non venga rispettato da chi \u00e8 al volante. Qui in Italia questo malcostume, che fa ogni anno pi\u00f9 vittime, sta diventando un vero flagello. L\u2019ex <strong>Miss Italia <\/strong>2005<strong>\u00a0<\/strong>ha rischiato grosso, ha riportato ferite e traumi. E\u2019 stato necessario un intervento chirurgico al setto nasale per lei.<\/p>\n<figure class=\"caption\"><img decoding=\"async\" alt=\"\" width=\"640\" height=\"640\" src=\"https:\/\/files.gossip.it\/immagini_news\/2019\/12\/1576151250_edelfa_masciotta.jpg\" \/><figcaption>La bella 35enne \u00e8 stata investita da un auto a Torino in pieno centro lo scorso 19 novembre<\/figcaption><\/figure>\n<p><strong>Edelfa Chiara Masciotta<\/strong> dopo essere stata investita \u00e8 stata portata al CTO di Chivasso, ricoverata presso il reparto di otorinolaringoiatria, \u00e8 stata dimessa il giorno dopo, ma i danni riportati al setto nasale hanno richiesto comunque un'operazione.<\/p>\n<p><em>\"Sono\u00a0stata investita in corso Matteotti e il mio naso era messo davvero male. Dopo l\u2019intervento ne avr\u00f2 ancora per una settimana poi passer\u00e0 anche il gonfiore. \u00a0Per fortuna che siamo venuti qui\u2026\u201d, <\/em>ha raccontato a <em>La Repubblica.<\/em><\/p>\n<p>Ora l\u2019ex<strong> Miss Italia<\/strong> mostra le <strong>cicatrici<\/strong>\u00a0sul <strong>viso<\/strong> dopo l\u2019<strong>operazione<\/strong>. Sono centinaia i followers che le domandano come vada il recupero e che le fanno gli auguri di pronta guarigione. <a href=\"\/vip\/manila-nazzaro\/\">Manila Nazzaro<\/a>, anche lei eletta <strong>Miss Italia<\/strong> nel 1999, le scrive:<em> \u201cBellissima comunque\u2026 dai che andr\u00e0 sempre meglio!\u201d.<\/em><\/p>\n<p>\u00a0<\/p>\n","protected":false},"excerpt":{"rendered":"<p>Edelfa Chiara Masciotta, ex Miss Italia, mostra le cicatrici sul viso dopo l\u2019incidente di cui \u00e8 stata vittima lo scorso 19 novembre. La 35enne non si nasconde: i segni, seppur molto evidenti, nulla tolgono alla bellezza del suo volto. L'ex Miss Italia Edelfa Chiara Masciotta mostra le cicatrici sul viso dopo l&rsquo;incidente Edelfa Chiara Masciotta, [&hellip;]<\/p>\n","protected":false},"author":1,"featured_media":122145,"comment_status":"closed","ping_status":"closed","sticky":false,"template":"","format":"standard","meta":{"footnotes":""},"categories":[54],"tags":[13100,2133,12856,6770,2121,12857,2910,1923,2217,4977,3152],"vip":[],"class_list":["post-66099","post","type-post","status-publish","format-standard","has-post-thumbnail","hentry","category-news","tag-cicatrici","tag-dopo","tag-edelfa-chiara-masciotta","tag-incidente","tag-instagram","tag-investita","tag-miss-italia","tag-social","tag-torino","tag-viso","tag-volto"],"yoast_head":"<title>L\u2019ex Miss Italia Edelfa Chiara Masciotta mostra le cicatrici sul viso dopo l\u2019incidente - Gossip.it | News sul Gossip e VIP<\/title>\n<meta name=\"description\" content=\"Edelfa Chiara Masciotta, ex Miss Italia, mostra le cicatrici sul viso dopo l\u2019incidente di cui \u00e8 stata vittima lo scorso 19 novembre. La 35enne non si\" \/>\n<meta name=\"robots\" content=\"index, follow, max-snippet:-1, max-image-preview:large, max-video-preview:-1\" \/>\n<link rel=\"canonical\" href=\"https:\/\/www.gossip.it\/news\/miss-italia-edelfa-chiara-masciotta-cicatrici-viso-dopo-incidente\/\" \/>\n<meta property=\"og:locale\" content=\"it_IT\" \/>\n<meta property=\"og:type\" content=\"article\" \/>\n<meta property=\"og:title\" content=\"L\u2019ex Miss Italia Edelfa Chiara Masciotta mostra le cicatrici sul viso dopo l\u2019incidente - Gossip.it | News sul Gossip e VIP\" \/>\n<meta property=\"og:description\" content=\"Edelfa Chiara Masciotta, ex Miss Italia, mostra le cicatrici sul viso dopo l\u2019incidente di cui \u00e8 stata vittima lo scorso 19 novembre. La 35enne non si\" \/>\n<meta property=\"og:url\" content=\"https:\/\/www.gossip.it\/news\/miss-italia-edelfa-chiara-masciotta-cicatrici-viso-dopo-incidente\/\" \/>\n<meta property=\"og:site_name\" content=\"Gossip.it | News sul Gossip e VIP\" \/>\n<meta property=\"article:publisher\" content=\"https:\/\/www.facebook.com\/GossipIT\" \/>\n<meta property=\"article:published_time\" content=\"2019-12-11T23:00:00+00:00\" \/>\n<meta property=\"og:image\" content=\"https:\/\/files.gossip.it\/immagini_news\/2019\/12\/1576151218_masciotta_cicatrici.jpg\" \/>\n<meta name=\"author\" content=\"La Redazione\" \/>\n<meta name=\"twitter:card\" content=\"summary_large_image\" \/>\n<meta name=\"twitter:image\" content=\"https:\/\/files.gossip.it\/immagini_news\/2019\/12\/1576151218_masciotta_cicatrici.jpg\" \/>\n<meta name=\"twitter:creator\" content=\"@gossinews_it\" \/>\n<meta name=\"twitter:site\" content=\"@gossinews_it\" \/>\n<meta name=\"twitter:label1\" content=\"Scritto da\" \/>\n\t<meta name=\"twitter:data1\" content=\"Annamaria Capozzi\" \/>\n\t<meta name=\"twitter:label2\" content=\"Tempo di lettura stimato\" \/>\n\t<meta name=\"twitter:data2\" content=\"1 minuto\" \/>","yoast_head_json":{"title":"L\u2019ex Miss Italia Edelfa Chiara Masciotta mostra le cicatrici sul viso dopo l\u2019incidente - Gossip.it | News sul Gossip e VIP","description":"Edelfa Chiara Masciotta, ex Miss Italia, mostra le cicatrici sul viso dopo l\u2019incidente di cui \u00e8 stata vittima lo scorso 19 novembre. La 35enne non si","robots":{"index":"index","follow":"follow","max-snippet":"max-snippet:-1","max-image-preview":"max-image-preview:large","max-video-preview":"max-video-preview:-1"},"canonical":"https:\/\/www.gossip.it\/news\/miss-italia-edelfa-chiara-masciotta-cicatrici-viso-dopo-incidente\/","og_locale":"it_IT","og_type":"article","og_title":"L\u2019ex Miss Italia Edelfa Chiara Masciotta mostra le cicatrici sul viso dopo l\u2019incidente - Gossip.it | News sul Gossip e VIP","og_description":"Edelfa Chiara Masciotta, ex Miss Italia, mostra le cicatrici sul viso dopo l\u2019incidente di cui \u00e8 stata vittima lo scorso 19 novembre. La 35enne non si","og_url":"https:\/\/www.gossip.it\/news\/miss-italia-edelfa-chiara-masciotta-cicatrici-viso-dopo-incidente\/","og_site_name":"Gossip.it | News sul Gossip e VIP","article_publisher":"https:\/\/www.facebook.com\/GossipIT","article_published_time":"2019-12-11T23:00:00+00:00","og_image":[{"url":"https:\/\/files.gossip.it\/immagini_news\/2019\/12\/1576151218_masciotta_cicatrici.jpg"}],"author":"La Redazione","twitter_card":"summary_large_image","twitter_image":"https:\/\/files.gossip.it\/immagini_news\/2019\/12\/1576151218_masciotta_cicatrici.jpg","twitter_creator":"@gossinews_it","twitter_site":"@gossinews_it","twitter_misc":{"Scritto da":"Annamaria Capozzi","Tempo di lettura stimato":"1 minuto"},"schema":{"@context":"https:\/\/schema.org","@graph":[{"@type":"Article","@id":"https:\/\/www.gossip.it\/news\/miss-italia-edelfa-chiara-masciotta-cicatrici-viso-dopo-incidente\/#article","isPartOf":{"@id":"https:\/\/www.gossip.it\/news\/miss-italia-edelfa-chiara-masciotta-cicatrici-viso-dopo-incidente\/"},"author":{"name":"La Redazione","@id":"https:\/\/www.gossip.it\/#\/schema\/person\/488896f75158bff1cc83c6c39d141110"},"headline":"L\u2019ex Miss Italia Edelfa Chiara Masciotta mostra le cicatrici sul viso dopo l\u2019incidente","datePublished":"2019-12-11T23:00:00+00:00","dateModified":"2019-12-11T23:00:00+00:00","mainEntityOfPage":{"@id":"https:\/\/www.gossip.it\/news\/miss-italia-edelfa-chiara-masciotta-cicatrici-viso-dopo-incidente\/"},"wordCount":297,"publisher":{"@id":"https:\/\/www.gossip.it\/#organization"},"image":{"@id":"https:\/\/www.gossip.it\/news\/miss-italia-edelfa-chiara-masciotta-cicatrici-viso-dopo-incidente\/#primaryimage"},"thumbnailUrl":"https:\/\/files.gossip.it\/immagini_news\/2019\/12\/1576151218_masciotta_cicatrici.jpg","keywords":["cicatrici","dopo","edelfa chiara masciotta","incidente","instagram","investita","miss italia","social","torino","viso","volto"],"articleSection":["News"],"inLanguage":"it-IT"},{"@type":"WebPage","@id":"https:\/\/www.gossip.it\/news\/miss-italia-edelfa-chiara-masciotta-cicatrici-viso-dopo-incidente\/","url":"https:\/\/www.gossip.it\/news\/miss-italia-edelfa-chiara-masciotta-cicatrici-viso-dopo-incidente\/","name":"L\u2019ex Miss Italia Edelfa Chiara Masciotta mostra le cicatrici sul viso dopo l\u2019incidente - Gossip.it | News sul Gossip e VIP","isPartOf":{"@id":"https:\/\/www.gossip.it\/#website"},"primaryImageOfPage":{"@id":"https:\/\/www.gossip.it\/news\/miss-italia-edelfa-chiara-masciotta-cicatrici-viso-dopo-incidente\/#primaryimage"},"image":{"@id":"https:\/\/www.gossip.it\/news\/miss-italia-edelfa-chiara-masciotta-cicatrici-viso-dopo-incidente\/#primaryimage"},"thumbnailUrl":"https:\/\/files.gossip.it\/immagini_news\/2019\/12\/1576151218_masciotta_cicatrici.jpg","datePublished":"2019-12-11T23:00:00+00:00","dateModified":"2019-12-11T23:00:00+00:00","description":"Edelfa Chiara Masciotta, ex Miss Italia, mostra le cicatrici sul viso dopo l\u2019incidente di cui \u00e8 stata vittima lo scorso 19 novembre. La 35enne non si","breadcrumb":{"@id":"https:\/\/www.gossip.it\/news\/miss-italia-edelfa-chiara-masciotta-cicatrici-viso-dopo-incidente\/#breadcrumb"},"inLanguage":"it-IT","potentialAction":[{"@type":"ReadAction","target":["https:\/\/www.gossip.it\/news\/miss-italia-edelfa-chiara-masciotta-cicatrici-viso-dopo-incidente\/"]}]},{"@type":"ImageObject","inLanguage":"it-IT","@id":"https:\/\/www.gossip.it\/news\/miss-italia-edelfa-chiara-masciotta-cicatrici-viso-dopo-incidente\/#primaryimage","url":"https:\/\/files.gossip.it\/immagini_news\/2019\/12\/1576151218_masciotta_cicatrici.jpg","contentUrl":"https:\/\/files.gossip.it\/immagini_news\/2019\/12\/1576151218_masciotta_cicatrici.jpg"},{"@type":"BreadcrumbList","@id":"https:\/\/www.gossip.it\/news\/miss-italia-edelfa-chiara-masciotta-cicatrici-viso-dopo-incidente\/#breadcrumb","itemListElement":[{"@type":"ListItem","position":1,"name":"Home","item":"https:\/\/www.gossip.it\/"},{"@type":"ListItem","position":2,"name":"L\u2019ex Miss Italia Edelfa Chiara Masciotta mostra le cicatrici sul viso dopo l\u2019incidente"}]},{"@type":"WebSite","@id":"https:\/\/www.gossip.it\/#website","url":"https:\/\/www.gossip.it\/","name":"Gossip and VIP News","description":"Quotidiano di cronaca rosa, costume e societ\u00e0","publisher":{"@id":"https:\/\/www.gossip.it\/#organization"},"alternateName":"Gossip and VIP News","potentialAction":[{"@type":"SearchAction","target":{"@type":"EntryPoint","urlTemplate":"https:\/\/www.gossip.it\/?s={search_term_string}"},"query-input":{"@type":"PropertyValueSpecification","valueRequired":true,"valueName":"search_term_string"}}],"inLanguage":"it-IT"},{"@type":"Organization","@id":"https:\/\/www.gossip.it\/#organization","name":"Gossip and VIP News","alternateName":"Gossip News","url":"https:\/\/www.gossip.it\/","logo":{"@type":"ImageObject","inLanguage":"it-IT","@id":"https:\/\/www.gossip.it\/#\/schema\/logo\/image\/","url":"https:\/\/www.gossip.it\/wp-content\/uploads\/2022\/04\/cropped-corna-alta-tiny.png","contentUrl":"https:\/\/www.gossip.it\/wp-content\/uploads\/2022\/04\/cropped-corna-alta-tiny.png","width":512,"height":512,"caption":"Gossip and VIP News"},"image":{"@id":"https:\/\/www.gossip.it\/#\/schema\/logo\/image\/"},"sameAs":["https:\/\/www.facebook.com\/GossipIT","https:\/\/x.com\/gossinews_it","https:\/\/instagram.com\/gossip_it"]},{"@type":"Person","@id":"https:\/\/www.gossip.it\/#\/schema\/person\/488896f75158bff1cc83c6c39d141110","name":"La Redazione","image":{"@type":"ImageObject","inLanguage":"it-IT","@id":"https:\/\/www.gossip.it\/#\/schema\/person\/image\/","url":"https:\/\/secure.gravatar.com\/avatar\/5a5f5c6fa3e6700e4249abdad0263a1e94e927d9e0499b1cb09c1cd29c044d80?s=96&d=mm&r=g","contentUrl":"https:\/\/secure.gravatar.com\/avatar\/5a5f5c6fa3e6700e4249abdad0263a1e94e927d9e0499b1cb09c1cd29c044d80?s=96&d=mm&r=g","caption":"La Redazione"},"sameAs":["https:\/\/www.gossip.it"]}]}},"amp_enabled":true,"_links":{"self":[{"href":"https:\/\/www.gossip.it\/api\/wp\/v2\/posts\/66099","targetHints":{"allow":["GET"]}}],"collection":[{"href":"https:\/\/www.gossip.it\/api\/wp\/v2\/posts"}],"about":[{"href":"https:\/\/www.gossip.it\/api\/wp\/v2\/types\/post"}],"author":[{"embeddable":true,"href":"https:\/\/www.gossip.it\/api\/wp\/v2\/users\/1"}],"replies":[{"embeddable":true,"href":"https:\/\/www.gossip.it\/api\/wp\/v2\/comments?post=66099"}],"version-history":[{"count":0,"href":"https:\/\/www.gossip.it\/api\/wp\/v2\/posts\/66099\/revisions"}],"wp:featuredmedia":[{"embeddable":true,"href":"https:\/\/www.gossip.it\/api\/wp\/v2\/media\/122145"}],"wp:attachment":[{"href":"https:\/\/www.gossip.it\/api\/wp\/v2\/media?parent=66099"}],"wp:term":[{"taxonomy":"category","embeddable":true,"href":"https:\/\/www.gossip.it\/api\/wp\/v2\/categories?post=66099"},{"taxonomy":"post_tag","embeddable":true,"href":"https:\/\/www.gossip.it\/api\/wp\/v2\/tags?post=66099"},{"taxonomy":"vip","embeddable":true,"href":"https:\/\/www.gossip.it\/api\/wp\/v2\/vip?post=66099"}],"curies":[{"name":"wp","href":"https:\/\/api.w.org\/{rel}","templated":true}]}}