{"id":66122,"date":"2019-12-16T00:00:00","date_gmt":"2019-12-15T23:00:00","guid":{"rendered":"https:\/\/www.gossip.it\/senza-categoria\/wanda-nara-confessa-soffro-differenza-eta-mauro-icardi\/"},"modified":"2019-12-16T00:00:00","modified_gmt":"2019-12-15T23:00:00","slug":"wanda-nara-confessa-soffro-differenza-eta-mauro-icardi","status":"publish","type":"post","link":"https:\/\/www.gossip.it\/news\/wanda-nara-confessa-soffro-differenza-eta-mauro-icardi\/","title":{"rendered":"Wanda Nara confessa: 'Soffro la differenza d\u2019et\u00e0 con Mauro Icardi\u2019"},"content":{"rendered":"<p><a href=\"\/vip\/wanda-nara\/\">Wanda Nara<\/a> insicura in amore? Sembrerebbe proprio di s\u00ec. La showgirl argentina ha rivelato in un\u2019intervista al quotidiano <em>\u2018La Repubblica\u2019 <\/em>di soffrire per la <strong>differenza d\u2019et\u00e0<\/strong> con il marito <a href=\"\/vip\/mauro-icardi\/\">Mauro Icardi<\/a>, attaccante attualmente in forza al <em>Paris Saint Germain<\/em>. La 33enne, che ha sette anni pi\u00f9 della sua dolce met\u00e0, tiene molto alla sua immagine proprio perch\u00e9 sotto sotto teme la \u201cconcorrenza\u201d. <em>\u201cLa verit\u00e0 \u00e8 che soffro la <strong>differenza d'et\u00e0<\/strong> con Mauro, ho sette anni pi\u00f9 di lui. Ci tengo a essere sexy, anche sui social. Mi <strong>nascondo <\/strong>dietro un personaggio. Se ti fai conoscere e capiscono il tuo<strong> punto debole<\/strong>, poi sanno dove colpirti\u201d<\/em>, ha fatto sapere.<\/p>\n<figure class=\"caption\"><img decoding=\"async\" alt=\"Wanda Nara, 33 anni, soffre per la differena d'et\u00e0 con il marito Mauro Icardi, che ha 26 anni, 7 meno di lei\" width=\"640\" height=\"785\" src=\"https:\/\/files.gossip.it\/immagini_news\/2019\/12\/1576495015_nara_icardi_1.jpg\" \/><figcaption>Wanda Nara, 33 anni, soffre per la differena d'et\u00e0 con il marito Mauro Icardi, che ha 26 anni, 7 meno di lei<\/figcaption><\/figure>\n<p>Durante l\u2019intervista Wanda ha parlato anche del difficilissimo rapporto con suo <strong>padre<\/strong>, che dopo l\u2019addio all\u2019ex <a href=\"\/vip\/maxi-lopez\/\">Maxi Lopez<\/a>, da cui ha avuto i suoi tre figli maschi, Costantino, Valentino e Benedicto, si \u00e8 schierato contro di lei. <em>\u201cI rapporti sono complicati da anni. Quando ho divorziato, ho preso i bambini e sono tornata in Argentina a lavorare. Sarebbe stato importante averlo al mio fianco, invece pap\u00e0 \u00e8 stato vicino al mio ex. Continua a fare <strong>scorrettezze<\/strong>: io non gli rispondo\u201d<\/em>, ha detto.<\/p>\n<p>Dal prossimo gennaio Wanda sar\u00e0 opinionista insieme a <strong>Pupo<\/strong> del<em> \u2018Grande Fratello Vip\u2019<\/em>. Inizialmente le era stato proposto di entrare nella<strong> Casa<\/strong> come concorrente: <em>\u201cSarebbe stato impossibile con cinque bambini piccoli. L'idea dell'opinionista \u00e8 nata con <\/em><a href=\"\/vip\/alfonso-signorini\/\">Alfonso Signorini<\/a><em>, so che imparer\u00f2 tanto da lui. Ho conosciuto Pupo, \u00e8 carinissimo. Dietro il personaggio c'\u00e8 una persona schietta, come me\u201d<\/em>.<\/p>\n<figure class=\"caption\"><img decoding=\"async\" alt=\"Wanda Nara con Mauro Icardi\" width=\"640\" height=\"774\" src=\"https:\/\/files.gossip.it\/immagini_news\/2019\/12\/1576495054_nara_icardi_2.jpg\" \/><figcaption>Wanda Nara con Mauro Icardi<\/figcaption><\/figure>\n<p>Com\u2019\u00e8 dividere la propria vita tra <strong>Parigi<\/strong>, <strong>Milano<\/strong>, e adesso anche<strong> Roma<\/strong>? <em>\u201cFacciamo weekend lunghi. Prima Mauro mi aiutava tantissimo, \u00e8 un pap\u00e0 <strong>speciale<\/strong>. Quando non stava in Nazionale era molto presente, preparava la merenda per i figli e la sera a volte cucinava\u201d<\/em>.<\/p>\n<figure class=\"caption\"><img decoding=\"async\" alt=\"Wanda Nara e Mauro Icardi con i figli, i tre maschi Costantino, Valentino e Benedicto, nati dal matrimonio con Maxi Lopez, e le due femmine Francesca e Isabella, frutto del loro amore\" width=\"640\" height=\"684\" src=\"https:\/\/files.gossip.it\/immagini_news\/2019\/12\/1576495256_nara_icardi_3.jpg\" \/><figcaption>Wanda Nara e Mauro Icardi con i figli, i tre maschi Costantino, Valentino e Benedicto, nati dal matrimonio tra la showgirl e Maxi Lopez, e le due femmine Francesca e Isabella, frutto del loro amore<\/figcaption><\/figure>\n<p>Wanda infine ci tiene a far sapere che la sua vita \u00e8 molto diversa da quello che il pubblico pensa. <em>\u201cSe mettessero una<strong> telecamera<\/strong> a casa nostra conoscerebbero persone diverse. Sono una mamma che si alza presto la mattina, prepara la colazione e porta i figli a scuola. Mi sento pi\u00f9 in concorrenza con le altre madri che con i personaggi televisivi\u201d<\/em>, ha concluso.<\/p>\n<p>\u00a0<\/p>\n","protected":false},"excerpt":{"rendered":"<p>Wanda Nara insicura in amore? Sembrerebbe proprio di s\u00ec. La showgirl argentina ha rivelato in un\u2019intervista al quotidiano \u2018La Repubblica\u2019 di soffrire per la differenza d\u2019et\u00e0 con il marito Mauro Icardi, attaccante attualmente in forza al Paris Saint Germain. La 33enne, che ha sette anni pi\u00f9 della sua dolce met\u00e0, tiene molto alla sua immagine [&hellip;]<\/p>\n","protected":false},"author":1,"featured_media":122168,"comment_status":"closed","ping_status":"closed","sticky":false,"template":"","format":"standard","meta":{"footnotes":""},"categories":[54],"tags":[8921,8920],"vip":[],"class_list":["post-66122","post","type-post","status-publish","format-standard","has-post-thumbnail","hentry","category-news","tag-mauro-icardi","tag-wanda-nara"],"yoast_head":"<title>Wanda Nara confessa: &#039;Soffro la differenza d\u2019et\u00e0 con Mauro Icardi\u2019 - Gossip.it | News sul Gossip e VIP<\/title>\n<meta name=\"description\" content=\"Wanda Nara insicura in amore? Sembrerebbe proprio di s\u00ec. La showgirl argentina ha rivelato in un\u2019intervista al quotidiano \u2018La Repubblica\u2019 di soffrire per\" \/>\n<meta name=\"robots\" content=\"index, follow, max-snippet:-1, max-image-preview:large, max-video-preview:-1\" \/>\n<link rel=\"canonical\" href=\"https:\/\/www.gossip.it\/news\/wanda-nara-confessa-soffro-differenza-eta-mauro-icardi\/\" \/>\n<meta property=\"og:locale\" content=\"it_IT\" \/>\n<meta property=\"og:type\" content=\"article\" \/>\n<meta property=\"og:title\" content=\"Wanda Nara confessa: &#039;Soffro la differenza d\u2019et\u00e0 con Mauro Icardi\u2019 - Gossip.it | News sul Gossip e VIP\" \/>\n<meta property=\"og:description\" content=\"Wanda Nara insicura in amore? Sembrerebbe proprio di s\u00ec. La showgirl argentina ha rivelato in un\u2019intervista al quotidiano \u2018La Repubblica\u2019 di soffrire per\" \/>\n<meta property=\"og:url\" content=\"https:\/\/www.gossip.it\/news\/wanda-nara-confessa-soffro-differenza-eta-mauro-icardi\/\" \/>\n<meta property=\"og:site_name\" content=\"Gossip.it | News sul Gossip e VIP\" \/>\n<meta property=\"article:publisher\" content=\"https:\/\/www.facebook.com\/GossipIT\" \/>\n<meta property=\"article:published_time\" content=\"2019-12-15T23:00:00+00:00\" \/>\n<meta property=\"og:image\" content=\"https:\/\/files.gossip.it\/immagini_news\/2019\/12\/1576495015_nara_icardi_1.jpg\" \/>\n<meta name=\"author\" content=\"La Redazione\" \/>\n<meta name=\"twitter:card\" content=\"summary_large_image\" \/>\n<meta name=\"twitter:image\" content=\"https:\/\/files.gossip.it\/immagini_news\/2019\/12\/1576495015_nara_icardi_1.jpg\" \/>\n<meta name=\"twitter:creator\" content=\"@gossinews_it\" \/>\n<meta name=\"twitter:site\" content=\"@gossinews_it\" \/>\n<meta name=\"twitter:label1\" content=\"Scritto da\" \/>\n\t<meta name=\"twitter:data1\" content=\"la Redazione\" \/>\n\t<meta name=\"twitter:label2\" content=\"Tempo di lettura stimato\" \/>\n\t<meta name=\"twitter:data2\" content=\"2 minuti\" \/>","yoast_head_json":{"title":"Wanda Nara confessa: 'Soffro la differenza d\u2019et\u00e0 con Mauro Icardi\u2019 - Gossip.it | News sul Gossip e VIP","description":"Wanda Nara insicura in amore? Sembrerebbe proprio di s\u00ec. La showgirl argentina ha rivelato in un\u2019intervista al quotidiano \u2018La Repubblica\u2019 di soffrire per","robots":{"index":"index","follow":"follow","max-snippet":"max-snippet:-1","max-image-preview":"max-image-preview:large","max-video-preview":"max-video-preview:-1"},"canonical":"https:\/\/www.gossip.it\/news\/wanda-nara-confessa-soffro-differenza-eta-mauro-icardi\/","og_locale":"it_IT","og_type":"article","og_title":"Wanda Nara confessa: 'Soffro la differenza d\u2019et\u00e0 con Mauro Icardi\u2019 - Gossip.it | News sul Gossip e VIP","og_description":"Wanda Nara insicura in amore? Sembrerebbe proprio di s\u00ec. La showgirl argentina ha rivelato in un\u2019intervista al quotidiano \u2018La Repubblica\u2019 di soffrire per","og_url":"https:\/\/www.gossip.it\/news\/wanda-nara-confessa-soffro-differenza-eta-mauro-icardi\/","og_site_name":"Gossip.it | News sul Gossip e VIP","article_publisher":"https:\/\/www.facebook.com\/GossipIT","article_published_time":"2019-12-15T23:00:00+00:00","og_image":[{"url":"https:\/\/files.gossip.it\/immagini_news\/2019\/12\/1576495015_nara_icardi_1.jpg"}],"author":"La Redazione","twitter_card":"summary_large_image","twitter_image":"https:\/\/files.gossip.it\/immagini_news\/2019\/12\/1576495015_nara_icardi_1.jpg","twitter_creator":"@gossinews_it","twitter_site":"@gossinews_it","twitter_misc":{"Scritto da":"la Redazione","Tempo di lettura stimato":"2 minuti"},"schema":{"@context":"https:\/\/schema.org","@graph":[{"@type":"Article","@id":"https:\/\/www.gossip.it\/news\/wanda-nara-confessa-soffro-differenza-eta-mauro-icardi\/#article","isPartOf":{"@id":"https:\/\/www.gossip.it\/news\/wanda-nara-confessa-soffro-differenza-eta-mauro-icardi\/"},"author":{"name":"La Redazione","@id":"https:\/\/www.gossip.it\/#\/schema\/person\/488896f75158bff1cc83c6c39d141110"},"headline":"Wanda Nara confessa: 'Soffro la differenza d\u2019et\u00e0 con Mauro Icardi\u2019","datePublished":"2019-12-15T23:00:00+00:00","dateModified":"2019-12-15T23:00:00+00:00","mainEntityOfPage":{"@id":"https:\/\/www.gossip.it\/news\/wanda-nara-confessa-soffro-differenza-eta-mauro-icardi\/"},"wordCount":428,"publisher":{"@id":"https:\/\/www.gossip.it\/#organization"},"image":{"@id":"https:\/\/www.gossip.it\/news\/wanda-nara-confessa-soffro-differenza-eta-mauro-icardi\/#primaryimage"},"thumbnailUrl":"https:\/\/files.gossip.it\/immagini_news\/2019\/12\/1576495015_nara_icardi_1.jpg","keywords":["mauro icardi","wanda nara"],"articleSection":["News"],"inLanguage":"it-IT"},{"@type":"WebPage","@id":"https:\/\/www.gossip.it\/news\/wanda-nara-confessa-soffro-differenza-eta-mauro-icardi\/","url":"https:\/\/www.gossip.it\/news\/wanda-nara-confessa-soffro-differenza-eta-mauro-icardi\/","name":"Wanda Nara confessa: 'Soffro la differenza d\u2019et\u00e0 con Mauro Icardi\u2019 - Gossip.it | News sul Gossip e VIP","isPartOf":{"@id":"https:\/\/www.gossip.it\/#website"},"primaryImageOfPage":{"@id":"https:\/\/www.gossip.it\/news\/wanda-nara-confessa-soffro-differenza-eta-mauro-icardi\/#primaryimage"},"image":{"@id":"https:\/\/www.gossip.it\/news\/wanda-nara-confessa-soffro-differenza-eta-mauro-icardi\/#primaryimage"},"thumbnailUrl":"https:\/\/files.gossip.it\/immagini_news\/2019\/12\/1576495015_nara_icardi_1.jpg","datePublished":"2019-12-15T23:00:00+00:00","dateModified":"2019-12-15T23:00:00+00:00","description":"Wanda Nara insicura in amore? Sembrerebbe proprio di s\u00ec. La showgirl argentina ha rivelato in un\u2019intervista al quotidiano \u2018La Repubblica\u2019 di soffrire per","breadcrumb":{"@id":"https:\/\/www.gossip.it\/news\/wanda-nara-confessa-soffro-differenza-eta-mauro-icardi\/#breadcrumb"},"inLanguage":"it-IT","potentialAction":[{"@type":"ReadAction","target":["https:\/\/www.gossip.it\/news\/wanda-nara-confessa-soffro-differenza-eta-mauro-icardi\/"]}]},{"@type":"ImageObject","inLanguage":"it-IT","@id":"https:\/\/www.gossip.it\/news\/wanda-nara-confessa-soffro-differenza-eta-mauro-icardi\/#primaryimage","url":"https:\/\/files.gossip.it\/immagini_news\/2019\/12\/1576495015_nara_icardi_1.jpg","contentUrl":"https:\/\/files.gossip.it\/immagini_news\/2019\/12\/1576495015_nara_icardi_1.jpg"},{"@type":"BreadcrumbList","@id":"https:\/\/www.gossip.it\/news\/wanda-nara-confessa-soffro-differenza-eta-mauro-icardi\/#breadcrumb","itemListElement":[{"@type":"ListItem","position":1,"name":"Home","item":"https:\/\/www.gossip.it\/"},{"@type":"ListItem","position":2,"name":"Wanda Nara confessa: 'Soffro la differenza d\u2019et\u00e0 con Mauro Icardi\u2019"}]},{"@type":"WebSite","@id":"https:\/\/www.gossip.it\/#website","url":"https:\/\/www.gossip.it\/","name":"Gossip and VIP News","description":"Quotidiano di cronaca rosa, costume e societ\u00e0","publisher":{"@id":"https:\/\/www.gossip.it\/#organization"},"alternateName":"Gossip and VIP News","potentialAction":[{"@type":"SearchAction","target":{"@type":"EntryPoint","urlTemplate":"https:\/\/www.gossip.it\/?s={search_term_string}"},"query-input":{"@type":"PropertyValueSpecification","valueRequired":true,"valueName":"search_term_string"}}],"inLanguage":"it-IT"},{"@type":"Organization","@id":"https:\/\/www.gossip.it\/#organization","name":"Gossip and VIP News","alternateName":"Gossip News","url":"https:\/\/www.gossip.it\/","logo":{"@type":"ImageObject","inLanguage":"it-IT","@id":"https:\/\/www.gossip.it\/#\/schema\/logo\/image\/","url":"https:\/\/www.gossip.it\/wp-content\/uploads\/2022\/04\/cropped-corna-alta-tiny.png","contentUrl":"https:\/\/www.gossip.it\/wp-content\/uploads\/2022\/04\/cropped-corna-alta-tiny.png","width":512,"height":512,"caption":"Gossip and VIP News"},"image":{"@id":"https:\/\/www.gossip.it\/#\/schema\/logo\/image\/"},"sameAs":["https:\/\/www.facebook.com\/GossipIT","https:\/\/x.com\/gossinews_it","https:\/\/instagram.com\/gossip_it"]},{"@type":"Person","@id":"https:\/\/www.gossip.it\/#\/schema\/person\/488896f75158bff1cc83c6c39d141110","name":"La Redazione","image":{"@type":"ImageObject","inLanguage":"it-IT","@id":"https:\/\/www.gossip.it\/#\/schema\/person\/image\/","url":"https:\/\/secure.gravatar.com\/avatar\/5a5f5c6fa3e6700e4249abdad0263a1e94e927d9e0499b1cb09c1cd29c044d80?s=96&d=mm&r=g","contentUrl":"https:\/\/secure.gravatar.com\/avatar\/5a5f5c6fa3e6700e4249abdad0263a1e94e927d9e0499b1cb09c1cd29c044d80?s=96&d=mm&r=g","caption":"La Redazione"},"sameAs":["https:\/\/www.gossip.it"]}]}},"amp_enabled":true,"_links":{"self":[{"href":"https:\/\/www.gossip.it\/api\/wp\/v2\/posts\/66122","targetHints":{"allow":["GET"]}}],"collection":[{"href":"https:\/\/www.gossip.it\/api\/wp\/v2\/posts"}],"about":[{"href":"https:\/\/www.gossip.it\/api\/wp\/v2\/types\/post"}],"author":[{"embeddable":true,"href":"https:\/\/www.gossip.it\/api\/wp\/v2\/users\/1"}],"replies":[{"embeddable":true,"href":"https:\/\/www.gossip.it\/api\/wp\/v2\/comments?post=66122"}],"version-history":[{"count":0,"href":"https:\/\/www.gossip.it\/api\/wp\/v2\/posts\/66122\/revisions"}],"wp:featuredmedia":[{"embeddable":true,"href":"https:\/\/www.gossip.it\/api\/wp\/v2\/media\/122168"}],"wp:attachment":[{"href":"https:\/\/www.gossip.it\/api\/wp\/v2\/media?parent=66122"}],"wp:term":[{"taxonomy":"category","embeddable":true,"href":"https:\/\/www.gossip.it\/api\/wp\/v2\/categories?post=66122"},{"taxonomy":"post_tag","embeddable":true,"href":"https:\/\/www.gossip.it\/api\/wp\/v2\/tags?post=66122"},{"taxonomy":"vip","embeddable":true,"href":"https:\/\/www.gossip.it\/api\/wp\/v2\/vip?post=66122"}],"curies":[{"name":"wp","href":"https:\/\/api.w.org\/{rel}","templated":true}]}}