{"id":66182,"date":"2019-12-24T00:00:00","date_gmt":"2019-12-23T23:00:00","guid":{"rendered":"https:\/\/www.gossip.it\/senza-categoria\/rosa-perrotta-dopo-parto-calo-desiderio-suora\/"},"modified":"2019-12-24T00:00:00","modified_gmt":"2019-12-23T23:00:00","slug":"rosa-perrotta-dopo-parto-calo-desiderio-suora","status":"publish","type":"post","link":"https:\/\/www.gossip.it\/news\/rosa-perrotta-dopo-parto-calo-desiderio-suora\/","title":{"rendered":"Rosa Perrotta: 'Dopo il parto ho avuto un calo del desiderio, mi sento una suora\u2019"},"content":{"rendered":"<p>Dopo la nascita del figlio<strong> Domenico<\/strong>, venuto al mondo lo scorso luglio, <a href=\"\/vip\/rosa-perrotta\/\">Rosa Perrotta<\/a> \u00e8 cambiata. E soprattutto \u00e8 cambiata la vita di <strong>coppia<\/strong> dell\u2019ex tronista e del compagno <a href=\"\/vip\/pietro-tartaglione\/\">Pietro Tartaglione<\/a>. Dalla scorsa estate la loro<strong> intimit\u00e0 <\/strong>non \u00e8 pi\u00f9 la stessa.<em> \u201cOggi mi sento una <strong>suora<\/strong>. Pietro non mi ha sfiorata per mesi. Anche una sua carezza mi faceva andare in bestia. Ancora oggi non \u00e8 pi\u00f9 come prima. C\u2019\u00e8 un <strong>calo<\/strong> del <strong>desiderio allucinante<\/strong>\u201d<\/em>, ha spiegato la 30enne al settimanale \u2018Chi\u2019.<\/p>\n<figure class=\"caption\"><img decoding=\"async\" alt=\"Rosa Perrotta, 29 anni, insieme al figlio Domenico, detto Dodo\" width=\"640\" height=\"821\" src=\"https:\/\/files.gossip.it\/immagini_news\/2019\/12\/1577187095_perrotta_1.jpg\" \/><figcaption>Rosa Perrotta, 30 anni, insieme al figlio Domenico, detto Dodo<\/figcaption><\/figure>\n<p>Pietro soffre per questa situazione. Rosa non riesce a capire cosa le sia successo.<em> \u201cAl momento non voglio prenderla come se fosse una <strong>patologia<\/strong>. Il mio uomo ne soffre. All\u2019inizio credeva che fossimo in<strong> crisi<\/strong>, ma \u00e8 come se il mio corpo, adesso, appartenesse solo a mio figlio\u201d<\/em>, ha aggiunto la partenopea.<\/p>\n<figure class=\"caption\"><img decoding=\"async\" alt=\"Rosa Perrotta e Pietro Tartaglione, 29 anni, stanno vivendo un periodo di coppia un po' particolare...\" width=\"640\" height=\"814\" src=\"https:\/\/files.gossip.it\/immagini_news\/2019\/12\/1577187119_perrotta_2.jpg\" \/><figcaption>Rosa Perrotta e Pietro Tartaglione, 29 anni, stanno vivendo un periodo di coppia un po' particolare...<\/figcaption><\/figure>\n<p>La voglia di<strong> sposarsi <\/strong>non \u00e8 per\u00f2 diminuita, anzi. Anche se sui tempi non ci sono certezze. La Perrotta vorrebbe che fosse addirittura il figlio, che ha appena 5 mesi, a portare le <strong>fedi<\/strong> alla mamma e al pap\u00e0. <em>\u201cFosse per Pietro mi sposerebbe anche domani. Con calma faremo tutto. E poi vorrei che mio figlio portasse le fedi all\u2019altare\u201d<\/em>, ha concluso.<\/p>\n<p>\u00a0<\/p>\n","protected":false},"excerpt":{"rendered":"<p>Dopo la nascita del figlio Domenico, venuto al mondo lo scorso luglio, Rosa Perrotta \u00e8 cambiata. E soprattutto \u00e8 cambiata la vita di coppia dell\u2019ex tronista e del compagno Pietro Tartaglione. Dalla scorsa estate la loro intimit\u00e0 non \u00e8 pi\u00f9 la stessa. \u201cOggi mi sento una suora. Pietro non mi ha sfiorata per mesi. Anche [&hellip;]<\/p>\n","protected":false},"author":1,"featured_media":122228,"comment_status":"closed","ping_status":"closed","sticky":false,"template":"","format":"standard","meta":{"footnotes":""},"categories":[54],"tags":[12215,11472],"vip":[],"class_list":["post-66182","post","type-post","status-publish","format-standard","has-post-thumbnail","hentry","category-news","tag-pietro-tartaglione","tag-rosa-perrotta"],"yoast_head":"<title>Rosa Perrotta: &#039;Dopo il parto ho avuto un calo del desiderio, mi sento una suora\u2019 - Gossip.it | News sul Gossip e VIP<\/title>\n<meta name=\"description\" content=\"Dopo la nascita del figlio Domenico, venuto al mondo lo scorso luglio, Rosa Perrotta \u00e8 cambiata. E soprattutto \u00e8 cambiata la vita di coppia dell\u2019ex\" \/>\n<meta name=\"robots\" content=\"index, follow, max-snippet:-1, max-image-preview:large, max-video-preview:-1\" \/>\n<link rel=\"canonical\" href=\"https:\/\/www.gossip.it\/news\/rosa-perrotta-dopo-parto-calo-desiderio-suora\/\" \/>\n<meta property=\"og:locale\" content=\"it_IT\" \/>\n<meta property=\"og:type\" content=\"article\" \/>\n<meta property=\"og:title\" content=\"Rosa Perrotta: &#039;Dopo il parto ho avuto un calo del desiderio, mi sento una suora\u2019 - Gossip.it | News sul Gossip e VIP\" \/>\n<meta property=\"og:description\" content=\"Dopo la nascita del figlio Domenico, venuto al mondo lo scorso luglio, Rosa Perrotta \u00e8 cambiata. E soprattutto \u00e8 cambiata la vita di coppia dell\u2019ex\" \/>\n<meta property=\"og:url\" content=\"https:\/\/www.gossip.it\/news\/rosa-perrotta-dopo-parto-calo-desiderio-suora\/\" \/>\n<meta property=\"og:site_name\" content=\"Gossip.it | News sul Gossip e VIP\" \/>\n<meta property=\"article:publisher\" content=\"https:\/\/www.facebook.com\/GossipIT\" \/>\n<meta property=\"article:published_time\" content=\"2019-12-23T23:00:00+00:00\" \/>\n<meta property=\"og:image\" content=\"https:\/\/files.gossip.it\/immagini_news\/2019\/12\/1577187095_perrotta_1.jpg\" \/>\n<meta name=\"author\" content=\"La Redazione\" \/>\n<meta name=\"twitter:card\" content=\"summary_large_image\" \/>\n<meta name=\"twitter:image\" content=\"https:\/\/files.gossip.it\/immagini_news\/2019\/12\/1577187095_perrotta_1.jpg\" \/>\n<meta name=\"twitter:creator\" content=\"@gossinews_it\" \/>\n<meta name=\"twitter:site\" content=\"@gossinews_it\" \/>\n<meta name=\"twitter:label1\" content=\"Scritto da\" \/>\n\t<meta name=\"twitter:data1\" content=\"la Redazione\" \/>\n\t<meta name=\"twitter:label2\" content=\"Tempo di lettura stimato\" \/>\n\t<meta name=\"twitter:data2\" content=\"1 minuto\" \/>","yoast_head_json":{"title":"Rosa Perrotta: 'Dopo il parto ho avuto un calo del desiderio, mi sento una suora\u2019 - Gossip.it | News sul Gossip e VIP","description":"Dopo la nascita del figlio Domenico, venuto al mondo lo scorso luglio, Rosa Perrotta \u00e8 cambiata. E soprattutto \u00e8 cambiata la vita di coppia dell\u2019ex","robots":{"index":"index","follow":"follow","max-snippet":"max-snippet:-1","max-image-preview":"max-image-preview:large","max-video-preview":"max-video-preview:-1"},"canonical":"https:\/\/www.gossip.it\/news\/rosa-perrotta-dopo-parto-calo-desiderio-suora\/","og_locale":"it_IT","og_type":"article","og_title":"Rosa Perrotta: 'Dopo il parto ho avuto un calo del desiderio, mi sento una suora\u2019 - Gossip.it | News sul Gossip e VIP","og_description":"Dopo la nascita del figlio Domenico, venuto al mondo lo scorso luglio, Rosa Perrotta \u00e8 cambiata. E soprattutto \u00e8 cambiata la vita di coppia dell\u2019ex","og_url":"https:\/\/www.gossip.it\/news\/rosa-perrotta-dopo-parto-calo-desiderio-suora\/","og_site_name":"Gossip.it | News sul Gossip e VIP","article_publisher":"https:\/\/www.facebook.com\/GossipIT","article_published_time":"2019-12-23T23:00:00+00:00","og_image":[{"url":"https:\/\/files.gossip.it\/immagini_news\/2019\/12\/1577187095_perrotta_1.jpg"}],"author":"La Redazione","twitter_card":"summary_large_image","twitter_image":"https:\/\/files.gossip.it\/immagini_news\/2019\/12\/1577187095_perrotta_1.jpg","twitter_creator":"@gossinews_it","twitter_site":"@gossinews_it","twitter_misc":{"Scritto da":"la Redazione","Tempo di lettura stimato":"1 minuto"},"schema":{"@context":"https:\/\/schema.org","@graph":[{"@type":"Article","@id":"https:\/\/www.gossip.it\/news\/rosa-perrotta-dopo-parto-calo-desiderio-suora\/#article","isPartOf":{"@id":"https:\/\/www.gossip.it\/news\/rosa-perrotta-dopo-parto-calo-desiderio-suora\/"},"author":{"name":"La Redazione","@id":"https:\/\/www.gossip.it\/#\/schema\/person\/488896f75158bff1cc83c6c39d141110"},"headline":"Rosa Perrotta: 'Dopo il parto ho avuto un calo del desiderio, mi sento una suora\u2019","datePublished":"2019-12-23T23:00:00+00:00","dateModified":"2019-12-23T23:00:00+00:00","mainEntityOfPage":{"@id":"https:\/\/www.gossip.it\/news\/rosa-perrotta-dopo-parto-calo-desiderio-suora\/"},"wordCount":232,"publisher":{"@id":"https:\/\/www.gossip.it\/#organization"},"image":{"@id":"https:\/\/www.gossip.it\/news\/rosa-perrotta-dopo-parto-calo-desiderio-suora\/#primaryimage"},"thumbnailUrl":"https:\/\/files.gossip.it\/immagini_news\/2019\/12\/1577187095_perrotta_1.jpg","keywords":["pietro tartaglione","Rosa Perrotta"],"articleSection":["News"],"inLanguage":"it-IT"},{"@type":"WebPage","@id":"https:\/\/www.gossip.it\/news\/rosa-perrotta-dopo-parto-calo-desiderio-suora\/","url":"https:\/\/www.gossip.it\/news\/rosa-perrotta-dopo-parto-calo-desiderio-suora\/","name":"Rosa Perrotta: 'Dopo il parto ho avuto un calo del desiderio, mi sento una suora\u2019 - Gossip.it | News sul Gossip e VIP","isPartOf":{"@id":"https:\/\/www.gossip.it\/#website"},"primaryImageOfPage":{"@id":"https:\/\/www.gossip.it\/news\/rosa-perrotta-dopo-parto-calo-desiderio-suora\/#primaryimage"},"image":{"@id":"https:\/\/www.gossip.it\/news\/rosa-perrotta-dopo-parto-calo-desiderio-suora\/#primaryimage"},"thumbnailUrl":"https:\/\/files.gossip.it\/immagini_news\/2019\/12\/1577187095_perrotta_1.jpg","datePublished":"2019-12-23T23:00:00+00:00","dateModified":"2019-12-23T23:00:00+00:00","description":"Dopo la nascita del figlio Domenico, venuto al mondo lo scorso luglio, Rosa Perrotta \u00e8 cambiata. E soprattutto \u00e8 cambiata la vita di coppia dell\u2019ex","breadcrumb":{"@id":"https:\/\/www.gossip.it\/news\/rosa-perrotta-dopo-parto-calo-desiderio-suora\/#breadcrumb"},"inLanguage":"it-IT","potentialAction":[{"@type":"ReadAction","target":["https:\/\/www.gossip.it\/news\/rosa-perrotta-dopo-parto-calo-desiderio-suora\/"]}]},{"@type":"ImageObject","inLanguage":"it-IT","@id":"https:\/\/www.gossip.it\/news\/rosa-perrotta-dopo-parto-calo-desiderio-suora\/#primaryimage","url":"https:\/\/files.gossip.it\/immagini_news\/2019\/12\/1577187095_perrotta_1.jpg","contentUrl":"https:\/\/files.gossip.it\/immagini_news\/2019\/12\/1577187095_perrotta_1.jpg"},{"@type":"BreadcrumbList","@id":"https:\/\/www.gossip.it\/news\/rosa-perrotta-dopo-parto-calo-desiderio-suora\/#breadcrumb","itemListElement":[{"@type":"ListItem","position":1,"name":"Home","item":"https:\/\/www.gossip.it\/"},{"@type":"ListItem","position":2,"name":"Rosa Perrotta: 'Dopo il parto ho avuto un calo del desiderio, mi sento una suora\u2019"}]},{"@type":"WebSite","@id":"https:\/\/www.gossip.it\/#website","url":"https:\/\/www.gossip.it\/","name":"Gossip and VIP News","description":"Quotidiano di cronaca rosa, costume e societ\u00e0","publisher":{"@id":"https:\/\/www.gossip.it\/#organization"},"alternateName":"Gossip and VIP News","potentialAction":[{"@type":"SearchAction","target":{"@type":"EntryPoint","urlTemplate":"https:\/\/www.gossip.it\/?s={search_term_string}"},"query-input":{"@type":"PropertyValueSpecification","valueRequired":true,"valueName":"search_term_string"}}],"inLanguage":"it-IT"},{"@type":"Organization","@id":"https:\/\/www.gossip.it\/#organization","name":"Gossip and VIP News","alternateName":"Gossip News","url":"https:\/\/www.gossip.it\/","logo":{"@type":"ImageObject","inLanguage":"it-IT","@id":"https:\/\/www.gossip.it\/#\/schema\/logo\/image\/","url":"https:\/\/www.gossip.it\/wp-content\/uploads\/2022\/04\/cropped-corna-alta-tiny.png","contentUrl":"https:\/\/www.gossip.it\/wp-content\/uploads\/2022\/04\/cropped-corna-alta-tiny.png","width":512,"height":512,"caption":"Gossip and VIP News"},"image":{"@id":"https:\/\/www.gossip.it\/#\/schema\/logo\/image\/"},"sameAs":["https:\/\/www.facebook.com\/GossipIT","https:\/\/x.com\/gossinews_it","https:\/\/instagram.com\/gossip_it"]},{"@type":"Person","@id":"https:\/\/www.gossip.it\/#\/schema\/person\/488896f75158bff1cc83c6c39d141110","name":"La Redazione","image":{"@type":"ImageObject","inLanguage":"it-IT","@id":"https:\/\/www.gossip.it\/#\/schema\/person\/image\/","url":"https:\/\/secure.gravatar.com\/avatar\/5a5f5c6fa3e6700e4249abdad0263a1e94e927d9e0499b1cb09c1cd29c044d80?s=96&d=mm&r=g","contentUrl":"https:\/\/secure.gravatar.com\/avatar\/5a5f5c6fa3e6700e4249abdad0263a1e94e927d9e0499b1cb09c1cd29c044d80?s=96&d=mm&r=g","caption":"La Redazione"},"sameAs":["https:\/\/www.gossip.it"]}]}},"amp_enabled":true,"_links":{"self":[{"href":"https:\/\/www.gossip.it\/api\/wp\/v2\/posts\/66182","targetHints":{"allow":["GET"]}}],"collection":[{"href":"https:\/\/www.gossip.it\/api\/wp\/v2\/posts"}],"about":[{"href":"https:\/\/www.gossip.it\/api\/wp\/v2\/types\/post"}],"author":[{"embeddable":true,"href":"https:\/\/www.gossip.it\/api\/wp\/v2\/users\/1"}],"replies":[{"embeddable":true,"href":"https:\/\/www.gossip.it\/api\/wp\/v2\/comments?post=66182"}],"version-history":[{"count":0,"href":"https:\/\/www.gossip.it\/api\/wp\/v2\/posts\/66182\/revisions"}],"wp:featuredmedia":[{"embeddable":true,"href":"https:\/\/www.gossip.it\/api\/wp\/v2\/media\/122228"}],"wp:attachment":[{"href":"https:\/\/www.gossip.it\/api\/wp\/v2\/media?parent=66182"}],"wp:term":[{"taxonomy":"category","embeddable":true,"href":"https:\/\/www.gossip.it\/api\/wp\/v2\/categories?post=66182"},{"taxonomy":"post_tag","embeddable":true,"href":"https:\/\/www.gossip.it\/api\/wp\/v2\/tags?post=66182"},{"taxonomy":"vip","embeddable":true,"href":"https:\/\/www.gossip.it\/api\/wp\/v2\/vip?post=66182"}],"curies":[{"name":"wp","href":"https:\/\/api.w.org\/{rel}","templated":true}]}}