{"id":66221,"date":"2020-01-02T00:00:00","date_gmt":"2020-01-01T23:00:00","guid":{"rendered":"https:\/\/www.gossip.it\/senza-categoria\/giulia-de-lellis-derubata-natale\/"},"modified":"2020-01-02T00:00:00","modified_gmt":"2020-01-01T23:00:00","slug":"giulia-de-lellis-derubata-natale","status":"publish","type":"post","link":"https:\/\/www.gossip.it\/news\/giulia-de-lellis-derubata-natale\/","title":{"rendered":"Giulia De Lellis derubata il giorno di Natale: ecco cos'\u00e8 successo"},"content":{"rendered":"<p><strong><a href=\"\/vip\/giulia-de lellis \/\">Giulia De Lellis <\/a><\/strong>ha trascorso delle Feste molto brutte. L\u2019influencer romana, 23 anni, dopo giorni di assenza sui social ha confessato di essere stata <strong>derubata proprio il giorno di Natale.<\/strong><\/p>\n<figure class=\"caption\"><img decoding=\"async\" alt=\"\" width=\"521\" height=\"654\" src=\"https:\/\/files.gossip.it\/immagini_news\/2020\/01\/1577972330_Schermata 2020-01-02 alle 14.36.06.png\" \/><figcaption>Giulia De Lellis\u00a0ha confessato di essere stata\u00a0derubata proprio il giorno di Natale<\/figcaption><\/figure>\n<p>Nelle sue <em>Stories<\/em> di Instagram si \u00e8 sfogata: <em>\"Spero che il vostro anno sia iniziato nel migliore dei modi, mi scuso per l\u2019assenza che non \u00e8 passata inosservata, ma siamo stati derubati per l\u2019ennesima volta. Non sono solita condividere le cose brutte, ma a questo giro me l\u2019hanno fatta grossa e mi hanno fatto veramente male. Non solo, sar\u00f2 costretta a <strong>cambiare<\/strong> il mio modo di <strong>comunicare <\/strong>con voi per tutelarmi e per forza di cose eviter\u00f2 di dare informazioni sui miei spostamenti. Un consiglio che mi sento di dare a tutti, mi vedrete pi\u00f9 attenta perch\u00e8 sono stata fregata pesantemente. Questi social alimentano le folli idee di gente veramente malata\u2019\u2019.<\/em><\/p>\n<div class=\"video_integrato\" data-videoid=\"6556\" data-autostart=\"true\">\u00a0<\/div>\n<figure class=\"caption\"><img decoding=\"async\" alt=\"\" width=\"521\" height=\"654\" src=\"https:\/\/files.gossip.it\/immagini_news\/2020\/01\/1577972365_Schermata 2020-01-02 alle 14.37.21.png\" \/><figcaption>Vacanze con rabbia per Giulia De lellis che \u00e8 stata derubata<\/figcaption><\/figure>\n<p>La fidanzata di<strong> <a href=\"\/vip\/andrea-iannone\/\">Andrea Iannone<\/a><\/strong> ha raccontato di essere rimasta senza vestiti, scarpe e trucchi proprio prima di Capodanno e di essere corsa nei <strong>negozi <\/strong>per ricomprare tutto.<em> \u2018\u2019Una vera e propria disgrazia<\/em>\", ha aggiunto. La De Lellis ha poi continuato: <em>\"Sono rimasta letteralmente in mutande, ma grazie ai miei amici sono riuscita a vestirmi e a truccarmi\u2019\u2019<\/em>. Adesso Giulia \u00e8 pi\u00f9 positiva, ma la rabbia resta.<\/p>\n<p>\u00a0<\/p>\n","protected":false},"excerpt":{"rendered":"<p>Giulia De Lellis ha trascorso delle Feste molto brutte. L\u2019influencer romana, 23 anni, dopo giorni di assenza sui social ha confessato di essere stata derubata proprio il giorno di Natale. Giulia De Lellis\u00a0ha confessato di essere stata\u00a0derubata proprio il giorno di Natale Nelle sue Stories di Instagram si \u00e8 sfogata: \"Spero che il vostro anno [&hellip;]<\/p>\n","protected":false},"author":1,"featured_media":122267,"comment_status":"closed","ping_status":"closed","sticky":false,"template":"","format":"standard","meta":{"footnotes":""},"categories":[54],"tags":[10372,12897,10592,2465,11562,2271,2142,10016],"vip":[],"class_list":["post-66221","post","type-post","status-publish","format-standard","has-post-thumbnail","hentry","category-news","tag-andrea-iannone","tag-derubata","tag-giulia-de-lellis","tag-natale","tag-rabbia","tag-sfogo","tag-stories","tag-vestiti"],"yoast_head":"<title>Giulia De Lellis derubata il giorno di Natale: ecco cos&#039;\u00e8 successo - Gossip.it | News sul Gossip e VIP<\/title>\n<meta name=\"description\" content=\"Giulia De Lellis ha trascorso delle Feste molto brutte. L\u2019influencer romana, 23 anni, dopo giorni di assenza sui social ha confessato di essere stata\" \/>\n<meta name=\"robots\" content=\"index, follow, max-snippet:-1, max-image-preview:large, max-video-preview:-1\" \/>\n<link rel=\"canonical\" href=\"https:\/\/www.gossip.it\/news\/giulia-de-lellis-derubata-natale\/\" \/>\n<meta property=\"og:locale\" content=\"it_IT\" \/>\n<meta property=\"og:type\" content=\"article\" \/>\n<meta property=\"og:title\" content=\"Giulia De Lellis derubata il giorno di Natale: ecco cos&#039;\u00e8 successo - Gossip.it | News sul Gossip e VIP\" \/>\n<meta property=\"og:description\" content=\"Giulia De Lellis ha trascorso delle Feste molto brutte. L\u2019influencer romana, 23 anni, dopo giorni di assenza sui social ha confessato di essere stata\" \/>\n<meta property=\"og:url\" content=\"https:\/\/www.gossip.it\/news\/giulia-de-lellis-derubata-natale\/\" \/>\n<meta property=\"og:site_name\" content=\"Gossip.it | News sul Gossip e VIP\" \/>\n<meta property=\"article:publisher\" content=\"https:\/\/www.facebook.com\/GossipIT\" \/>\n<meta property=\"article:published_time\" content=\"2020-01-01T23:00:00+00:00\" \/>\n<meta property=\"og:image\" content=\"https:\/\/files.gossip.it\/immagini_news\/2020\/01\/1577972330_Schermata%202020-01-02%20alle%2014.36.06.png\" \/>\n<meta name=\"author\" content=\"La Redazione\" \/>\n<meta name=\"twitter:card\" content=\"summary_large_image\" \/>\n<meta name=\"twitter:image\" content=\"https:\/\/files.gossip.it\/immagini_news\/2020\/01\/1577972330_Schermata%202020-01-02%20alle%2014.36.06.png\" \/>\n<meta name=\"twitter:creator\" content=\"@gossinews_it\" \/>\n<meta name=\"twitter:site\" content=\"@gossinews_it\" \/>\n<meta name=\"twitter:label1\" content=\"Scritto da\" \/>\n\t<meta name=\"twitter:data1\" content=\"La Redazione\" \/>\n\t<meta name=\"twitter:label2\" content=\"Tempo di lettura stimato\" \/>\n\t<meta name=\"twitter:data2\" content=\"1 minuto\" \/>","yoast_head_json":{"title":"Giulia De Lellis derubata il giorno di Natale: ecco cos'\u00e8 successo - Gossip.it | News sul Gossip e VIP","description":"Giulia De Lellis ha trascorso delle Feste molto brutte. L\u2019influencer romana, 23 anni, dopo giorni di assenza sui social ha confessato di essere stata","robots":{"index":"index","follow":"follow","max-snippet":"max-snippet:-1","max-image-preview":"max-image-preview:large","max-video-preview":"max-video-preview:-1"},"canonical":"https:\/\/www.gossip.it\/news\/giulia-de-lellis-derubata-natale\/","og_locale":"it_IT","og_type":"article","og_title":"Giulia De Lellis derubata il giorno di Natale: ecco cos'\u00e8 successo - Gossip.it | News sul Gossip e VIP","og_description":"Giulia De Lellis ha trascorso delle Feste molto brutte. L\u2019influencer romana, 23 anni, dopo giorni di assenza sui social ha confessato di essere stata","og_url":"https:\/\/www.gossip.it\/news\/giulia-de-lellis-derubata-natale\/","og_site_name":"Gossip.it | News sul Gossip e VIP","article_publisher":"https:\/\/www.facebook.com\/GossipIT","article_published_time":"2020-01-01T23:00:00+00:00","og_image":[{"url":"https:\/\/files.gossip.it\/immagini_news\/2020\/01\/1577972330_Schermata 2020-01-02 alle 14.36.06.png"}],"author":"La Redazione","twitter_card":"summary_large_image","twitter_image":"https:\/\/files.gossip.it\/immagini_news\/2020\/01\/1577972330_Schermata 2020-01-02 alle 14.36.06.png","twitter_creator":"@gossinews_it","twitter_site":"@gossinews_it","twitter_misc":{"Scritto da":"La Redazione","Tempo di lettura stimato":"1 minuto"},"schema":{"@context":"https:\/\/schema.org","@graph":[{"@type":"Article","@id":"https:\/\/www.gossip.it\/news\/giulia-de-lellis-derubata-natale\/#article","isPartOf":{"@id":"https:\/\/www.gossip.it\/news\/giulia-de-lellis-derubata-natale\/"},"author":{"name":"La Redazione","@id":"https:\/\/www.gossip.it\/#\/schema\/person\/488896f75158bff1cc83c6c39d141110"},"headline":"Giulia De Lellis derubata il giorno di Natale: ecco cos'\u00e8 successo","datePublished":"2020-01-01T23:00:00+00:00","dateModified":"2020-01-01T23:00:00+00:00","mainEntityOfPage":{"@id":"https:\/\/www.gossip.it\/news\/giulia-de-lellis-derubata-natale\/"},"wordCount":243,"publisher":{"@id":"https:\/\/www.gossip.it\/#organization"},"image":{"@id":"https:\/\/www.gossip.it\/news\/giulia-de-lellis-derubata-natale\/#primaryimage"},"thumbnailUrl":"https:\/\/files.gossip.it\/immagini_news\/2020\/01\/1577972330_Schermata 2020-01-02 alle 14.36.06.png","keywords":["andrea iannone","derubata","giulia de lellis","natale","rabbia","sfogo","stories","vestiti"],"articleSection":["News"],"inLanguage":"it-IT"},{"@type":"WebPage","@id":"https:\/\/www.gossip.it\/news\/giulia-de-lellis-derubata-natale\/","url":"https:\/\/www.gossip.it\/news\/giulia-de-lellis-derubata-natale\/","name":"Giulia De Lellis derubata il giorno di Natale: ecco cos'\u00e8 successo - Gossip.it | News sul Gossip e VIP","isPartOf":{"@id":"https:\/\/www.gossip.it\/#website"},"primaryImageOfPage":{"@id":"https:\/\/www.gossip.it\/news\/giulia-de-lellis-derubata-natale\/#primaryimage"},"image":{"@id":"https:\/\/www.gossip.it\/news\/giulia-de-lellis-derubata-natale\/#primaryimage"},"thumbnailUrl":"https:\/\/files.gossip.it\/immagini_news\/2020\/01\/1577972330_Schermata 2020-01-02 alle 14.36.06.png","datePublished":"2020-01-01T23:00:00+00:00","dateModified":"2020-01-01T23:00:00+00:00","description":"Giulia De Lellis ha trascorso delle Feste molto brutte. L\u2019influencer romana, 23 anni, dopo giorni di assenza sui social ha confessato di essere stata","breadcrumb":{"@id":"https:\/\/www.gossip.it\/news\/giulia-de-lellis-derubata-natale\/#breadcrumb"},"inLanguage":"it-IT","potentialAction":[{"@type":"ReadAction","target":["https:\/\/www.gossip.it\/news\/giulia-de-lellis-derubata-natale\/"]}]},{"@type":"ImageObject","inLanguage":"it-IT","@id":"https:\/\/www.gossip.it\/news\/giulia-de-lellis-derubata-natale\/#primaryimage","url":"https:\/\/files.gossip.it\/immagini_news\/2020\/01\/1577972330_Schermata 2020-01-02 alle 14.36.06.png","contentUrl":"https:\/\/files.gossip.it\/immagini_news\/2020\/01\/1577972330_Schermata 2020-01-02 alle 14.36.06.png"},{"@type":"BreadcrumbList","@id":"https:\/\/www.gossip.it\/news\/giulia-de-lellis-derubata-natale\/#breadcrumb","itemListElement":[{"@type":"ListItem","position":1,"name":"Home","item":"https:\/\/www.gossip.it\/"},{"@type":"ListItem","position":2,"name":"Giulia De Lellis derubata il giorno di Natale: ecco cos'\u00e8 successo"}]},{"@type":"WebSite","@id":"https:\/\/www.gossip.it\/#website","url":"https:\/\/www.gossip.it\/","name":"Gossip and VIP News","description":"Quotidiano di cronaca rosa, costume e societ\u00e0","publisher":{"@id":"https:\/\/www.gossip.it\/#organization"},"alternateName":"Gossip and VIP News","potentialAction":[{"@type":"SearchAction","target":{"@type":"EntryPoint","urlTemplate":"https:\/\/www.gossip.it\/?s={search_term_string}"},"query-input":{"@type":"PropertyValueSpecification","valueRequired":true,"valueName":"search_term_string"}}],"inLanguage":"it-IT"},{"@type":"Organization","@id":"https:\/\/www.gossip.it\/#organization","name":"Gossip and VIP News","alternateName":"Gossip News","url":"https:\/\/www.gossip.it\/","logo":{"@type":"ImageObject","inLanguage":"it-IT","@id":"https:\/\/www.gossip.it\/#\/schema\/logo\/image\/","url":"https:\/\/www.gossip.it\/wp-content\/uploads\/2022\/04\/cropped-corna-alta-tiny.png","contentUrl":"https:\/\/www.gossip.it\/wp-content\/uploads\/2022\/04\/cropped-corna-alta-tiny.png","width":512,"height":512,"caption":"Gossip and VIP News"},"image":{"@id":"https:\/\/www.gossip.it\/#\/schema\/logo\/image\/"},"sameAs":["https:\/\/www.facebook.com\/GossipIT","https:\/\/x.com\/gossinews_it","https:\/\/instagram.com\/gossip_it"]},{"@type":"Person","@id":"https:\/\/www.gossip.it\/#\/schema\/person\/488896f75158bff1cc83c6c39d141110","name":"La Redazione","image":{"@type":"ImageObject","inLanguage":"it-IT","@id":"https:\/\/www.gossip.it\/#\/schema\/person\/image\/","url":"https:\/\/secure.gravatar.com\/avatar\/5a5f5c6fa3e6700e4249abdad0263a1e94e927d9e0499b1cb09c1cd29c044d80?s=96&d=mm&r=g","contentUrl":"https:\/\/secure.gravatar.com\/avatar\/5a5f5c6fa3e6700e4249abdad0263a1e94e927d9e0499b1cb09c1cd29c044d80?s=96&d=mm&r=g","caption":"La Redazione"},"sameAs":["https:\/\/www.gossip.it"]}]}},"amp_enabled":true,"_links":{"self":[{"href":"https:\/\/www.gossip.it\/api\/wp\/v2\/posts\/66221","targetHints":{"allow":["GET"]}}],"collection":[{"href":"https:\/\/www.gossip.it\/api\/wp\/v2\/posts"}],"about":[{"href":"https:\/\/www.gossip.it\/api\/wp\/v2\/types\/post"}],"author":[{"embeddable":true,"href":"https:\/\/www.gossip.it\/api\/wp\/v2\/users\/1"}],"replies":[{"embeddable":true,"href":"https:\/\/www.gossip.it\/api\/wp\/v2\/comments?post=66221"}],"version-history":[{"count":0,"href":"https:\/\/www.gossip.it\/api\/wp\/v2\/posts\/66221\/revisions"}],"wp:featuredmedia":[{"embeddable":true,"href":"https:\/\/www.gossip.it\/api\/wp\/v2\/media\/122267"}],"wp:attachment":[{"href":"https:\/\/www.gossip.it\/api\/wp\/v2\/media?parent=66221"}],"wp:term":[{"taxonomy":"category","embeddable":true,"href":"https:\/\/www.gossip.it\/api\/wp\/v2\/categories?post=66221"},{"taxonomy":"post_tag","embeddable":true,"href":"https:\/\/www.gossip.it\/api\/wp\/v2\/tags?post=66221"},{"taxonomy":"vip","embeddable":true,"href":"https:\/\/www.gossip.it\/api\/wp\/v2\/vip?post=66221"}],"curies":[{"name":"wp","href":"https:\/\/api.w.org\/{rel}","templated":true}]}}