{"id":66321,"date":"2020-01-15T00:00:00","date_gmt":"2020-01-14T23:00:00","guid":{"rendered":"https:\/\/www.gossip.it\/senza-categoria\/eros-ramazzotti-dopo-addio-marica-pellegrinelli-felice\/"},"modified":"2020-01-15T00:00:00","modified_gmt":"2020-01-14T23:00:00","slug":"eros-ramazzotti-dopo-addio-marica-pellegrinelli-felice","status":"publish","type":"post","link":"https:\/\/www.gossip.it\/news\/eros-ramazzotti-dopo-addio-marica-pellegrinelli-felice\/","title":{"rendered":"Eros Ramazzotti dopo l\u2019addio con Marica Pellegrinelli: 'Sono felice, momento di ripartenze\u2019"},"content":{"rendered":"<p><a href=\"\/vip\/eros-ramazzotti\/\">Eros Ramazzotti<\/a> racconta il suo stato d\u2019animo <strong>dopo<\/strong> l\u2019<strong>addio<\/strong> con <a href=\"\/vip\/marica-pellegrinelli\/\">Marica Pellegrinelli<\/a>, con cui ha trascorso dieci anni insieme e da cui ha avuto due figli: Raffaela Maria, 8 anni, e Gabrio Tullio, 4. Il cantante 56enne, che si \u00e8 rigenerato insieme a suoi ragazzi, primogenita <a href=\"\/vip\/aurora-ramazzotti\/\">Aurora Ramazzotti<\/a>, 23 anni, compresa, alle Maldive durante le festivit\u00e0, al settimanale <em>Chi <\/em>svela: <em>\u201cSono <strong>felice<\/strong>. E\u2019 un momento di ripartenze\u201d.<\/em><\/p>\n<figure class=\"caption\"><img decoding=\"async\" alt=\"Eros Ramazzotti dopo l'addio con Marica Pellegrinelli: 'Sono felice, momento di ripartenze'\" width=\"640\" height=\"836\" src=\"https:\/\/files.gossip.it\/immagini_news\/2020\/01\/1579094005_eros_ramazzotti.jpg\" \/><figcaption>Eros Ramazzotti dopo l'addio con Marica Pellegrinelli: 'Sono felice, momento di ripartenze'<\/figcaption><\/figure>\n<p><em>\u201cNon sono depresso\u201d<\/em>, sottolinea Eros. E immediatamente aggiunge: <em>\u201cSono <strong>felice<\/strong>. E\u2019 un momento di\u00a0ripartenze. E ripartire per me significa abbracciare i miei affetti pi\u00f9 cari: i miei figli, ai quali insegno il rispetto e il sorriso\u201d.<\/em><\/p>\n<p>Poi, parlando della vacanza, la prima con i figli <strong>dopo<\/strong> l\u2019<strong>addio<\/strong> con Marica, racconta: <em>\u201cAlle\u00a0Maldive\u00a0abbiamo giocato, parlato, ci siamo confrontati da grandi pur rimanendo piccini. Questa la ricorder\u00f2 come una delle vacanze pi\u00f9 belle e costruttive della mia vita perch\u00e9 a volte \u00e8 proprio dai bambini che si pu\u00f2 imparare tanto e da Aury, che bambina non lo \u00e8 pi\u00f9, ma si \u00e8 fatta una donna con una testa velocissima\u201d.<\/em><\/p>\n<figure class=\"caption\"><img decoding=\"async\" alt=\"\" width=\"640\" height=\"810\" src=\"https:\/\/files.gossip.it\/immagini_news\/2020\/01\/1579094028_eros_ramazzotti_marica_pellegrinelli.jpg\" \/><figcaption>Il cantante 56enne con l'ex moglie ha un 'rapporto basato sul rispetto reciproco'<\/figcaption><\/figure>\n<p>Il dolore per la separazione c\u2019\u00e8 stato, Ramazzotti per\u00f2 ora guarda avanti:<em> \"Io non riesco a vivere se non di emozioni positive. Anche quando la vita ti mostra l'altra faccia, il\u00a0dolore\u00a0lo senti, \u00e8 inevitabile, ma poi devi girare le spalle e guardare chi c'\u00e8 dietro te. E dietro le mie spalle ci sono tre figli meravigliosi, oltre sessanta milioni di dischi venduti e un pubblico disseminato nel mondo che conosce le mie canzoni e mi segue da trent'anni. Che cosa potrei volere di pi\u00f9?\"<\/em>.\u00a0<\/p>\n<p>Con Marica, ora legata a <a href=\"\/vip\/charley-vezza\/\">Charley Vezza<\/a>, i rapporti sono ottimi: \"<em>Come abbiamo detto quando ci siamo lasciati, il rapporto basato sul\u00a0rispetto, quello che mi hanno insegnato i miei genitori e che io con tutte le mie forze voglio trasmettere ai miei figli, non verr\u00e0 mai intaccato. Potrei dire 'Sono cose della vita'... bella canzone. Sapete per caso di chi \u00e8?\u201d.<\/em><\/p>\n<p>\u00a0<\/p>\n<p>\u00a0<\/p>\n","protected":false},"excerpt":{"rendered":"<p>Eros Ramazzotti racconta il suo stato d\u2019animo dopo l\u2019addio con Marica Pellegrinelli, con cui ha trascorso dieci anni insieme e da cui ha avuto due figli: Raffaela Maria, 8 anni, e Gabrio Tullio, 4. Il cantante 56enne, che si \u00e8 rigenerato insieme a suoi ragazzi, primogenita Aurora Ramazzotti, 23 anni, compresa, alle Maldive durante le [&hellip;]<\/p>\n","protected":false},"author":1,"featured_media":122367,"comment_status":"closed","ping_status":"closed","sticky":false,"template":"","format":"standard","meta":{"footnotes":""},"categories":[54],"tags":[2350,1981,2104,2102,2133,1944,2000,2103,8754,1997,4144,2900],"vip":[693],"class_list":["post-66321","post","type-post","status-publish","format-standard","has-post-thumbnail","hentry","category-news","tag-addio","tag-cantante","tag-chi","tag-dichiarazioni","tag-dopo","tag-felice","tag-figli","tag-intervista","tag-marica-pellegrinelli","tag-modella","tag-separazione","tag-single","vip-eros_ramazzotti"],"yoast_head":"<title>Eros Ramazzotti dopo l\u2019addio con Marica Pellegrinelli: &#039;Sono felice, momento di ripartenze\u2019 - Gossip.it | News sul Gossip e VIP<\/title>\n<meta name=\"description\" content=\"Eros Ramazzotti racconta il suo stato d\u2019animo dopo l\u2019addio con Marica Pellegrinelli, con cui ha trascorso dieci anni insieme e da cui ha avuto due figli:\" \/>\n<meta name=\"robots\" content=\"index, follow, max-snippet:-1, max-image-preview:large, max-video-preview:-1\" \/>\n<link rel=\"canonical\" href=\"https:\/\/www.gossip.it\/news\/eros-ramazzotti-dopo-addio-marica-pellegrinelli-felice\/\" \/>\n<meta property=\"og:locale\" content=\"it_IT\" \/>\n<meta property=\"og:type\" content=\"article\" \/>\n<meta property=\"og:title\" content=\"Eros Ramazzotti dopo l\u2019addio con Marica Pellegrinelli: &#039;Sono felice, momento di ripartenze\u2019 - Gossip.it | News sul Gossip e VIP\" \/>\n<meta property=\"og:description\" content=\"Eros Ramazzotti racconta il suo stato d\u2019animo dopo l\u2019addio con Marica Pellegrinelli, con cui ha trascorso dieci anni insieme e da cui ha avuto due figli:\" \/>\n<meta property=\"og:url\" content=\"https:\/\/www.gossip.it\/news\/eros-ramazzotti-dopo-addio-marica-pellegrinelli-felice\/\" \/>\n<meta property=\"og:site_name\" content=\"Gossip.it | News sul Gossip e VIP\" \/>\n<meta property=\"article:publisher\" content=\"https:\/\/www.facebook.com\/GossipIT\" \/>\n<meta property=\"article:published_time\" content=\"2020-01-14T23:00:00+00:00\" \/>\n<meta property=\"og:image\" content=\"https:\/\/files.gossip.it\/immagini_news\/2020\/01\/1579094005_eros_ramazzotti.jpg\" \/>\n<meta name=\"author\" content=\"La Redazione\" \/>\n<meta name=\"twitter:card\" content=\"summary_large_image\" \/>\n<meta name=\"twitter:image\" content=\"https:\/\/files.gossip.it\/immagini_news\/2020\/01\/1579094005_eros_ramazzotti.jpg\" \/>\n<meta name=\"twitter:creator\" content=\"@gossinews_it\" \/>\n<meta name=\"twitter:site\" content=\"@gossinews_it\" \/>\n<meta name=\"twitter:label1\" content=\"Scritto da\" \/>\n\t<meta name=\"twitter:data1\" content=\"Annamaria Capozzi\" \/>\n\t<meta name=\"twitter:label2\" content=\"Tempo di lettura stimato\" \/>\n\t<meta name=\"twitter:data2\" content=\"2 minuti\" \/>","yoast_head_json":{"title":"Eros Ramazzotti dopo l\u2019addio con Marica Pellegrinelli: 'Sono felice, momento di ripartenze\u2019 - Gossip.it | News sul Gossip e VIP","description":"Eros Ramazzotti racconta il suo stato d\u2019animo dopo l\u2019addio con Marica Pellegrinelli, con cui ha trascorso dieci anni insieme e da cui ha avuto due figli:","robots":{"index":"index","follow":"follow","max-snippet":"max-snippet:-1","max-image-preview":"max-image-preview:large","max-video-preview":"max-video-preview:-1"},"canonical":"https:\/\/www.gossip.it\/news\/eros-ramazzotti-dopo-addio-marica-pellegrinelli-felice\/","og_locale":"it_IT","og_type":"article","og_title":"Eros Ramazzotti dopo l\u2019addio con Marica Pellegrinelli: 'Sono felice, momento di ripartenze\u2019 - Gossip.it | News sul Gossip e VIP","og_description":"Eros Ramazzotti racconta il suo stato d\u2019animo dopo l\u2019addio con Marica Pellegrinelli, con cui ha trascorso dieci anni insieme e da cui ha avuto due figli:","og_url":"https:\/\/www.gossip.it\/news\/eros-ramazzotti-dopo-addio-marica-pellegrinelli-felice\/","og_site_name":"Gossip.it | News sul Gossip e VIP","article_publisher":"https:\/\/www.facebook.com\/GossipIT","article_published_time":"2020-01-14T23:00:00+00:00","og_image":[{"url":"https:\/\/files.gossip.it\/immagini_news\/2020\/01\/1579094005_eros_ramazzotti.jpg"}],"author":"La Redazione","twitter_card":"summary_large_image","twitter_image":"https:\/\/files.gossip.it\/immagini_news\/2020\/01\/1579094005_eros_ramazzotti.jpg","twitter_creator":"@gossinews_it","twitter_site":"@gossinews_it","twitter_misc":{"Scritto da":"Annamaria Capozzi","Tempo di lettura stimato":"2 minuti"},"schema":{"@context":"https:\/\/schema.org","@graph":[{"@type":"Article","@id":"https:\/\/www.gossip.it\/news\/eros-ramazzotti-dopo-addio-marica-pellegrinelli-felice\/#article","isPartOf":{"@id":"https:\/\/www.gossip.it\/news\/eros-ramazzotti-dopo-addio-marica-pellegrinelli-felice\/"},"author":{"name":"La Redazione","@id":"https:\/\/www.gossip.it\/#\/schema\/person\/488896f75158bff1cc83c6c39d141110"},"headline":"Eros Ramazzotti dopo l\u2019addio con Marica Pellegrinelli: 'Sono felice, momento di ripartenze\u2019","datePublished":"2020-01-14T23:00:00+00:00","dateModified":"2020-01-14T23:00:00+00:00","mainEntityOfPage":{"@id":"https:\/\/www.gossip.it\/news\/eros-ramazzotti-dopo-addio-marica-pellegrinelli-felice\/"},"wordCount":360,"publisher":{"@id":"https:\/\/www.gossip.it\/#organization"},"image":{"@id":"https:\/\/www.gossip.it\/news\/eros-ramazzotti-dopo-addio-marica-pellegrinelli-felice\/#primaryimage"},"thumbnailUrl":"https:\/\/files.gossip.it\/immagini_news\/2020\/01\/1579094005_eros_ramazzotti.jpg","keywords":["addio","cantante","chi","dichiarazioni","dopo","felice","figli","intervista","marica pellegrinelli","modella","separazione","single"],"articleSection":["News"],"inLanguage":"it-IT"},{"@type":"WebPage","@id":"https:\/\/www.gossip.it\/news\/eros-ramazzotti-dopo-addio-marica-pellegrinelli-felice\/","url":"https:\/\/www.gossip.it\/news\/eros-ramazzotti-dopo-addio-marica-pellegrinelli-felice\/","name":"Eros Ramazzotti dopo l\u2019addio con Marica Pellegrinelli: 'Sono felice, momento di ripartenze\u2019 - Gossip.it | News sul Gossip e VIP","isPartOf":{"@id":"https:\/\/www.gossip.it\/#website"},"primaryImageOfPage":{"@id":"https:\/\/www.gossip.it\/news\/eros-ramazzotti-dopo-addio-marica-pellegrinelli-felice\/#primaryimage"},"image":{"@id":"https:\/\/www.gossip.it\/news\/eros-ramazzotti-dopo-addio-marica-pellegrinelli-felice\/#primaryimage"},"thumbnailUrl":"https:\/\/files.gossip.it\/immagini_news\/2020\/01\/1579094005_eros_ramazzotti.jpg","datePublished":"2020-01-14T23:00:00+00:00","dateModified":"2020-01-14T23:00:00+00:00","description":"Eros Ramazzotti racconta il suo stato d\u2019animo dopo l\u2019addio con Marica Pellegrinelli, con cui ha trascorso dieci anni insieme e da cui ha avuto due figli:","breadcrumb":{"@id":"https:\/\/www.gossip.it\/news\/eros-ramazzotti-dopo-addio-marica-pellegrinelli-felice\/#breadcrumb"},"inLanguage":"it-IT","potentialAction":[{"@type":"ReadAction","target":["https:\/\/www.gossip.it\/news\/eros-ramazzotti-dopo-addio-marica-pellegrinelli-felice\/"]}]},{"@type":"ImageObject","inLanguage":"it-IT","@id":"https:\/\/www.gossip.it\/news\/eros-ramazzotti-dopo-addio-marica-pellegrinelli-felice\/#primaryimage","url":"https:\/\/files.gossip.it\/immagini_news\/2020\/01\/1579094005_eros_ramazzotti.jpg","contentUrl":"https:\/\/files.gossip.it\/immagini_news\/2020\/01\/1579094005_eros_ramazzotti.jpg"},{"@type":"BreadcrumbList","@id":"https:\/\/www.gossip.it\/news\/eros-ramazzotti-dopo-addio-marica-pellegrinelli-felice\/#breadcrumb","itemListElement":[{"@type":"ListItem","position":1,"name":"Home","item":"https:\/\/www.gossip.it\/"},{"@type":"ListItem","position":2,"name":"Eros Ramazzotti dopo l\u2019addio con Marica Pellegrinelli: 'Sono felice, momento di ripartenze\u2019"}]},{"@type":"WebSite","@id":"https:\/\/www.gossip.it\/#website","url":"https:\/\/www.gossip.it\/","name":"Gossip and VIP News","description":"Quotidiano di cronaca rosa, costume e societ\u00e0","publisher":{"@id":"https:\/\/www.gossip.it\/#organization"},"alternateName":"Gossip and VIP News","potentialAction":[{"@type":"SearchAction","target":{"@type":"EntryPoint","urlTemplate":"https:\/\/www.gossip.it\/?s={search_term_string}"},"query-input":{"@type":"PropertyValueSpecification","valueRequired":true,"valueName":"search_term_string"}}],"inLanguage":"it-IT"},{"@type":"Organization","@id":"https:\/\/www.gossip.it\/#organization","name":"Gossip and VIP News","alternateName":"Gossip News","url":"https:\/\/www.gossip.it\/","logo":{"@type":"ImageObject","inLanguage":"it-IT","@id":"https:\/\/www.gossip.it\/#\/schema\/logo\/image\/","url":"https:\/\/www.gossip.it\/wp-content\/uploads\/2022\/04\/cropped-corna-alta-tiny.png","contentUrl":"https:\/\/www.gossip.it\/wp-content\/uploads\/2022\/04\/cropped-corna-alta-tiny.png","width":512,"height":512,"caption":"Gossip and VIP News"},"image":{"@id":"https:\/\/www.gossip.it\/#\/schema\/logo\/image\/"},"sameAs":["https:\/\/www.facebook.com\/GossipIT","https:\/\/x.com\/gossinews_it","https:\/\/instagram.com\/gossip_it"]},{"@type":"Person","@id":"https:\/\/www.gossip.it\/#\/schema\/person\/488896f75158bff1cc83c6c39d141110","name":"La Redazione","image":{"@type":"ImageObject","inLanguage":"it-IT","@id":"https:\/\/www.gossip.it\/#\/schema\/person\/image\/","url":"https:\/\/secure.gravatar.com\/avatar\/5a5f5c6fa3e6700e4249abdad0263a1e94e927d9e0499b1cb09c1cd29c044d80?s=96&d=mm&r=g","contentUrl":"https:\/\/secure.gravatar.com\/avatar\/5a5f5c6fa3e6700e4249abdad0263a1e94e927d9e0499b1cb09c1cd29c044d80?s=96&d=mm&r=g","caption":"La Redazione"},"sameAs":["https:\/\/www.gossip.it"]}]}},"amp_enabled":true,"_links":{"self":[{"href":"https:\/\/www.gossip.it\/api\/wp\/v2\/posts\/66321","targetHints":{"allow":["GET"]}}],"collection":[{"href":"https:\/\/www.gossip.it\/api\/wp\/v2\/posts"}],"about":[{"href":"https:\/\/www.gossip.it\/api\/wp\/v2\/types\/post"}],"author":[{"embeddable":true,"href":"https:\/\/www.gossip.it\/api\/wp\/v2\/users\/1"}],"replies":[{"embeddable":true,"href":"https:\/\/www.gossip.it\/api\/wp\/v2\/comments?post=66321"}],"version-history":[{"count":0,"href":"https:\/\/www.gossip.it\/api\/wp\/v2\/posts\/66321\/revisions"}],"wp:featuredmedia":[{"embeddable":true,"href":"https:\/\/www.gossip.it\/api\/wp\/v2\/media\/122367"}],"wp:attachment":[{"href":"https:\/\/www.gossip.it\/api\/wp\/v2\/media?parent=66321"}],"wp:term":[{"taxonomy":"category","embeddable":true,"href":"https:\/\/www.gossip.it\/api\/wp\/v2\/categories?post=66321"},{"taxonomy":"post_tag","embeddable":true,"href":"https:\/\/www.gossip.it\/api\/wp\/v2\/tags?post=66321"},{"taxonomy":"vip","embeddable":true,"href":"https:\/\/www.gossip.it\/api\/wp\/v2\/vip?post=66321"}],"curies":[{"name":"wp","href":"https:\/\/api.w.org\/{rel}","templated":true}]}}