{"id":66387,"date":"2021-03-28T00:00:00","date_gmt":"2021-03-27T23:00:00","guid":{"rendered":"https:\/\/www.gossip.it\/senza-categoria\/aldo-montano-papa-bis-ecco-come-si-chiama-figlio\/"},"modified":"2021-03-28T00:00:00","modified_gmt":"2021-03-27T23:00:00","slug":"aldo-montano-papa-bis-ecco-come-si-chiama-figlio","status":"publish","type":"post","link":"https:\/\/www.gossip.it\/news\/aldo-montano-papa-bis-ecco-come-si-chiama-figlio\/","title":{"rendered":"Aldo Montano pap\u00e0 bis: ecco come si chiama il figlio"},"content":{"rendered":"<p><a href=\"\/vip\/aldo-montano\/\">Aldo Montano<\/a> \u00e8 diventato di nuovo <strong>pap\u00e0<\/strong>. Lo schermidore ha dato il benvenuto al mondo al suo secondo figlio sabato sera. Domenica ha invece deciso di dare l\u2019annuncio via social. Su Instagram ha condiviso una foto in cui appare insieme alla moglie <a href=\"\/vip\/olga-plakhina\/\">Olga Plakhina<\/a>. Lei \u00e8 ancora nel letto della clinica, una struttura di <strong>Roma<\/strong>. Lui \u00e8 andato a prendere un dolce e la coppia, con il piccolo in braccio alla mamma, sta per \u201cazzannare\u201d la crostatina ai frutti di bosco. Nella didascalia dell\u2019immagine Aldo, 42 anni, ha rivelato anche il nome scelto per il bimbo: <strong>Mario<\/strong>. <em>\u201cTi sei fatto attendere ma finalmente ieri sera sei arrivato!\u201d<\/em>, ha scritto.<\/p>\n<figure class=\"caption\"><img decoding=\"async\" alt=\"Aldo Montano, 42 anni, e la moglie Olga Plakhina insieme al piccolo Mario\" width=\"640\" height=\"667\" src=\"https:\/\/files.gossip.it\/immagini_news\/2021\/03\/1616967467_aldo-montano-640-1.jpg\" \/><figcaption>Aldo Montano, 42 anni, e la moglie Olga Plakhina insieme al piccolo Mario<\/figcaption><\/figure>\n<p><em>\u201cSei gi\u00e0 molto coraggioso perch\u00e9 hai deciso di venire al <strong>mondo <\/strong>in un momento storico cos\u00ec difficile per tutti noi, ma d\u2019altronde le cose facili non ci sono mai piaciute...\u201d<\/em>, ha aggiunto. <em>\u201cBenvenuto <strong>Mario<\/strong>, insieme alla tua sorellina e alla nostra mamma speciale\u00a0Olga, sei la nostra <strong>medaglia <\/strong>pi\u00f9 bella! E perch\u00e9 no la nostra ciliegina sulla torta!!\u201d<\/em>, ha poi concluso.<\/p>\n<p>Tanti i commenti di <strong>auguri <\/strong>da parte degli amici. Tra gli altri, anche quello di un altro sportivo, <a href=\"\/vip\/filippo-magnini\/\">Filippo Magnini<\/a>, che a sua volta \u00e8 diventato da poco pap\u00e0, per la prima volta. <em>\u201cAuguri Amico mio, auguri ad entrambi\u201d<\/em>, ha scritto il nuotatore.<\/p>\n<p>Aldo e Olga, sposati dal 2016, sono gi\u00e0 genitori di una bambina, <strong>Olympia<\/strong>, venuta al mondo nel 2017.<\/p>\n<p>\u00a0<\/p>\n","protected":false},"excerpt":{"rendered":"<p>Aldo Montano \u00e8 diventato di nuovo pap\u00e0. Lo schermidore ha dato il benvenuto al mondo al suo secondo figlio sabato sera. Domenica ha invece deciso di dare l\u2019annuncio via social. Su Instagram ha condiviso una foto in cui appare insieme alla moglie Olga Plakhina. Lei \u00e8 ancora nel letto della clinica, una struttura di Roma. [&hellip;]<\/p>\n","protected":false},"author":1,"featured_media":122433,"comment_status":"closed","ping_status":"closed","sticky":false,"template":"","format":"standard","meta":{"footnotes":""},"categories":[54],"tags":[60348],"vip":[242],"class_list":["post-66387","post","type-post","status-publish","format-standard","has-post-thumbnail","hentry","category-news","tag-olga-plakhina","vip-aldo_montano"],"yoast_head":"<title>Aldo Montano pap\u00e0 bis: ecco come si chiama il figlio - Gossip.it | News sul Gossip e VIP<\/title>\n<meta name=\"description\" content=\"Aldo Montano \u00e8 diventato di nuovo pap\u00e0. Lo schermidore ha dato il benvenuto al mondo al suo secondo figlio sabato sera. Domenica ha invece deciso di dare\" \/>\n<meta name=\"robots\" content=\"index, follow, max-snippet:-1, max-image-preview:large, max-video-preview:-1\" \/>\n<link rel=\"canonical\" href=\"https:\/\/www.gossip.it\/news\/aldo-montano-papa-bis-ecco-come-si-chiama-figlio\/\" \/>\n<meta property=\"og:locale\" content=\"it_IT\" \/>\n<meta property=\"og:type\" content=\"article\" \/>\n<meta property=\"og:title\" content=\"Aldo Montano pap\u00e0 bis: ecco come si chiama il figlio - Gossip.it | News sul Gossip e VIP\" \/>\n<meta property=\"og:description\" content=\"Aldo Montano \u00e8 diventato di nuovo pap\u00e0. Lo schermidore ha dato il benvenuto al mondo al suo secondo figlio sabato sera. Domenica ha invece deciso di dare\" \/>\n<meta property=\"og:url\" content=\"https:\/\/www.gossip.it\/news\/aldo-montano-papa-bis-ecco-come-si-chiama-figlio\/\" \/>\n<meta property=\"og:site_name\" content=\"Gossip.it | News sul Gossip e VIP\" \/>\n<meta property=\"article:publisher\" content=\"https:\/\/www.facebook.com\/GossipIT\" \/>\n<meta property=\"article:published_time\" content=\"2021-03-27T23:00:00+00:00\" \/>\n<meta property=\"og:image\" content=\"https:\/\/files.gossip.it\/immagini_news\/2021\/03\/1616967467_aldo-montano-640-1.jpg\" \/>\n<meta name=\"author\" content=\"La Redazione\" \/>\n<meta name=\"twitter:card\" content=\"summary_large_image\" \/>\n<meta name=\"twitter:image\" content=\"https:\/\/files.gossip.it\/immagini_news\/2021\/03\/1616967467_aldo-montano-640-1.jpg\" \/>\n<meta name=\"twitter:creator\" content=\"@gossinews_it\" \/>\n<meta name=\"twitter:site\" content=\"@gossinews_it\" \/>\n<meta name=\"twitter:label1\" content=\"Scritto da\" \/>\n\t<meta name=\"twitter:data1\" content=\"la Redazione\" \/>\n\t<meta name=\"twitter:label2\" content=\"Tempo di lettura stimato\" \/>\n\t<meta name=\"twitter:data2\" content=\"1 minuto\" \/>","yoast_head_json":{"title":"Aldo Montano pap\u00e0 bis: ecco come si chiama il figlio - Gossip.it | News sul Gossip e VIP","description":"Aldo Montano \u00e8 diventato di nuovo pap\u00e0. Lo schermidore ha dato il benvenuto al mondo al suo secondo figlio sabato sera. Domenica ha invece deciso di dare","robots":{"index":"index","follow":"follow","max-snippet":"max-snippet:-1","max-image-preview":"max-image-preview:large","max-video-preview":"max-video-preview:-1"},"canonical":"https:\/\/www.gossip.it\/news\/aldo-montano-papa-bis-ecco-come-si-chiama-figlio\/","og_locale":"it_IT","og_type":"article","og_title":"Aldo Montano pap\u00e0 bis: ecco come si chiama il figlio - Gossip.it | News sul Gossip e VIP","og_description":"Aldo Montano \u00e8 diventato di nuovo pap\u00e0. Lo schermidore ha dato il benvenuto al mondo al suo secondo figlio sabato sera. Domenica ha invece deciso di dare","og_url":"https:\/\/www.gossip.it\/news\/aldo-montano-papa-bis-ecco-come-si-chiama-figlio\/","og_site_name":"Gossip.it | News sul Gossip e VIP","article_publisher":"https:\/\/www.facebook.com\/GossipIT","article_published_time":"2021-03-27T23:00:00+00:00","og_image":[{"url":"https:\/\/files.gossip.it\/immagini_news\/2021\/03\/1616967467_aldo-montano-640-1.jpg"}],"author":"La Redazione","twitter_card":"summary_large_image","twitter_image":"https:\/\/files.gossip.it\/immagini_news\/2021\/03\/1616967467_aldo-montano-640-1.jpg","twitter_creator":"@gossinews_it","twitter_site":"@gossinews_it","twitter_misc":{"Scritto da":"la Redazione","Tempo di lettura stimato":"1 minuto"},"schema":{"@context":"https:\/\/schema.org","@graph":[{"@type":"Article","@id":"https:\/\/www.gossip.it\/news\/aldo-montano-papa-bis-ecco-come-si-chiama-figlio\/#article","isPartOf":{"@id":"https:\/\/www.gossip.it\/news\/aldo-montano-papa-bis-ecco-come-si-chiama-figlio\/"},"author":{"name":"La Redazione","@id":"https:\/\/www.gossip.it\/#\/schema\/person\/488896f75158bff1cc83c6c39d141110"},"headline":"Aldo Montano pap\u00e0 bis: ecco come si chiama il figlio","datePublished":"2021-03-27T23:00:00+00:00","dateModified":"2021-03-27T23:00:00+00:00","mainEntityOfPage":{"@id":"https:\/\/www.gossip.it\/news\/aldo-montano-papa-bis-ecco-come-si-chiama-figlio\/"},"wordCount":249,"publisher":{"@id":"https:\/\/www.gossip.it\/#organization"},"image":{"@id":"https:\/\/www.gossip.it\/news\/aldo-montano-papa-bis-ecco-come-si-chiama-figlio\/#primaryimage"},"thumbnailUrl":"https:\/\/files.gossip.it\/immagini_news\/2021\/03\/1616967467_aldo-montano-640-1.jpg","keywords":["Olga Plakhina"],"articleSection":["News"],"inLanguage":"it-IT"},{"@type":"WebPage","@id":"https:\/\/www.gossip.it\/news\/aldo-montano-papa-bis-ecco-come-si-chiama-figlio\/","url":"https:\/\/www.gossip.it\/news\/aldo-montano-papa-bis-ecco-come-si-chiama-figlio\/","name":"Aldo Montano pap\u00e0 bis: ecco come si chiama il figlio - Gossip.it | News sul Gossip e VIP","isPartOf":{"@id":"https:\/\/www.gossip.it\/#website"},"primaryImageOfPage":{"@id":"https:\/\/www.gossip.it\/news\/aldo-montano-papa-bis-ecco-come-si-chiama-figlio\/#primaryimage"},"image":{"@id":"https:\/\/www.gossip.it\/news\/aldo-montano-papa-bis-ecco-come-si-chiama-figlio\/#primaryimage"},"thumbnailUrl":"https:\/\/files.gossip.it\/immagini_news\/2021\/03\/1616967467_aldo-montano-640-1.jpg","datePublished":"2021-03-27T23:00:00+00:00","dateModified":"2021-03-27T23:00:00+00:00","description":"Aldo Montano \u00e8 diventato di nuovo pap\u00e0. Lo schermidore ha dato il benvenuto al mondo al suo secondo figlio sabato sera. Domenica ha invece deciso di dare","breadcrumb":{"@id":"https:\/\/www.gossip.it\/news\/aldo-montano-papa-bis-ecco-come-si-chiama-figlio\/#breadcrumb"},"inLanguage":"it-IT","potentialAction":[{"@type":"ReadAction","target":["https:\/\/www.gossip.it\/news\/aldo-montano-papa-bis-ecco-come-si-chiama-figlio\/"]}]},{"@type":"ImageObject","inLanguage":"it-IT","@id":"https:\/\/www.gossip.it\/news\/aldo-montano-papa-bis-ecco-come-si-chiama-figlio\/#primaryimage","url":"https:\/\/files.gossip.it\/immagini_news\/2021\/03\/1616967467_aldo-montano-640-1.jpg","contentUrl":"https:\/\/files.gossip.it\/immagini_news\/2021\/03\/1616967467_aldo-montano-640-1.jpg"},{"@type":"BreadcrumbList","@id":"https:\/\/www.gossip.it\/news\/aldo-montano-papa-bis-ecco-come-si-chiama-figlio\/#breadcrumb","itemListElement":[{"@type":"ListItem","position":1,"name":"Home","item":"https:\/\/www.gossip.it\/"},{"@type":"ListItem","position":2,"name":"Aldo Montano pap\u00e0 bis: ecco come si chiama il figlio"}]},{"@type":"WebSite","@id":"https:\/\/www.gossip.it\/#website","url":"https:\/\/www.gossip.it\/","name":"Gossip and VIP News","description":"Quotidiano di cronaca rosa, costume e societ\u00e0","publisher":{"@id":"https:\/\/www.gossip.it\/#organization"},"alternateName":"Gossip and VIP News","potentialAction":[{"@type":"SearchAction","target":{"@type":"EntryPoint","urlTemplate":"https:\/\/www.gossip.it\/?s={search_term_string}"},"query-input":{"@type":"PropertyValueSpecification","valueRequired":true,"valueName":"search_term_string"}}],"inLanguage":"it-IT"},{"@type":"Organization","@id":"https:\/\/www.gossip.it\/#organization","name":"Gossip and VIP News","alternateName":"Gossip News","url":"https:\/\/www.gossip.it\/","logo":{"@type":"ImageObject","inLanguage":"it-IT","@id":"https:\/\/www.gossip.it\/#\/schema\/logo\/image\/","url":"https:\/\/www.gossip.it\/wp-content\/uploads\/2022\/04\/cropped-corna-alta-tiny.png","contentUrl":"https:\/\/www.gossip.it\/wp-content\/uploads\/2022\/04\/cropped-corna-alta-tiny.png","width":512,"height":512,"caption":"Gossip and VIP News"},"image":{"@id":"https:\/\/www.gossip.it\/#\/schema\/logo\/image\/"},"sameAs":["https:\/\/www.facebook.com\/GossipIT","https:\/\/x.com\/gossinews_it","https:\/\/instagram.com\/gossip_it"]},{"@type":"Person","@id":"https:\/\/www.gossip.it\/#\/schema\/person\/488896f75158bff1cc83c6c39d141110","name":"La Redazione","image":{"@type":"ImageObject","inLanguage":"it-IT","@id":"https:\/\/www.gossip.it\/#\/schema\/person\/image\/","url":"https:\/\/secure.gravatar.com\/avatar\/5a5f5c6fa3e6700e4249abdad0263a1e94e927d9e0499b1cb09c1cd29c044d80?s=96&d=mm&r=g","contentUrl":"https:\/\/secure.gravatar.com\/avatar\/5a5f5c6fa3e6700e4249abdad0263a1e94e927d9e0499b1cb09c1cd29c044d80?s=96&d=mm&r=g","caption":"La Redazione"},"sameAs":["https:\/\/www.gossip.it"]}]}},"amp_enabled":true,"_links":{"self":[{"href":"https:\/\/www.gossip.it\/api\/wp\/v2\/posts\/66387","targetHints":{"allow":["GET"]}}],"collection":[{"href":"https:\/\/www.gossip.it\/api\/wp\/v2\/posts"}],"about":[{"href":"https:\/\/www.gossip.it\/api\/wp\/v2\/types\/post"}],"author":[{"embeddable":true,"href":"https:\/\/www.gossip.it\/api\/wp\/v2\/users\/1"}],"replies":[{"embeddable":true,"href":"https:\/\/www.gossip.it\/api\/wp\/v2\/comments?post=66387"}],"version-history":[{"count":0,"href":"https:\/\/www.gossip.it\/api\/wp\/v2\/posts\/66387\/revisions"}],"wp:featuredmedia":[{"embeddable":true,"href":"https:\/\/www.gossip.it\/api\/wp\/v2\/media\/122433"}],"wp:attachment":[{"href":"https:\/\/www.gossip.it\/api\/wp\/v2\/media?parent=66387"}],"wp:term":[{"taxonomy":"category","embeddable":true,"href":"https:\/\/www.gossip.it\/api\/wp\/v2\/categories?post=66387"},{"taxonomy":"post_tag","embeddable":true,"href":"https:\/\/www.gossip.it\/api\/wp\/v2\/tags?post=66387"},{"taxonomy":"vip","embeddable":true,"href":"https:\/\/www.gossip.it\/api\/wp\/v2\/vip?post=66387"}],"curies":[{"name":"wp","href":"https:\/\/api.w.org\/{rel}","templated":true}]}}