{"id":66419,"date":"2020-01-27T00:00:00","date_gmt":"2020-01-26T23:00:00","guid":{"rendered":"https:\/\/www.gossip.it\/senza-categoria\/nilufar-addati-stilista\/"},"modified":"2020-01-27T00:00:00","modified_gmt":"2020-01-26T23:00:00","slug":"nilufar-addati-stilista","status":"publish","type":"post","link":"https:\/\/www.gossip.it\/news\/nilufar-addati-stilista\/","title":{"rendered":"Nilufar Addati stilista: lancia la sua collezione"},"content":{"rendered":"<p><a href=\"\/vip\/nilufar-addati\/\">Nilufar Addati<\/a> diventa <strong>stilista<\/strong>: l\u2019ex tronista di <em>Uomini e Donne<\/em> debutta nel mondo della moda. La 21enne lo annuncia fiera ed emozionata sul social.<\/p>\n<figure class=\"caption\"><img decoding=\"async\" alt=\"Nilufar Addati stilista: lancia la sua collezione\" width=\"640\" height=\"430\" src=\"https:\/\/files.gossip.it\/immagini_news\/2020\/01\/1580125628_nilufar_addati_stilista.jpg\" \/><figcaption>Nilufar Addati stilista: lancia la sua collezione<\/figcaption><\/figure>\n<p>L\u2019influencer napoletana, ex concorrente con l\u2019ex ormai fidanzato <a href=\"\/vip\/giordano-mazzocchi\/\">Giordano Mazzocchi<\/a> di <em>Temptation Island Vip<\/em>, \u00e8 orgogliosa di presentare il progetto che tiene celato da mesi. Diventa <strong>stilista<\/strong> e lancia la <em>Daydeamer Collection<\/em>, nome del brand non certo scelto a caso dato che <em>\u2018daydreamer' <\/em>\u00e8 anche la parola ha tatuata sul suo costato.<\/p>\n<p><em>\u201cSono molto emozionata e super felice di potervi finalmente presentare Daydreamer Collection. Nasce la mia collezione di vestiti. Non ci credo, sono mesi che tengo il segreto. Questo sogno \u00e8 finalmente realt\u00e0!\u201d<\/em>, fa sapere Nilufar ai fan nelle sue <em>IG Stories.<\/em><\/p>\n<p>Poi in un post condiviso su <em>Instagram<\/em> scrive: <em>\u201cQuesto \u00e8 un sogno diventato realt\u00e0! Vi presento ufficialmente Daydreamer Collection. Dopo mesi in cui ho dovuto mantenere il segreto finalmente posso svelarvi tutto! Sono una sognatrice, lo sapete bene voi cari amici miei, non ho mai smesso di credere nella possibilit\u00e0 di realizzare i miei sogni e grazie a voi tutto ci\u00f2 \u00e8 diventato realt\u00e0\u201d<\/em>.\u00a0E ancora:\u00a0<em>\u201cE\u2019 da tanto tempo che volevo parlarvene, ma come ogni cosa bella, ha bisogno di tempo, cura e dedizione. E' un piccolo progetto, al quale tengo tantissimo\u201d.<\/em><\/p>\n<p>\u00a0<\/p>\n<p>\u00a0<\/p>\n","protected":false},"excerpt":{"rendered":"<p>Nilufar Addati diventa stilista: l\u2019ex tronista di Uomini e Donne debutta nel mondo della moda. La 21enne lo annuncia fiera ed emozionata sul social. Nilufar Addati stilista: lancia la sua collezione L\u2019influencer napoletana, ex concorrente con l\u2019ex ormai fidanzato Giordano Mazzocchi di Temptation Island Vip, \u00e8 orgogliosa di presentare il progetto che tiene celato da [&hellip;]<\/p>\n","protected":false},"author":1,"featured_media":122465,"comment_status":"closed","ping_status":"closed","sticky":false,"template":"","format":"standard","meta":{"footnotes":""},"categories":[54],"tags":[1917,3166,60361,2102,11878,2198,3099,11673,2360,11447,2113,2115],"vip":[],"class_list":["post-66419","post","type-post","status-publish","format-standard","has-post-thumbnail","hentry","category-news","tag-annuncio","tag-collezione","tag-daydreamer-collection","tag-dichiarazioni","tag-giordano-mazzocchi","tag-influencer","tag-moda","tag-nilufar-addati","tag-stilista","tag-temptation-island-vip","tag-tronista","tag-uomini-e-donne"],"yoast_head":"<title>Nilufar Addati stilista: lancia la sua collezione - Gossip.it | News sul Gossip e VIP<\/title>\n<meta name=\"description\" content=\"Nilufar Addati diventa stilista: l\u2019ex tronista di Uomini e Donne debutta nel mondo della moda. La 21enne lo annuncia fiera ed emozionata sul\" \/>\n<meta name=\"robots\" content=\"index, follow, max-snippet:-1, max-image-preview:large, max-video-preview:-1\" \/>\n<link rel=\"canonical\" href=\"https:\/\/www.gossip.it\/news\/nilufar-addati-stilista\/\" \/>\n<meta property=\"og:locale\" content=\"it_IT\" \/>\n<meta property=\"og:type\" content=\"article\" \/>\n<meta property=\"og:title\" content=\"Nilufar Addati stilista: lancia la sua collezione - Gossip.it | News sul Gossip e VIP\" \/>\n<meta property=\"og:description\" content=\"Nilufar Addati diventa stilista: l\u2019ex tronista di Uomini e Donne debutta nel mondo della moda. La 21enne lo annuncia fiera ed emozionata sul\" \/>\n<meta property=\"og:url\" content=\"https:\/\/www.gossip.it\/news\/nilufar-addati-stilista\/\" \/>\n<meta property=\"og:site_name\" content=\"Gossip.it | News sul Gossip e VIP\" \/>\n<meta property=\"article:publisher\" content=\"https:\/\/www.facebook.com\/GossipIT\" \/>\n<meta property=\"article:published_time\" content=\"2020-01-26T23:00:00+00:00\" \/>\n<meta property=\"og:image\" content=\"https:\/\/files.gossip.it\/immagini_news\/2020\/01\/1580125628_nilufar_addati_stilista.jpg\" \/>\n<meta name=\"author\" content=\"La Redazione\" \/>\n<meta name=\"twitter:card\" content=\"summary_large_image\" \/>\n<meta name=\"twitter:image\" content=\"https:\/\/files.gossip.it\/immagini_news\/2020\/01\/1580125628_nilufar_addati_stilista.jpg\" \/>\n<meta name=\"twitter:creator\" content=\"@gossinews_it\" \/>\n<meta name=\"twitter:site\" content=\"@gossinews_it\" \/>\n<meta name=\"twitter:label1\" content=\"Scritto da\" \/>\n\t<meta name=\"twitter:data1\" content=\"Annamaria Capozzi\" \/>\n\t<meta name=\"twitter:label2\" content=\"Tempo di lettura stimato\" \/>\n\t<meta name=\"twitter:data2\" content=\"1 minuto\" \/>","yoast_head_json":{"title":"Nilufar Addati stilista: lancia la sua collezione - Gossip.it | News sul Gossip e VIP","description":"Nilufar Addati diventa stilista: l\u2019ex tronista di Uomini e Donne debutta nel mondo della moda. La 21enne lo annuncia fiera ed emozionata sul","robots":{"index":"index","follow":"follow","max-snippet":"max-snippet:-1","max-image-preview":"max-image-preview:large","max-video-preview":"max-video-preview:-1"},"canonical":"https:\/\/www.gossip.it\/news\/nilufar-addati-stilista\/","og_locale":"it_IT","og_type":"article","og_title":"Nilufar Addati stilista: lancia la sua collezione - Gossip.it | News sul Gossip e VIP","og_description":"Nilufar Addati diventa stilista: l\u2019ex tronista di Uomini e Donne debutta nel mondo della moda. La 21enne lo annuncia fiera ed emozionata sul","og_url":"https:\/\/www.gossip.it\/news\/nilufar-addati-stilista\/","og_site_name":"Gossip.it | News sul Gossip e VIP","article_publisher":"https:\/\/www.facebook.com\/GossipIT","article_published_time":"2020-01-26T23:00:00+00:00","og_image":[{"url":"https:\/\/files.gossip.it\/immagini_news\/2020\/01\/1580125628_nilufar_addati_stilista.jpg"}],"author":"La Redazione","twitter_card":"summary_large_image","twitter_image":"https:\/\/files.gossip.it\/immagini_news\/2020\/01\/1580125628_nilufar_addati_stilista.jpg","twitter_creator":"@gossinews_it","twitter_site":"@gossinews_it","twitter_misc":{"Scritto da":"Annamaria Capozzi","Tempo di lettura stimato":"1 minuto"},"schema":{"@context":"https:\/\/schema.org","@graph":[{"@type":"Article","@id":"https:\/\/www.gossip.it\/news\/nilufar-addati-stilista\/#article","isPartOf":{"@id":"https:\/\/www.gossip.it\/news\/nilufar-addati-stilista\/"},"author":{"name":"La Redazione","@id":"https:\/\/www.gossip.it\/#\/schema\/person\/488896f75158bff1cc83c6c39d141110"},"headline":"Nilufar Addati stilista: lancia la sua collezione","datePublished":"2020-01-26T23:00:00+00:00","dateModified":"2020-01-26T23:00:00+00:00","mainEntityOfPage":{"@id":"https:\/\/www.gossip.it\/news\/nilufar-addati-stilista\/"},"wordCount":222,"publisher":{"@id":"https:\/\/www.gossip.it\/#organization"},"image":{"@id":"https:\/\/www.gossip.it\/news\/nilufar-addati-stilista\/#primaryimage"},"thumbnailUrl":"https:\/\/files.gossip.it\/immagini_news\/2020\/01\/1580125628_nilufar_addati_stilista.jpg","keywords":["annuncio","collezione","daydreamer collection","dichiarazioni","giordano mazzocchi","influencer","moda","nilufar addati","stilista","temptation island vip","tronista","uomini e donne"],"articleSection":["News"],"inLanguage":"it-IT"},{"@type":"WebPage","@id":"https:\/\/www.gossip.it\/news\/nilufar-addati-stilista\/","url":"https:\/\/www.gossip.it\/news\/nilufar-addati-stilista\/","name":"Nilufar Addati stilista: lancia la sua collezione - Gossip.it | News sul Gossip e VIP","isPartOf":{"@id":"https:\/\/www.gossip.it\/#website"},"primaryImageOfPage":{"@id":"https:\/\/www.gossip.it\/news\/nilufar-addati-stilista\/#primaryimage"},"image":{"@id":"https:\/\/www.gossip.it\/news\/nilufar-addati-stilista\/#primaryimage"},"thumbnailUrl":"https:\/\/files.gossip.it\/immagini_news\/2020\/01\/1580125628_nilufar_addati_stilista.jpg","datePublished":"2020-01-26T23:00:00+00:00","dateModified":"2020-01-26T23:00:00+00:00","description":"Nilufar Addati diventa stilista: l\u2019ex tronista di Uomini e Donne debutta nel mondo della moda. La 21enne lo annuncia fiera ed emozionata sul","breadcrumb":{"@id":"https:\/\/www.gossip.it\/news\/nilufar-addati-stilista\/#breadcrumb"},"inLanguage":"it-IT","potentialAction":[{"@type":"ReadAction","target":["https:\/\/www.gossip.it\/news\/nilufar-addati-stilista\/"]}]},{"@type":"ImageObject","inLanguage":"it-IT","@id":"https:\/\/www.gossip.it\/news\/nilufar-addati-stilista\/#primaryimage","url":"https:\/\/files.gossip.it\/immagini_news\/2020\/01\/1580125628_nilufar_addati_stilista.jpg","contentUrl":"https:\/\/files.gossip.it\/immagini_news\/2020\/01\/1580125628_nilufar_addati_stilista.jpg"},{"@type":"BreadcrumbList","@id":"https:\/\/www.gossip.it\/news\/nilufar-addati-stilista\/#breadcrumb","itemListElement":[{"@type":"ListItem","position":1,"name":"Home","item":"https:\/\/www.gossip.it\/"},{"@type":"ListItem","position":2,"name":"Nilufar Addati stilista: lancia la sua collezione"}]},{"@type":"WebSite","@id":"https:\/\/www.gossip.it\/#website","url":"https:\/\/www.gossip.it\/","name":"Gossip and VIP News","description":"Quotidiano di cronaca rosa, costume e societ\u00e0","publisher":{"@id":"https:\/\/www.gossip.it\/#organization"},"alternateName":"Gossip and VIP News","potentialAction":[{"@type":"SearchAction","target":{"@type":"EntryPoint","urlTemplate":"https:\/\/www.gossip.it\/?s={search_term_string}"},"query-input":{"@type":"PropertyValueSpecification","valueRequired":true,"valueName":"search_term_string"}}],"inLanguage":"it-IT"},{"@type":"Organization","@id":"https:\/\/www.gossip.it\/#organization","name":"Gossip and VIP News","alternateName":"Gossip News","url":"https:\/\/www.gossip.it\/","logo":{"@type":"ImageObject","inLanguage":"it-IT","@id":"https:\/\/www.gossip.it\/#\/schema\/logo\/image\/","url":"https:\/\/www.gossip.it\/wp-content\/uploads\/2022\/04\/cropped-corna-alta-tiny.png","contentUrl":"https:\/\/www.gossip.it\/wp-content\/uploads\/2022\/04\/cropped-corna-alta-tiny.png","width":512,"height":512,"caption":"Gossip and VIP News"},"image":{"@id":"https:\/\/www.gossip.it\/#\/schema\/logo\/image\/"},"sameAs":["https:\/\/www.facebook.com\/GossipIT","https:\/\/x.com\/gossinews_it","https:\/\/instagram.com\/gossip_it"]},{"@type":"Person","@id":"https:\/\/www.gossip.it\/#\/schema\/person\/488896f75158bff1cc83c6c39d141110","name":"La Redazione","image":{"@type":"ImageObject","inLanguage":"it-IT","@id":"https:\/\/www.gossip.it\/#\/schema\/person\/image\/","url":"https:\/\/secure.gravatar.com\/avatar\/5a5f5c6fa3e6700e4249abdad0263a1e94e927d9e0499b1cb09c1cd29c044d80?s=96&d=mm&r=g","contentUrl":"https:\/\/secure.gravatar.com\/avatar\/5a5f5c6fa3e6700e4249abdad0263a1e94e927d9e0499b1cb09c1cd29c044d80?s=96&d=mm&r=g","caption":"La Redazione"},"sameAs":["https:\/\/www.gossip.it"]}]}},"amp_enabled":true,"_links":{"self":[{"href":"https:\/\/www.gossip.it\/api\/wp\/v2\/posts\/66419","targetHints":{"allow":["GET"]}}],"collection":[{"href":"https:\/\/www.gossip.it\/api\/wp\/v2\/posts"}],"about":[{"href":"https:\/\/www.gossip.it\/api\/wp\/v2\/types\/post"}],"author":[{"embeddable":true,"href":"https:\/\/www.gossip.it\/api\/wp\/v2\/users\/1"}],"replies":[{"embeddable":true,"href":"https:\/\/www.gossip.it\/api\/wp\/v2\/comments?post=66419"}],"version-history":[{"count":0,"href":"https:\/\/www.gossip.it\/api\/wp\/v2\/posts\/66419\/revisions"}],"wp:featuredmedia":[{"embeddable":true,"href":"https:\/\/www.gossip.it\/api\/wp\/v2\/media\/122465"}],"wp:attachment":[{"href":"https:\/\/www.gossip.it\/api\/wp\/v2\/media?parent=66419"}],"wp:term":[{"taxonomy":"category","embeddable":true,"href":"https:\/\/www.gossip.it\/api\/wp\/v2\/categories?post=66419"},{"taxonomy":"post_tag","embeddable":true,"href":"https:\/\/www.gossip.it\/api\/wp\/v2\/tags?post=66419"},{"taxonomy":"vip","embeddable":true,"href":"https:\/\/www.gossip.it\/api\/wp\/v2\/vip?post=66419"}],"curies":[{"name":"wp","href":"https:\/\/api.w.org\/{rel}","templated":true}]}}