{"id":66531,"date":"2020-02-10T00:00:00","date_gmt":"2020-02-09T23:00:00","guid":{"rendered":"https:\/\/www.gossip.it\/senza-categoria\/alena-seredova-gravidanza-non-sapevo-come-dirlo-ai-figli\/"},"modified":"2020-02-10T00:00:00","modified_gmt":"2020-02-09T23:00:00","slug":"alena-seredova-gravidanza-non-sapevo-come-dirlo-ai-figli","status":"publish","type":"post","link":"https:\/\/www.gossip.it\/news\/alena-seredova-gravidanza-non-sapevo-come-dirlo-ai-figli\/","title":{"rendered":"Alena Seredova parla della gravidanza: 'Non sapevo come dirlo ai miei figli. Ora ho un patto con loro\u2026'"},"content":{"rendered":"<p><a href=\"\/vip\/alena-seredova\/\">Alena Seredova<\/a> parla della <strong>gravidanza<\/strong> in tv, ospite a <em>Verissimo<\/em>. Dopo aver annunciato di essere incinta per la terza volta del suo compagno <a href=\"\/vip\/alessandro-nasi\/\">Alessandro Nasi<\/a> via social, la bella showgirl ceca in televisione svela la sua felicit\u00e0 per la dolce attesa e confessa: <em>\u201c<strong>Non sapevo come dirlo ai <\/strong>miei <strong>figli<\/strong>\u201d<\/em>. I due maschietti di casa, Louis Thomas, 12 anni, e David Lee, 10 anni, avuti dall\u2019ex marito\u00a0<a href=\"\/vip\/gigi-buffon\/\">Gigi Buffon<\/a>. Ora ha un patto con loro\u2026<\/p>\n<figure class=\"caption\"><img decoding=\"async\" alt=\"Alena Seredova parla della gravidanza: 'Non sapevo come dirlo ai miei figli. Ora ho un patto con loro...'\" width=\"640\" height=\"775\" src=\"https:\/\/files.gossip.it\/immagini_news\/2020\/02\/1581329152_alena-seredova.jpg\" \/><figcaption>Alena Seredova parla della gravidanza: 'Non sapevo come dirlo ai miei figli. Ora ho un patto con loro...'<\/figcaption><\/figure>\n<p><em>\u201cNon mi voleva pi\u00f9 nessuno, mamma mi diceva: 'Chi ti piglia a quest'et\u00e0 con dei bambini?\u2019. E invece l'ho incontrato, non avrei mai detto che sarei diventata mamma a 42 anni, pensavo di non farlo. Adesso sono una mamma convinta di diventarlo\u201d,<\/em> racconta <strong>Alena Seredova<\/strong> rimarcando quanto l\u2019aver incontrato Alessandro Nasi le abbia regalato gioia e serenit\u00e0, al punto da regalarsi un altro beb\u00e8.<\/p>\n<figure class=\"caption\"><img decoding=\"async\" alt=\"\" width=\"640\" height=\"666\" src=\"https:\/\/files.gossip.it\/immagini_news\/2020\/02\/1581329185_1580298111_seredova_nasi_4.jpg\" \/><figcaption>La 41enne aspetta il terzo figlio, il primo dal compagno Alessandro Nasi<\/figcaption><\/figure>\n<p><em>\u201cAnche se in Repubblica Ceca sar\u00f2 sempre la signora Buffon, ora che sono cittadina italiana e sono divorziata potrei risposarmi anche domani... Spero che la mia storia possa essere una speranza per tutte le donne che si sono trovate nella mia situazione... C\u2019\u00e8 sempre quella persona nel mondo che aspetta te\u201d,<\/em> aggiunge ancora ipotizzando le nozze.<\/p>\n<p>Poi sulla cicogna fortemente voluta svela: <em>\u201cAmmetto che c\u2019\u00e8 stato un periodo in cui ci lavoravamo, ma non arrivava. Poi nel momento in cui ho smesso di pensarci, sono rimasta incinta. L\u2019ho scoperto insieme ad Alessandro. Lui sar\u00e0 padre per la prima volta e in famiglia questo beb\u00e8 \u00e8 molto atteso\u201d<\/em>. E confessa: <em>\u201c<strong>Ai<\/strong> miei <strong>figli<\/strong> <strong>non sapevo come dirlo<\/strong> e cos\u00ec ho scritto una lettera ad entrambi firmata proprio dal beb\u00e8\u201d.<\/em><\/p>\n<figure class=\"caption\"><img decoding=\"async\" alt=\"\" width=\"640\" height=\"794\" src=\"https:\/\/files.gossip.it\/immagini_news\/2020\/02\/1581329242_1580297957_seredova_incinta_1.jpg\" \/><figcaption>La 41enne ha annunciato la dolce attesa sul social<\/figcaption><\/figure>\n<p>Sul sesso del nascituro, che per alcuni rotocalchi sarebbe sicuramente una femminuccia, Alena chiarisce: <em>\u201cHanno detto che aspetto una femmina solo perch\u00e9 ero in un negozio con una mia amica, ma lei ha due bambine per questo siamo finite in quel reparto. Ho un patto con miei figli: non svelare il sesso del beb\u00e8 fino alla sua nascita\u201d.<\/em><\/p>\n<p>\u00a0<\/p>\n","protected":false},"excerpt":{"rendered":"<p>Alena Seredova parla della gravidanza in tv, ospite a Verissimo. Dopo aver annunciato di essere incinta per la terza volta del suo compagno Alessandro Nasi via social, la bella showgirl ceca in televisione svela la sua felicit\u00e0 per la dolce attesa e confessa: \u201cNon sapevo come dirlo ai miei figli\u201d. I due maschietti di casa, [&hellip;]<\/p>\n","protected":false},"author":1,"featured_media":122577,"comment_status":"closed","ping_status":"closed","sticky":false,"template":"","format":"standard","meta":{"footnotes":""},"categories":[54],"tags":[13187,9794,6288,4548,2102,4645,2000,1942,2181,2094,2121,2103,60412,4812,2099,1967,1923,60368,2208],"vip":[246],"class_list":["post-66531","post","type-post","status-publish","format-standard","has-post-thumbnail","hentry","category-news","tag-41-anni","tag-alessandro-nasi","tag-bebe-in-arrivo","tag-cicogna","tag-dichiarazioni","tag-dolce-attesa","tag-figli","tag-figlio","tag-gravidanza","tag-incinta","tag-instagram","tag-intervista","tag-non-sapevo-come-dirlo-ai-figli","tag-pancione","tag-sesso-bebe","tag-showgirl","tag-social","tag-terso","tag-verissimo","vip-alena_seredova"],"yoast_head":"<title>Alena Seredova parla della gravidanza: &#039;Non sapevo come dirlo ai miei figli. Ora ho un patto con loro\u2026&#039; - Gossip.it | News sul Gossip e VIP<\/title>\n<meta name=\"description\" content=\"Alena Seredova parla della gravidanza in tv, ospite a Verissimo. Dopo aver annunciato di essere incinta per la terza volta del suo compagno Alessandro\" \/>\n<meta name=\"robots\" content=\"index, follow, max-snippet:-1, max-image-preview:large, max-video-preview:-1\" \/>\n<link rel=\"canonical\" href=\"https:\/\/www.gossip.it\/news\/alena-seredova-gravidanza-non-sapevo-come-dirlo-ai-figli\/\" \/>\n<meta property=\"og:locale\" content=\"it_IT\" \/>\n<meta property=\"og:type\" content=\"article\" \/>\n<meta property=\"og:title\" content=\"Alena Seredova parla della gravidanza: &#039;Non sapevo come dirlo ai miei figli. Ora ho un patto con loro\u2026&#039; - Gossip.it | News sul Gossip e VIP\" \/>\n<meta property=\"og:description\" content=\"Alena Seredova parla della gravidanza in tv, ospite a Verissimo. Dopo aver annunciato di essere incinta per la terza volta del suo compagno Alessandro\" \/>\n<meta property=\"og:url\" content=\"https:\/\/www.gossip.it\/news\/alena-seredova-gravidanza-non-sapevo-come-dirlo-ai-figli\/\" \/>\n<meta property=\"og:site_name\" content=\"Gossip.it | News sul Gossip e VIP\" \/>\n<meta property=\"article:publisher\" content=\"https:\/\/www.facebook.com\/GossipIT\" \/>\n<meta property=\"article:published_time\" content=\"2020-02-09T23:00:00+00:00\" \/>\n<meta property=\"og:image\" content=\"https:\/\/files.gossip.it\/immagini_news\/2020\/02\/1581329152_alena-seredova.jpg\" \/>\n<meta name=\"author\" content=\"La Redazione\" \/>\n<meta name=\"twitter:card\" content=\"summary_large_image\" \/>\n<meta name=\"twitter:image\" content=\"https:\/\/files.gossip.it\/immagini_news\/2020\/02\/1581329152_alena-seredova.jpg\" \/>\n<meta name=\"twitter:creator\" content=\"@gossinews_it\" \/>\n<meta name=\"twitter:site\" content=\"@gossinews_it\" \/>\n<meta name=\"twitter:label1\" content=\"Scritto da\" \/>\n\t<meta name=\"twitter:data1\" content=\"Annamaria Capozzi\" \/>\n\t<meta name=\"twitter:label2\" content=\"Tempo di lettura stimato\" \/>\n\t<meta name=\"twitter:data2\" content=\"2 minuti\" \/>","yoast_head_json":{"title":"Alena Seredova parla della gravidanza: 'Non sapevo come dirlo ai miei figli. Ora ho un patto con loro\u2026' - Gossip.it | News sul Gossip e VIP","description":"Alena Seredova parla della gravidanza in tv, ospite a Verissimo. Dopo aver annunciato di essere incinta per la terza volta del suo compagno Alessandro","robots":{"index":"index","follow":"follow","max-snippet":"max-snippet:-1","max-image-preview":"max-image-preview:large","max-video-preview":"max-video-preview:-1"},"canonical":"https:\/\/www.gossip.it\/news\/alena-seredova-gravidanza-non-sapevo-come-dirlo-ai-figli\/","og_locale":"it_IT","og_type":"article","og_title":"Alena Seredova parla della gravidanza: 'Non sapevo come dirlo ai miei figli. Ora ho un patto con loro\u2026' - Gossip.it | News sul Gossip e VIP","og_description":"Alena Seredova parla della gravidanza in tv, ospite a Verissimo. Dopo aver annunciato di essere incinta per la terza volta del suo compagno Alessandro","og_url":"https:\/\/www.gossip.it\/news\/alena-seredova-gravidanza-non-sapevo-come-dirlo-ai-figli\/","og_site_name":"Gossip.it | News sul Gossip e VIP","article_publisher":"https:\/\/www.facebook.com\/GossipIT","article_published_time":"2020-02-09T23:00:00+00:00","og_image":[{"url":"https:\/\/files.gossip.it\/immagini_news\/2020\/02\/1581329152_alena-seredova.jpg"}],"author":"La Redazione","twitter_card":"summary_large_image","twitter_image":"https:\/\/files.gossip.it\/immagini_news\/2020\/02\/1581329152_alena-seredova.jpg","twitter_creator":"@gossinews_it","twitter_site":"@gossinews_it","twitter_misc":{"Scritto da":"Annamaria Capozzi","Tempo di lettura stimato":"2 minuti"},"schema":{"@context":"https:\/\/schema.org","@graph":[{"@type":"Article","@id":"https:\/\/www.gossip.it\/news\/alena-seredova-gravidanza-non-sapevo-come-dirlo-ai-figli\/#article","isPartOf":{"@id":"https:\/\/www.gossip.it\/news\/alena-seredova-gravidanza-non-sapevo-come-dirlo-ai-figli\/"},"author":{"name":"La Redazione","@id":"https:\/\/www.gossip.it\/#\/schema\/person\/488896f75158bff1cc83c6c39d141110"},"headline":"Alena Seredova parla della gravidanza: 'Non sapevo come dirlo ai miei figli. Ora ho un patto con loro\u2026'","datePublished":"2020-02-09T23:00:00+00:00","dateModified":"2020-02-09T23:00:00+00:00","mainEntityOfPage":{"@id":"https:\/\/www.gossip.it\/news\/alena-seredova-gravidanza-non-sapevo-come-dirlo-ai-figli\/"},"wordCount":383,"publisher":{"@id":"https:\/\/www.gossip.it\/#organization"},"image":{"@id":"https:\/\/www.gossip.it\/news\/alena-seredova-gravidanza-non-sapevo-come-dirlo-ai-figli\/#primaryimage"},"thumbnailUrl":"https:\/\/files.gossip.it\/immagini_news\/2020\/02\/1581329152_alena-seredova.jpg","keywords":["41 anni","alessandro nasi","beb\u00e8 in arrivo","cicogna","dichiarazioni","dolce attesa","figli","figlio","gravidanza","incinta","instagram","intervista","non sapevo come dirlo ai figli","pancione","sesso beb\u00e8","showgirl","social","terso","verissimo"],"articleSection":["News"],"inLanguage":"it-IT"},{"@type":"WebPage","@id":"https:\/\/www.gossip.it\/news\/alena-seredova-gravidanza-non-sapevo-come-dirlo-ai-figli\/","url":"https:\/\/www.gossip.it\/news\/alena-seredova-gravidanza-non-sapevo-come-dirlo-ai-figli\/","name":"Alena Seredova parla della gravidanza: 'Non sapevo come dirlo ai miei figli. Ora ho un patto con loro\u2026' - Gossip.it | News sul Gossip e VIP","isPartOf":{"@id":"https:\/\/www.gossip.it\/#website"},"primaryImageOfPage":{"@id":"https:\/\/www.gossip.it\/news\/alena-seredova-gravidanza-non-sapevo-come-dirlo-ai-figli\/#primaryimage"},"image":{"@id":"https:\/\/www.gossip.it\/news\/alena-seredova-gravidanza-non-sapevo-come-dirlo-ai-figli\/#primaryimage"},"thumbnailUrl":"https:\/\/files.gossip.it\/immagini_news\/2020\/02\/1581329152_alena-seredova.jpg","datePublished":"2020-02-09T23:00:00+00:00","dateModified":"2020-02-09T23:00:00+00:00","description":"Alena Seredova parla della gravidanza in tv, ospite a Verissimo. Dopo aver annunciato di essere incinta per la terza volta del suo compagno Alessandro","breadcrumb":{"@id":"https:\/\/www.gossip.it\/news\/alena-seredova-gravidanza-non-sapevo-come-dirlo-ai-figli\/#breadcrumb"},"inLanguage":"it-IT","potentialAction":[{"@type":"ReadAction","target":["https:\/\/www.gossip.it\/news\/alena-seredova-gravidanza-non-sapevo-come-dirlo-ai-figli\/"]}]},{"@type":"ImageObject","inLanguage":"it-IT","@id":"https:\/\/www.gossip.it\/news\/alena-seredova-gravidanza-non-sapevo-come-dirlo-ai-figli\/#primaryimage","url":"https:\/\/files.gossip.it\/immagini_news\/2020\/02\/1581329152_alena-seredova.jpg","contentUrl":"https:\/\/files.gossip.it\/immagini_news\/2020\/02\/1581329152_alena-seredova.jpg"},{"@type":"BreadcrumbList","@id":"https:\/\/www.gossip.it\/news\/alena-seredova-gravidanza-non-sapevo-come-dirlo-ai-figli\/#breadcrumb","itemListElement":[{"@type":"ListItem","position":1,"name":"Home","item":"https:\/\/www.gossip.it\/"},{"@type":"ListItem","position":2,"name":"Alena Seredova parla della gravidanza: 'Non sapevo come dirlo ai miei figli. Ora ho un patto con loro\u2026'"}]},{"@type":"WebSite","@id":"https:\/\/www.gossip.it\/#website","url":"https:\/\/www.gossip.it\/","name":"Gossip and VIP News","description":"Quotidiano di cronaca rosa, costume e societ\u00e0","publisher":{"@id":"https:\/\/www.gossip.it\/#organization"},"alternateName":"Gossip and VIP News","potentialAction":[{"@type":"SearchAction","target":{"@type":"EntryPoint","urlTemplate":"https:\/\/www.gossip.it\/?s={search_term_string}"},"query-input":{"@type":"PropertyValueSpecification","valueRequired":true,"valueName":"search_term_string"}}],"inLanguage":"it-IT"},{"@type":"Organization","@id":"https:\/\/www.gossip.it\/#organization","name":"Gossip and VIP News","alternateName":"Gossip News","url":"https:\/\/www.gossip.it\/","logo":{"@type":"ImageObject","inLanguage":"it-IT","@id":"https:\/\/www.gossip.it\/#\/schema\/logo\/image\/","url":"https:\/\/www.gossip.it\/wp-content\/uploads\/2022\/04\/cropped-corna-alta-tiny.png","contentUrl":"https:\/\/www.gossip.it\/wp-content\/uploads\/2022\/04\/cropped-corna-alta-tiny.png","width":512,"height":512,"caption":"Gossip and VIP News"},"image":{"@id":"https:\/\/www.gossip.it\/#\/schema\/logo\/image\/"},"sameAs":["https:\/\/www.facebook.com\/GossipIT","https:\/\/x.com\/gossinews_it","https:\/\/instagram.com\/gossip_it"]},{"@type":"Person","@id":"https:\/\/www.gossip.it\/#\/schema\/person\/488896f75158bff1cc83c6c39d141110","name":"La Redazione","image":{"@type":"ImageObject","inLanguage":"it-IT","@id":"https:\/\/www.gossip.it\/#\/schema\/person\/image\/","url":"https:\/\/secure.gravatar.com\/avatar\/5a5f5c6fa3e6700e4249abdad0263a1e94e927d9e0499b1cb09c1cd29c044d80?s=96&d=mm&r=g","contentUrl":"https:\/\/secure.gravatar.com\/avatar\/5a5f5c6fa3e6700e4249abdad0263a1e94e927d9e0499b1cb09c1cd29c044d80?s=96&d=mm&r=g","caption":"La Redazione"},"sameAs":["https:\/\/www.gossip.it"]}]}},"amp_enabled":true,"_links":{"self":[{"href":"https:\/\/www.gossip.it\/api\/wp\/v2\/posts\/66531","targetHints":{"allow":["GET"]}}],"collection":[{"href":"https:\/\/www.gossip.it\/api\/wp\/v2\/posts"}],"about":[{"href":"https:\/\/www.gossip.it\/api\/wp\/v2\/types\/post"}],"author":[{"embeddable":true,"href":"https:\/\/www.gossip.it\/api\/wp\/v2\/users\/1"}],"replies":[{"embeddable":true,"href":"https:\/\/www.gossip.it\/api\/wp\/v2\/comments?post=66531"}],"version-history":[{"count":0,"href":"https:\/\/www.gossip.it\/api\/wp\/v2\/posts\/66531\/revisions"}],"wp:featuredmedia":[{"embeddable":true,"href":"https:\/\/www.gossip.it\/api\/wp\/v2\/media\/122577"}],"wp:attachment":[{"href":"https:\/\/www.gossip.it\/api\/wp\/v2\/media?parent=66531"}],"wp:term":[{"taxonomy":"category","embeddable":true,"href":"https:\/\/www.gossip.it\/api\/wp\/v2\/categories?post=66531"},{"taxonomy":"post_tag","embeddable":true,"href":"https:\/\/www.gossip.it\/api\/wp\/v2\/tags?post=66531"},{"taxonomy":"vip","embeddable":true,"href":"https:\/\/www.gossip.it\/api\/wp\/v2\/vip?post=66531"}],"curies":[{"name":"wp","href":"https:\/\/api.w.org\/{rel}","templated":true}]}}