{"id":66598,"date":"2020-02-18T00:00:00","date_gmt":"2020-02-17T23:00:00","guid":{"rendered":"https:\/\/www.gossip.it\/senza-categoria\/andrea-montovoli-carcere\/"},"modified":"2020-02-18T00:00:00","modified_gmt":"2020-02-17T23:00:00","slug":"andrea-montovoli-carcere","status":"publish","type":"post","link":"https:\/\/www.gossip.it\/news\/andrea-montovoli-carcere\/","title":{"rendered":"Andrea Montovoli, confessione choc al GF Vip: 'Sono stato in carcere per sei mesi\u2019"},"content":{"rendered":"<p><a href=\"\/vip\/andrea-montovoli\/\">Andrea Montovoli<\/a> confessa l\u2019inconfessabile, quel doloroso segreto che si \u00e8 portato per anni dentro di s\u00e9. Le sue parole arrivano inaspettate:<em> \u201cSono stato in <strong>carcere<\/strong> per sei mesi\u201d<\/em>, dice l\u2019attore 34enne al <em>GF Vip<\/em>.<\/p>\n<figure class=\"caption\"><img decoding=\"async\" alt=\"Andrea Montovoli, confessione choc al GF Vip: 'Sono stato in carcere per sei mesi'\" width=\"640\" height=\"365\" src=\"https:\/\/files.gossip.it\/immagini_news\/2020\/02\/1582020875_montovoli_1.jpg\" \/><figcaption>Andrea Montovoli, confessione choc al GF Vip: 'Sono stato in carcere per sei mesi'<\/figcaption><\/figure>\n<p>Qualche giorno fa, come aveva fatto anche <a href=\"\/vip\/rita-rusic\/\">Rita Rusic<\/a>, in una stanza della Casa, su una lastra di vetro, con un pennarello <strong>Andrea Montovoli<\/strong> ha disegnato il grafico della sua giovane esistenza ed \u00e8 arrivata la confessione choc. \u201c<em>Nel 1997, mio pap\u00e0 \u00e8 morto per un aneurisma, \u00e8 morto a 40 anni. Sono stati anni bui\u201d<\/em>, ha spiegato.<\/p>\n<p><em>\"Questa cosa mi ha cambiato la vita. Sono entrato in brutti giri. Mi sono ritrovato con un fucile a pompa piantato dietro la testa, faccia a terra e mi \u00e8 passata la vita davanti. Quando mi hanno messo le manette ho capito che ero salvo\u201d<\/em>, ha aggiunto Andrea.<\/p>\n<figure class=\"caption\"><img decoding=\"async\" alt=\"\" width=\"640\" height=\"361\" src=\"https:\/\/files.gossip.it\/immagini_news\/2020\/02\/1582020925_montovoli_2.jpg\" \/><figcaption>L&rsquo;attore 34enne dopo la morte del padre nel 1997 \u00e8 entrato in brutti giri<\/figcaption><\/figure>\n<p><em>\u201cQuando arrivi pi\u00f9 in basso del fondo puoi solo risalire. Dopo sei mesi di reclusione ho capito che volevo fare l'attore, il teatro era uno dei pochi momenti di svago che avevo in <strong>carcere<\/strong>\u201d<\/em>, ha continuato.<\/p>\n<p><a href=\"\/vip\/alfonso-signorini\/\">Alfonso Signorini<\/a> mostra le immagini ad Andrea. Poco prima dice: <em>\u201cDice Orwell che il Grande Fratello fa da collettore alle emozioni degli esseri umani e tu hai raccontato una cosa che ci ha stupito molto\u201d.<\/em><\/p>\n<figure class=\"caption\"><img decoding=\"async\" alt=\"\" width=\"640\" height=\"358\" src=\"https:\/\/files.gossip.it\/immagini_news\/2020\/02\/1582020945_montovoli_3.jpg\" \/><figcaption>Al reality svela il suo segreto custodito per 16 anni<\/figcaption><\/figure>\n<p>Lui si riguarda in video, ascolta il suo racconto concentrato e attento, fortemente emozionato. Poi, quando il filmato si conclude, al conduttore e al pubblico che applaude svela: <em>\u201cE\u2019 un mostro che ho tenuto dentro per 16 anni. Qua mi \u00e8 tornato in mente tutto e ho voluto tirarlo fuori. Nella vita si sbaglia, gli errori li facciamo tutti ma se posso essere d'esempio a qualcuno, sono contento di averlo detto. Ho scoperto il teatro in <strong>carcere<\/strong>, nell'ora di ricreazione\u201d.<\/em><\/p>\n<p>Signorini lo in vita a parlarne ancora. Gli domanda se vuole rivelare il perch\u00e9 dell\u2019arresto, ripercorrere l\u2019intera vicenda. <strong>Andrea Montovoli<\/strong>, per\u00f2, dice che non \u00e8 ancora il momento: non se la sente di approfondire. Ma \u00e8 probabile che lo faccia molto presto.<\/p>\n<p>\u00a0<\/p>\n<p>\u00a0<\/p>\n","protected":false},"excerpt":{"rendered":"<p>Andrea Montovoli confessa l\u2019inconfessabile, quel doloroso segreto che si \u00e8 portato per anni dentro di s\u00e9. Le sue parole arrivano inaspettate: \u201cSono stato in carcere per sei mesi\u201d, dice l\u2019attore 34enne al GF Vip. Andrea Montovoli, confessione choc al GF Vip: 'Sono stato in carcere per sei mesi' Qualche giorno fa, come aveva fatto anche [&hellip;]<\/p>\n","protected":false},"author":1,"featured_media":122644,"comment_status":"closed","ping_status":"closed","sticky":false,"template":"","format":"standard","meta":{"footnotes":""},"categories":[54],"tags":[2137,7308,4728,2102,57649,12787,2328,1875,12788,1934,2128,19428],"vip":[286,311],"class_list":["post-66598","post","type-post","status-publish","format-standard","has-post-thumbnail","hentry","category-news","tag-attore","tag-carcere","tag-confessione","tag-dichiarazioni","tag-dodicesima-puntata","tag-gf-vip-4","tag-gf-vipo","tag-grande-fratello-vip","tag-grande-fratello-vip-4","tag-reality","tag-reality-show","tag-reclusione","vip-alfonso_signorini","vip-andrea_montovoli"],"yoast_head":"<title>Andrea Montovoli, confessione choc al GF Vip: &#039;Sono stato in carcere per sei mesi\u2019 - Gossip.it | News sul Gossip e VIP<\/title>\n<meta name=\"description\" content=\"Andrea Montovoli confessa l\u2019inconfessabile, quel doloroso segreto che si \u00e8 portato per anni dentro di s\u00e9. Le sue parole arrivano inaspettate: \u201cSono stato\" \/>\n<meta name=\"robots\" content=\"index, follow, max-snippet:-1, max-image-preview:large, max-video-preview:-1\" \/>\n<link rel=\"canonical\" href=\"https:\/\/www.gossip.it\/news\/andrea-montovoli-carcere\/\" \/>\n<meta property=\"og:locale\" content=\"it_IT\" \/>\n<meta property=\"og:type\" content=\"article\" \/>\n<meta property=\"og:title\" content=\"Andrea Montovoli, confessione choc al GF Vip: &#039;Sono stato in carcere per sei mesi\u2019 - Gossip.it | News sul Gossip e VIP\" \/>\n<meta property=\"og:description\" content=\"Andrea Montovoli confessa l\u2019inconfessabile, quel doloroso segreto che si \u00e8 portato per anni dentro di s\u00e9. Le sue parole arrivano inaspettate: \u201cSono stato\" \/>\n<meta property=\"og:url\" content=\"https:\/\/www.gossip.it\/news\/andrea-montovoli-carcere\/\" \/>\n<meta property=\"og:site_name\" content=\"Gossip.it | News sul Gossip e VIP\" \/>\n<meta property=\"article:publisher\" content=\"https:\/\/www.facebook.com\/GossipIT\" \/>\n<meta property=\"article:published_time\" content=\"2020-02-17T23:00:00+00:00\" \/>\n<meta property=\"og:image\" content=\"https:\/\/files.gossip.it\/immagini_news\/2020\/02\/1582020875_montovoli_1.jpg\" \/>\n<meta name=\"author\" content=\"La Redazione\" \/>\n<meta name=\"twitter:card\" content=\"summary_large_image\" \/>\n<meta name=\"twitter:image\" content=\"https:\/\/files.gossip.it\/immagini_news\/2020\/02\/1582020875_montovoli_1.jpg\" \/>\n<meta name=\"twitter:creator\" content=\"@gossinews_it\" \/>\n<meta name=\"twitter:site\" content=\"@gossinews_it\" \/>\n<meta name=\"twitter:label1\" content=\"Scritto da\" \/>\n\t<meta name=\"twitter:data1\" content=\"Annamaria Capozzi\" \/>\n\t<meta name=\"twitter:label2\" content=\"Tempo di lettura stimato\" \/>\n\t<meta name=\"twitter:data2\" content=\"2 minuti\" \/>","yoast_head_json":{"title":"Andrea Montovoli, confessione choc al GF Vip: 'Sono stato in carcere per sei mesi\u2019 - Gossip.it | News sul Gossip e VIP","description":"Andrea Montovoli confessa l\u2019inconfessabile, quel doloroso segreto che si \u00e8 portato per anni dentro di s\u00e9. Le sue parole arrivano inaspettate: \u201cSono stato","robots":{"index":"index","follow":"follow","max-snippet":"max-snippet:-1","max-image-preview":"max-image-preview:large","max-video-preview":"max-video-preview:-1"},"canonical":"https:\/\/www.gossip.it\/news\/andrea-montovoli-carcere\/","og_locale":"it_IT","og_type":"article","og_title":"Andrea Montovoli, confessione choc al GF Vip: 'Sono stato in carcere per sei mesi\u2019 - Gossip.it | News sul Gossip e VIP","og_description":"Andrea Montovoli confessa l\u2019inconfessabile, quel doloroso segreto che si \u00e8 portato per anni dentro di s\u00e9. Le sue parole arrivano inaspettate: \u201cSono stato","og_url":"https:\/\/www.gossip.it\/news\/andrea-montovoli-carcere\/","og_site_name":"Gossip.it | News sul Gossip e VIP","article_publisher":"https:\/\/www.facebook.com\/GossipIT","article_published_time":"2020-02-17T23:00:00+00:00","og_image":[{"url":"https:\/\/files.gossip.it\/immagini_news\/2020\/02\/1582020875_montovoli_1.jpg"}],"author":"La Redazione","twitter_card":"summary_large_image","twitter_image":"https:\/\/files.gossip.it\/immagini_news\/2020\/02\/1582020875_montovoli_1.jpg","twitter_creator":"@gossinews_it","twitter_site":"@gossinews_it","twitter_misc":{"Scritto da":"Annamaria Capozzi","Tempo di lettura stimato":"2 minuti"},"schema":{"@context":"https:\/\/schema.org","@graph":[{"@type":"Article","@id":"https:\/\/www.gossip.it\/news\/andrea-montovoli-carcere\/#article","isPartOf":{"@id":"https:\/\/www.gossip.it\/news\/andrea-montovoli-carcere\/"},"author":{"name":"La Redazione","@id":"https:\/\/www.gossip.it\/#\/schema\/person\/488896f75158bff1cc83c6c39d141110"},"headline":"Andrea Montovoli, confessione choc al GF Vip: 'Sono stato in carcere per sei mesi\u2019","datePublished":"2020-02-17T23:00:00+00:00","dateModified":"2020-02-17T23:00:00+00:00","mainEntityOfPage":{"@id":"https:\/\/www.gossip.it\/news\/andrea-montovoli-carcere\/"},"wordCount":380,"publisher":{"@id":"https:\/\/www.gossip.it\/#organization"},"image":{"@id":"https:\/\/www.gossip.it\/news\/andrea-montovoli-carcere\/#primaryimage"},"thumbnailUrl":"https:\/\/files.gossip.it\/immagini_news\/2020\/02\/1582020875_montovoli_1.jpg","keywords":["attore","carcere","confessione","dichiarazioni","dodicesima puntata","gf vip 4","gf vipo","grande fratello vip","grande fratello vip 4","reality","reality show","reclusione"],"articleSection":["News"],"inLanguage":"it-IT"},{"@type":"WebPage","@id":"https:\/\/www.gossip.it\/news\/andrea-montovoli-carcere\/","url":"https:\/\/www.gossip.it\/news\/andrea-montovoli-carcere\/","name":"Andrea Montovoli, confessione choc al GF Vip: 'Sono stato in carcere per sei mesi\u2019 - Gossip.it | News sul Gossip e VIP","isPartOf":{"@id":"https:\/\/www.gossip.it\/#website"},"primaryImageOfPage":{"@id":"https:\/\/www.gossip.it\/news\/andrea-montovoli-carcere\/#primaryimage"},"image":{"@id":"https:\/\/www.gossip.it\/news\/andrea-montovoli-carcere\/#primaryimage"},"thumbnailUrl":"https:\/\/files.gossip.it\/immagini_news\/2020\/02\/1582020875_montovoli_1.jpg","datePublished":"2020-02-17T23:00:00+00:00","dateModified":"2020-02-17T23:00:00+00:00","description":"Andrea Montovoli confessa l\u2019inconfessabile, quel doloroso segreto che si \u00e8 portato per anni dentro di s\u00e9. Le sue parole arrivano inaspettate: \u201cSono stato","breadcrumb":{"@id":"https:\/\/www.gossip.it\/news\/andrea-montovoli-carcere\/#breadcrumb"},"inLanguage":"it-IT","potentialAction":[{"@type":"ReadAction","target":["https:\/\/www.gossip.it\/news\/andrea-montovoli-carcere\/"]}]},{"@type":"ImageObject","inLanguage":"it-IT","@id":"https:\/\/www.gossip.it\/news\/andrea-montovoli-carcere\/#primaryimage","url":"https:\/\/files.gossip.it\/immagini_news\/2020\/02\/1582020875_montovoli_1.jpg","contentUrl":"https:\/\/files.gossip.it\/immagini_news\/2020\/02\/1582020875_montovoli_1.jpg"},{"@type":"BreadcrumbList","@id":"https:\/\/www.gossip.it\/news\/andrea-montovoli-carcere\/#breadcrumb","itemListElement":[{"@type":"ListItem","position":1,"name":"Home","item":"https:\/\/www.gossip.it\/"},{"@type":"ListItem","position":2,"name":"Andrea Montovoli, confessione choc al GF Vip: 'Sono stato in carcere per sei mesi\u2019"}]},{"@type":"WebSite","@id":"https:\/\/www.gossip.it\/#website","url":"https:\/\/www.gossip.it\/","name":"Gossip and VIP News","description":"Quotidiano di cronaca rosa, costume e societ\u00e0","publisher":{"@id":"https:\/\/www.gossip.it\/#organization"},"alternateName":"Gossip and VIP News","potentialAction":[{"@type":"SearchAction","target":{"@type":"EntryPoint","urlTemplate":"https:\/\/www.gossip.it\/?s={search_term_string}"},"query-input":{"@type":"PropertyValueSpecification","valueRequired":true,"valueName":"search_term_string"}}],"inLanguage":"it-IT"},{"@type":"Organization","@id":"https:\/\/www.gossip.it\/#organization","name":"Gossip and VIP News","alternateName":"Gossip News","url":"https:\/\/www.gossip.it\/","logo":{"@type":"ImageObject","inLanguage":"it-IT","@id":"https:\/\/www.gossip.it\/#\/schema\/logo\/image\/","url":"https:\/\/www.gossip.it\/wp-content\/uploads\/2022\/04\/cropped-corna-alta-tiny.png","contentUrl":"https:\/\/www.gossip.it\/wp-content\/uploads\/2022\/04\/cropped-corna-alta-tiny.png","width":512,"height":512,"caption":"Gossip and VIP News"},"image":{"@id":"https:\/\/www.gossip.it\/#\/schema\/logo\/image\/"},"sameAs":["https:\/\/www.facebook.com\/GossipIT","https:\/\/x.com\/gossinews_it","https:\/\/instagram.com\/gossip_it"]},{"@type":"Person","@id":"https:\/\/www.gossip.it\/#\/schema\/person\/488896f75158bff1cc83c6c39d141110","name":"La Redazione","image":{"@type":"ImageObject","inLanguage":"it-IT","@id":"https:\/\/www.gossip.it\/#\/schema\/person\/image\/","url":"https:\/\/secure.gravatar.com\/avatar\/5a5f5c6fa3e6700e4249abdad0263a1e94e927d9e0499b1cb09c1cd29c044d80?s=96&d=mm&r=g","contentUrl":"https:\/\/secure.gravatar.com\/avatar\/5a5f5c6fa3e6700e4249abdad0263a1e94e927d9e0499b1cb09c1cd29c044d80?s=96&d=mm&r=g","caption":"La Redazione"},"sameAs":["https:\/\/www.gossip.it"]}]}},"amp_enabled":true,"_links":{"self":[{"href":"https:\/\/www.gossip.it\/api\/wp\/v2\/posts\/66598","targetHints":{"allow":["GET"]}}],"collection":[{"href":"https:\/\/www.gossip.it\/api\/wp\/v2\/posts"}],"about":[{"href":"https:\/\/www.gossip.it\/api\/wp\/v2\/types\/post"}],"author":[{"embeddable":true,"href":"https:\/\/www.gossip.it\/api\/wp\/v2\/users\/1"}],"replies":[{"embeddable":true,"href":"https:\/\/www.gossip.it\/api\/wp\/v2\/comments?post=66598"}],"version-history":[{"count":0,"href":"https:\/\/www.gossip.it\/api\/wp\/v2\/posts\/66598\/revisions"}],"wp:featuredmedia":[{"embeddable":true,"href":"https:\/\/www.gossip.it\/api\/wp\/v2\/media\/122644"}],"wp:attachment":[{"href":"https:\/\/www.gossip.it\/api\/wp\/v2\/media?parent=66598"}],"wp:term":[{"taxonomy":"category","embeddable":true,"href":"https:\/\/www.gossip.it\/api\/wp\/v2\/categories?post=66598"},{"taxonomy":"post_tag","embeddable":true,"href":"https:\/\/www.gossip.it\/api\/wp\/v2\/tags?post=66598"},{"taxonomy":"vip","embeddable":true,"href":"https:\/\/www.gossip.it\/api\/wp\/v2\/vip?post=66598"}],"curies":[{"name":"wp","href":"https:\/\/api.w.org\/{rel}","templated":true}]}}