{"id":66770,"date":"2020-03-09T00:00:00","date_gmt":"2020-03-08T23:00:00","guid":{"rendered":"https:\/\/www.gossip.it\/senza-categoria\/nicola-porro-positivo-coronavirus\/"},"modified":"2020-03-09T00:00:00","modified_gmt":"2020-03-08T23:00:00","slug":"nicola-porro-positivo-coronavirus","status":"publish","type":"post","link":"https:\/\/www.gossip.it\/news\/nicola-porro-positivo-coronavirus\/","title":{"rendered":"Nicola Porro positivo al Coronavirus"},"content":{"rendered":"<p><a href=\"\/vip\/nicola-porro\/\">Nicola Porro<\/a> \u00e8 risultato <strong>positivo<\/strong> al <strong>Coronavirus<\/strong>. Il giornalista e conduttore televisivo, volto Mediaset, \u00e8 stato contagiato dal Covid 19. Questo \u00e8 quanto riporta l\u2019<em>Adnkronos<\/em>. Per questa ragione la trasmissione che conduce su Rete 4, <em>\u201cQuarta Repubblica\u201d<\/em>, stasera non andr\u00e0 in onda.<\/p>\n<figure class=\"caption\"><img decoding=\"async\" alt=\"Nicola Porro positivo al Coronavirus\" width=\"640\" height=\"946\" src=\"https:\/\/files.gossip.it\/immagini_news\/2020\/03\/1583762077_porro_1.jpg\" \/><figcaption>Nicola Porro positivo al Coronavirus<\/figcaption><\/figure>\n<p><strong>Nicola Porro<\/strong> sul social pare confermare di essersi sottoposto al test per sapere se <strong>positivo<\/strong> o meno al <strong>Coronavirus<\/strong>. Condivide con i tanti follower la foto di un tampone e scrive: <em>\u201cUhmm\u00a0#tampone\u00a0#coronavirus\u201d.<\/em><\/p>\n<p><em>\u201cA quanto apprende l'Adnkronos <strong>Nicola Porro<\/strong>, conduttore di \u2018Quarta Repubblica\u2019, \u00e8 risultato positivo al tampone del <strong>Coronavirus<\/strong>. Per questo motivo la trasmissione questa sera su Rete 4 non andr\u00e0 in onda\u201d<\/em>, scrive l\u2019agenzia di stampa. Sembrerebbe che le sue condizioni di salute al momento non destino alcuna preoccupazione. Porro avrebbe riscontrato, solo un affaticamento respiratorio.<\/p>\n<figure class=\"caption\"><img decoding=\"async\" alt=\"\" width=\"640\" height=\"840\" src=\"https:\/\/files.gossip.it\/immagini_news\/2020\/03\/1583762095_porro_2.jpg\" \/><figcaption>Il giornalista e conduttore 50enne pubblica la foto del suo tampone<\/figcaption><\/figure>\n<p><strong>Nicola Porro<\/strong> osserver\u00e0 un periodo di quarantena a casa per due settimane. Tutti i giornalisti e collaboratori a stretto contatto con lui gi\u00e0 in queste ore si stanno sottoponendo a loro volta al tampone per sapere se sono stati contagiati.<\/p>\n<p>Il governo ha deciso di prendere\u00a0misure\u00a0straordinarie per tentare di\u00a0arginare\u00a0e rallentare il contagio da <strong>Coronavirus<\/strong>. Il problema pi\u00f9 grave \u00e8 che rischiano di mancare i\u00a0posti\u00a0in\u00a0terapia intensiva\u00a0se il trend dei nuovi infetti continua ad aumentare come accaduto fino ad ora. E\u2019 quindi importante fare ognuno la sua parte. Dobbiamo\u00a0cambiare\u00a0per qualche settimana le nostre\u00a0abitudini. Pubblichiamo qui un\u00a0volantino\u00a0del Ministero della Salute con alcune\u00a0indicazioni\u00a0che vanno assolutamente\u00a0seguite.<\/p>\n<figure class=\"caption\"><img decoding=\"async\" alt=\"\" width=\"640\" height=\"862\" src=\"https:\/\/files.gossip.it\/immagini_news\/2020\/03\/1583761994_coronavirus-consigli.jpg\" \/><figcaption>Le regole che dobbiamo tutti assolutamente seguire per arginare il contagio del Coronavirus in tutta Italia<\/figcaption><\/figure>\n<p>In questo difficile momento \u00e8 quasi un obbligo stare in casa e uscire solo per emergenze e fare la spesa. E' assolutamente consigliato non salutarsi dandosi la\u00a0mano\u00a0o scambiandosi\u00a0baci\u00a0o\u00a0abbracci. E\u2019 poi fondamentale tenere una\u00a0distanza di sicurezza\u00a0dalle altre persone di almeno\u00a0un metro, meglio se\u00a0due. Non frequentare\u00a0luoghi affollati, specie se al chiuso. Non uscire di casa se si hanno\u00a0sintomi simil-influenzali\u00a0e assolutamente\u00a0non\u00a0recarsi al\u00a0pronto soccorso\u00a0o dal proprio medico, ma chiamare il 1500 o i\u00a0numeri\u00a0messi a disposizione dalla regione (<a href=\"http:\/\/www.salute.gov.it\/portale\/nuovocoronavirus\/dettaglioContenutiNuovoCoronavirus.jsp?lingua=italiano&id=5364&area=nuovoCoronavirus&menu=vuoto\">qui l'elenco completo<\/a>).<\/p>\n","protected":false},"excerpt":{"rendered":"<p>Nicola Porro \u00e8 risultato positivo al Coronavirus. Il giornalista e conduttore televisivo, volto Mediaset, \u00e8 stato contagiato dal Covid 19. Questo \u00e8 quanto riporta l\u2019Adnkronos. Per questa ragione la trasmissione che conduce su Rete 4, \u201cQuarta Repubblica\u201d, stasera non andr\u00e0 in onda. Nicola Porro positivo al Coronavirus Nicola Porro sul social pare confermare di essersi [&hellip;]<\/p>\n","protected":false},"author":1,"featured_media":122816,"comment_status":"closed","ping_status":"closed","sticky":false,"template":"","format":"standard","meta":{"footnotes":""},"categories":[54],"tags":[2176,12946,13000,35289,12879,2177,60149,25904,13316,2097],"vip":[],"class_list":["post-66770","post","type-post","status-publish","format-standard","has-post-thumbnail","hentry","category-news","tag-conduttore","tag-coronavirus","tag-covid-19","tag-nicola-porro","tag-positivo","tag-presentatore","tag-quarta-repubblica","tag-rete-4","tag-tampone","tag-tv"],"yoast_head":"<title>Nicola Porro positivo al Coronavirus - Gossip.it | News sul Gossip e VIP<\/title>\n<meta name=\"description\" content=\"Nicola Porro \u00e8 risultato positivo al Coronavirus. Il giornalista e conduttore televisivo, volto Mediaset, \u00e8 stato contagiato dal Covid 19. Questo \u00e8 quanto\" \/>\n<meta name=\"robots\" content=\"index, follow, max-snippet:-1, max-image-preview:large, max-video-preview:-1\" \/>\n<link rel=\"canonical\" href=\"https:\/\/www.gossip.it\/news\/nicola-porro-positivo-coronavirus\/\" \/>\n<meta property=\"og:locale\" content=\"it_IT\" \/>\n<meta property=\"og:type\" content=\"article\" \/>\n<meta property=\"og:title\" content=\"Nicola Porro positivo al Coronavirus - Gossip.it | News sul Gossip e VIP\" \/>\n<meta property=\"og:description\" content=\"Nicola Porro \u00e8 risultato positivo al Coronavirus. Il giornalista e conduttore televisivo, volto Mediaset, \u00e8 stato contagiato dal Covid 19. Questo \u00e8 quanto\" \/>\n<meta property=\"og:url\" content=\"https:\/\/www.gossip.it\/news\/nicola-porro-positivo-coronavirus\/\" \/>\n<meta property=\"og:site_name\" content=\"Gossip.it | News sul Gossip e VIP\" \/>\n<meta property=\"article:publisher\" content=\"https:\/\/www.facebook.com\/GossipIT\" \/>\n<meta property=\"article:published_time\" content=\"2020-03-08T23:00:00+00:00\" \/>\n<meta property=\"og:image\" content=\"https:\/\/files.gossip.it\/immagini_news\/2020\/03\/1583762077_porro_1.jpg\" \/>\n<meta name=\"author\" content=\"La Redazione\" \/>\n<meta name=\"twitter:card\" content=\"summary_large_image\" \/>\n<meta name=\"twitter:image\" content=\"https:\/\/files.gossip.it\/immagini_news\/2020\/03\/1583762077_porro_1.jpg\" \/>\n<meta name=\"twitter:creator\" content=\"@gossinews_it\" \/>\n<meta name=\"twitter:site\" content=\"@gossinews_it\" \/>\n<meta name=\"twitter:label1\" content=\"Scritto da\" \/>\n\t<meta name=\"twitter:data1\" content=\"La Redazione\" \/>\n\t<meta name=\"twitter:label2\" content=\"Tempo di lettura stimato\" \/>\n\t<meta name=\"twitter:data2\" content=\"2 minuti\" \/>","yoast_head_json":{"title":"Nicola Porro positivo al Coronavirus - Gossip.it | News sul Gossip e VIP","description":"Nicola Porro \u00e8 risultato positivo al Coronavirus. Il giornalista e conduttore televisivo, volto Mediaset, \u00e8 stato contagiato dal Covid 19. Questo \u00e8 quanto","robots":{"index":"index","follow":"follow","max-snippet":"max-snippet:-1","max-image-preview":"max-image-preview:large","max-video-preview":"max-video-preview:-1"},"canonical":"https:\/\/www.gossip.it\/news\/nicola-porro-positivo-coronavirus\/","og_locale":"it_IT","og_type":"article","og_title":"Nicola Porro positivo al Coronavirus - Gossip.it | News sul Gossip e VIP","og_description":"Nicola Porro \u00e8 risultato positivo al Coronavirus. Il giornalista e conduttore televisivo, volto Mediaset, \u00e8 stato contagiato dal Covid 19. Questo \u00e8 quanto","og_url":"https:\/\/www.gossip.it\/news\/nicola-porro-positivo-coronavirus\/","og_site_name":"Gossip.it | News sul Gossip e VIP","article_publisher":"https:\/\/www.facebook.com\/GossipIT","article_published_time":"2020-03-08T23:00:00+00:00","og_image":[{"url":"https:\/\/files.gossip.it\/immagini_news\/2020\/03\/1583762077_porro_1.jpg"}],"author":"La Redazione","twitter_card":"summary_large_image","twitter_image":"https:\/\/files.gossip.it\/immagini_news\/2020\/03\/1583762077_porro_1.jpg","twitter_creator":"@gossinews_it","twitter_site":"@gossinews_it","twitter_misc":{"Scritto da":"La Redazione","Tempo di lettura stimato":"2 minuti"},"schema":{"@context":"https:\/\/schema.org","@graph":[{"@type":"Article","@id":"https:\/\/www.gossip.it\/news\/nicola-porro-positivo-coronavirus\/#article","isPartOf":{"@id":"https:\/\/www.gossip.it\/news\/nicola-porro-positivo-coronavirus\/"},"author":{"name":"La Redazione","@id":"https:\/\/www.gossip.it\/#\/schema\/person\/488896f75158bff1cc83c6c39d141110"},"headline":"Nicola Porro positivo al Coronavirus","datePublished":"2020-03-08T23:00:00+00:00","dateModified":"2020-03-08T23:00:00+00:00","mainEntityOfPage":{"@id":"https:\/\/www.gossip.it\/news\/nicola-porro-positivo-coronavirus\/"},"wordCount":373,"publisher":{"@id":"https:\/\/www.gossip.it\/#organization"},"image":{"@id":"https:\/\/www.gossip.it\/news\/nicola-porro-positivo-coronavirus\/#primaryimage"},"thumbnailUrl":"https:\/\/files.gossip.it\/immagini_news\/2020\/03\/1583762077_porro_1.jpg","keywords":["conduttore","coronavirus","covid-19","nicola porro","positivo","presentatore","quarta repubblica","rete 4","tampone","tv"],"articleSection":["News"],"inLanguage":"it-IT"},{"@type":"WebPage","@id":"https:\/\/www.gossip.it\/news\/nicola-porro-positivo-coronavirus\/","url":"https:\/\/www.gossip.it\/news\/nicola-porro-positivo-coronavirus\/","name":"Nicola Porro positivo al Coronavirus - Gossip.it | News sul Gossip e VIP","isPartOf":{"@id":"https:\/\/www.gossip.it\/#website"},"primaryImageOfPage":{"@id":"https:\/\/www.gossip.it\/news\/nicola-porro-positivo-coronavirus\/#primaryimage"},"image":{"@id":"https:\/\/www.gossip.it\/news\/nicola-porro-positivo-coronavirus\/#primaryimage"},"thumbnailUrl":"https:\/\/files.gossip.it\/immagini_news\/2020\/03\/1583762077_porro_1.jpg","datePublished":"2020-03-08T23:00:00+00:00","dateModified":"2020-03-08T23:00:00+00:00","description":"Nicola Porro \u00e8 risultato positivo al Coronavirus. Il giornalista e conduttore televisivo, volto Mediaset, \u00e8 stato contagiato dal Covid 19. Questo \u00e8 quanto","breadcrumb":{"@id":"https:\/\/www.gossip.it\/news\/nicola-porro-positivo-coronavirus\/#breadcrumb"},"inLanguage":"it-IT","potentialAction":[{"@type":"ReadAction","target":["https:\/\/www.gossip.it\/news\/nicola-porro-positivo-coronavirus\/"]}]},{"@type":"ImageObject","inLanguage":"it-IT","@id":"https:\/\/www.gossip.it\/news\/nicola-porro-positivo-coronavirus\/#primaryimage","url":"https:\/\/files.gossip.it\/immagini_news\/2020\/03\/1583762077_porro_1.jpg","contentUrl":"https:\/\/files.gossip.it\/immagini_news\/2020\/03\/1583762077_porro_1.jpg"},{"@type":"BreadcrumbList","@id":"https:\/\/www.gossip.it\/news\/nicola-porro-positivo-coronavirus\/#breadcrumb","itemListElement":[{"@type":"ListItem","position":1,"name":"Home","item":"https:\/\/www.gossip.it\/"},{"@type":"ListItem","position":2,"name":"Nicola Porro positivo al Coronavirus"}]},{"@type":"WebSite","@id":"https:\/\/www.gossip.it\/#website","url":"https:\/\/www.gossip.it\/","name":"Gossip and VIP News","description":"Quotidiano di cronaca rosa, costume e societ\u00e0","publisher":{"@id":"https:\/\/www.gossip.it\/#organization"},"alternateName":"Gossip and VIP News","potentialAction":[{"@type":"SearchAction","target":{"@type":"EntryPoint","urlTemplate":"https:\/\/www.gossip.it\/?s={search_term_string}"},"query-input":{"@type":"PropertyValueSpecification","valueRequired":true,"valueName":"search_term_string"}}],"inLanguage":"it-IT"},{"@type":"Organization","@id":"https:\/\/www.gossip.it\/#organization","name":"Gossip and VIP News","alternateName":"Gossip News","url":"https:\/\/www.gossip.it\/","logo":{"@type":"ImageObject","inLanguage":"it-IT","@id":"https:\/\/www.gossip.it\/#\/schema\/logo\/image\/","url":"https:\/\/www.gossip.it\/wp-content\/uploads\/2022\/04\/cropped-corna-alta-tiny.png","contentUrl":"https:\/\/www.gossip.it\/wp-content\/uploads\/2022\/04\/cropped-corna-alta-tiny.png","width":512,"height":512,"caption":"Gossip and VIP News"},"image":{"@id":"https:\/\/www.gossip.it\/#\/schema\/logo\/image\/"},"sameAs":["https:\/\/www.facebook.com\/GossipIT","https:\/\/x.com\/gossinews_it","https:\/\/instagram.com\/gossip_it"]},{"@type":"Person","@id":"https:\/\/www.gossip.it\/#\/schema\/person\/488896f75158bff1cc83c6c39d141110","name":"La Redazione","image":{"@type":"ImageObject","inLanguage":"it-IT","@id":"https:\/\/www.gossip.it\/#\/schema\/person\/image\/","url":"https:\/\/secure.gravatar.com\/avatar\/5a5f5c6fa3e6700e4249abdad0263a1e94e927d9e0499b1cb09c1cd29c044d80?s=96&d=mm&r=g","contentUrl":"https:\/\/secure.gravatar.com\/avatar\/5a5f5c6fa3e6700e4249abdad0263a1e94e927d9e0499b1cb09c1cd29c044d80?s=96&d=mm&r=g","caption":"La Redazione"},"sameAs":["https:\/\/www.gossip.it"]}]}},"amp_enabled":true,"_links":{"self":[{"href":"https:\/\/www.gossip.it\/api\/wp\/v2\/posts\/66770","targetHints":{"allow":["GET"]}}],"collection":[{"href":"https:\/\/www.gossip.it\/api\/wp\/v2\/posts"}],"about":[{"href":"https:\/\/www.gossip.it\/api\/wp\/v2\/types\/post"}],"author":[{"embeddable":true,"href":"https:\/\/www.gossip.it\/api\/wp\/v2\/users\/1"}],"replies":[{"embeddable":true,"href":"https:\/\/www.gossip.it\/api\/wp\/v2\/comments?post=66770"}],"version-history":[{"count":0,"href":"https:\/\/www.gossip.it\/api\/wp\/v2\/posts\/66770\/revisions"}],"wp:featuredmedia":[{"embeddable":true,"href":"https:\/\/www.gossip.it\/api\/wp\/v2\/media\/122816"}],"wp:attachment":[{"href":"https:\/\/www.gossip.it\/api\/wp\/v2\/media?parent=66770"}],"wp:term":[{"taxonomy":"category","embeddable":true,"href":"https:\/\/www.gossip.it\/api\/wp\/v2\/categories?post=66770"},{"taxonomy":"post_tag","embeddable":true,"href":"https:\/\/www.gossip.it\/api\/wp\/v2\/tags?post=66770"},{"taxonomy":"vip","embeddable":true,"href":"https:\/\/www.gossip.it\/api\/wp\/v2\/vip?post=66770"}],"curies":[{"name":"wp","href":"https:\/\/api.w.org\/{rel}","templated":true}]}}