{"id":66821,"date":"2020-03-16T00:00:00","date_gmt":"2020-03-15T23:00:00","guid":{"rendered":"https:\/\/www.gossip.it\/senza-categoria\/federica-pellegrini-coronavirus-preoccupata-fratello-londra\/"},"modified":"2020-03-16T00:00:00","modified_gmt":"2020-03-15T23:00:00","slug":"federica-pellegrini-coronavirus-preoccupata-fratello-londra","status":"publish","type":"post","link":"https:\/\/www.gossip.it\/news\/federica-pellegrini-coronavirus-preoccupata-fratello-londra\/","title":{"rendered":"Federica Pellegrini con l\u2019emergenza Coronavirus preoccupata per il fratello a Londra"},"content":{"rendered":"<p><a href=\"\/vip\/federica-pellegrini\/\">Federica Pellegrini<\/a> \u00e8 <strong>preoccupata<\/strong> per il <strong>fratello<\/strong> a <strong>Londra<\/strong> durante l\u2019emergenza <strong>Coronavirus<\/strong>. Le parole del premier britannico Boris Johnson l\u2019hanno lasciata interdetta, scioccata, come confessa a <em>La Repubblica<\/em>. <em>\u201cIo mio fratello sono pronta ad andarmelo a prendere a piedi per riportarlo in Italia\u201d<\/em>, sottolinea la campionessa di nuoto.<\/p>\n<figure class=\"caption\"><img decoding=\"async\" alt=\"ederica Pellegrini con l\u2019emergenza Coronavirus preoccupata per il fratello a Londra\" width=\"640\" height=\"778\" src=\"https:\/\/files.gossip.it\/immagini_news\/2020\/03\/1584367673_pellegrini.jpg\" \/><figcaption>Federica Pellegrini con l&rsquo;emergenza Coronavirus preoccupata per il fratello a Londra<\/figcaption><\/figure>\n<p>A <em>Sky News<\/em> Sir Patrick Vallance, una delle due massime autorit\u00e0 mediche del governo di Boris Johnson, ha detto:<em> \u201cS\u00ec, il <strong>Coronavirus<\/strong> \u00e8 una brutta malattia ma nella maggioranza dei casi ha soltanto sintomi lievi. Il virus sar\u00e0 stagionale e tornerebbe anche il prossimo inverno. Per questo \u00e8 importante sviluppare un'immunit\u00e0 di gregge, per tenere sotto controllo il virus a lungo termine\u201d. <\/em>L\u2019immunit\u00e0 di gregge a cui si riferisce \u00e8 quella che non passa per un vaccino, ma attraverso i contagi.<em> \u201cCon il 60% della popolazione infetta dal virus, avremmo una immunit\u00e0 di gregge\u201d<\/em>, ha spiegato Vallance.<\/p>\n<p><strong>Federica Pellegrini<\/strong> crede siano discorsi folli. Al quotidiano sottolinea: <em>\u201cTemo per mio <strong>fratello<\/strong> Alessandro che lavora a <strong>Londra<\/strong> dove si parla di contagio di gregge e dove il primo ministro dice di prepararsi a perdere i familiari: sono scioccata per dei discorsi cos\u00ec fuori di senno.\u00a0Io mio fratello sono pronta ad andarmelo a prendere a piedi per riportarlo in Italia!\u201d.<\/em><\/p>\n<p>Poi manda un messaggio a tutti gli italiani: <em>\u201cSono convinta che quando ne usciremo ci servir\u00e0 a essere pi\u00f9 rispettosi e a fare anche un po\u2019 pi\u00f9 gioco di squadra. A sentirsi forti come italiani. Riscoprire il valore delle regole e dell\u2019appartenere a una comunit\u00e0. Siamo tutti uniti, siamo tutti insieme in questa emergenza. Teniamo duro e pensiamo positivo e aspettiamo. Non possiamo fare altro\u201d.<\/em><\/p>\n<p>Come sapete, le nuove regole stabilite dal governo italiano sono stringenti ma assolutamente necessarie. Noi tutti, ma proprio tutti, in qualsiasi regione d\u2019Italia ci troviamo, siamo chiamati a seguirle anche per evitare di incorrere in dure sanzioni (incluso il carcere). E\u2019 quindi assolutamente necessario rimanere in casa. Le uniche eccezioni sono dettate da esigenze di salute (visite mediche non rimandabili, incidenti). E\u2019 poi possibile uscire sporadicamente (meglio se lo fa un solo membro della famiglia una volta a settimana) per andare a fare la spesa nei supermercati, che ricordiamo rimarranno sempre aperti. Non ci sar\u00e0 mai carenza di cibo (le industrie che producono alimentari stanno lavorando normalmente) quindi \u00e8 inutile farsi prendere dal panico e comprare pi\u00f9 del necessario (sebbene fare una spesa che duri almeno una settimana \u00e8 pi\u00f9 che consigliato per limitare le volte in cui sar\u00e0 necessario uscire nuovamente per rifornirsi).<\/p>\n<figure class=\"caption\"><img decoding=\"async\" alt=\"\" width=\"640\" height=\"862\" src=\"https:\/\/files.gossip.it\/immagini_news\/2020\/03\/1584367361_coronavirus-consigli.jpg\" \/><figcaption>Le regole che dobbiamo tutti assolutamente seguire per arginare il contagio del Coronavirus in tutta Italia<\/figcaption><\/figure>\n<p>E\u2019 anche importantissimo che durante gli spostamenti necessari si prendano precauzioni straordinarie, come quelle di rimanere almeno a due metri di distanza da chiunque altro si incontri, di non dare la mano, non baciarsi e non abbracciarsi. Bisogna poi lavarsi spesso le mani e non toccarsi mai alcuna parte del viso con esse. Se si dovessero avere anche lievi sintomi simil-influenzali (come la tosse) non bisogna uscire di casa n\u00e9 recarsi al pronto soccorso o dal proprio medico, ma chiamare i numeri messi a disposizione da tutte le regioni (<a href=\"http:\/\/www.salute.gov.it\/portale\/nuovocoronavirus\/dettaglioContenutiNuovoCoronavirus.jsp?lingua=italiano&id=5364&area=nuovoCoronavirus&menu=vuoto\">qui l\u2019elenco completo<\/a>).<\/p>\n<p>\u00a0<\/p>\n","protected":false},"excerpt":{"rendered":"<p>Federica Pellegrini \u00e8 preoccupata per il fratello a Londra durante l\u2019emergenza Coronavirus. Le parole del premier britannico Boris Johnson l\u2019hanno lasciata interdetta, scioccata, come confessa a La Repubblica. \u201cIo mio fratello sono pronta ad andarmelo a prendere a piedi per riportarlo in Italia\u201d, sottolinea la campionessa di nuoto. Federica Pellegrini con l&rsquo;emergenza Coronavirus preoccupata per [&hellip;]<\/p>\n","protected":false},"author":1,"featured_media":122867,"comment_status":"closed","ping_status":"closed","sticky":false,"template":"","format":"standard","meta":{"footnotes":""},"categories":[54],"tags":[4258,6703,12946,13000,2102,13004,2322,2103,35400,5466,12832],"vip":[732],"class_list":["post-66821","post","type-post","status-publish","format-standard","has-post-thumbnail","hentry","category-news","tag-alessandro","tag-alessandro-pellegrini","tag-coronavirus","tag-covid-19","tag-dichiarazioni","tag-emergenza","tag-fratello","tag-intervista","tag-la-repubblica","tag-londra","tag-preoccupata","vip-federica_pellegrini"],"yoast_head":"<title>Federica Pellegrini con l\u2019emergenza Coronavirus preoccupata per il fratello a Londra - Gossip.it | News sul Gossip e VIP<\/title>\n<meta name=\"description\" content=\"Federica Pellegrini \u00e8 preoccupata per il fratello a Londra durante l\u2019emergenza Coronavirus. Le parole del premier britannico Boris Johnson l\u2019hanno\" \/>\n<meta name=\"robots\" content=\"index, follow, max-snippet:-1, max-image-preview:large, max-video-preview:-1\" \/>\n<link rel=\"canonical\" href=\"https:\/\/www.gossip.it\/news\/federica-pellegrini-coronavirus-preoccupata-fratello-londra\/\" \/>\n<meta property=\"og:locale\" content=\"it_IT\" \/>\n<meta property=\"og:type\" content=\"article\" \/>\n<meta property=\"og:title\" content=\"Federica Pellegrini con l\u2019emergenza Coronavirus preoccupata per il fratello a Londra - Gossip.it | News sul Gossip e VIP\" \/>\n<meta property=\"og:description\" content=\"Federica Pellegrini \u00e8 preoccupata per il fratello a Londra durante l\u2019emergenza Coronavirus. Le parole del premier britannico Boris Johnson l\u2019hanno\" \/>\n<meta property=\"og:url\" content=\"https:\/\/www.gossip.it\/news\/federica-pellegrini-coronavirus-preoccupata-fratello-londra\/\" \/>\n<meta property=\"og:site_name\" content=\"Gossip.it | News sul Gossip e VIP\" \/>\n<meta property=\"article:publisher\" content=\"https:\/\/www.facebook.com\/GossipIT\" \/>\n<meta property=\"article:published_time\" content=\"2020-03-15T23:00:00+00:00\" \/>\n<meta property=\"og:image\" content=\"https:\/\/files.gossip.it\/immagini_news\/2020\/03\/1584367673_pellegrini.jpg\" \/>\n<meta name=\"author\" content=\"La Redazione\" \/>\n<meta name=\"twitter:card\" content=\"summary_large_image\" \/>\n<meta name=\"twitter:image\" content=\"https:\/\/files.gossip.it\/immagini_news\/2020\/03\/1584367673_pellegrini.jpg\" \/>\n<meta name=\"twitter:creator\" content=\"@gossinews_it\" \/>\n<meta name=\"twitter:site\" content=\"@gossinews_it\" \/>\n<meta name=\"twitter:label1\" content=\"Scritto da\" \/>\n\t<meta name=\"twitter:data1\" content=\"Annamaria Capozzi\" \/>\n\t<meta name=\"twitter:label2\" content=\"Tempo di lettura stimato\" \/>\n\t<meta name=\"twitter:data2\" content=\"3 minuti\" \/>","yoast_head_json":{"title":"Federica Pellegrini con l\u2019emergenza Coronavirus preoccupata per il fratello a Londra - Gossip.it | News sul Gossip e VIP","description":"Federica Pellegrini \u00e8 preoccupata per il fratello a Londra durante l\u2019emergenza Coronavirus. Le parole del premier britannico Boris Johnson l\u2019hanno","robots":{"index":"index","follow":"follow","max-snippet":"max-snippet:-1","max-image-preview":"max-image-preview:large","max-video-preview":"max-video-preview:-1"},"canonical":"https:\/\/www.gossip.it\/news\/federica-pellegrini-coronavirus-preoccupata-fratello-londra\/","og_locale":"it_IT","og_type":"article","og_title":"Federica Pellegrini con l\u2019emergenza Coronavirus preoccupata per il fratello a Londra - Gossip.it | News sul Gossip e VIP","og_description":"Federica Pellegrini \u00e8 preoccupata per il fratello a Londra durante l\u2019emergenza Coronavirus. Le parole del premier britannico Boris Johnson l\u2019hanno","og_url":"https:\/\/www.gossip.it\/news\/federica-pellegrini-coronavirus-preoccupata-fratello-londra\/","og_site_name":"Gossip.it | News sul Gossip e VIP","article_publisher":"https:\/\/www.facebook.com\/GossipIT","article_published_time":"2020-03-15T23:00:00+00:00","og_image":[{"url":"https:\/\/files.gossip.it\/immagini_news\/2020\/03\/1584367673_pellegrini.jpg"}],"author":"La Redazione","twitter_card":"summary_large_image","twitter_image":"https:\/\/files.gossip.it\/immagini_news\/2020\/03\/1584367673_pellegrini.jpg","twitter_creator":"@gossinews_it","twitter_site":"@gossinews_it","twitter_misc":{"Scritto da":"Annamaria Capozzi","Tempo di lettura stimato":"3 minuti"},"schema":{"@context":"https:\/\/schema.org","@graph":[{"@type":"Article","@id":"https:\/\/www.gossip.it\/news\/federica-pellegrini-coronavirus-preoccupata-fratello-londra\/#article","isPartOf":{"@id":"https:\/\/www.gossip.it\/news\/federica-pellegrini-coronavirus-preoccupata-fratello-londra\/"},"author":{"name":"La Redazione","@id":"https:\/\/www.gossip.it\/#\/schema\/person\/488896f75158bff1cc83c6c39d141110"},"headline":"Federica Pellegrini con l\u2019emergenza Coronavirus preoccupata per il fratello a Londra","datePublished":"2020-03-15T23:00:00+00:00","dateModified":"2020-03-15T23:00:00+00:00","mainEntityOfPage":{"@id":"https:\/\/www.gossip.it\/news\/federica-pellegrini-coronavirus-preoccupata-fratello-londra\/"},"wordCount":548,"publisher":{"@id":"https:\/\/www.gossip.it\/#organization"},"image":{"@id":"https:\/\/www.gossip.it\/news\/federica-pellegrini-coronavirus-preoccupata-fratello-londra\/#primaryimage"},"thumbnailUrl":"https:\/\/files.gossip.it\/immagini_news\/2020\/03\/1584367673_pellegrini.jpg","keywords":["alessandro","alessandro pellegrini","coronavirus","covid-19","dichiarazioni","emergenza","fratello","intervista","la repubblica","londra","preoccupata"],"articleSection":["News"],"inLanguage":"it-IT"},{"@type":"WebPage","@id":"https:\/\/www.gossip.it\/news\/federica-pellegrini-coronavirus-preoccupata-fratello-londra\/","url":"https:\/\/www.gossip.it\/news\/federica-pellegrini-coronavirus-preoccupata-fratello-londra\/","name":"Federica Pellegrini con l\u2019emergenza Coronavirus preoccupata per il fratello a Londra - Gossip.it | News sul Gossip e VIP","isPartOf":{"@id":"https:\/\/www.gossip.it\/#website"},"primaryImageOfPage":{"@id":"https:\/\/www.gossip.it\/news\/federica-pellegrini-coronavirus-preoccupata-fratello-londra\/#primaryimage"},"image":{"@id":"https:\/\/www.gossip.it\/news\/federica-pellegrini-coronavirus-preoccupata-fratello-londra\/#primaryimage"},"thumbnailUrl":"https:\/\/files.gossip.it\/immagini_news\/2020\/03\/1584367673_pellegrini.jpg","datePublished":"2020-03-15T23:00:00+00:00","dateModified":"2020-03-15T23:00:00+00:00","description":"Federica Pellegrini \u00e8 preoccupata per il fratello a Londra durante l\u2019emergenza Coronavirus. Le parole del premier britannico Boris Johnson l\u2019hanno","breadcrumb":{"@id":"https:\/\/www.gossip.it\/news\/federica-pellegrini-coronavirus-preoccupata-fratello-londra\/#breadcrumb"},"inLanguage":"it-IT","potentialAction":[{"@type":"ReadAction","target":["https:\/\/www.gossip.it\/news\/federica-pellegrini-coronavirus-preoccupata-fratello-londra\/"]}]},{"@type":"ImageObject","inLanguage":"it-IT","@id":"https:\/\/www.gossip.it\/news\/federica-pellegrini-coronavirus-preoccupata-fratello-londra\/#primaryimage","url":"https:\/\/files.gossip.it\/immagini_news\/2020\/03\/1584367673_pellegrini.jpg","contentUrl":"https:\/\/files.gossip.it\/immagini_news\/2020\/03\/1584367673_pellegrini.jpg"},{"@type":"BreadcrumbList","@id":"https:\/\/www.gossip.it\/news\/federica-pellegrini-coronavirus-preoccupata-fratello-londra\/#breadcrumb","itemListElement":[{"@type":"ListItem","position":1,"name":"Home","item":"https:\/\/www.gossip.it\/"},{"@type":"ListItem","position":2,"name":"Federica Pellegrini con l\u2019emergenza Coronavirus preoccupata per il fratello a Londra"}]},{"@type":"WebSite","@id":"https:\/\/www.gossip.it\/#website","url":"https:\/\/www.gossip.it\/","name":"Gossip and VIP News","description":"Quotidiano di cronaca rosa, costume e societ\u00e0","publisher":{"@id":"https:\/\/www.gossip.it\/#organization"},"alternateName":"Gossip and VIP News","potentialAction":[{"@type":"SearchAction","target":{"@type":"EntryPoint","urlTemplate":"https:\/\/www.gossip.it\/?s={search_term_string}"},"query-input":{"@type":"PropertyValueSpecification","valueRequired":true,"valueName":"search_term_string"}}],"inLanguage":"it-IT"},{"@type":"Organization","@id":"https:\/\/www.gossip.it\/#organization","name":"Gossip and VIP News","alternateName":"Gossip News","url":"https:\/\/www.gossip.it\/","logo":{"@type":"ImageObject","inLanguage":"it-IT","@id":"https:\/\/www.gossip.it\/#\/schema\/logo\/image\/","url":"https:\/\/www.gossip.it\/wp-content\/uploads\/2022\/04\/cropped-corna-alta-tiny.png","contentUrl":"https:\/\/www.gossip.it\/wp-content\/uploads\/2022\/04\/cropped-corna-alta-tiny.png","width":512,"height":512,"caption":"Gossip and VIP News"},"image":{"@id":"https:\/\/www.gossip.it\/#\/schema\/logo\/image\/"},"sameAs":["https:\/\/www.facebook.com\/GossipIT","https:\/\/x.com\/gossinews_it","https:\/\/instagram.com\/gossip_it"]},{"@type":"Person","@id":"https:\/\/www.gossip.it\/#\/schema\/person\/488896f75158bff1cc83c6c39d141110","name":"La Redazione","image":{"@type":"ImageObject","inLanguage":"it-IT","@id":"https:\/\/www.gossip.it\/#\/schema\/person\/image\/","url":"https:\/\/secure.gravatar.com\/avatar\/5a5f5c6fa3e6700e4249abdad0263a1e94e927d9e0499b1cb09c1cd29c044d80?s=96&d=mm&r=g","contentUrl":"https:\/\/secure.gravatar.com\/avatar\/5a5f5c6fa3e6700e4249abdad0263a1e94e927d9e0499b1cb09c1cd29c044d80?s=96&d=mm&r=g","caption":"La Redazione"},"sameAs":["https:\/\/www.gossip.it"]}]}},"amp_enabled":true,"_links":{"self":[{"href":"https:\/\/www.gossip.it\/api\/wp\/v2\/posts\/66821","targetHints":{"allow":["GET"]}}],"collection":[{"href":"https:\/\/www.gossip.it\/api\/wp\/v2\/posts"}],"about":[{"href":"https:\/\/www.gossip.it\/api\/wp\/v2\/types\/post"}],"author":[{"embeddable":true,"href":"https:\/\/www.gossip.it\/api\/wp\/v2\/users\/1"}],"replies":[{"embeddable":true,"href":"https:\/\/www.gossip.it\/api\/wp\/v2\/comments?post=66821"}],"version-history":[{"count":0,"href":"https:\/\/www.gossip.it\/api\/wp\/v2\/posts\/66821\/revisions"}],"wp:featuredmedia":[{"embeddable":true,"href":"https:\/\/www.gossip.it\/api\/wp\/v2\/media\/122867"}],"wp:attachment":[{"href":"https:\/\/www.gossip.it\/api\/wp\/v2\/media?parent=66821"}],"wp:term":[{"taxonomy":"category","embeddable":true,"href":"https:\/\/www.gossip.it\/api\/wp\/v2\/categories?post=66821"},{"taxonomy":"post_tag","embeddable":true,"href":"https:\/\/www.gossip.it\/api\/wp\/v2\/tags?post=66821"},{"taxonomy":"vip","embeddable":true,"href":"https:\/\/www.gossip.it\/api\/wp\/v2\/vip?post=66821"}],"curies":[{"name":"wp","href":"https:\/\/api.w.org\/{rel}","templated":true}]}}