{"id":66825,"date":"2020-03-17T00:00:00","date_gmt":"2020-03-16T23:00:00","guid":{"rendered":"https:\/\/www.gossip.it\/senza-categoria\/lodovica-comello-mamma-nato-teo\/"},"modified":"2020-03-17T00:00:00","modified_gmt":"2020-03-16T23:00:00","slug":"lodovica-comello-mamma-nato-teo","status":"publish","type":"post","link":"https:\/\/www.gossip.it\/news\/lodovica-comello-mamma-nato-teo\/","title":{"rendered":"Lodovica Comello mamma: \u00e8 nato Teo"},"content":{"rendered":"<p><a href=\"\/vip\/lodovica-comello\/\">Lodovica Comello<\/a> \u00e8 <strong>mamma<\/strong>: \u00e8 <strong>nato Teo<\/strong>. La cantante, attrice e conduttrice lo annuncia sul social. Saluta il suo primo figlio, una benedizione, e scrive: <em>\u201cSiamo vivi, stravolti e felici. <strong>Teo<\/strong> \u00e8 in tipino simpatico e ciuccione\u201d<\/em>. Poi ringrazia i follower per i tanti messaggi ricevuti: <em>\u201cGrazie a tutti per i mille messaggi d\u2019amore. Ci sentiamo molto fortunati\u201d.<\/em><\/p>\n<figure class=\"caption\"><img decoding=\"async\" alt=\"Lodovica Comello mamma: \u00e8 nato Teo\" width=\"640\" height=\"924\" src=\"https:\/\/files.gossip.it\/immagini_news\/2020\/03\/1584444049_comello_1.jpg\" \/><figcaption>Lodovica Comello mamma: \u00e8 nato Teo<\/figcaption><\/figure>\n<p><strong>Lodovica Comello<\/strong> a 29 anni abbraccia il suo piccolo <strong>Teo<\/strong>. E\u2019 al settimo cielo insieme al marito, il produttore argentino <a href=\"\/vip\/tomas-goldschidt\/\">Tomas Goldschidt<\/a>, che ha sposato l\u20191 aprile 2015 a San Daniele del Friuli, citt\u00e0 natale dell\u2019ex star della Disney, con rito civile.<\/p>\n<figure class=\"caption\"><img decoding=\"async\" alt=\"\" width=\"640\" height=\"1009\" src=\"https:\/\/files.gossip.it\/immagini_news\/2020\/03\/1584444066_comello_2.jpg\" \/><figcaption>La cantante, attrice e conduttrice ha dato alla luce il suo primo figlio<\/figcaption><\/figure>\n<p>Il parto \u00e8 andato bene,<strong> Lodovica Comello<\/strong> \u00e8 felice. Solo pochi giorni fa, commentando il difficile momento legato all\u2019emergenza Coronavirus, a <em>Vanity Fair<\/em> aveva detto: <em>\u201cE\u2019 un momento assurdo per dare alla luce un bambino. A tratti sembra una barzelletta: se me l\u2019avessero raccontato due mesi fa non ci avrei creduto, invece \u00e8 tutto reale, cos\u00ec come \u00e8 reale il fatto che non abbiamo molte alternative per andare avanti\u201d.<\/em><\/p>\n<figure class=\"caption\"><img decoding=\"async\" alt=\"\" width=\"640\" height=\"780\" src=\"https:\/\/files.gossip.it\/immagini_news\/2020\/03\/1584444090_comello_3.jpg\" \/><figcaption>La 29enne ha partorito luned\u00ec 16 marzo<\/figcaption><\/figure>\n<p>Poi aveva aggiunto: <em>\u201cSe sono spaventata? Io e mio marito, dopo un momento di sconforto, abbiamo accettato serenamente l\u2019idea che al momento del parto dovremo mantenere la calma e fare affidamento unicamente sulle nostre forze: niente famiglia in visita e nessuna nonna a insegnarci come si fa. Saremo da soli. Ma sar\u00e0 come un corso accelerato per genitori. So che ne usciremo\u00a0vincitori\u00a0perch\u00e9 l\u2019istinto e l\u2019amore che ci ricopriranno appena avremo il nostro bambino fra le braccia sar\u00e0 pi\u00f9 forte di qualsiasi epidemia\".<\/em><\/p>\n<p>Come sapete, le nuove regole stabilite dal governo italiano sono stringenti ma assolutamente necessarie. Noi tutti, ma proprio tutti, in qualsiasi regione d\u2019Italia ci troviamo, siamo chiamati a seguirle anche per evitare di incorrere in dure sanzioni (incluso il carcere). E\u2019 quindi assolutamente necessario rimanere in casa. Le uniche eccezioni sono dettate da esigenze di salute (visite mediche non rimandabili, incidenti). E\u2019 poi possibile uscire sporadicamente (meglio se lo fa un solo membro della famiglia una volta a settimana) per andare a fare la spesa nei supermercati, che ricordiamo rimarranno sempre aperti. Non ci sar\u00e0 mai carenza di cibo (le industrie che producono alimentari stanno lavorando normalmente) quindi \u00e8 inutile farsi prendere dal panico e comprare pi\u00f9 del necessario (sebbene fare una spesa che duri almeno una settimana \u00e8 pi\u00f9 che consigliato per limitare le volte in cui sar\u00e0 necessario uscire nuovamente per rifornirsi).<\/p>\n<figure class=\"caption\"><img decoding=\"async\" alt=\"\" width=\"640\" height=\"862\" src=\"https:\/\/files.gossip.it\/immagini_news\/2020\/03\/1584444253_coronavirus-consigli.jpg\" \/><figcaption>Le regole che dobbiamo tutti assolutamente seguire per arginare il contagio del Coronavirus in tutta Italia<\/figcaption><\/figure>\n<p>E\u2019 anche importantissimo che durante gli spostamenti necessari si prendano precauzioni straordinarie, come quelle di rimanere almeno a due metri di distanza da chiunque altro si incontri, di non dare la mano, non baciarsi e non abbracciarsi. Bisogna poi lavarsi spesso le mani e non toccarsi mai alcuna parte del viso con esse. Se si dovessero avere anche lievi sintomi simil-influenzali (come la tosse) non bisogna uscire di casa n\u00e9 recarsi al pronto soccorso o dal proprio medico, ma chiamare i numeri messi a disposizione da tutte le regioni (<a href=\"http:\/\/www.salute.gov.it\/portale\/nuovocoronavirus\/dettaglioContenutiNuovoCoronavirus.jsp?lingua=italiano&id=5364&area=nuovoCoronavirus&menu=vuoto\">qui l\u2019elenco completo<\/a>).<\/p>\n<p>\u00a0<\/p>\n<p>\u00a0<\/p>\n","protected":false},"excerpt":{"rendered":"<p>Lodovica Comello \u00e8 mamma: \u00e8 nato Teo. La cantante, attrice e conduttrice lo annuncia sul social. Saluta il suo primo figlio, una benedizione, e scrive: \u201cSiamo vivi, stravolti e felici. Teo \u00e8 in tipino simpatico e ciuccione\u201d. Poi ringrazia i follower per i tanti messaggi ricevuti: \u201cGrazie a tutti per i mille messaggi d\u2019amore. Ci [&hellip;]<\/p>\n","protected":false},"author":1,"featured_media":122871,"comment_status":"closed","ping_status":"closed","sticky":false,"template":"","format":"standard","meta":{"footnotes":""},"categories":[54],"tags":[1917,1983,6288,1981,4548,1992,2102,2181,2094,2121,43574,1900,1998,2159,5674,2145,1923,60556,60014],"vip":[],"class_list":["post-66825","post","type-post","status-publish","format-standard","has-post-thumbnail","hentry","category-news","tag-annuncio","tag-attrice","tag-bebe-in-arrivo","tag-cantante","tag-cicogna","tag-conduttrice","tag-dichiarazioni","tag-gravidanza","tag-incinta","tag-instagram","tag-lodovica-comello","tag-mamma","tag-marito","tag-nato","tag-pancino","tag-presentatrice","tag-social","tag-teo","tag-tomas-goldschidt"],"yoast_head":"<title>Lodovica Comello mamma: \u00e8 nato Teo - Gossip.it | News sul Gossip e VIP<\/title>\n<meta name=\"description\" content=\"Lodovica Comello \u00e8 mamma: \u00e8 nato Teo. La cantante, attrice e conduttrice lo annuncia sul social. Saluta il suo primo figlio, una benedizione, e scrive:\" \/>\n<meta name=\"robots\" content=\"index, follow, max-snippet:-1, max-image-preview:large, max-video-preview:-1\" \/>\n<link rel=\"canonical\" href=\"https:\/\/www.gossip.it\/news\/lodovica-comello-mamma-nato-teo\/\" \/>\n<meta property=\"og:locale\" content=\"it_IT\" \/>\n<meta property=\"og:type\" content=\"article\" \/>\n<meta property=\"og:title\" content=\"Lodovica Comello mamma: \u00e8 nato Teo - Gossip.it | News sul Gossip e VIP\" \/>\n<meta property=\"og:description\" content=\"Lodovica Comello \u00e8 mamma: \u00e8 nato Teo. La cantante, attrice e conduttrice lo annuncia sul social. Saluta il suo primo figlio, una benedizione, e scrive:\" \/>\n<meta property=\"og:url\" content=\"https:\/\/www.gossip.it\/news\/lodovica-comello-mamma-nato-teo\/\" \/>\n<meta property=\"og:site_name\" content=\"Gossip.it | News sul Gossip e VIP\" \/>\n<meta property=\"article:publisher\" content=\"https:\/\/www.facebook.com\/GossipIT\" \/>\n<meta property=\"article:published_time\" content=\"2020-03-16T23:00:00+00:00\" \/>\n<meta property=\"og:image\" content=\"https:\/\/files.gossip.it\/immagini_news\/2020\/03\/1584444049_comello_1.jpg\" \/>\n<meta name=\"author\" content=\"La Redazione\" \/>\n<meta name=\"twitter:card\" content=\"summary_large_image\" \/>\n<meta name=\"twitter:image\" content=\"https:\/\/files.gossip.it\/immagini_news\/2020\/03\/1584444049_comello_1.jpg\" \/>\n<meta name=\"twitter:creator\" content=\"@gossinews_it\" \/>\n<meta name=\"twitter:site\" content=\"@gossinews_it\" \/>\n<meta name=\"twitter:label1\" content=\"Scritto da\" \/>\n\t<meta name=\"twitter:data1\" content=\"Annamaria Capozzi\" \/>\n\t<meta name=\"twitter:label2\" content=\"Tempo di lettura stimato\" \/>\n\t<meta name=\"twitter:data2\" content=\"3 minuti\" \/>","yoast_head_json":{"title":"Lodovica Comello mamma: \u00e8 nato Teo - Gossip.it | News sul Gossip e VIP","description":"Lodovica Comello \u00e8 mamma: \u00e8 nato Teo. La cantante, attrice e conduttrice lo annuncia sul social. Saluta il suo primo figlio, una benedizione, e scrive:","robots":{"index":"index","follow":"follow","max-snippet":"max-snippet:-1","max-image-preview":"max-image-preview:large","max-video-preview":"max-video-preview:-1"},"canonical":"https:\/\/www.gossip.it\/news\/lodovica-comello-mamma-nato-teo\/","og_locale":"it_IT","og_type":"article","og_title":"Lodovica Comello mamma: \u00e8 nato Teo - Gossip.it | News sul Gossip e VIP","og_description":"Lodovica Comello \u00e8 mamma: \u00e8 nato Teo. La cantante, attrice e conduttrice lo annuncia sul social. Saluta il suo primo figlio, una benedizione, e scrive:","og_url":"https:\/\/www.gossip.it\/news\/lodovica-comello-mamma-nato-teo\/","og_site_name":"Gossip.it | News sul Gossip e VIP","article_publisher":"https:\/\/www.facebook.com\/GossipIT","article_published_time":"2020-03-16T23:00:00+00:00","og_image":[{"url":"https:\/\/files.gossip.it\/immagini_news\/2020\/03\/1584444049_comello_1.jpg"}],"author":"La Redazione","twitter_card":"summary_large_image","twitter_image":"https:\/\/files.gossip.it\/immagini_news\/2020\/03\/1584444049_comello_1.jpg","twitter_creator":"@gossinews_it","twitter_site":"@gossinews_it","twitter_misc":{"Scritto da":"Annamaria Capozzi","Tempo di lettura stimato":"3 minuti"},"schema":{"@context":"https:\/\/schema.org","@graph":[{"@type":"Article","@id":"https:\/\/www.gossip.it\/news\/lodovica-comello-mamma-nato-teo\/#article","isPartOf":{"@id":"https:\/\/www.gossip.it\/news\/lodovica-comello-mamma-nato-teo\/"},"author":{"name":"La Redazione","@id":"https:\/\/www.gossip.it\/#\/schema\/person\/488896f75158bff1cc83c6c39d141110"},"headline":"Lodovica Comello mamma: \u00e8 nato Teo","datePublished":"2020-03-16T23:00:00+00:00","dateModified":"2020-03-16T23:00:00+00:00","mainEntityOfPage":{"@id":"https:\/\/www.gossip.it\/news\/lodovica-comello-mamma-nato-teo\/"},"wordCount":532,"publisher":{"@id":"https:\/\/www.gossip.it\/#organization"},"image":{"@id":"https:\/\/www.gossip.it\/news\/lodovica-comello-mamma-nato-teo\/#primaryimage"},"thumbnailUrl":"https:\/\/files.gossip.it\/immagini_news\/2020\/03\/1584444049_comello_1.jpg","keywords":["annuncio","attrice","beb\u00e8 in arrivo","cantante","cicogna","conduttrice","dichiarazioni","gravidanza","incinta","instagram","lodovica comello","mamma","marito","nato","pancino","presentatrice","social","teo","Tomas Goldschidt"],"articleSection":["News"],"inLanguage":"it-IT"},{"@type":"WebPage","@id":"https:\/\/www.gossip.it\/news\/lodovica-comello-mamma-nato-teo\/","url":"https:\/\/www.gossip.it\/news\/lodovica-comello-mamma-nato-teo\/","name":"Lodovica Comello mamma: \u00e8 nato Teo - Gossip.it | News sul Gossip e VIP","isPartOf":{"@id":"https:\/\/www.gossip.it\/#website"},"primaryImageOfPage":{"@id":"https:\/\/www.gossip.it\/news\/lodovica-comello-mamma-nato-teo\/#primaryimage"},"image":{"@id":"https:\/\/www.gossip.it\/news\/lodovica-comello-mamma-nato-teo\/#primaryimage"},"thumbnailUrl":"https:\/\/files.gossip.it\/immagini_news\/2020\/03\/1584444049_comello_1.jpg","datePublished":"2020-03-16T23:00:00+00:00","dateModified":"2020-03-16T23:00:00+00:00","description":"Lodovica Comello \u00e8 mamma: \u00e8 nato Teo. La cantante, attrice e conduttrice lo annuncia sul social. Saluta il suo primo figlio, una benedizione, e scrive:","breadcrumb":{"@id":"https:\/\/www.gossip.it\/news\/lodovica-comello-mamma-nato-teo\/#breadcrumb"},"inLanguage":"it-IT","potentialAction":[{"@type":"ReadAction","target":["https:\/\/www.gossip.it\/news\/lodovica-comello-mamma-nato-teo\/"]}]},{"@type":"ImageObject","inLanguage":"it-IT","@id":"https:\/\/www.gossip.it\/news\/lodovica-comello-mamma-nato-teo\/#primaryimage","url":"https:\/\/files.gossip.it\/immagini_news\/2020\/03\/1584444049_comello_1.jpg","contentUrl":"https:\/\/files.gossip.it\/immagini_news\/2020\/03\/1584444049_comello_1.jpg"},{"@type":"BreadcrumbList","@id":"https:\/\/www.gossip.it\/news\/lodovica-comello-mamma-nato-teo\/#breadcrumb","itemListElement":[{"@type":"ListItem","position":1,"name":"Home","item":"https:\/\/www.gossip.it\/"},{"@type":"ListItem","position":2,"name":"Lodovica Comello mamma: \u00e8 nato Teo"}]},{"@type":"WebSite","@id":"https:\/\/www.gossip.it\/#website","url":"https:\/\/www.gossip.it\/","name":"Gossip and VIP News","description":"Quotidiano di cronaca rosa, costume e societ\u00e0","publisher":{"@id":"https:\/\/www.gossip.it\/#organization"},"alternateName":"Gossip and VIP News","potentialAction":[{"@type":"SearchAction","target":{"@type":"EntryPoint","urlTemplate":"https:\/\/www.gossip.it\/?s={search_term_string}"},"query-input":{"@type":"PropertyValueSpecification","valueRequired":true,"valueName":"search_term_string"}}],"inLanguage":"it-IT"},{"@type":"Organization","@id":"https:\/\/www.gossip.it\/#organization","name":"Gossip and VIP News","alternateName":"Gossip News","url":"https:\/\/www.gossip.it\/","logo":{"@type":"ImageObject","inLanguage":"it-IT","@id":"https:\/\/www.gossip.it\/#\/schema\/logo\/image\/","url":"https:\/\/www.gossip.it\/wp-content\/uploads\/2022\/04\/cropped-corna-alta-tiny.png","contentUrl":"https:\/\/www.gossip.it\/wp-content\/uploads\/2022\/04\/cropped-corna-alta-tiny.png","width":512,"height":512,"caption":"Gossip and VIP News"},"image":{"@id":"https:\/\/www.gossip.it\/#\/schema\/logo\/image\/"},"sameAs":["https:\/\/www.facebook.com\/GossipIT","https:\/\/x.com\/gossinews_it","https:\/\/instagram.com\/gossip_it"]},{"@type":"Person","@id":"https:\/\/www.gossip.it\/#\/schema\/person\/488896f75158bff1cc83c6c39d141110","name":"La Redazione","image":{"@type":"ImageObject","inLanguage":"it-IT","@id":"https:\/\/www.gossip.it\/#\/schema\/person\/image\/","url":"https:\/\/secure.gravatar.com\/avatar\/5a5f5c6fa3e6700e4249abdad0263a1e94e927d9e0499b1cb09c1cd29c044d80?s=96&d=mm&r=g","contentUrl":"https:\/\/secure.gravatar.com\/avatar\/5a5f5c6fa3e6700e4249abdad0263a1e94e927d9e0499b1cb09c1cd29c044d80?s=96&d=mm&r=g","caption":"La Redazione"},"sameAs":["https:\/\/www.gossip.it"]}]}},"amp_enabled":true,"_links":{"self":[{"href":"https:\/\/www.gossip.it\/api\/wp\/v2\/posts\/66825","targetHints":{"allow":["GET"]}}],"collection":[{"href":"https:\/\/www.gossip.it\/api\/wp\/v2\/posts"}],"about":[{"href":"https:\/\/www.gossip.it\/api\/wp\/v2\/types\/post"}],"author":[{"embeddable":true,"href":"https:\/\/www.gossip.it\/api\/wp\/v2\/users\/1"}],"replies":[{"embeddable":true,"href":"https:\/\/www.gossip.it\/api\/wp\/v2\/comments?post=66825"}],"version-history":[{"count":0,"href":"https:\/\/www.gossip.it\/api\/wp\/v2\/posts\/66825\/revisions"}],"wp:featuredmedia":[{"embeddable":true,"href":"https:\/\/www.gossip.it\/api\/wp\/v2\/media\/122871"}],"wp:attachment":[{"href":"https:\/\/www.gossip.it\/api\/wp\/v2\/media?parent=66825"}],"wp:term":[{"taxonomy":"category","embeddable":true,"href":"https:\/\/www.gossip.it\/api\/wp\/v2\/categories?post=66825"},{"taxonomy":"post_tag","embeddable":true,"href":"https:\/\/www.gossip.it\/api\/wp\/v2\/tags?post=66825"},{"taxonomy":"vip","embeddable":true,"href":"https:\/\/www.gossip.it\/api\/wp\/v2\/vip?post=66825"}],"curies":[{"name":"wp","href":"https:\/\/api.w.org\/{rel}","templated":true}]}}