{"id":66920,"date":"2020-04-01T00:00:00","date_gmt":"2020-03-31T22:00:00","guid":{"rendered":"https:\/\/www.gossip.it\/senza-categoria\/claudia-galanti-quarantena-figli-parigi\/"},"modified":"2020-04-01T00:00:00","modified_gmt":"2020-03-31T22:00:00","slug":"claudia-galanti-quarantena-figli-parigi","status":"publish","type":"post","link":"https:\/\/www.gossip.it\/news\/claudia-galanti-quarantena-figli-parigi\/","title":{"rendered":"Claudia Galanti, quarantena con i figli a Parigi: 'Ho paura, qui \u00e8 il caos\u2019"},"content":{"rendered":"<p><a href=\"\/vip\/claudia-galanti\/\">Claudia Galanti<\/a> racconta la sua <strong>quarantena<\/strong> a <strong>Parigi<\/strong> con i due <strong>figli<\/strong>, Liam Elijah, che il 3 aprile compir\u00e0 9 anni, e Tal Harlow, 7. La paraguaiana a <em>Chi<\/em> confessa: <em>\u201cHo paura, qui \u00e8 il caos\u201d.<\/em><\/p>\n<figure class=\"caption\"><img decoding=\"async\" alt=\"Claudia Galanti, quarantena con i figli a Parigi: 'Ho paura, qui \u00e8 il caos'\" width=\"640\" height=\"822\" src=\"https:\/\/files.gossip.it\/immagini_news\/2020\/04\/1585740907_galanti_1.jpg\" \/><figcaption>Claudia Galanti, quarantena con i figli a Parigi: 'Ho paura, qui \u00e8 il caos'<\/figcaption><\/figure>\n<p>La bella showgirl 38enne a <strong>Parigi<\/strong> non si sente affatto sicura.<em> \u201cVivo nel terrore. La gente non ha capito il pericolo. Dalla mia finestra vedo persone in giro e poliziotti che usano la mano dura, ma il giorno dopo tutto come prima. Gli anziani non usano la mascherina. Esco per fare la spesa per i miei figli, ma i supermarket sono vuoti. E\u2019 una tragedia. Io mi sono documentata grazie alle informazioni raccolte in Italia. Ma credetemi, l\u201980% dei parigini non ha capito niente\u201d<\/em>, rivela.<\/p>\n<figure class=\"caption\"><img decoding=\"async\" alt=\"\" width=\"640\" height=\"597\" src=\"https:\/\/files.gossip.it\/immagini_news\/2020\/04\/1585740940_galanti_2.jpg\" \/><figcaption>La paraguaiana racconta l'isolamento che vive nella capitale di Francia insieme a Liam e Tal<\/figcaption><\/figure>\n<p><em>\u201cTemo per me e per i miei <\/em>figli<em>. I tg raccontano un\u2019altra verit\u00e0 e ne parlano pochissimo. Il popolo qui non ha sentito il terrore perch\u00e9 il governo \u00e8 concentrato su \u2018altro\u2019. La scuola di mio figlio la scorsa settimana voleva mandare i bambini a fare una gita e un tragitto era previsto in metro. Per fortuna io avevo gi\u00e0 smesso di mandare i miei bimbi a scuola\u201d<\/em>, aggiunge ancora <strong>Claudia Galanti<\/strong>.<\/p>\n<p>L\u2019ex naufraga dell\u2019<em>Isola dei Famosi<\/em> a <strong>Parigi<\/strong> ha indossato la mascherina per uscire ed \u00e8 stata persino aggredita per questa ragione: <em>\u201cRingrazio l\u2019Italia e chi mi ha avvertito prima.In farmacia ero l\u2019unica con la mascherina e sono stata aggredita: mi urlavano che avevo il virus. Allucinante. E i poliziotti? Nessuno nei primi giorni ha messo la mascherina, come il resto della popolazione. Ripeto: ho paura\u201d.<\/em><\/p>\n<figure class=\"caption\"><img decoding=\"async\" alt=\"\" width=\"640\" height=\"650\" src=\"https:\/\/files.gossip.it\/immagini_news\/2020\/04\/1585740970_galanti_3.jpg\" \/><figcaption>Lo scorso 21 marzo ha festeggiato il compleanno della figlia morta nel 2014 Indila Carolina Sky: la bimba avrebbe compiuto 6 anni<\/figcaption><\/figure>\n<p>Vive nel suo appartamento ed esce solo per sbrigare le necessit\u00e0 primarie. Il 21 marzo scorso ha scelto di festeggiare con i suoi bimbi il compleanno di <a href=\"\/vip\/indila-carolina sky\/\">Indila Carolina Sky<\/a>, la figlia morta improvvisamente a soli nove mesi il 3 dicembre 2014: la piccola avrebbe compiuto 6 anni.<\/p>\n<p>Come sapete, le nuove regole stabilite dal governo italiano sono stringenti ma assolutamente necessarie. Noi tutti, ma proprio tutti, in qualsiasi regione d\u2019Italia ci troviamo, siamo chiamati a seguirle anche per evitare di incorrere in dure sanzioni (incluso il carcere). E\u2019 quindi assolutamente necessario rimanere in casa. Le uniche eccezioni sono dettate da esigenze di salute (visite mediche non rimandabili, incidenti). E\u2019 poi possibile uscire sporadicamente (meglio se lo fa un solo membro della famiglia una volta a settimana) per andare a fare la spesa nei supermercati, che ricordiamo rimarranno sempre aperti. Non ci sar\u00e0 mai carenza di cibo (le industrie che producono alimentari stanno lavorando normalmente) quindi \u00e8 inutile farsi prendere dal panico e comprare pi\u00f9 del necessario (sebbene fare una spesa che duri almeno una settimana \u00e8 pi\u00f9 che consigliato per limitare le volte in cui sar\u00e0 necessario uscire nuovamente per rifornirsi).<\/p>\n<figure class=\"caption\"><img decoding=\"async\" alt=\"\" width=\"640\" height=\"862\" src=\"https:\/\/files.gossip.it\/immagini_news\/2020\/04\/1585741018_coronavirus-consigli.jpg\" \/><figcaption>Le regole che dobbiamo tutti assolutamente seguire per arginare il contagio del Coronavirus in tutta Italia<\/figcaption><\/figure>\n<p>E\u2019 anche importantissimo che durante gli spostamenti necessari si prendano precauzioni straordinarie, come quelle di rimanere almeno a due metri di distanza da chiunque altro si incontri, di non dare la mano, non baciarsi e non abbracciarsi. Bisogna poi lavarsi spesso le mani e non toccarsi mai alcuna parte del viso con esse. Se si dovessero avere anche lievi sintomi simil-influenzali (come la tosse) non bisogna uscire di casa n\u00e9 recarsi al pronto soccorso o dal proprio medico, ma chiamare i numeri messi a disposizione da tutte le regioni (<a href=\"http:\/\/www.salute.gov.it\/portale\/nuovocoronavirus\/dettaglioContenutiNuovoCoronavirus.jsp?lingua=italiano&id=5364&area=nuovoCoronavirus&menu=vuoto\">qui l\u2019elenco completo<\/a>).<\/p>\n<p>\u00a0<\/p>\n","protected":false},"excerpt":{"rendered":"<p>Claudia Galanti racconta la sua quarantena a Parigi con i due figli, Liam Elijah, che il 3 aprile compir\u00e0 9 anni, e Tal Harlow, 7. La paraguaiana a Chi confessa: \u201cHo paura, qui \u00e8 il caos\u201d. Claudia Galanti, quarantena con i figli a Parigi: 'Ho paura, qui \u00e8 il caos' La bella showgirl 38enne a [&hellip;]<\/p>\n","protected":false},"author":1,"featured_media":122966,"comment_status":"closed","ping_status":"closed","sticky":false,"template":"","format":"standard","meta":{"footnotes":""},"categories":[54],"tags":[12946,13000,2102,2000,4285,2121,55323,9879,4694,13006,1967,1923,8098],"vip":[502],"class_list":["post-66920","post","type-post","status-publish","format-standard","has-post-thumbnail","hentry","category-news","tag-coronavirus","tag-covid-19","tag-dichiarazioni","tag-figli","tag-francia","tag-instagram","tag-intervista-chi","tag-liam-elijah","tag-parigi","tag-quarantena","tag-showgirl","tag-social","tag-tal-harlow","vip-claudia_galanti"],"yoast_head":"<title>Claudia Galanti, quarantena con i figli a Parigi: &#039;Ho paura, qui \u00e8 il caos\u2019 - Gossip.it | News sul Gossip e VIP<\/title>\n<meta name=\"description\" content=\"Claudia Galanti racconta la sua quarantena a Parigi con i due figli, Liam Elijah, che il 3 aprile compir\u00e0 9 anni, e Tal Harlow, 7. La paraguaiana a Chi\" \/>\n<meta name=\"robots\" content=\"index, follow, max-snippet:-1, max-image-preview:large, max-video-preview:-1\" \/>\n<link rel=\"canonical\" href=\"https:\/\/www.gossip.it\/news\/claudia-galanti-quarantena-figli-parigi\/\" \/>\n<meta property=\"og:locale\" content=\"it_IT\" \/>\n<meta property=\"og:type\" content=\"article\" \/>\n<meta property=\"og:title\" content=\"Claudia Galanti, quarantena con i figli a Parigi: &#039;Ho paura, qui \u00e8 il caos\u2019 - Gossip.it | News sul Gossip e VIP\" \/>\n<meta property=\"og:description\" content=\"Claudia Galanti racconta la sua quarantena a Parigi con i due figli, Liam Elijah, che il 3 aprile compir\u00e0 9 anni, e Tal Harlow, 7. La paraguaiana a Chi\" \/>\n<meta property=\"og:url\" content=\"https:\/\/www.gossip.it\/news\/claudia-galanti-quarantena-figli-parigi\/\" \/>\n<meta property=\"og:site_name\" content=\"Gossip.it | News sul Gossip e VIP\" \/>\n<meta property=\"article:publisher\" content=\"https:\/\/www.facebook.com\/GossipIT\" \/>\n<meta property=\"article:published_time\" content=\"2020-03-31T22:00:00+00:00\" \/>\n<meta property=\"og:image\" content=\"https:\/\/files.gossip.it\/immagini_news\/2020\/04\/1585740907_galanti_1.jpg\" \/>\n<meta name=\"author\" content=\"La Redazione\" \/>\n<meta name=\"twitter:card\" content=\"summary_large_image\" \/>\n<meta name=\"twitter:image\" content=\"https:\/\/files.gossip.it\/immagini_news\/2020\/04\/1585740907_galanti_1.jpg\" \/>\n<meta name=\"twitter:creator\" content=\"@gossinews_it\" \/>\n<meta name=\"twitter:site\" content=\"@gossinews_it\" \/>\n<meta name=\"twitter:label1\" content=\"Scritto da\" \/>\n\t<meta name=\"twitter:data1\" content=\"Annamaria Capozzi\" \/>\n\t<meta name=\"twitter:label2\" content=\"Tempo di lettura stimato\" \/>\n\t<meta name=\"twitter:data2\" content=\"3 minuti\" \/>","yoast_head_json":{"title":"Claudia Galanti, quarantena con i figli a Parigi: 'Ho paura, qui \u00e8 il caos\u2019 - Gossip.it | News sul Gossip e VIP","description":"Claudia Galanti racconta la sua quarantena a Parigi con i due figli, Liam Elijah, che il 3 aprile compir\u00e0 9 anni, e Tal Harlow, 7. La paraguaiana a Chi","robots":{"index":"index","follow":"follow","max-snippet":"max-snippet:-1","max-image-preview":"max-image-preview:large","max-video-preview":"max-video-preview:-1"},"canonical":"https:\/\/www.gossip.it\/news\/claudia-galanti-quarantena-figli-parigi\/","og_locale":"it_IT","og_type":"article","og_title":"Claudia Galanti, quarantena con i figli a Parigi: 'Ho paura, qui \u00e8 il caos\u2019 - Gossip.it | News sul Gossip e VIP","og_description":"Claudia Galanti racconta la sua quarantena a Parigi con i due figli, Liam Elijah, che il 3 aprile compir\u00e0 9 anni, e Tal Harlow, 7. La paraguaiana a Chi","og_url":"https:\/\/www.gossip.it\/news\/claudia-galanti-quarantena-figli-parigi\/","og_site_name":"Gossip.it | News sul Gossip e VIP","article_publisher":"https:\/\/www.facebook.com\/GossipIT","article_published_time":"2020-03-31T22:00:00+00:00","og_image":[{"url":"https:\/\/files.gossip.it\/immagini_news\/2020\/04\/1585740907_galanti_1.jpg"}],"author":"La Redazione","twitter_card":"summary_large_image","twitter_image":"https:\/\/files.gossip.it\/immagini_news\/2020\/04\/1585740907_galanti_1.jpg","twitter_creator":"@gossinews_it","twitter_site":"@gossinews_it","twitter_misc":{"Scritto da":"Annamaria Capozzi","Tempo di lettura stimato":"3 minuti"},"schema":{"@context":"https:\/\/schema.org","@graph":[{"@type":"Article","@id":"https:\/\/www.gossip.it\/news\/claudia-galanti-quarantena-figli-parigi\/#article","isPartOf":{"@id":"https:\/\/www.gossip.it\/news\/claudia-galanti-quarantena-figli-parigi\/"},"author":{"name":"La Redazione","@id":"https:\/\/www.gossip.it\/#\/schema\/person\/488896f75158bff1cc83c6c39d141110"},"headline":"Claudia Galanti, quarantena con i figli a Parigi: 'Ho paura, qui \u00e8 il caos\u2019","datePublished":"2020-03-31T22:00:00+00:00","dateModified":"2020-03-31T22:00:00+00:00","mainEntityOfPage":{"@id":"https:\/\/www.gossip.it\/news\/claudia-galanti-quarantena-figli-parigi\/"},"wordCount":615,"publisher":{"@id":"https:\/\/www.gossip.it\/#organization"},"image":{"@id":"https:\/\/www.gossip.it\/news\/claudia-galanti-quarantena-figli-parigi\/#primaryimage"},"thumbnailUrl":"https:\/\/files.gossip.it\/immagini_news\/2020\/04\/1585740907_galanti_1.jpg","keywords":["coronavirus","covid-19","dichiarazioni","figli","francia","instagram","intervista chi","liam elijah","parigi","quarantena","showgirl","social","tal harlow"],"articleSection":["News"],"inLanguage":"it-IT"},{"@type":"WebPage","@id":"https:\/\/www.gossip.it\/news\/claudia-galanti-quarantena-figli-parigi\/","url":"https:\/\/www.gossip.it\/news\/claudia-galanti-quarantena-figli-parigi\/","name":"Claudia Galanti, quarantena con i figli a Parigi: 'Ho paura, qui \u00e8 il caos\u2019 - Gossip.it | News sul Gossip e VIP","isPartOf":{"@id":"https:\/\/www.gossip.it\/#website"},"primaryImageOfPage":{"@id":"https:\/\/www.gossip.it\/news\/claudia-galanti-quarantena-figli-parigi\/#primaryimage"},"image":{"@id":"https:\/\/www.gossip.it\/news\/claudia-galanti-quarantena-figli-parigi\/#primaryimage"},"thumbnailUrl":"https:\/\/files.gossip.it\/immagini_news\/2020\/04\/1585740907_galanti_1.jpg","datePublished":"2020-03-31T22:00:00+00:00","dateModified":"2020-03-31T22:00:00+00:00","description":"Claudia Galanti racconta la sua quarantena a Parigi con i due figli, Liam Elijah, che il 3 aprile compir\u00e0 9 anni, e Tal Harlow, 7. La paraguaiana a Chi","breadcrumb":{"@id":"https:\/\/www.gossip.it\/news\/claudia-galanti-quarantena-figli-parigi\/#breadcrumb"},"inLanguage":"it-IT","potentialAction":[{"@type":"ReadAction","target":["https:\/\/www.gossip.it\/news\/claudia-galanti-quarantena-figli-parigi\/"]}]},{"@type":"ImageObject","inLanguage":"it-IT","@id":"https:\/\/www.gossip.it\/news\/claudia-galanti-quarantena-figli-parigi\/#primaryimage","url":"https:\/\/files.gossip.it\/immagini_news\/2020\/04\/1585740907_galanti_1.jpg","contentUrl":"https:\/\/files.gossip.it\/immagini_news\/2020\/04\/1585740907_galanti_1.jpg"},{"@type":"BreadcrumbList","@id":"https:\/\/www.gossip.it\/news\/claudia-galanti-quarantena-figli-parigi\/#breadcrumb","itemListElement":[{"@type":"ListItem","position":1,"name":"Home","item":"https:\/\/www.gossip.it\/"},{"@type":"ListItem","position":2,"name":"Claudia Galanti, quarantena con i figli a Parigi: 'Ho paura, qui \u00e8 il caos\u2019"}]},{"@type":"WebSite","@id":"https:\/\/www.gossip.it\/#website","url":"https:\/\/www.gossip.it\/","name":"Gossip and VIP News","description":"Quotidiano di cronaca rosa, costume e societ\u00e0","publisher":{"@id":"https:\/\/www.gossip.it\/#organization"},"alternateName":"Gossip and VIP News","potentialAction":[{"@type":"SearchAction","target":{"@type":"EntryPoint","urlTemplate":"https:\/\/www.gossip.it\/?s={search_term_string}"},"query-input":{"@type":"PropertyValueSpecification","valueRequired":true,"valueName":"search_term_string"}}],"inLanguage":"it-IT"},{"@type":"Organization","@id":"https:\/\/www.gossip.it\/#organization","name":"Gossip and VIP News","alternateName":"Gossip News","url":"https:\/\/www.gossip.it\/","logo":{"@type":"ImageObject","inLanguage":"it-IT","@id":"https:\/\/www.gossip.it\/#\/schema\/logo\/image\/","url":"https:\/\/www.gossip.it\/wp-content\/uploads\/2022\/04\/cropped-corna-alta-tiny.png","contentUrl":"https:\/\/www.gossip.it\/wp-content\/uploads\/2022\/04\/cropped-corna-alta-tiny.png","width":512,"height":512,"caption":"Gossip and VIP News"},"image":{"@id":"https:\/\/www.gossip.it\/#\/schema\/logo\/image\/"},"sameAs":["https:\/\/www.facebook.com\/GossipIT","https:\/\/x.com\/gossinews_it","https:\/\/instagram.com\/gossip_it"]},{"@type":"Person","@id":"https:\/\/www.gossip.it\/#\/schema\/person\/488896f75158bff1cc83c6c39d141110","name":"La Redazione","image":{"@type":"ImageObject","inLanguage":"it-IT","@id":"https:\/\/www.gossip.it\/#\/schema\/person\/image\/","url":"https:\/\/secure.gravatar.com\/avatar\/5a5f5c6fa3e6700e4249abdad0263a1e94e927d9e0499b1cb09c1cd29c044d80?s=96&d=mm&r=g","contentUrl":"https:\/\/secure.gravatar.com\/avatar\/5a5f5c6fa3e6700e4249abdad0263a1e94e927d9e0499b1cb09c1cd29c044d80?s=96&d=mm&r=g","caption":"La Redazione"},"sameAs":["https:\/\/www.gossip.it"]}]}},"amp_enabled":true,"_links":{"self":[{"href":"https:\/\/www.gossip.it\/api\/wp\/v2\/posts\/66920","targetHints":{"allow":["GET"]}}],"collection":[{"href":"https:\/\/www.gossip.it\/api\/wp\/v2\/posts"}],"about":[{"href":"https:\/\/www.gossip.it\/api\/wp\/v2\/types\/post"}],"author":[{"embeddable":true,"href":"https:\/\/www.gossip.it\/api\/wp\/v2\/users\/1"}],"replies":[{"embeddable":true,"href":"https:\/\/www.gossip.it\/api\/wp\/v2\/comments?post=66920"}],"version-history":[{"count":0,"href":"https:\/\/www.gossip.it\/api\/wp\/v2\/posts\/66920\/revisions"}],"wp:featuredmedia":[{"embeddable":true,"href":"https:\/\/www.gossip.it\/api\/wp\/v2\/media\/122966"}],"wp:attachment":[{"href":"https:\/\/www.gossip.it\/api\/wp\/v2\/media?parent=66920"}],"wp:term":[{"taxonomy":"category","embeddable":true,"href":"https:\/\/www.gossip.it\/api\/wp\/v2\/categories?post=66920"},{"taxonomy":"post_tag","embeddable":true,"href":"https:\/\/www.gossip.it\/api\/wp\/v2\/tags?post=66920"},{"taxonomy":"vip","embeddable":true,"href":"https:\/\/www.gossip.it\/api\/wp\/v2\/vip?post=66920"}],"curies":[{"name":"wp","href":"https:\/\/api.w.org\/{rel}","templated":true}]}}