{"id":66953,"date":"2020-04-07T00:00:00","date_gmt":"2020-04-06T22:00:00","guid":{"rendered":"https:\/\/www.gossip.it\/senza-categoria\/karina-cascella-contro-soleil-sorge\/"},"modified":"2020-04-07T00:00:00","modified_gmt":"2020-04-06T22:00:00","slug":"karina-cascella-contro-soleil-sorge","status":"publish","type":"post","link":"https:\/\/www.gossip.it\/news\/karina-cascella-contro-soleil-sorge\/","title":{"rendered":"Karina Cascella contro Soleil Sorg\u00e9, lei replica: 'Sarebbe meglio continuasse a vendere tisane\u2019"},"content":{"rendered":"<p><a href=\"\/vip\/karina-cascella\/\">Karina Cascella<\/a> si scaglia <strong>contro<\/strong> <a href=\"\/vip\/soleil-sorg\u00e9\/\">Soleil Sorg\u00e9<\/a> sul social. L\u2019ex corteggiatrice di <em>Uomini e Donne<\/em> replica e non \u00e8 tenera nei confronti dell\u2019opinionista tv 40enne. <em>\u201cSarebbe meglio continuasse a vendere tisane\u201d<\/em>, sottolinea dura la bella 25enne. Lo scontro a distanza fa discutere.<\/p>\n<figure class=\"caption\"><img decoding=\"async\" alt=\"Karina Cascella contro Soleil Sorg\u00e9, lei replica: 'Sarebbe meglio continuasse a vendere tisane'\" width=\"640\" height=\"1001\" src=\"https:\/\/files.gossip.it\/immagini_news\/2020\/04\/1586252641_soleil_karina_1.jpg\" \/><figcaption>Karina Cascella contro Soleil Sorg\u00e9, lei replica: 'Sarebbe meglio continuasse a vendere tisane'<\/figcaption><\/figure>\n<p><strong>Soleil Sorg\u00e9<\/strong>, nei giorni scorsi attaccata per essere ancora a Santo Domingo, bloccata causa emergenza Coronavirus, dove per alcuni \u00e8 fuggita prima del lockdown, aveva a sua volta detto la sua e era stata spietata con alcune vip come <a href=\"\/vip\/elena-santarelli\/\">Elena Santarelli<\/a> e <a href=\"\/vip\/cecilia-capriotti\/\">Cecilia Capriotti<\/a>, colpevoli secondo la bionda di aver dato man forte ad <a href=\"\/vip\/alberto-dandolo\/\">Alberto Dandolo<\/a>, il giornalista che le aveva tirato una frecciata avvelenata in un post su Instagram. Karina, intervenendo sulla questione, le va contro.<\/p>\n<p><em>\u201cMa davvero questo microbo (perch\u00e9 di ci\u00f2 si tratta) si permette ancora di parlare? Ma davvero tale <strong>Soleil Sorg\u00e9<\/strong>, senza un minimo di cervello, attacca e offende una donna come Elena Santarelli? Oppure Cecilia Capriotti? Mi ha bloccata tempo fa per fortuna, quindi non posso taggarla\u2026 Perch\u00e9? Perch\u00e9 le ho scritto chiaramente cosa penso di lei: \u00e8 una nulit\u00e0 che non dovrebbe avere la possibilit\u00e0 di esprimersi perch\u00e9 dice solo michia*e\u2019\u201d,<\/em> fa sapere Karina.<\/p>\n<figure class=\"caption\"><img decoding=\"async\" alt=\"\" width=\"640\" height=\"987\" src=\"https:\/\/files.gossip.it\/immagini_news\/2020\/04\/1586252685_soleil_karina_2.jpg\" \/><figcaption>La 40enne \u00e8 spietata: 'E' una nullit\u00e0 che non dovrebbe esprimersi, dice solo michia*e'<\/figcaption><\/figure>\n<p>Soleil, spronata dai follower, che le domandano cosa pensi delle parole su di lei dette dalla Cascella, risponde: <em>\u201cCome sapete, credo vivamente che i social debbano essere utilizzati a scopo costruttivo, positivo e odio dare spazio a certe bassezze, per\u00f2 ci sono cose che vanno oltre la volont\u00e0 e sono sbagliati nel principio. Io vi dico la verit\u00e0, sono scioccata dal comportamento di certe donne (che hanno carriera ed et\u00e0 superiora alla mia) che si abbassano a certi livelli per darmi addosso o semplicemente che parlano di me, quando io in realt\u00e0 non ho mai detto o fatto nulla di sbagliato\u201d.<\/em><\/p>\n<p>\u201c<em>Sarebbe meglio se si attenesse a vendere tisane e a parlare di me solo quando richiesto da Barbara<\/em> (<a href=\"\/vip\/d\u2019urso\/\">D\u2019Urso<\/a>, ndr<em>)\u201d<\/em>, tuona subito dopo. Poi aggiunge:\u00a0\u201c<em>Ho cercato di ignorare e bloccare una di queste persone perch\u00e9 eravamo al limite del penoso, questa continua a sfiorare il limite sottilissimo a cui tutti noi dobbiamo fare molta attenzione, quello di ci\u00f2 che \u00e8 punibile legalmente\u201d.<\/em><\/p>\n<p><strong>Soleil Sorg\u00e8 <\/strong>poi affonda, ma sempre senza fare nomi: <em>\u201cBisogna smettere di dire la propria opinione su tutto se non si \u00e8 mai stati chiamati in causa. Quando ci si trova davanti a persone sporche nell\u2019anima, che agiscono nel male, bisogna porgere l\u2019altra guancia e ho intenzione proprio di farlo perch\u00e9 queste sciocchezze hanno occupato anche troppo spazio\u201d.<\/em><\/p>\n","protected":false},"excerpt":{"rendered":"<p>Karina Cascella si scaglia contro Soleil Sorg\u00e9 sul social. L\u2019ex corteggiatrice di Uomini e Donne replica e non \u00e8 tenera nei confronti dell\u2019opinionista tv 40enne. \u201cSarebbe meglio continuasse a vendere tisane\u201d, sottolinea dura la bella 25enne. Lo scontro a distanza fa discutere. Karina Cascella contro Soleil Sorg\u00e9, lei replica: 'Sarebbe meglio continuasse a vendere tisane' [&hellip;]<\/p>\n","protected":false},"author":1,"featured_media":122999,"comment_status":"closed","ping_status":"closed","sticky":false,"template":"","format":"standard","meta":{"footnotes":""},"categories":[54],"tags":[2256,2129,2102,2121,7730,6274,4232,1923,1871,2142,2097,2115],"vip":[1038],"class_list":["post-66953","post","type-post","status-publish","format-standard","has-post-thumbnail","hentry","category-news","tag-contro","tag-corteggiatrice","tag-dichiarazioni","tag-instagram","tag-lite","tag-opinionista","tag-scontro","tag-social","tag-soleil-sorge","tag-stories","tag-tv","tag-uomini-e-donne","vip-karina_cascella"],"yoast_head":"<title>Karina Cascella contro Soleil Sorg\u00e9, lei replica: &#039;Sarebbe meglio continuasse a vendere tisane\u2019 - Gossip.it | News sul Gossip e VIP<\/title>\n<meta name=\"description\" content=\"Karina Cascella si scaglia contro Soleil Sorg\u00e9 sul social. L\u2019ex corteggiatrice di Uomini e Donne replica e non \u00e8 tenera nei confronti dell\u2019opinionista tv\" \/>\n<meta name=\"robots\" content=\"index, follow, max-snippet:-1, max-image-preview:large, max-video-preview:-1\" \/>\n<link rel=\"canonical\" href=\"https:\/\/www.gossip.it\/news\/karina-cascella-contro-soleil-sorge\/\" \/>\n<meta property=\"og:locale\" content=\"it_IT\" \/>\n<meta property=\"og:type\" content=\"article\" \/>\n<meta property=\"og:title\" content=\"Karina Cascella contro Soleil Sorg\u00e9, lei replica: &#039;Sarebbe meglio continuasse a vendere tisane\u2019 - Gossip.it | News sul Gossip e VIP\" \/>\n<meta property=\"og:description\" content=\"Karina Cascella si scaglia contro Soleil Sorg\u00e9 sul social. L\u2019ex corteggiatrice di Uomini e Donne replica e non \u00e8 tenera nei confronti dell\u2019opinionista tv\" \/>\n<meta property=\"og:url\" content=\"https:\/\/www.gossip.it\/news\/karina-cascella-contro-soleil-sorge\/\" \/>\n<meta property=\"og:site_name\" content=\"Gossip.it | News sul Gossip e VIP\" \/>\n<meta property=\"article:publisher\" content=\"https:\/\/www.facebook.com\/GossipIT\" \/>\n<meta property=\"article:published_time\" content=\"2020-04-06T22:00:00+00:00\" \/>\n<meta property=\"og:image\" content=\"https:\/\/files.gossip.it\/immagini_news\/2020\/04\/1586252641_soleil_karina_1.jpg\" \/>\n<meta name=\"author\" content=\"La Redazione\" \/>\n<meta name=\"twitter:card\" content=\"summary_large_image\" \/>\n<meta name=\"twitter:image\" content=\"https:\/\/files.gossip.it\/immagini_news\/2020\/04\/1586252641_soleil_karina_1.jpg\" \/>\n<meta name=\"twitter:creator\" content=\"@gossinews_it\" \/>\n<meta name=\"twitter:site\" content=\"@gossinews_it\" \/>\n<meta name=\"twitter:label1\" content=\"Scritto da\" \/>\n\t<meta name=\"twitter:data1\" content=\"Annamaria Capozzi\" \/>\n\t<meta name=\"twitter:label2\" content=\"Tempo di lettura stimato\" \/>\n\t<meta name=\"twitter:data2\" content=\"2 minuti\" \/>","yoast_head_json":{"title":"Karina Cascella contro Soleil Sorg\u00e9, lei replica: 'Sarebbe meglio continuasse a vendere tisane\u2019 - Gossip.it | News sul Gossip e VIP","description":"Karina Cascella si scaglia contro Soleil Sorg\u00e9 sul social. L\u2019ex corteggiatrice di Uomini e Donne replica e non \u00e8 tenera nei confronti dell\u2019opinionista tv","robots":{"index":"index","follow":"follow","max-snippet":"max-snippet:-1","max-image-preview":"max-image-preview:large","max-video-preview":"max-video-preview:-1"},"canonical":"https:\/\/www.gossip.it\/news\/karina-cascella-contro-soleil-sorge\/","og_locale":"it_IT","og_type":"article","og_title":"Karina Cascella contro Soleil Sorg\u00e9, lei replica: 'Sarebbe meglio continuasse a vendere tisane\u2019 - Gossip.it | News sul Gossip e VIP","og_description":"Karina Cascella si scaglia contro Soleil Sorg\u00e9 sul social. L\u2019ex corteggiatrice di Uomini e Donne replica e non \u00e8 tenera nei confronti dell\u2019opinionista tv","og_url":"https:\/\/www.gossip.it\/news\/karina-cascella-contro-soleil-sorge\/","og_site_name":"Gossip.it | News sul Gossip e VIP","article_publisher":"https:\/\/www.facebook.com\/GossipIT","article_published_time":"2020-04-06T22:00:00+00:00","og_image":[{"url":"https:\/\/files.gossip.it\/immagini_news\/2020\/04\/1586252641_soleil_karina_1.jpg"}],"author":"La Redazione","twitter_card":"summary_large_image","twitter_image":"https:\/\/files.gossip.it\/immagini_news\/2020\/04\/1586252641_soleil_karina_1.jpg","twitter_creator":"@gossinews_it","twitter_site":"@gossinews_it","twitter_misc":{"Scritto da":"Annamaria Capozzi","Tempo di lettura stimato":"2 minuti"},"schema":{"@context":"https:\/\/schema.org","@graph":[{"@type":"Article","@id":"https:\/\/www.gossip.it\/news\/karina-cascella-contro-soleil-sorge\/#article","isPartOf":{"@id":"https:\/\/www.gossip.it\/news\/karina-cascella-contro-soleil-sorge\/"},"author":{"name":"La Redazione","@id":"https:\/\/www.gossip.it\/#\/schema\/person\/488896f75158bff1cc83c6c39d141110"},"headline":"Karina Cascella contro Soleil Sorg\u00e9, lei replica: 'Sarebbe meglio continuasse a vendere tisane\u2019","datePublished":"2020-04-06T22:00:00+00:00","dateModified":"2020-04-06T22:00:00+00:00","mainEntityOfPage":{"@id":"https:\/\/www.gossip.it\/news\/karina-cascella-contro-soleil-sorge\/"},"wordCount":456,"publisher":{"@id":"https:\/\/www.gossip.it\/#organization"},"image":{"@id":"https:\/\/www.gossip.it\/news\/karina-cascella-contro-soleil-sorge\/#primaryimage"},"thumbnailUrl":"https:\/\/files.gossip.it\/immagini_news\/2020\/04\/1586252641_soleil_karina_1.jpg","keywords":["contro","corteggiatrice","dichiarazioni","instagram","lite","opinionista","scontro","social","soleil sorge","stories","tv","uomini e donne"],"articleSection":["News"],"inLanguage":"it-IT"},{"@type":"WebPage","@id":"https:\/\/www.gossip.it\/news\/karina-cascella-contro-soleil-sorge\/","url":"https:\/\/www.gossip.it\/news\/karina-cascella-contro-soleil-sorge\/","name":"Karina Cascella contro Soleil Sorg\u00e9, lei replica: 'Sarebbe meglio continuasse a vendere tisane\u2019 - Gossip.it | News sul Gossip e VIP","isPartOf":{"@id":"https:\/\/www.gossip.it\/#website"},"primaryImageOfPage":{"@id":"https:\/\/www.gossip.it\/news\/karina-cascella-contro-soleil-sorge\/#primaryimage"},"image":{"@id":"https:\/\/www.gossip.it\/news\/karina-cascella-contro-soleil-sorge\/#primaryimage"},"thumbnailUrl":"https:\/\/files.gossip.it\/immagini_news\/2020\/04\/1586252641_soleil_karina_1.jpg","datePublished":"2020-04-06T22:00:00+00:00","dateModified":"2020-04-06T22:00:00+00:00","description":"Karina Cascella si scaglia contro Soleil Sorg\u00e9 sul social. L\u2019ex corteggiatrice di Uomini e Donne replica e non \u00e8 tenera nei confronti dell\u2019opinionista tv","breadcrumb":{"@id":"https:\/\/www.gossip.it\/news\/karina-cascella-contro-soleil-sorge\/#breadcrumb"},"inLanguage":"it-IT","potentialAction":[{"@type":"ReadAction","target":["https:\/\/www.gossip.it\/news\/karina-cascella-contro-soleil-sorge\/"]}]},{"@type":"ImageObject","inLanguage":"it-IT","@id":"https:\/\/www.gossip.it\/news\/karina-cascella-contro-soleil-sorge\/#primaryimage","url":"https:\/\/files.gossip.it\/immagini_news\/2020\/04\/1586252641_soleil_karina_1.jpg","contentUrl":"https:\/\/files.gossip.it\/immagini_news\/2020\/04\/1586252641_soleil_karina_1.jpg"},{"@type":"BreadcrumbList","@id":"https:\/\/www.gossip.it\/news\/karina-cascella-contro-soleil-sorge\/#breadcrumb","itemListElement":[{"@type":"ListItem","position":1,"name":"Home","item":"https:\/\/www.gossip.it\/"},{"@type":"ListItem","position":2,"name":"Karina Cascella contro Soleil Sorg\u00e9, lei replica: 'Sarebbe meglio continuasse a vendere tisane\u2019"}]},{"@type":"WebSite","@id":"https:\/\/www.gossip.it\/#website","url":"https:\/\/www.gossip.it\/","name":"Gossip and VIP News","description":"Quotidiano di cronaca rosa, costume e societ\u00e0","publisher":{"@id":"https:\/\/www.gossip.it\/#organization"},"alternateName":"Gossip and VIP News","potentialAction":[{"@type":"SearchAction","target":{"@type":"EntryPoint","urlTemplate":"https:\/\/www.gossip.it\/?s={search_term_string}"},"query-input":{"@type":"PropertyValueSpecification","valueRequired":true,"valueName":"search_term_string"}}],"inLanguage":"it-IT"},{"@type":"Organization","@id":"https:\/\/www.gossip.it\/#organization","name":"Gossip and VIP News","alternateName":"Gossip News","url":"https:\/\/www.gossip.it\/","logo":{"@type":"ImageObject","inLanguage":"it-IT","@id":"https:\/\/www.gossip.it\/#\/schema\/logo\/image\/","url":"https:\/\/www.gossip.it\/wp-content\/uploads\/2022\/04\/cropped-corna-alta-tiny.png","contentUrl":"https:\/\/www.gossip.it\/wp-content\/uploads\/2022\/04\/cropped-corna-alta-tiny.png","width":512,"height":512,"caption":"Gossip and VIP News"},"image":{"@id":"https:\/\/www.gossip.it\/#\/schema\/logo\/image\/"},"sameAs":["https:\/\/www.facebook.com\/GossipIT","https:\/\/x.com\/gossinews_it","https:\/\/instagram.com\/gossip_it"]},{"@type":"Person","@id":"https:\/\/www.gossip.it\/#\/schema\/person\/488896f75158bff1cc83c6c39d141110","name":"La Redazione","image":{"@type":"ImageObject","inLanguage":"it-IT","@id":"https:\/\/www.gossip.it\/#\/schema\/person\/image\/","url":"https:\/\/secure.gravatar.com\/avatar\/5a5f5c6fa3e6700e4249abdad0263a1e94e927d9e0499b1cb09c1cd29c044d80?s=96&d=mm&r=g","contentUrl":"https:\/\/secure.gravatar.com\/avatar\/5a5f5c6fa3e6700e4249abdad0263a1e94e927d9e0499b1cb09c1cd29c044d80?s=96&d=mm&r=g","caption":"La Redazione"},"sameAs":["https:\/\/www.gossip.it"]}]}},"amp_enabled":true,"_links":{"self":[{"href":"https:\/\/www.gossip.it\/api\/wp\/v2\/posts\/66953","targetHints":{"allow":["GET"]}}],"collection":[{"href":"https:\/\/www.gossip.it\/api\/wp\/v2\/posts"}],"about":[{"href":"https:\/\/www.gossip.it\/api\/wp\/v2\/types\/post"}],"author":[{"embeddable":true,"href":"https:\/\/www.gossip.it\/api\/wp\/v2\/users\/1"}],"replies":[{"embeddable":true,"href":"https:\/\/www.gossip.it\/api\/wp\/v2\/comments?post=66953"}],"version-history":[{"count":0,"href":"https:\/\/www.gossip.it\/api\/wp\/v2\/posts\/66953\/revisions"}],"wp:featuredmedia":[{"embeddable":true,"href":"https:\/\/www.gossip.it\/api\/wp\/v2\/media\/122999"}],"wp:attachment":[{"href":"https:\/\/www.gossip.it\/api\/wp\/v2\/media?parent=66953"}],"wp:term":[{"taxonomy":"category","embeddable":true,"href":"https:\/\/www.gossip.it\/api\/wp\/v2\/categories?post=66953"},{"taxonomy":"post_tag","embeddable":true,"href":"https:\/\/www.gossip.it\/api\/wp\/v2\/tags?post=66953"},{"taxonomy":"vip","embeddable":true,"href":"https:\/\/www.gossip.it\/api\/wp\/v2\/vip?post=66953"}],"curies":[{"name":"wp","href":"https:\/\/api.w.org\/{rel}","templated":true}]}}