{"id":66966,"date":"2020-04-08T00:00:00","date_gmt":"2020-04-07T22:00:00","guid":{"rendered":"https:\/\/www.gossip.it\/senza-categoria\/lucia-annunziata-ricoverata-febbre-problemi-respiratori-spallanzani\/"},"modified":"2020-04-08T00:00:00","modified_gmt":"2020-04-07T22:00:00","slug":"lucia-annunziata-ricoverata-febbre-problemi-respiratori-spallanzani","status":"publish","type":"post","link":"https:\/\/www.gossip.it\/news\/lucia-annunziata-ricoverata-febbre-problemi-respiratori-spallanzani\/","title":{"rendered":"Lucia Annunziata ricoverata con febbre e problemi respiratori allo Spallanzani"},"content":{"rendered":"<p><a href=\"\/vip\/lucia-annunziata\/\">Lucia Annunziata<\/a> \u00e8 <strong>ricoverata<\/strong> con <strong>febbre<\/strong> alta e<strong> problemi respiratori<\/strong> allo <strong>Spallanzani<\/strong>. La giornalista 69enne \u00e8 stata portata nell\u2019ospedale romano ieri sera in ambulanza direttamente dalla sua abitazione nella Capitale. Si attende l\u2019esito del tampone per capire se si tratta di Coronavirus, ma i sintomi ci sono tutti.<\/p>\n<figure class=\"caption\"><img decoding=\"async\" alt=\"Lucia Annunziata ricoverata con febbre e problemi respiratori allo Spallanzani\" width=\"640\" height=\"432\" src=\"https:\/\/files.gossip.it\/immagini_news\/2020\/04\/1586351760_lucia_annunziata.jpg\" \/><figcaption>Lucia Annunziata ricoverata con febbre e problemi respiratori allo Spallanzani<\/figcaption><\/figure>\n<p>Le \u00e8 salita la <strong>febbre<\/strong> e ha riscontrato gravi <strong>problemi respiratori<\/strong>. <strong>Lucia Annunziata<\/strong> ha richiesto l\u2019arrivo dell\u2019ambulanza per essere trasportata in ospedale. Appena arrivata allo <strong>Spallanzani<\/strong>, \u00e8 stata immediatamente sottoposta a tampone, non si conosce ancora il risultato. In giornata sono attese notizie.<\/p>\n<p><strong>Lucia Annunziata<\/strong>, che ha da pochissimo lasciato la direzione dell\u2019<em>Huffington Post<\/em>, ha continuato a essere al timone del suo programma, <em>\u201cMezz\u2019ora in pi\u00f9\u201d,<\/em> in onda onda su Rai Tre, anche in piena emergenza sanitaria. Ha per\u00f2 intervistato i suoi ospiti<em> \u2018in remoto\u2019<\/em> tramite Skype, come stanno facendo tutte le trasmissioni in questo momento drammatico di pandemia, per evitare vicinanze e possibili contagi, rispettando la regola della distanza sociale. E\u2019 possibile che qualcosa sia andato storto e non abbia funzionato. Il Coronavirus, un nemico invisibile, \u00e8 subdolo e, come appare chiaro in questi giorni, spesso non perdona.<\/p>\n<p>Come sapete, le nuove regole stabilite dal governo italiano sono stringenti ma assolutamente necessarie. Noi tutti, ma proprio tutti, in qualsiasi regione d\u2019Italia ci troviamo, siamo chiamati a seguirle anche per evitare di incorrere in dure sanzioni (incluso il carcere). E\u2019 quindi assolutamente necessario rimanere in casa. Le uniche eccezioni sono dettate da esigenze di salute (visite mediche non rimandabili, incidenti). E\u2019 poi possibile uscire sporadicamente (meglio se lo fa un solo membro della famiglia una volta a settimana) per andare a fare la spesa nei supermercati, che ricordiamo rimarranno sempre aperti. Non ci sar\u00e0 mai carenza di cibo (le industrie che producono alimentari stanno lavorando normalmente) quindi \u00e8 inutile farsi prendere dal panico e comprare pi\u00f9 del necessario (sebbene fare una spesa che duri almeno una settimana \u00e8 pi\u00f9 che consigliato per limitare le volte in cui sar\u00e0 necessario uscire nuovamente per rifornirsi).<\/p>\n<figure class=\"caption\"><img decoding=\"async\" alt=\"\" width=\"640\" height=\"862\" src=\"https:\/\/files.gossip.it\/immagini_news\/2020\/04\/1586351186_coronavirus-consigli.jpg\" \/><figcaption>Le regole che dobbiamo tutti assolutamente seguire per arginare il contagio del Coronavirus in tutta Italia<\/figcaption><\/figure>\n<p>E\u2019 anche importantissimo che durante gli spostamenti necessari si prendano precauzioni straordinarie, come quelle di rimanere almeno a due metri di distanza da chiunque altro si incontri, di non dare la mano, non baciarsi e non abbracciarsi. Bisogna poi lavarsi spesso le mani e non toccarsi mai alcuna parte del viso con esse. Se si dovessero avere anche lievi sintomi simil-influenzali (come la tosse) non bisogna uscire di casa n\u00e9 recarsi al pronto soccorso o dal proprio medico, ma chiamare i numeri messi a disposizione da tutte le regioni (<a href=\"http:\/\/www.salute.gov.it\/portale\/nuovocoronavirus\/dettaglioContenutiNuovoCoronavirus.jsp?lingua=italiano&id=5364&area=nuovoCoronavirus&menu=vuoto\">qui l\u2019elenco completo<\/a>).<\/p>\n<p>\u00a0<\/p>\n<p>\u00a0<\/p>\n<p>\u00a0<\/p>\n","protected":false},"excerpt":{"rendered":"<p>Lucia Annunziata \u00e8 ricoverata con febbre alta e problemi respiratori allo Spallanzani. La giornalista 69enne \u00e8 stata portata nell\u2019ospedale romano ieri sera in ambulanza direttamente dalla sua abitazione nella Capitale. Si attende l\u2019esito del tampone per capire se si tratta di Coronavirus, ma i sintomi ci sono tutti. Lucia Annunziata ricoverata con febbre e problemi [&hellip;]<\/p>\n","protected":false},"author":1,"featured_media":123012,"comment_status":"closed","ping_status":"closed","sticky":false,"template":"","format":"standard","meta":{"footnotes":""},"categories":[54],"tags":[12946,13000,3969,2168,30677,6817,13016,60638,13514,60637],"vip":[],"class_list":["post-66966","post","type-post","status-publish","format-standard","has-post-thumbnail","hentry","category-news","tag-coronavirus","tag-covid-19","tag-febbre","tag-giornalista","tag-lucia-annunziata","tag-ospedale","tag-pandemia","tag-problemi-respiratori","tag-ricoverata","tag-spallanzani"],"yoast_head":"<title>Lucia Annunziata ricoverata con febbre e problemi respiratori allo Spallanzani - Gossip.it | News sul Gossip e VIP<\/title>\n<meta name=\"description\" content=\"Lucia Annunziata \u00e8 ricoverata con febbre alta e problemi respiratori allo Spallanzani. La giornalista 69enne \u00e8 stata portata nell\u2019ospedale romano ieri\" \/>\n<meta name=\"robots\" content=\"index, follow, max-snippet:-1, max-image-preview:large, max-video-preview:-1\" \/>\n<link rel=\"canonical\" href=\"https:\/\/www.gossip.it\/news\/lucia-annunziata-ricoverata-febbre-problemi-respiratori-spallanzani\/\" \/>\n<meta property=\"og:locale\" content=\"it_IT\" \/>\n<meta property=\"og:type\" content=\"article\" \/>\n<meta property=\"og:title\" content=\"Lucia Annunziata ricoverata con febbre e problemi respiratori allo Spallanzani - Gossip.it | News sul Gossip e VIP\" \/>\n<meta property=\"og:description\" content=\"Lucia Annunziata \u00e8 ricoverata con febbre alta e problemi respiratori allo Spallanzani. La giornalista 69enne \u00e8 stata portata nell\u2019ospedale romano ieri\" \/>\n<meta property=\"og:url\" content=\"https:\/\/www.gossip.it\/news\/lucia-annunziata-ricoverata-febbre-problemi-respiratori-spallanzani\/\" \/>\n<meta property=\"og:site_name\" content=\"Gossip.it | News sul Gossip e VIP\" \/>\n<meta property=\"article:publisher\" content=\"https:\/\/www.facebook.com\/GossipIT\" \/>\n<meta property=\"article:published_time\" content=\"2020-04-07T22:00:00+00:00\" \/>\n<meta property=\"og:image\" content=\"https:\/\/files.gossip.it\/immagini_news\/2020\/04\/1586351760_lucia_annunziata.jpg\" \/>\n<meta name=\"author\" content=\"La Redazione\" \/>\n<meta name=\"twitter:card\" content=\"summary_large_image\" \/>\n<meta name=\"twitter:image\" content=\"https:\/\/files.gossip.it\/immagini_news\/2020\/04\/1586351760_lucia_annunziata.jpg\" \/>\n<meta name=\"twitter:creator\" content=\"@gossinews_it\" \/>\n<meta name=\"twitter:site\" content=\"@gossinews_it\" \/>\n<meta name=\"twitter:label1\" content=\"Scritto da\" \/>\n\t<meta name=\"twitter:data1\" content=\"Annamaria Capozzi\" \/>\n\t<meta name=\"twitter:label2\" content=\"Tempo di lettura stimato\" \/>\n\t<meta name=\"twitter:data2\" content=\"2 minuti\" \/>","yoast_head_json":{"title":"Lucia Annunziata ricoverata con febbre e problemi respiratori allo Spallanzani - Gossip.it | News sul Gossip e VIP","description":"Lucia Annunziata \u00e8 ricoverata con febbre alta e problemi respiratori allo Spallanzani. La giornalista 69enne \u00e8 stata portata nell\u2019ospedale romano ieri","robots":{"index":"index","follow":"follow","max-snippet":"max-snippet:-1","max-image-preview":"max-image-preview:large","max-video-preview":"max-video-preview:-1"},"canonical":"https:\/\/www.gossip.it\/news\/lucia-annunziata-ricoverata-febbre-problemi-respiratori-spallanzani\/","og_locale":"it_IT","og_type":"article","og_title":"Lucia Annunziata ricoverata con febbre e problemi respiratori allo Spallanzani - Gossip.it | News sul Gossip e VIP","og_description":"Lucia Annunziata \u00e8 ricoverata con febbre alta e problemi respiratori allo Spallanzani. La giornalista 69enne \u00e8 stata portata nell\u2019ospedale romano ieri","og_url":"https:\/\/www.gossip.it\/news\/lucia-annunziata-ricoverata-febbre-problemi-respiratori-spallanzani\/","og_site_name":"Gossip.it | News sul Gossip e VIP","article_publisher":"https:\/\/www.facebook.com\/GossipIT","article_published_time":"2020-04-07T22:00:00+00:00","og_image":[{"url":"https:\/\/files.gossip.it\/immagini_news\/2020\/04\/1586351760_lucia_annunziata.jpg"}],"author":"La Redazione","twitter_card":"summary_large_image","twitter_image":"https:\/\/files.gossip.it\/immagini_news\/2020\/04\/1586351760_lucia_annunziata.jpg","twitter_creator":"@gossinews_it","twitter_site":"@gossinews_it","twitter_misc":{"Scritto da":"Annamaria Capozzi","Tempo di lettura stimato":"2 minuti"},"schema":{"@context":"https:\/\/schema.org","@graph":[{"@type":"Article","@id":"https:\/\/www.gossip.it\/news\/lucia-annunziata-ricoverata-febbre-problemi-respiratori-spallanzani\/#article","isPartOf":{"@id":"https:\/\/www.gossip.it\/news\/lucia-annunziata-ricoverata-febbre-problemi-respiratori-spallanzani\/"},"author":{"name":"La Redazione","@id":"https:\/\/www.gossip.it\/#\/schema\/person\/488896f75158bff1cc83c6c39d141110"},"headline":"Lucia Annunziata ricoverata con febbre e problemi respiratori allo Spallanzani","datePublished":"2020-04-07T22:00:00+00:00","dateModified":"2020-04-07T22:00:00+00:00","mainEntityOfPage":{"@id":"https:\/\/www.gossip.it\/news\/lucia-annunziata-ricoverata-febbre-problemi-respiratori-spallanzani\/"},"wordCount":460,"publisher":{"@id":"https:\/\/www.gossip.it\/#organization"},"image":{"@id":"https:\/\/www.gossip.it\/news\/lucia-annunziata-ricoverata-febbre-problemi-respiratori-spallanzani\/#primaryimage"},"thumbnailUrl":"https:\/\/files.gossip.it\/immagini_news\/2020\/04\/1586351760_lucia_annunziata.jpg","keywords":["coronavirus","covid-19","febbre","giornalista","lucia annunziata","ospedale","pandemia","problemi respiratori","ricoverata","spallanzani"],"articleSection":["News"],"inLanguage":"it-IT"},{"@type":"WebPage","@id":"https:\/\/www.gossip.it\/news\/lucia-annunziata-ricoverata-febbre-problemi-respiratori-spallanzani\/","url":"https:\/\/www.gossip.it\/news\/lucia-annunziata-ricoverata-febbre-problemi-respiratori-spallanzani\/","name":"Lucia Annunziata ricoverata con febbre e problemi respiratori allo Spallanzani - Gossip.it | News sul Gossip e VIP","isPartOf":{"@id":"https:\/\/www.gossip.it\/#website"},"primaryImageOfPage":{"@id":"https:\/\/www.gossip.it\/news\/lucia-annunziata-ricoverata-febbre-problemi-respiratori-spallanzani\/#primaryimage"},"image":{"@id":"https:\/\/www.gossip.it\/news\/lucia-annunziata-ricoverata-febbre-problemi-respiratori-spallanzani\/#primaryimage"},"thumbnailUrl":"https:\/\/files.gossip.it\/immagini_news\/2020\/04\/1586351760_lucia_annunziata.jpg","datePublished":"2020-04-07T22:00:00+00:00","dateModified":"2020-04-07T22:00:00+00:00","description":"Lucia Annunziata \u00e8 ricoverata con febbre alta e problemi respiratori allo Spallanzani. La giornalista 69enne \u00e8 stata portata nell\u2019ospedale romano ieri","breadcrumb":{"@id":"https:\/\/www.gossip.it\/news\/lucia-annunziata-ricoverata-febbre-problemi-respiratori-spallanzani\/#breadcrumb"},"inLanguage":"it-IT","potentialAction":[{"@type":"ReadAction","target":["https:\/\/www.gossip.it\/news\/lucia-annunziata-ricoverata-febbre-problemi-respiratori-spallanzani\/"]}]},{"@type":"ImageObject","inLanguage":"it-IT","@id":"https:\/\/www.gossip.it\/news\/lucia-annunziata-ricoverata-febbre-problemi-respiratori-spallanzani\/#primaryimage","url":"https:\/\/files.gossip.it\/immagini_news\/2020\/04\/1586351760_lucia_annunziata.jpg","contentUrl":"https:\/\/files.gossip.it\/immagini_news\/2020\/04\/1586351760_lucia_annunziata.jpg"},{"@type":"BreadcrumbList","@id":"https:\/\/www.gossip.it\/news\/lucia-annunziata-ricoverata-febbre-problemi-respiratori-spallanzani\/#breadcrumb","itemListElement":[{"@type":"ListItem","position":1,"name":"Home","item":"https:\/\/www.gossip.it\/"},{"@type":"ListItem","position":2,"name":"Lucia Annunziata ricoverata con febbre e problemi respiratori allo Spallanzani"}]},{"@type":"WebSite","@id":"https:\/\/www.gossip.it\/#website","url":"https:\/\/www.gossip.it\/","name":"Gossip and VIP News","description":"Quotidiano di cronaca rosa, costume e societ\u00e0","publisher":{"@id":"https:\/\/www.gossip.it\/#organization"},"alternateName":"Gossip and VIP News","potentialAction":[{"@type":"SearchAction","target":{"@type":"EntryPoint","urlTemplate":"https:\/\/www.gossip.it\/?s={search_term_string}"},"query-input":{"@type":"PropertyValueSpecification","valueRequired":true,"valueName":"search_term_string"}}],"inLanguage":"it-IT"},{"@type":"Organization","@id":"https:\/\/www.gossip.it\/#organization","name":"Gossip and VIP News","alternateName":"Gossip News","url":"https:\/\/www.gossip.it\/","logo":{"@type":"ImageObject","inLanguage":"it-IT","@id":"https:\/\/www.gossip.it\/#\/schema\/logo\/image\/","url":"https:\/\/www.gossip.it\/wp-content\/uploads\/2022\/04\/cropped-corna-alta-tiny.png","contentUrl":"https:\/\/www.gossip.it\/wp-content\/uploads\/2022\/04\/cropped-corna-alta-tiny.png","width":512,"height":512,"caption":"Gossip and VIP News"},"image":{"@id":"https:\/\/www.gossip.it\/#\/schema\/logo\/image\/"},"sameAs":["https:\/\/www.facebook.com\/GossipIT","https:\/\/x.com\/gossinews_it","https:\/\/instagram.com\/gossip_it"]},{"@type":"Person","@id":"https:\/\/www.gossip.it\/#\/schema\/person\/488896f75158bff1cc83c6c39d141110","name":"La Redazione","image":{"@type":"ImageObject","inLanguage":"it-IT","@id":"https:\/\/www.gossip.it\/#\/schema\/person\/image\/","url":"https:\/\/secure.gravatar.com\/avatar\/5a5f5c6fa3e6700e4249abdad0263a1e94e927d9e0499b1cb09c1cd29c044d80?s=96&d=mm&r=g","contentUrl":"https:\/\/secure.gravatar.com\/avatar\/5a5f5c6fa3e6700e4249abdad0263a1e94e927d9e0499b1cb09c1cd29c044d80?s=96&d=mm&r=g","caption":"La Redazione"},"sameAs":["https:\/\/www.gossip.it"]}]}},"amp_enabled":true,"_links":{"self":[{"href":"https:\/\/www.gossip.it\/api\/wp\/v2\/posts\/66966","targetHints":{"allow":["GET"]}}],"collection":[{"href":"https:\/\/www.gossip.it\/api\/wp\/v2\/posts"}],"about":[{"href":"https:\/\/www.gossip.it\/api\/wp\/v2\/types\/post"}],"author":[{"embeddable":true,"href":"https:\/\/www.gossip.it\/api\/wp\/v2\/users\/1"}],"replies":[{"embeddable":true,"href":"https:\/\/www.gossip.it\/api\/wp\/v2\/comments?post=66966"}],"version-history":[{"count":0,"href":"https:\/\/www.gossip.it\/api\/wp\/v2\/posts\/66966\/revisions"}],"wp:featuredmedia":[{"embeddable":true,"href":"https:\/\/www.gossip.it\/api\/wp\/v2\/media\/123012"}],"wp:attachment":[{"href":"https:\/\/www.gossip.it\/api\/wp\/v2\/media?parent=66966"}],"wp:term":[{"taxonomy":"category","embeddable":true,"href":"https:\/\/www.gossip.it\/api\/wp\/v2\/categories?post=66966"},{"taxonomy":"post_tag","embeddable":true,"href":"https:\/\/www.gossip.it\/api\/wp\/v2\/tags?post=66966"},{"taxonomy":"vip","embeddable":true,"href":"https:\/\/www.gossip.it\/api\/wp\/v2\/vip?post=66966"}],"curies":[{"name":"wp","href":"https:\/\/api.w.org\/{rel}","templated":true}]}}