{"id":66979,"date":"2020-04-10T00:00:00","date_gmt":"2020-04-09T22:00:00","guid":{"rendered":"https:\/\/www.gossip.it\/senza-categoria\/santiago-de-martino-compleanno-quarantena\/"},"modified":"2020-04-10T00:00:00","modified_gmt":"2020-04-09T22:00:00","slug":"santiago-de-martino-compleanno-quarantena","status":"publish","type":"post","link":"https:\/\/www.gossip.it\/news\/santiago-de-martino-compleanno-quarantena\/","title":{"rendered":"Santiago De Martino, compleanno in quarantena: per i 7 anni in casa giungla con tanto di dinosauro e\u2026"},"content":{"rendered":"<p><a href=\"\/vip\/santiago-de martino\/\">Santiago De Martino<\/a> celebra il suo <strong>compleanno<\/strong> in <strong>quarantena<\/strong>. Per i 7 anni, compiuti ieri, 9 aprile, il figlio di <a href=\"\/vip\/belen\/\">Belen<\/a> e Stefano, si diverte, nonostante non ci sia nessuna festa organizzata. Mamma e pap\u00e0 gli ricreano in casa una giungla, con tanto di dinosauro. Il bambino spegne le candeline\u00a0 davanti allo smartphone. In videochiamata ci sono gli amichetti di scuola che in coro gli cantano l\u2019<em>happy birthday<\/em>, poi via ai giochi creativi, uno su tutti: la pittura.<\/p>\n<figure class=\"caption\"><img decoding=\"async\" alt=\"Santiago De Martino, compleanno in quarantena: per i 7 anni in casa giungla con tanto di dinosauro e...\" width=\"640\" height=\"766\" src=\"https:\/\/files.gossip.it\/immagini_news\/2020\/04\/1586513162_santi_1.jpg\" \/><figcaption>Santiago De Martino, compleanno in quarantena: per i 7 anni in casa giungla con tanto di dinosauro e...<\/figcaption><\/figure>\n<p>Non \u00e8 un compleanno come gli altri. L\u2019emergenza Coronavirus obbliga tutti a non uscire. Belen e Stefano desiderano che il loro figlioletto non si senta troppo solo. La giornata \u00e8 interamente dedicata a lui. Dopo la video chiamata degli amici, ecco che ci si lascia andare. Il bambino dipinge, ma non su un foglio bianco: sulla propria faccia e su quella della mamma.<\/p>\n<div class=\"video_integrato\" data-videoid=\"6738\" data-autostart=\"true\">\u00a0<\/div>\n<figure class=\"caption\"><img decoding=\"async\" alt=\"\" width=\"640\" height=\"664\" src=\"https:\/\/files.gossip.it\/immagini_news\/2020\/04\/1586513193_santi_2.jpg\" \/><figcaption>Il figlio di Belen e Stefano festeggia, mamma e pap\u00e0 fanno di tutto per divertirlo<\/figcaption><\/figure>\n<p>La showgirl lo lascia fare, <a href=\"\/vip\/stefano-de martino\/\">Stefano De Martino<\/a> riprende tutto. Ci sono anche i nonni, <a href=\"\/vip\/veronica-cozzani\/\">Veronica Cozzani<\/a> e <a href=\"\/vip\/gustavo-rodriguez\/\">Gustavo Rodriguez<\/a>, in quarantena con la figlia maggiore, anche se in un appartamento vicino nello stesso palazzo.<\/p>\n<figure class=\"caption\"><img decoding=\"async\" alt=\"\" width=\"640\" height=\"877\" src=\"https:\/\/files.gossip.it\/immagini_news\/2020\/04\/1586513209_santi_3.jpg\" \/><figcaption>Il piccolo spegne le candeline davanti allo smartphone dopo l'happy birthday<\/figcaption><\/figure>\n<p><em>\u201cOggi il mio ometto compie 7 anni. Buon compleanno Santi, continua a crescere cos\u00ec piccolo mio, creativo, sensibile ed appassionato. Sono fiero di te. Ti amo tanto, tanto quanto? Come avresti risposto tu qualche anno fa : \u2018Tutta la Jungla!\u2019\u201d<\/em>, scrive sul social il ballerino e conduttore 30enne. Una dedica al figlio piena d\u2019amore la sua. <em>\u201cChe la tua vita sia sempre una festa! Te amo cuore mio! Feliz cumpleanos!\u201d<\/em>, sottolinea mamma Belen.<\/p>\n<p>Come sapete, le nuove regole stabilite dal governo italiano sono stringenti ma assolutamente necessarie. Noi tutti, ma proprio tutti, in qualsiasi regione d\u2019Italia ci troviamo, siamo chiamati a seguirle anche per evitare di incorrere in dure sanzioni (incluso il carcere). E\u2019 quindi assolutamente necessario rimanere in casa. Le uniche eccezioni sono dettate da esigenze di salute (visite mediche non rimandabili, incidenti). E\u2019 poi possibile uscire sporadicamente (meglio se lo fa un solo membro della famiglia una volta a settimana) per andare a fare la spesa nei supermercati, che ricordiamo rimarranno sempre aperti. Non ci sar\u00e0 mai carenza di cibo (le industrie che producono alimentari stanno lavorando normalmente) quindi \u00e8 inutile farsi prendere dal panico e comprare pi\u00f9 del necessario (sebbene fare una spesa che duri almeno una settimana \u00e8 pi\u00f9 che consigliato per limitare le volte in cui sar\u00e0 necessario uscire nuovamente per rifornirsi).<\/p>\n<figure class=\"caption\"><img decoding=\"async\" alt=\"\" width=\"640\" height=\"862\" src=\"https:\/\/files.gossip.it\/immagini_news\/2020\/04\/1586513383_coronavirus-consigli.jpg\" \/><figcaption>Le regole che dobbiamo tutti assolutamente seguire per arginare il contagio del Coronavirus in tutta Italia<\/figcaption><\/figure>\n<p>E\u2019 anche importantissimo che durante gli spostamenti necessari si prendano precauzioni straordinarie, come quelle di rimanere almeno a due metri di distanza da chiunque altro si incontri, di non dare la mano, non baciarsi e non abbracciarsi. Bisogna poi lavarsi spesso le mani e non toccarsi mai alcuna parte del viso con esse. Se si dovessero avere anche lievi sintomi simil-influenzali (come la tosse) non bisogna uscire di casa n\u00e9 recarsi al pronto soccorso o dal proprio medico, ma chiamare i numeri messi a disposizione da tutte le regioni (<a href=\"http:\/\/www.salute.gov.it\/portale\/nuovocoronavirus\/dettaglioContenutiNuovoCoronavirus.jsp?lingua=italiano&id=5364&area=nuovoCoronavirus&menu=vuoto\">qui l\u2019elenco completo<\/a>).<\/p>\n<p>\u00a0<\/p>\n<p>\u00a0<\/p>\n<p>\u00a0<\/p>\n","protected":false},"excerpt":{"rendered":"<p>Santiago De Martino celebra il suo compleanno in quarantena. Per i 7 anni, compiuti ieri, 9 aprile, il figlio di Belen e Stefano, si diverte, nonostante non ci sia nessuna festa organizzata. Mamma e pap\u00e0 gli ricreano in casa una giungla, con tanto di dinosauro. Il bambino spegne le candeline\u00a0 davanti allo smartphone. In videochiamata [&hellip;]<\/p>\n","protected":false},"author":1,"featured_media":123025,"comment_status":"closed","ping_status":"closed","sticky":false,"template":"","format":"standard","meta":{"footnotes":""},"categories":[54],"tags":[1938,2504,2299,1904,2176,12946,13000,13004,13006,11435,7659,8561,1967,60641],"vip":[],"class_list":["post-66979","post","type-post","status-publish","format-standard","has-post-thumbnail","hentry","category-news","tag-7-anni","tag-ballerino","tag-belen","tag-compleanno","tag-conduttore","tag-coronavirus","tag-covid-19","tag-emergenza","tag-quarantena","tag-santi","tag-santiago","tag-santiago-de-martino","tag-showgirl","tag-stefanbo-de-martino"],"yoast_head":"<title>Santiago De Martino, compleanno in quarantena: per i 7 anni in casa giungla con tanto di dinosauro e\u2026 - Gossip.it | News sul Gossip e VIP<\/title>\n<meta name=\"description\" content=\"Santiago De Martino celebra il suo compleanno in quarantena. Per i 7 anni, compiuti ieri, 9 aprile, il figlio di Belen e Stefano, si diverte, nonostante\" \/>\n<meta name=\"robots\" content=\"index, follow, max-snippet:-1, max-image-preview:large, max-video-preview:-1\" \/>\n<link rel=\"canonical\" href=\"https:\/\/www.gossip.it\/news\/santiago-de-martino-compleanno-quarantena\/\" \/>\n<meta property=\"og:locale\" content=\"it_IT\" \/>\n<meta property=\"og:type\" content=\"article\" \/>\n<meta property=\"og:title\" content=\"Santiago De Martino, compleanno in quarantena: per i 7 anni in casa giungla con tanto di dinosauro e\u2026 - Gossip.it | News sul Gossip e VIP\" \/>\n<meta property=\"og:description\" content=\"Santiago De Martino celebra il suo compleanno in quarantena. Per i 7 anni, compiuti ieri, 9 aprile, il figlio di Belen e Stefano, si diverte, nonostante\" \/>\n<meta property=\"og:url\" content=\"https:\/\/www.gossip.it\/news\/santiago-de-martino-compleanno-quarantena\/\" \/>\n<meta property=\"og:site_name\" content=\"Gossip.it | News sul Gossip e VIP\" \/>\n<meta property=\"article:publisher\" content=\"https:\/\/www.facebook.com\/GossipIT\" \/>\n<meta property=\"article:published_time\" content=\"2020-04-09T22:00:00+00:00\" \/>\n<meta property=\"og:image\" content=\"https:\/\/files.gossip.it\/immagini_news\/2020\/04\/1586513162_santi_1.jpg\" \/>\n<meta name=\"author\" content=\"La Redazione\" \/>\n<meta name=\"twitter:card\" content=\"summary_large_image\" \/>\n<meta name=\"twitter:image\" content=\"https:\/\/files.gossip.it\/immagini_news\/2020\/04\/1586513162_santi_1.jpg\" \/>\n<meta name=\"twitter:creator\" content=\"@gossinews_it\" \/>\n<meta name=\"twitter:site\" content=\"@gossinews_it\" \/>\n<meta name=\"twitter:label1\" content=\"Scritto da\" \/>\n\t<meta name=\"twitter:data1\" content=\"Annamaria Capozzi\" \/>\n\t<meta name=\"twitter:label2\" content=\"Tempo di lettura stimato\" \/>\n\t<meta name=\"twitter:data2\" content=\"3 minuti\" \/>","yoast_head_json":{"title":"Santiago De Martino, compleanno in quarantena: per i 7 anni in casa giungla con tanto di dinosauro e\u2026 - Gossip.it | News sul Gossip e VIP","description":"Santiago De Martino celebra il suo compleanno in quarantena. Per i 7 anni, compiuti ieri, 9 aprile, il figlio di Belen e Stefano, si diverte, nonostante","robots":{"index":"index","follow":"follow","max-snippet":"max-snippet:-1","max-image-preview":"max-image-preview:large","max-video-preview":"max-video-preview:-1"},"canonical":"https:\/\/www.gossip.it\/news\/santiago-de-martino-compleanno-quarantena\/","og_locale":"it_IT","og_type":"article","og_title":"Santiago De Martino, compleanno in quarantena: per i 7 anni in casa giungla con tanto di dinosauro e\u2026 - Gossip.it | News sul Gossip e VIP","og_description":"Santiago De Martino celebra il suo compleanno in quarantena. Per i 7 anni, compiuti ieri, 9 aprile, il figlio di Belen e Stefano, si diverte, nonostante","og_url":"https:\/\/www.gossip.it\/news\/santiago-de-martino-compleanno-quarantena\/","og_site_name":"Gossip.it | News sul Gossip e VIP","article_publisher":"https:\/\/www.facebook.com\/GossipIT","article_published_time":"2020-04-09T22:00:00+00:00","og_image":[{"url":"https:\/\/files.gossip.it\/immagini_news\/2020\/04\/1586513162_santi_1.jpg"}],"author":"La Redazione","twitter_card":"summary_large_image","twitter_image":"https:\/\/files.gossip.it\/immagini_news\/2020\/04\/1586513162_santi_1.jpg","twitter_creator":"@gossinews_it","twitter_site":"@gossinews_it","twitter_misc":{"Scritto da":"Annamaria Capozzi","Tempo di lettura stimato":"3 minuti"},"schema":{"@context":"https:\/\/schema.org","@graph":[{"@type":"Article","@id":"https:\/\/www.gossip.it\/news\/santiago-de-martino-compleanno-quarantena\/#article","isPartOf":{"@id":"https:\/\/www.gossip.it\/news\/santiago-de-martino-compleanno-quarantena\/"},"author":{"name":"La Redazione","@id":"https:\/\/www.gossip.it\/#\/schema\/person\/488896f75158bff1cc83c6c39d141110"},"headline":"Santiago De Martino, compleanno in quarantena: per i 7 anni in casa giungla con tanto di dinosauro e\u2026","datePublished":"2020-04-09T22:00:00+00:00","dateModified":"2020-04-09T22:00:00+00:00","mainEntityOfPage":{"@id":"https:\/\/www.gossip.it\/news\/santiago-de-martino-compleanno-quarantena\/"},"wordCount":559,"publisher":{"@id":"https:\/\/www.gossip.it\/#organization"},"image":{"@id":"https:\/\/www.gossip.it\/news\/santiago-de-martino-compleanno-quarantena\/#primaryimage"},"thumbnailUrl":"https:\/\/files.gossip.it\/immagini_news\/2020\/04\/1586513162_santi_1.jpg","keywords":["7 anni","ballerino","belen","compleanno","conduttore","coronavirus","covid-19","emergenza","quarantena","santi","santiago","santiago de martino","showgirl","stefanbo de martino"],"articleSection":["News"],"inLanguage":"it-IT"},{"@type":"WebPage","@id":"https:\/\/www.gossip.it\/news\/santiago-de-martino-compleanno-quarantena\/","url":"https:\/\/www.gossip.it\/news\/santiago-de-martino-compleanno-quarantena\/","name":"Santiago De Martino, compleanno in quarantena: per i 7 anni in casa giungla con tanto di dinosauro e\u2026 - Gossip.it | News sul Gossip e VIP","isPartOf":{"@id":"https:\/\/www.gossip.it\/#website"},"primaryImageOfPage":{"@id":"https:\/\/www.gossip.it\/news\/santiago-de-martino-compleanno-quarantena\/#primaryimage"},"image":{"@id":"https:\/\/www.gossip.it\/news\/santiago-de-martino-compleanno-quarantena\/#primaryimage"},"thumbnailUrl":"https:\/\/files.gossip.it\/immagini_news\/2020\/04\/1586513162_santi_1.jpg","datePublished":"2020-04-09T22:00:00+00:00","dateModified":"2020-04-09T22:00:00+00:00","description":"Santiago De Martino celebra il suo compleanno in quarantena. Per i 7 anni, compiuti ieri, 9 aprile, il figlio di Belen e Stefano, si diverte, nonostante","breadcrumb":{"@id":"https:\/\/www.gossip.it\/news\/santiago-de-martino-compleanno-quarantena\/#breadcrumb"},"inLanguage":"it-IT","potentialAction":[{"@type":"ReadAction","target":["https:\/\/www.gossip.it\/news\/santiago-de-martino-compleanno-quarantena\/"]}]},{"@type":"ImageObject","inLanguage":"it-IT","@id":"https:\/\/www.gossip.it\/news\/santiago-de-martino-compleanno-quarantena\/#primaryimage","url":"https:\/\/files.gossip.it\/immagini_news\/2020\/04\/1586513162_santi_1.jpg","contentUrl":"https:\/\/files.gossip.it\/immagini_news\/2020\/04\/1586513162_santi_1.jpg"},{"@type":"BreadcrumbList","@id":"https:\/\/www.gossip.it\/news\/santiago-de-martino-compleanno-quarantena\/#breadcrumb","itemListElement":[{"@type":"ListItem","position":1,"name":"Home","item":"https:\/\/www.gossip.it\/"},{"@type":"ListItem","position":2,"name":"Santiago De Martino, compleanno in quarantena: per i 7 anni in casa giungla con tanto di dinosauro e\u2026"}]},{"@type":"WebSite","@id":"https:\/\/www.gossip.it\/#website","url":"https:\/\/www.gossip.it\/","name":"Gossip and VIP News","description":"Quotidiano di cronaca rosa, costume e societ\u00e0","publisher":{"@id":"https:\/\/www.gossip.it\/#organization"},"alternateName":"Gossip and VIP News","potentialAction":[{"@type":"SearchAction","target":{"@type":"EntryPoint","urlTemplate":"https:\/\/www.gossip.it\/?s={search_term_string}"},"query-input":{"@type":"PropertyValueSpecification","valueRequired":true,"valueName":"search_term_string"}}],"inLanguage":"it-IT"},{"@type":"Organization","@id":"https:\/\/www.gossip.it\/#organization","name":"Gossip and VIP News","alternateName":"Gossip News","url":"https:\/\/www.gossip.it\/","logo":{"@type":"ImageObject","inLanguage":"it-IT","@id":"https:\/\/www.gossip.it\/#\/schema\/logo\/image\/","url":"https:\/\/www.gossip.it\/wp-content\/uploads\/2022\/04\/cropped-corna-alta-tiny.png","contentUrl":"https:\/\/www.gossip.it\/wp-content\/uploads\/2022\/04\/cropped-corna-alta-tiny.png","width":512,"height":512,"caption":"Gossip and VIP News"},"image":{"@id":"https:\/\/www.gossip.it\/#\/schema\/logo\/image\/"},"sameAs":["https:\/\/www.facebook.com\/GossipIT","https:\/\/x.com\/gossinews_it","https:\/\/instagram.com\/gossip_it"]},{"@type":"Person","@id":"https:\/\/www.gossip.it\/#\/schema\/person\/488896f75158bff1cc83c6c39d141110","name":"La Redazione","image":{"@type":"ImageObject","inLanguage":"it-IT","@id":"https:\/\/www.gossip.it\/#\/schema\/person\/image\/","url":"https:\/\/secure.gravatar.com\/avatar\/5a5f5c6fa3e6700e4249abdad0263a1e94e927d9e0499b1cb09c1cd29c044d80?s=96&d=mm&r=g","contentUrl":"https:\/\/secure.gravatar.com\/avatar\/5a5f5c6fa3e6700e4249abdad0263a1e94e927d9e0499b1cb09c1cd29c044d80?s=96&d=mm&r=g","caption":"La Redazione"},"sameAs":["https:\/\/www.gossip.it"]}]}},"amp_enabled":true,"_links":{"self":[{"href":"https:\/\/www.gossip.it\/api\/wp\/v2\/posts\/66979","targetHints":{"allow":["GET"]}}],"collection":[{"href":"https:\/\/www.gossip.it\/api\/wp\/v2\/posts"}],"about":[{"href":"https:\/\/www.gossip.it\/api\/wp\/v2\/types\/post"}],"author":[{"embeddable":true,"href":"https:\/\/www.gossip.it\/api\/wp\/v2\/users\/1"}],"replies":[{"embeddable":true,"href":"https:\/\/www.gossip.it\/api\/wp\/v2\/comments?post=66979"}],"version-history":[{"count":0,"href":"https:\/\/www.gossip.it\/api\/wp\/v2\/posts\/66979\/revisions"}],"wp:featuredmedia":[{"embeddable":true,"href":"https:\/\/www.gossip.it\/api\/wp\/v2\/media\/123025"}],"wp:attachment":[{"href":"https:\/\/www.gossip.it\/api\/wp\/v2\/media?parent=66979"}],"wp:term":[{"taxonomy":"category","embeddable":true,"href":"https:\/\/www.gossip.it\/api\/wp\/v2\/categories?post=66979"},{"taxonomy":"post_tag","embeddable":true,"href":"https:\/\/www.gossip.it\/api\/wp\/v2\/tags?post=66979"},{"taxonomy":"vip","embeddable":true,"href":"https:\/\/www.gossip.it\/api\/wp\/v2\/vip?post=66979"}],"curies":[{"name":"wp","href":"https:\/\/api.w.org\/{rel}","templated":true}]}}