{"id":67228,"date":"2020-05-20T00:00:00","date_gmt":"2020-05-19T22:00:00","guid":{"rendered":"https:\/\/www.gossip.it\/senza-categoria\/fabio-caressa-urla-insulti-figlia-matilde-le-iene\/"},"modified":"2020-05-20T00:00:00","modified_gmt":"2020-05-19T22:00:00","slug":"fabio-caressa-urla-insulti-figlia-matilde-le-iene","status":"publish","type":"post","link":"https:\/\/www.gossip.it\/news\/fabio-caressa-urla-insulti-figlia-matilde-le-iene\/","title":{"rendered":"Fabio Caressa, urla e insulti contro la figlia Matilde, tutta colpa de Le Iene"},"content":{"rendered":"<p><a href=\"\/vip\/fabio-caressa\/\">Fabio Caressa<\/a> \u00e8 una furia in tv. Imbestialito <strong>urla<\/strong> contro la <strong>figlia Matilde<\/strong> e la riempie di <strong>insulti<\/strong>. Tutta compa de <em><strong>Le Iene<\/strong><\/em> che, con la complicit\u00e0 della sua primogenita e del fidanzatino Jacopo, architettano per il conduttore e telecronista sportivo di Sky un terribile scherzo. <a href=\"\/vip\/nicol\u00f2-de devitiis\/\">Nicol\u00f2 De Devitiis<\/a> \u00e8 davvero diabolico.\u00a0il 53enne ci casca in pieno. La <strong>figlia<\/strong>, che il prossimo settembre compir\u00e0 18 ann, lo induce a credere di aver filmato la sua professoressa di filosofia mentre amoreggia con l\u2019amante: il motivo? Semplice: ricattarla per avere buoni voti a scuola nella sua materia.<\/p>\n<figure class=\"caption\"><img decoding=\"async\" alt=\"Fabio Caressa, urla e insulti contro la figlia Matilde, tutta colpa de Le Iene\" width=\"640\" height=\"354\" src=\"https:\/\/files.gossip.it\/immagini_news\/2020\/05\/1589979621_caressa_iene_1.jpg\" \/><figcaption>Fabio Caressa, urla e insulti contro la figlia Matilde, tutta colpa de Le Iene<\/figcaption><\/figure>\n<p>L\u2019adolescente convince il padre di aver filmato di nascosto l\u2019insegnante mentre consumava un rapporto intimo con un altro uomo dopo che la donna aveva lasciato la webcam del pc accesa al termine di un\u2019interrogazione<em> \u2018online\u2019.<\/em> La finta docente racconta a Caressa l\u2019accaduto, il giornalista sbotta e va su tutte le furie. Sfoga senza freni la rabbia con <strong>Matilde<\/strong>.<\/p>\n<figure class=\"caption\"><img decoding=\"async\" alt=\"\" width=\"640\" height=\"361\" src=\"https:\/\/files.gossip.it\/immagini_news\/2020\/05\/1589979648_caressa_iene_2.jpg\" \/><figcaption>Il conduttore e telecronista sportivo cade vittima della sua primogenita<\/figcaption><\/figure>\n<p><em>\u201cDeficiente, idiota, coglio*a. Siamo delle persone rispettabili, ora ti prendi una denuncia penale. Deficiente\u201d,<\/em> grida. Costernata anche la mamma, <a href=\"\/vip\/benedetta-parodi\/\">Benedetta Parodi<\/a>, incredula per l\u2019accaduto. <em>\u201cE\u2019 una cosa penale, adesso c\u2019abbiamo un processo. Tu ti rendi conto di quello che hai fatto? Certo che sporge denuncia: danni materiali e morali. Adiamo in galera!\u201d,<\/em> urla ancora <strong>Fabio Caressa<\/strong>.<\/p>\n<figure class=\"caption\"><img decoding=\"async\" alt=\"\" width=\"540\" height=\"295\" src=\"https:\/\/files.gossip.it\/immagini_news\/2020\/05\/1589979671_caressa_iene_3.jpg\" \/><figcaption>Il giornalista non si contiene con la ragazza<\/figcaption><\/figure>\n<p>Seguono attimi di terrore, il conosciutissimo volto di Sky non sa che pesci prendere, ma alla fine la <strong>figlia Matilde<\/strong> gli svela la verit\u00e0: \u00e8 solo una burla. E non \u00e8 certo la prima. La ragazza aveva gi\u00e0 fatto imbestialire la madre tempo fa, sempre complice de <strong><em>Le Iene<\/em><\/strong>, quando le aveva fatto credere di essere innamorata di un uomo adulto\u2026<\/p>\n<figure class=\"caption\"><img decoding=\"async\" alt=\"\" width=\"640\" height=\"691\" src=\"https:\/\/files.gossip.it\/immagini_news\/2020\/05\/1589979544_caressa_matilde.jpg\" \/><figcaption>Padre e figlia sorridenti e sereni dopo uno scherzo terribile: \u00e8 tutto chiarito<\/figcaption><\/figure>\n<p><em>\u201cLo scherzo era rivolto a Fabio, ma visto che non lo sapevo, in realt\u00e0 l\u2019ho subito anch\u2019io con tutta l\u2019ansia della situazione\u201d<\/em>, commenta la Parodi nelle sue <em>IG Stories<\/em>. E aggiunge:\u00a0<em>\u201cNon pensavo mai che mia <strong>figlia<\/strong> avrebbe potuto fare una cosa del genere. <strong>Matilde<\/strong> ha dato una grande prova d\u2019attrice. Ha persino pianto. Ci siamo cascati con tutte le scarpe mentre il resto della famiglia sghignazzava\u201d<\/em>. Poi lancia una sfida proprio a <em><strong>Le Iene<\/strong>:<\/em> <em>\u201cForse adesso potremmo pensare insieme uno scherzo ai danni di <strong>Matilde<\/strong>, ma dobbiamo aspettare un po\u2019 e bisogna architettarlo bene\u201d.<\/em><\/p>\n<p>\u00a0<\/p>\n<p>\u00a0<\/p>\n","protected":false},"excerpt":{"rendered":"<p>Fabio Caressa \u00e8 una furia in tv. Imbestialito urla contro la figlia Matilde e la riempie di insulti. Tutta compa de Le Iene che, con la complicit\u00e0 della sua primogenita e del fidanzatino Jacopo, architettano per il conduttore e telecronista sportivo di Sky un terribile scherzo. Nicol\u00f2 De Devitiis \u00e8 davvero diabolico.\u00a0il 53enne ci casca [&hellip;]<\/p>\n","protected":false},"author":1,"featured_media":123274,"comment_status":"closed","ping_status":"closed","sticky":false,"template":"","format":"standard","meta":{"footnotes":""},"categories":[54],"tags":[2176,12093,1905,2168,3402,2131,1928,10019,57829,1927,36725,2097,12057],"vip":[401],"class_list":["post-67228","post","type-post","status-publish","format-standard","has-post-thumbnail","hentry","category-news","tag-conduttore","tag-fabio-caressa","tag-figlia","tag-giornalista","tag-insulti","tag-italia-1","tag-le-iene","tag-matilde","tag-nicolo-de-devitiis","tag-scherzo","tag-telecronista","tag-tv","tag-urla","vip-benedetta_parodi"],"yoast_head":"<title>Fabio Caressa, urla e insulti contro la figlia Matilde, tutta colpa de Le Iene - Gossip.it | News sul Gossip e VIP<\/title>\n<meta name=\"description\" content=\"Fabio Caressa \u00e8 una furia in tv. Imbestialito urla contro la figlia Matilde e la riempie di insulti. Tutta compa de Le Iene che, con la complicit\u00e0 della\" \/>\n<meta name=\"robots\" content=\"index, follow, max-snippet:-1, max-image-preview:large, max-video-preview:-1\" \/>\n<link rel=\"canonical\" href=\"https:\/\/www.gossip.it\/news\/fabio-caressa-urla-insulti-figlia-matilde-le-iene\/\" \/>\n<meta property=\"og:locale\" content=\"it_IT\" \/>\n<meta property=\"og:type\" content=\"article\" \/>\n<meta property=\"og:title\" content=\"Fabio Caressa, urla e insulti contro la figlia Matilde, tutta colpa de Le Iene - Gossip.it | News sul Gossip e VIP\" \/>\n<meta property=\"og:description\" content=\"Fabio Caressa \u00e8 una furia in tv. Imbestialito urla contro la figlia Matilde e la riempie di insulti. Tutta compa de Le Iene che, con la complicit\u00e0 della\" \/>\n<meta property=\"og:url\" content=\"https:\/\/www.gossip.it\/news\/fabio-caressa-urla-insulti-figlia-matilde-le-iene\/\" \/>\n<meta property=\"og:site_name\" content=\"Gossip.it | News sul Gossip e VIP\" \/>\n<meta property=\"article:publisher\" content=\"https:\/\/www.facebook.com\/GossipIT\" \/>\n<meta property=\"article:published_time\" content=\"2020-05-19T22:00:00+00:00\" \/>\n<meta property=\"og:image\" content=\"https:\/\/files.gossip.it\/immagini_news\/2020\/05\/1589979621_caressa_iene_1.jpg\" \/>\n<meta name=\"author\" content=\"La Redazione\" \/>\n<meta name=\"twitter:card\" content=\"summary_large_image\" \/>\n<meta name=\"twitter:image\" content=\"https:\/\/files.gossip.it\/immagini_news\/2020\/05\/1589979621_caressa_iene_1.jpg\" \/>\n<meta name=\"twitter:creator\" content=\"@gossinews_it\" \/>\n<meta name=\"twitter:site\" content=\"@gossinews_it\" \/>\n<meta name=\"twitter:label1\" content=\"Scritto da\" \/>\n\t<meta name=\"twitter:data1\" content=\"Annamaria Capozzi\" \/>\n\t<meta name=\"twitter:label2\" content=\"Tempo di lettura stimato\" \/>\n\t<meta name=\"twitter:data2\" content=\"2 minuti\" \/>","yoast_head_json":{"title":"Fabio Caressa, urla e insulti contro la figlia Matilde, tutta colpa de Le Iene - Gossip.it | News sul Gossip e VIP","description":"Fabio Caressa \u00e8 una furia in tv. Imbestialito urla contro la figlia Matilde e la riempie di insulti. Tutta compa de Le Iene che, con la complicit\u00e0 della","robots":{"index":"index","follow":"follow","max-snippet":"max-snippet:-1","max-image-preview":"max-image-preview:large","max-video-preview":"max-video-preview:-1"},"canonical":"https:\/\/www.gossip.it\/news\/fabio-caressa-urla-insulti-figlia-matilde-le-iene\/","og_locale":"it_IT","og_type":"article","og_title":"Fabio Caressa, urla e insulti contro la figlia Matilde, tutta colpa de Le Iene - Gossip.it | News sul Gossip e VIP","og_description":"Fabio Caressa \u00e8 una furia in tv. Imbestialito urla contro la figlia Matilde e la riempie di insulti. Tutta compa de Le Iene che, con la complicit\u00e0 della","og_url":"https:\/\/www.gossip.it\/news\/fabio-caressa-urla-insulti-figlia-matilde-le-iene\/","og_site_name":"Gossip.it | News sul Gossip e VIP","article_publisher":"https:\/\/www.facebook.com\/GossipIT","article_published_time":"2020-05-19T22:00:00+00:00","og_image":[{"url":"https:\/\/files.gossip.it\/immagini_news\/2020\/05\/1589979621_caressa_iene_1.jpg"}],"author":"La Redazione","twitter_card":"summary_large_image","twitter_image":"https:\/\/files.gossip.it\/immagini_news\/2020\/05\/1589979621_caressa_iene_1.jpg","twitter_creator":"@gossinews_it","twitter_site":"@gossinews_it","twitter_misc":{"Scritto da":"Annamaria Capozzi","Tempo di lettura stimato":"2 minuti"},"schema":{"@context":"https:\/\/schema.org","@graph":[{"@type":"Article","@id":"https:\/\/www.gossip.it\/news\/fabio-caressa-urla-insulti-figlia-matilde-le-iene\/#article","isPartOf":{"@id":"https:\/\/www.gossip.it\/news\/fabio-caressa-urla-insulti-figlia-matilde-le-iene\/"},"author":{"name":"La Redazione","@id":"https:\/\/www.gossip.it\/#\/schema\/person\/488896f75158bff1cc83c6c39d141110"},"headline":"Fabio Caressa, urla e insulti contro la figlia Matilde, tutta colpa de Le Iene","datePublished":"2020-05-19T22:00:00+00:00","dateModified":"2020-05-19T22:00:00+00:00","mainEntityOfPage":{"@id":"https:\/\/www.gossip.it\/news\/fabio-caressa-urla-insulti-figlia-matilde-le-iene\/"},"wordCount":431,"publisher":{"@id":"https:\/\/www.gossip.it\/#organization"},"image":{"@id":"https:\/\/www.gossip.it\/news\/fabio-caressa-urla-insulti-figlia-matilde-le-iene\/#primaryimage"},"thumbnailUrl":"https:\/\/files.gossip.it\/immagini_news\/2020\/05\/1589979621_caressa_iene_1.jpg","keywords":["conduttore","fabio caressa","figlia","giornalista","insulti","italia 1","le iene","matilde","nicol\u00f2 de devitiis","scherzo","telecronista","tv","urla"],"articleSection":["News"],"inLanguage":"it-IT"},{"@type":"WebPage","@id":"https:\/\/www.gossip.it\/news\/fabio-caressa-urla-insulti-figlia-matilde-le-iene\/","url":"https:\/\/www.gossip.it\/news\/fabio-caressa-urla-insulti-figlia-matilde-le-iene\/","name":"Fabio Caressa, urla e insulti contro la figlia Matilde, tutta colpa de Le Iene - Gossip.it | News sul Gossip e VIP","isPartOf":{"@id":"https:\/\/www.gossip.it\/#website"},"primaryImageOfPage":{"@id":"https:\/\/www.gossip.it\/news\/fabio-caressa-urla-insulti-figlia-matilde-le-iene\/#primaryimage"},"image":{"@id":"https:\/\/www.gossip.it\/news\/fabio-caressa-urla-insulti-figlia-matilde-le-iene\/#primaryimage"},"thumbnailUrl":"https:\/\/files.gossip.it\/immagini_news\/2020\/05\/1589979621_caressa_iene_1.jpg","datePublished":"2020-05-19T22:00:00+00:00","dateModified":"2020-05-19T22:00:00+00:00","description":"Fabio Caressa \u00e8 una furia in tv. Imbestialito urla contro la figlia Matilde e la riempie di insulti. Tutta compa de Le Iene che, con la complicit\u00e0 della","breadcrumb":{"@id":"https:\/\/www.gossip.it\/news\/fabio-caressa-urla-insulti-figlia-matilde-le-iene\/#breadcrumb"},"inLanguage":"it-IT","potentialAction":[{"@type":"ReadAction","target":["https:\/\/www.gossip.it\/news\/fabio-caressa-urla-insulti-figlia-matilde-le-iene\/"]}]},{"@type":"ImageObject","inLanguage":"it-IT","@id":"https:\/\/www.gossip.it\/news\/fabio-caressa-urla-insulti-figlia-matilde-le-iene\/#primaryimage","url":"https:\/\/files.gossip.it\/immagini_news\/2020\/05\/1589979621_caressa_iene_1.jpg","contentUrl":"https:\/\/files.gossip.it\/immagini_news\/2020\/05\/1589979621_caressa_iene_1.jpg"},{"@type":"BreadcrumbList","@id":"https:\/\/www.gossip.it\/news\/fabio-caressa-urla-insulti-figlia-matilde-le-iene\/#breadcrumb","itemListElement":[{"@type":"ListItem","position":1,"name":"Home","item":"https:\/\/www.gossip.it\/"},{"@type":"ListItem","position":2,"name":"Fabio Caressa, urla e insulti contro la figlia Matilde, tutta colpa de Le Iene"}]},{"@type":"WebSite","@id":"https:\/\/www.gossip.it\/#website","url":"https:\/\/www.gossip.it\/","name":"Gossip and VIP News","description":"Quotidiano di cronaca rosa, costume e societ\u00e0","publisher":{"@id":"https:\/\/www.gossip.it\/#organization"},"alternateName":"Gossip and VIP News","potentialAction":[{"@type":"SearchAction","target":{"@type":"EntryPoint","urlTemplate":"https:\/\/www.gossip.it\/?s={search_term_string}"},"query-input":{"@type":"PropertyValueSpecification","valueRequired":true,"valueName":"search_term_string"}}],"inLanguage":"it-IT"},{"@type":"Organization","@id":"https:\/\/www.gossip.it\/#organization","name":"Gossip and VIP News","alternateName":"Gossip News","url":"https:\/\/www.gossip.it\/","logo":{"@type":"ImageObject","inLanguage":"it-IT","@id":"https:\/\/www.gossip.it\/#\/schema\/logo\/image\/","url":"https:\/\/www.gossip.it\/wp-content\/uploads\/2022\/04\/cropped-corna-alta-tiny.png","contentUrl":"https:\/\/www.gossip.it\/wp-content\/uploads\/2022\/04\/cropped-corna-alta-tiny.png","width":512,"height":512,"caption":"Gossip and VIP News"},"image":{"@id":"https:\/\/www.gossip.it\/#\/schema\/logo\/image\/"},"sameAs":["https:\/\/www.facebook.com\/GossipIT","https:\/\/x.com\/gossinews_it","https:\/\/instagram.com\/gossip_it"]},{"@type":"Person","@id":"https:\/\/www.gossip.it\/#\/schema\/person\/488896f75158bff1cc83c6c39d141110","name":"La Redazione","image":{"@type":"ImageObject","inLanguage":"it-IT","@id":"https:\/\/www.gossip.it\/#\/schema\/person\/image\/","url":"https:\/\/secure.gravatar.com\/avatar\/5a5f5c6fa3e6700e4249abdad0263a1e94e927d9e0499b1cb09c1cd29c044d80?s=96&d=mm&r=g","contentUrl":"https:\/\/secure.gravatar.com\/avatar\/5a5f5c6fa3e6700e4249abdad0263a1e94e927d9e0499b1cb09c1cd29c044d80?s=96&d=mm&r=g","caption":"La Redazione"},"sameAs":["https:\/\/www.gossip.it"]}]}},"amp_enabled":true,"_links":{"self":[{"href":"https:\/\/www.gossip.it\/api\/wp\/v2\/posts\/67228","targetHints":{"allow":["GET"]}}],"collection":[{"href":"https:\/\/www.gossip.it\/api\/wp\/v2\/posts"}],"about":[{"href":"https:\/\/www.gossip.it\/api\/wp\/v2\/types\/post"}],"author":[{"embeddable":true,"href":"https:\/\/www.gossip.it\/api\/wp\/v2\/users\/1"}],"replies":[{"embeddable":true,"href":"https:\/\/www.gossip.it\/api\/wp\/v2\/comments?post=67228"}],"version-history":[{"count":0,"href":"https:\/\/www.gossip.it\/api\/wp\/v2\/posts\/67228\/revisions"}],"wp:featuredmedia":[{"embeddable":true,"href":"https:\/\/www.gossip.it\/api\/wp\/v2\/media\/123274"}],"wp:attachment":[{"href":"https:\/\/www.gossip.it\/api\/wp\/v2\/media?parent=67228"}],"wp:term":[{"taxonomy":"category","embeddable":true,"href":"https:\/\/www.gossip.it\/api\/wp\/v2\/categories?post=67228"},{"taxonomy":"post_tag","embeddable":true,"href":"https:\/\/www.gossip.it\/api\/wp\/v2\/tags?post=67228"},{"taxonomy":"vip","embeddable":true,"href":"https:\/\/www.gossip.it\/api\/wp\/v2\/vip?post=67228"}],"curies":[{"name":"wp","href":"https:\/\/api.w.org\/{rel}","templated":true}]}}