{"id":67393,"date":"2020-06-15T00:00:00","date_gmt":"2020-06-14T22:00:00","guid":{"rendered":"https:\/\/www.gossip.it\/senza-categoria\/eleonora-daniele-figlia-carlotta-tv-parto-difficile\/"},"modified":"2020-06-15T00:00:00","modified_gmt":"2020-06-14T22:00:00","slug":"eleonora-daniele-figlia-carlotta-tv-parto-difficile","status":"publish","type":"post","link":"https:\/\/www.gossip.it\/news\/eleonora-daniele-figlia-carlotta-tv-parto-difficile\/","title":{"rendered":"Prima volta in tv per la figlia Carlotta, Eleonora Daniele si commuove: 'E' stato un parto difficile\u2019"},"content":{"rendered":"<p><a href=\"\/vip\/eleonora-daniele\/\">Eleonora Daniele<\/a> porta per la prima volta la <strong>figlia Carlotta<\/strong> in <strong>tv<\/strong>. La conduttrice 43enne si commuove. Ospite a <em>Domenica In<\/em> di <a href=\"\/vip\/mara-venier\/\">Mara Venier<\/a>, che sar\u00e0 la madrina della sua bambina al battesimo il prossimo ottobre, racconta: <em>\u201cE\u2019 stato un <strong>parto difficile<\/strong>\u201d.<\/em><\/p>\n<figure class=\"caption\"><img decoding=\"async\" alt=\"Prima volta in tv per la figlia Carlotta, Eleonora Daniele si commuove: 'E' stato un parto difficile'\" width=\"640\" height=\"358\" src=\"https:\/\/files.gossip.it\/immagini_news\/2020\/06\/1592211104_daniele_1.jpg\" \/><figcaption>Prima volta in tv per la figlia Carlotta, Eleonora Daniele si commuove: 'E' stato un parto difficile'<\/figcaption><\/figure>\n<p>Non \u00e8 stata una passeggiata mettere al mondo Carlotta, nata in anticipo rispetto al previsto. <strong>Eleonora Daniele<\/strong>, sollecitata dalla presentatrice sua amica, rivela: \u201c<em>Eh ho fatto il cesareo e chiaramente il post operazione \u00e8 pi\u00f9 complesso rispetto ad un parto naturale, sai che dovevo partorire a giugno \u00e8 nata il 25 maggio, anniversario della nascita di Padre Pio, il post operazione \u00e8 ancora un po' doloroso, ma l'arrivo di <strong>Carlotta<\/strong> ripaga ogni tipo di dolore\".\u00a0<\/em><\/p>\n<div class=\"video_integrato\" data-videoid=\"6916\" data-autostart=\"true\">\u00a0<\/div>\n<figure class=\"caption\"><img decoding=\"async\" alt=\"\" width=\"640\" height=\"368\" src=\"https:\/\/files.gossip.it\/immagini_news\/2020\/06\/1592211123_daniele_2.jpg\" \/><figcaption>La conduttrice 43enne racconta e si emoziona fino alle lacrime<\/figcaption><\/figure>\n<p>In collegamento da casa il volto di <em>Storie Italiane<\/em> sorride e spiega: <em>\u201cE\u2019 successo tutto molto velocemente, sono andata in clinica, le acque non si erano rotte, <strong>Carlotta<\/strong> si era messa storia, aveva poggiato la testina dalla parte destra, e il ginecologo mi ha detto che sarebbe stata meglio farla nascere, alle 18 abbiamo preso questa decisione. La gioia pi\u00f9 grande della mia vita, non pensavo che fosse una cosa pi\u00f9 grande di provare un'emozione incredibile\u201d.<\/em><\/p>\n<figure class=\"caption\"><img decoding=\"async\" alt=\"\" width=\"640\" height=\"365\" src=\"https:\/\/files.gossip.it\/immagini_news\/2020\/06\/1592211153_daniele_3.jpg\" \/><figcaption>E' al settimo cielo per l'arrivo della cicogna, lo confessa a Mara Venier<\/figcaption><\/figure>\n<p>La prima a chiamarla dopo il <strong>parto difficile<\/strong> \u00e8 stata proprio la Venier: <em>\u201cTi ringrazio perch\u00e9 mi sei stata tanto vicina in quei momenti\u201d.<\/em> <strong>Carlotta<\/strong> \u00e8 arrivata in un giorno speciale. <em>\"L\u2018ho chiamata <strong>Carlotta<\/strong> Pia, proprio perch\u00e9 \u00e8 nata il giorno di Padre Pio. Sono molto legata alla figura di Padre Pio non ti nego che qualche preghierina l'ho fatta, proprio a lui per avere un figlio, \u00e8 una figura molto importante per la nostra famiglia\u201d<\/em>, rivela ancora <strong>Eleonora Daniele<\/strong>.<\/p>\n<figure class=\"caption\"><img decoding=\"async\" alt=\"\" width=\"640\" height=\"353\" src=\"https:\/\/files.gossip.it\/immagini_news\/2020\/06\/1592211191_daniele_4.jpg\" \/><figcaption>Vive tutto molto insensamente ed \u00e8 difficile tratterene il pianto<\/figcaption><\/figure>\n<p>La bionda si emoziona e arriva alle lacrime. Parla della felicit\u00e0 del pap\u00e0, il marito <a href=\"\/vip\/giulio-tassoni\/\">Giulio Tassoni<\/a>: <em>\u201cGiulio \u00e8 felicissimo, lui \u00e8 al settimo cielo, siamo usciti tipo dopo una settimana dalla clinica, \u00e8 stato un momento molto forte anche tornare a casa, perch\u00e9 inizia una vita nuova, si riparte in tre, con il matrimonio cambia la famiglia. Poi gli assomiglia anche un bel po'. Ci fa dormire poco, l'allattamento anche di notte, per\u00f2 credo che sia importante allattarla, perch\u00e9 i primi mesi hanno bisogno del contatto fisico, poi ogni donna e ogni mamma fa le scelte che desidera\u201d.<\/em><\/p>\n<figure class=\"caption\"><img decoding=\"async\" alt=\"\" width=\"640\" height=\"360\" src=\"https:\/\/files.gossip.it\/immagini_news\/2020\/06\/1592211237_daniele_5.jpg\" \/><figcaption>Mostra la sua bimba in televisione, la stringe forte a s\u00e9<\/figcaption><\/figure>\n<p><strong>Eleonora Daniele<\/strong> ha il cuore colmo di gioia. Fa vedere la sua bimba in <strong>tv<\/strong>, la accarezza e la tiene stretta a s\u00e9. Riceve messaggi di auguri da molti suoi conoscenti. Rivela anche l\u2019emozione provata\u00a0 quando ha potuto riabbracciare i suoi cari dopo l\u2019arrivo della cicogna: <em>\u201cQuanta sofferenza con il Covid io incinta non ho potuto vedere la mia famiglia, perch\u00e9 erano a Padova, mi sono mancati tanto. Finalmente dopo il 3 giugno sono venuti a vedere la piccolina, \u00e8 stato un momento molto commovente\u201d.<\/em><\/p>\n<p>La lunga intervista si conclude con ringraziamento speciali a <em>\u2018zia\u2019 <\/em>Mara. La Daniele le dedica parole importanti, La Venier la ringrazia: <em>\u201cGrazie perch\u00e9 mi hai scelto e ti ringrazio di fare da madrina a Carlotta. Ti ringrazio perch\u00e9 penso che tu mi abbia capita, sei molto vera e umana.\u00a0Tu mi hai dato la forza di continuare con questa Domenica In, e tuo marito \u00e8 fortunato ad avere al tuo fianco una donna come te, conosco il tuo valore e ti dico che ti voglio bene\u201d.<\/em><\/p>\n<p>\u00a0<\/p>\n<p>\u00a0<\/p>\n","protected":false},"excerpt":{"rendered":"<p>Eleonora Daniele porta per la prima volta la figlia Carlotta in tv. La conduttrice 43enne si commuove. Ospite a Domenica In di Mara Venier, che sar\u00e0 la madrina della sua bambina al battesimo il prossimo ottobre, racconta: \u201cE\u2019 stato un parto difficile\u201d. Prima volta in tv per la figlia Carlotta, Eleonora Daniele si commuove: 'E' [&hellip;]<\/p>\n","protected":false},"author":1,"featured_media":123439,"comment_status":"closed","ping_status":"closed","sticky":false,"template":"","format":"standard","meta":{"footnotes":""},"categories":[54],"tags":[6123,12332,2102,4135,1905,2103,3182,2187,60858,12639,2097],"vip":[634,1195],"class_list":["post-67393","post","type-post","status-publish","format-standard","has-post-thumbnail","hentry","category-news","tag-carlotta","tag-cesareo","tag-dichiarazioni","tag-domenica-in","tag-figlia","tag-intervista","tag-madrina","tag-parto","tag-parto-difficile","tag-storie-italiane","tag-tv","vip-eleonora_daniele","vip-mara_venier"],"yoast_head":"<title>Prima volta in tv per la figlia Carlotta, Eleonora Daniele si commuove: &#039;E&#039; stato un parto difficile\u2019 - Gossip.it | News sul Gossip e VIP<\/title>\n<meta name=\"description\" content=\"Eleonora Daniele porta per la prima volta la figlia Carlotta in tv. La conduttrice 43enne si commuove. Ospite a Domenica In di Mara Venier, che sar\u00e0 la\" \/>\n<meta name=\"robots\" content=\"index, follow, max-snippet:-1, max-image-preview:large, max-video-preview:-1\" \/>\n<link rel=\"canonical\" href=\"https:\/\/www.gossip.it\/news\/eleonora-daniele-figlia-carlotta-tv-parto-difficile\/\" \/>\n<meta property=\"og:locale\" content=\"it_IT\" \/>\n<meta property=\"og:type\" content=\"article\" \/>\n<meta property=\"og:title\" content=\"Prima volta in tv per la figlia Carlotta, Eleonora Daniele si commuove: &#039;E&#039; stato un parto difficile\u2019 - Gossip.it | News sul Gossip e VIP\" \/>\n<meta property=\"og:description\" content=\"Eleonora Daniele porta per la prima volta la figlia Carlotta in tv. La conduttrice 43enne si commuove. Ospite a Domenica In di Mara Venier, che sar\u00e0 la\" \/>\n<meta property=\"og:url\" content=\"https:\/\/www.gossip.it\/news\/eleonora-daniele-figlia-carlotta-tv-parto-difficile\/\" \/>\n<meta property=\"og:site_name\" content=\"Gossip.it | News sul Gossip e VIP\" \/>\n<meta property=\"article:publisher\" content=\"https:\/\/www.facebook.com\/GossipIT\" \/>\n<meta property=\"article:published_time\" content=\"2020-06-14T22:00:00+00:00\" \/>\n<meta property=\"og:image\" content=\"https:\/\/files.gossip.it\/immagini_news\/2020\/06\/1592211104_daniele_1.jpg\" \/>\n<meta name=\"author\" content=\"La Redazione\" \/>\n<meta name=\"twitter:card\" content=\"summary_large_image\" \/>\n<meta name=\"twitter:image\" content=\"https:\/\/files.gossip.it\/immagini_news\/2020\/06\/1592211104_daniele_1.jpg\" \/>\n<meta name=\"twitter:creator\" content=\"@gossinews_it\" \/>\n<meta name=\"twitter:site\" content=\"@gossinews_it\" \/>\n<meta name=\"twitter:label1\" content=\"Scritto da\" \/>\n\t<meta name=\"twitter:data1\" content=\"Annamaria Capozzi\" \/>\n\t<meta name=\"twitter:label2\" content=\"Tempo di lettura stimato\" \/>\n\t<meta name=\"twitter:data2\" content=\"3 minuti\" \/>","yoast_head_json":{"title":"Prima volta in tv per la figlia Carlotta, Eleonora Daniele si commuove: 'E' stato un parto difficile\u2019 - Gossip.it | News sul Gossip e VIP","description":"Eleonora Daniele porta per la prima volta la figlia Carlotta in tv. La conduttrice 43enne si commuove. Ospite a Domenica In di Mara Venier, che sar\u00e0 la","robots":{"index":"index","follow":"follow","max-snippet":"max-snippet:-1","max-image-preview":"max-image-preview:large","max-video-preview":"max-video-preview:-1"},"canonical":"https:\/\/www.gossip.it\/news\/eleonora-daniele-figlia-carlotta-tv-parto-difficile\/","og_locale":"it_IT","og_type":"article","og_title":"Prima volta in tv per la figlia Carlotta, Eleonora Daniele si commuove: 'E' stato un parto difficile\u2019 - Gossip.it | News sul Gossip e VIP","og_description":"Eleonora Daniele porta per la prima volta la figlia Carlotta in tv. La conduttrice 43enne si commuove. Ospite a Domenica In di Mara Venier, che sar\u00e0 la","og_url":"https:\/\/www.gossip.it\/news\/eleonora-daniele-figlia-carlotta-tv-parto-difficile\/","og_site_name":"Gossip.it | News sul Gossip e VIP","article_publisher":"https:\/\/www.facebook.com\/GossipIT","article_published_time":"2020-06-14T22:00:00+00:00","og_image":[{"url":"https:\/\/files.gossip.it\/immagini_news\/2020\/06\/1592211104_daniele_1.jpg"}],"author":"La Redazione","twitter_card":"summary_large_image","twitter_image":"https:\/\/files.gossip.it\/immagini_news\/2020\/06\/1592211104_daniele_1.jpg","twitter_creator":"@gossinews_it","twitter_site":"@gossinews_it","twitter_misc":{"Scritto da":"Annamaria Capozzi","Tempo di lettura stimato":"3 minuti"},"schema":{"@context":"https:\/\/schema.org","@graph":[{"@type":"Article","@id":"https:\/\/www.gossip.it\/news\/eleonora-daniele-figlia-carlotta-tv-parto-difficile\/#article","isPartOf":{"@id":"https:\/\/www.gossip.it\/news\/eleonora-daniele-figlia-carlotta-tv-parto-difficile\/"},"author":{"name":"La Redazione","@id":"https:\/\/www.gossip.it\/#\/schema\/person\/488896f75158bff1cc83c6c39d141110"},"headline":"Prima volta in tv per la figlia Carlotta, Eleonora Daniele si commuove: 'E' stato un parto difficile\u2019","datePublished":"2020-06-14T22:00:00+00:00","dateModified":"2020-06-14T22:00:00+00:00","mainEntityOfPage":{"@id":"https:\/\/www.gossip.it\/news\/eleonora-daniele-figlia-carlotta-tv-parto-difficile\/"},"wordCount":612,"publisher":{"@id":"https:\/\/www.gossip.it\/#organization"},"image":{"@id":"https:\/\/www.gossip.it\/news\/eleonora-daniele-figlia-carlotta-tv-parto-difficile\/#primaryimage"},"thumbnailUrl":"https:\/\/files.gossip.it\/immagini_news\/2020\/06\/1592211104_daniele_1.jpg","keywords":["carlotta","cesareo","dichiarazioni","domenica in","figlia","intervista","madrina","parto","parto difficile","storie italiane","tv"],"articleSection":["News"],"inLanguage":"it-IT"},{"@type":"WebPage","@id":"https:\/\/www.gossip.it\/news\/eleonora-daniele-figlia-carlotta-tv-parto-difficile\/","url":"https:\/\/www.gossip.it\/news\/eleonora-daniele-figlia-carlotta-tv-parto-difficile\/","name":"Prima volta in tv per la figlia Carlotta, Eleonora Daniele si commuove: 'E' stato un parto difficile\u2019 - Gossip.it | News sul Gossip e VIP","isPartOf":{"@id":"https:\/\/www.gossip.it\/#website"},"primaryImageOfPage":{"@id":"https:\/\/www.gossip.it\/news\/eleonora-daniele-figlia-carlotta-tv-parto-difficile\/#primaryimage"},"image":{"@id":"https:\/\/www.gossip.it\/news\/eleonora-daniele-figlia-carlotta-tv-parto-difficile\/#primaryimage"},"thumbnailUrl":"https:\/\/files.gossip.it\/immagini_news\/2020\/06\/1592211104_daniele_1.jpg","datePublished":"2020-06-14T22:00:00+00:00","dateModified":"2020-06-14T22:00:00+00:00","description":"Eleonora Daniele porta per la prima volta la figlia Carlotta in tv. La conduttrice 43enne si commuove. Ospite a Domenica In di Mara Venier, che sar\u00e0 la","breadcrumb":{"@id":"https:\/\/www.gossip.it\/news\/eleonora-daniele-figlia-carlotta-tv-parto-difficile\/#breadcrumb"},"inLanguage":"it-IT","potentialAction":[{"@type":"ReadAction","target":["https:\/\/www.gossip.it\/news\/eleonora-daniele-figlia-carlotta-tv-parto-difficile\/"]}]},{"@type":"ImageObject","inLanguage":"it-IT","@id":"https:\/\/www.gossip.it\/news\/eleonora-daniele-figlia-carlotta-tv-parto-difficile\/#primaryimage","url":"https:\/\/files.gossip.it\/immagini_news\/2020\/06\/1592211104_daniele_1.jpg","contentUrl":"https:\/\/files.gossip.it\/immagini_news\/2020\/06\/1592211104_daniele_1.jpg"},{"@type":"BreadcrumbList","@id":"https:\/\/www.gossip.it\/news\/eleonora-daniele-figlia-carlotta-tv-parto-difficile\/#breadcrumb","itemListElement":[{"@type":"ListItem","position":1,"name":"Home","item":"https:\/\/www.gossip.it\/"},{"@type":"ListItem","position":2,"name":"Prima volta in tv per la figlia Carlotta, Eleonora Daniele si commuove: 'E' stato un parto difficile\u2019"}]},{"@type":"WebSite","@id":"https:\/\/www.gossip.it\/#website","url":"https:\/\/www.gossip.it\/","name":"Gossip and VIP News","description":"Quotidiano di cronaca rosa, costume e societ\u00e0","publisher":{"@id":"https:\/\/www.gossip.it\/#organization"},"alternateName":"Gossip and VIP News","potentialAction":[{"@type":"SearchAction","target":{"@type":"EntryPoint","urlTemplate":"https:\/\/www.gossip.it\/?s={search_term_string}"},"query-input":{"@type":"PropertyValueSpecification","valueRequired":true,"valueName":"search_term_string"}}],"inLanguage":"it-IT"},{"@type":"Organization","@id":"https:\/\/www.gossip.it\/#organization","name":"Gossip and VIP News","alternateName":"Gossip News","url":"https:\/\/www.gossip.it\/","logo":{"@type":"ImageObject","inLanguage":"it-IT","@id":"https:\/\/www.gossip.it\/#\/schema\/logo\/image\/","url":"https:\/\/www.gossip.it\/wp-content\/uploads\/2022\/04\/cropped-corna-alta-tiny.png","contentUrl":"https:\/\/www.gossip.it\/wp-content\/uploads\/2022\/04\/cropped-corna-alta-tiny.png","width":512,"height":512,"caption":"Gossip and VIP News"},"image":{"@id":"https:\/\/www.gossip.it\/#\/schema\/logo\/image\/"},"sameAs":["https:\/\/www.facebook.com\/GossipIT","https:\/\/x.com\/gossinews_it","https:\/\/instagram.com\/gossip_it"]},{"@type":"Person","@id":"https:\/\/www.gossip.it\/#\/schema\/person\/488896f75158bff1cc83c6c39d141110","name":"La Redazione","image":{"@type":"ImageObject","inLanguage":"it-IT","@id":"https:\/\/www.gossip.it\/#\/schema\/person\/image\/","url":"https:\/\/secure.gravatar.com\/avatar\/5a5f5c6fa3e6700e4249abdad0263a1e94e927d9e0499b1cb09c1cd29c044d80?s=96&d=mm&r=g","contentUrl":"https:\/\/secure.gravatar.com\/avatar\/5a5f5c6fa3e6700e4249abdad0263a1e94e927d9e0499b1cb09c1cd29c044d80?s=96&d=mm&r=g","caption":"La Redazione"},"sameAs":["https:\/\/www.gossip.it"]}]}},"amp_enabled":true,"_links":{"self":[{"href":"https:\/\/www.gossip.it\/api\/wp\/v2\/posts\/67393","targetHints":{"allow":["GET"]}}],"collection":[{"href":"https:\/\/www.gossip.it\/api\/wp\/v2\/posts"}],"about":[{"href":"https:\/\/www.gossip.it\/api\/wp\/v2\/types\/post"}],"author":[{"embeddable":true,"href":"https:\/\/www.gossip.it\/api\/wp\/v2\/users\/1"}],"replies":[{"embeddable":true,"href":"https:\/\/www.gossip.it\/api\/wp\/v2\/comments?post=67393"}],"version-history":[{"count":0,"href":"https:\/\/www.gossip.it\/api\/wp\/v2\/posts\/67393\/revisions"}],"wp:featuredmedia":[{"embeddable":true,"href":"https:\/\/www.gossip.it\/api\/wp\/v2\/media\/123439"}],"wp:attachment":[{"href":"https:\/\/www.gossip.it\/api\/wp\/v2\/media?parent=67393"}],"wp:term":[{"taxonomy":"category","embeddable":true,"href":"https:\/\/www.gossip.it\/api\/wp\/v2\/categories?post=67393"},{"taxonomy":"post_tag","embeddable":true,"href":"https:\/\/www.gossip.it\/api\/wp\/v2\/tags?post=67393"},{"taxonomy":"vip","embeddable":true,"href":"https:\/\/www.gossip.it\/api\/wp\/v2\/vip?post=67393"}],"curies":[{"name":"wp","href":"https:\/\/api.w.org\/{rel}","templated":true}]}}