{"id":67413,"date":"2020-06-16T00:00:00","date_gmt":"2020-06-15T22:00:00","guid":{"rendered":"https:\/\/www.gossip.it\/senza-categoria\/federica-panicucci-pazza-scarpe-foto\/"},"modified":"2020-06-16T00:00:00","modified_gmt":"2020-06-15T22:00:00","slug":"federica-panicucci-pazza-scarpe-foto","status":"publish","type":"post","link":"https:\/\/www.gossip.it\/news\/federica-panicucci-pazza-scarpe-foto\/","title":{"rendered":"Federica Panicucci pazza per le scarpe: foto"},"content":{"rendered":"<p><a href=\"\/vip\/federica-panicucci\/\">Federica Panicucci<\/a> \u00e8 famosa per avere sempre un look impeccabile. La conduttrice adora in particolar modo le <strong>scarpe<\/strong>: va letteralmente pazza per il paio di <strong>tacchi<\/strong> giusti. Cos\u00ec poche ore fa ha voluto condividere sul social una <strong>foto<\/strong> in cui appare in un mini completo blu con scarpe abbinate. Nell\u2019immagine osserva proprio l\u2019accessorio (che insieme alla borsa \u00e8 probabilmente il pi\u00f9 amato dalle fashioniste di tutto il mondo) con un\u2019espressione a met\u00e0 tra lo stupore e il <strong>compiacimento<\/strong>. Accanto allo scatto ha scritto: <em>\u201cDate ad una donna le <strong>scarpe giuste<\/strong> e conquister\u00e0 il mondo\u201d<\/em>. Si tratta di una frase pronunciata da una famosissima bionda del cinema, la leggendaria <strong>Marilyn Monroe<\/strong>, a cui lei sembra ispirarsi.<\/p>\n<figure class=\"caption\"><img decoding=\"async\" alt=\"Federica Panicucci, 52 anni, impazzisce per le scarpe: in questa foto guarda i tacchi un po' stupita e un po' compiaciuta\" width=\"640\" height=\"775\" src=\"https:\/\/files.gossip.it\/immagini_news\/2020\/06\/1592316128_federica_panicucci.jpg\" \/><figcaption>Federica Panicucci, 52 anni, impazzisce per le scarpe: in questa foto guarda i tacchi un po' stupita e un po' compiaciuta<\/figcaption><\/figure>\n<p>Sotto al post tantissimi i like, ma anche i commenti. Tanti gli apprezzamenti, compresi quelli di amiche famose. Come <a href=\"\/vip\/sandra-milo\/\">Sandra Milo<\/a>, che ha scritto: <em>\u201cMa ci vogliono anche delle<strong> gambe<\/strong> belle come le tue\u201d<\/em>. <a href=\"\/vip\/marina-di guardo\/\">Marina Di Guardo<\/a>, mamma di Chiara Ferragni, ha aggiunto: <em>\u201cSplendida Fede\u201d<\/em>.<\/p>\n<p>Recentemente la Panicucci, che ha due figli, Sofia, 15 anni, e Mattia, 12, nati dal matrimonio con l\u2019ex Mario Fargetta, ha raccontato quanto sia felice oggi insieme a <strong>Marco Bacini<\/strong>. I due sono una <strong>coppia <\/strong>da diversi anni e ogni volta che appaiono in pubblico sembrano davvero molto affiatati. <em>\u201cOgni giorno mi sceglie e io lo scelgo ogni giorno. Ho trovato, senza paura di essere smentita, la mia met\u00e0 del cielo. Non \u00e8 stato un colpo di fulmine perch\u00e9 ci conoscevamo da tempo, ma uno scoprirsi pian piano e intuire le continue <strong>affinit\u00e0<\/strong>. E\u2019 un uomo molto attento, e a me piace che lo sia. Ma non diamo mai nulla per scontato\u201d<\/em>, ha spiegato.<\/p>\n<p>\u00a0<\/p>\n","protected":false},"excerpt":{"rendered":"<p>Federica Panicucci \u00e8 famosa per avere sempre un look impeccabile. La conduttrice adora in particolar modo le scarpe: va letteralmente pazza per il paio di tacchi giusti. Cos\u00ec poche ore fa ha voluto condividere sul social una foto in cui appare in un mini completo blu con scarpe abbinate. Nell\u2019immagine osserva proprio l\u2019accessorio (che insieme [&hellip;]<\/p>\n","protected":false},"author":1,"featured_media":123459,"comment_status":"closed","ping_status":"closed","sticky":false,"template":"","format":"standard","meta":{"footnotes":""},"categories":[54],"tags":[],"vip":[731],"class_list":["post-67413","post","type-post","status-publish","format-standard","has-post-thumbnail","hentry","category-news","vip-federica_panicucci"],"yoast_head":"<title>Federica Panicucci pazza per le scarpe: foto - Gossip.it | News sul Gossip e VIP<\/title>\n<meta name=\"description\" content=\"Federica Panicucci \u00e8 famosa per avere sempre un look impeccabile. La conduttrice adora in particolar modo le scarpe: va letteralmente pazza per il paio di\" \/>\n<meta name=\"robots\" content=\"index, follow, max-snippet:-1, max-image-preview:large, max-video-preview:-1\" \/>\n<link rel=\"canonical\" href=\"https:\/\/www.gossip.it\/news\/federica-panicucci-pazza-scarpe-foto\/\" \/>\n<meta property=\"og:locale\" content=\"it_IT\" \/>\n<meta property=\"og:type\" content=\"article\" \/>\n<meta property=\"og:title\" content=\"Federica Panicucci pazza per le scarpe: foto - Gossip.it | News sul Gossip e VIP\" \/>\n<meta property=\"og:description\" content=\"Federica Panicucci \u00e8 famosa per avere sempre un look impeccabile. La conduttrice adora in particolar modo le scarpe: va letteralmente pazza per il paio di\" \/>\n<meta property=\"og:url\" content=\"https:\/\/www.gossip.it\/news\/federica-panicucci-pazza-scarpe-foto\/\" \/>\n<meta property=\"og:site_name\" content=\"Gossip.it | News sul Gossip e VIP\" \/>\n<meta property=\"article:publisher\" content=\"https:\/\/www.facebook.com\/GossipIT\" \/>\n<meta property=\"article:published_time\" content=\"2020-06-15T22:00:00+00:00\" \/>\n<meta property=\"og:image\" content=\"https:\/\/files.gossip.it\/immagini_news\/2020\/06\/1592316128_federica_panicucci.jpg\" \/>\n<meta name=\"author\" content=\"La Redazione\" \/>\n<meta name=\"twitter:card\" content=\"summary_large_image\" \/>\n<meta name=\"twitter:image\" content=\"https:\/\/files.gossip.it\/immagini_news\/2020\/06\/1592316128_federica_panicucci.jpg\" \/>\n<meta name=\"twitter:creator\" content=\"@gossinews_it\" \/>\n<meta name=\"twitter:site\" content=\"@gossinews_it\" \/>\n<meta name=\"twitter:label1\" content=\"Scritto da\" \/>\n\t<meta name=\"twitter:data1\" content=\"la Redazione\" \/>\n\t<meta name=\"twitter:label2\" content=\"Tempo di lettura stimato\" \/>\n\t<meta name=\"twitter:data2\" content=\"1 minuto\" \/>","yoast_head_json":{"title":"Federica Panicucci pazza per le scarpe: foto - Gossip.it | News sul Gossip e VIP","description":"Federica Panicucci \u00e8 famosa per avere sempre un look impeccabile. La conduttrice adora in particolar modo le scarpe: va letteralmente pazza per il paio di","robots":{"index":"index","follow":"follow","max-snippet":"max-snippet:-1","max-image-preview":"max-image-preview:large","max-video-preview":"max-video-preview:-1"},"canonical":"https:\/\/www.gossip.it\/news\/federica-panicucci-pazza-scarpe-foto\/","og_locale":"it_IT","og_type":"article","og_title":"Federica Panicucci pazza per le scarpe: foto - Gossip.it | News sul Gossip e VIP","og_description":"Federica Panicucci \u00e8 famosa per avere sempre un look impeccabile. La conduttrice adora in particolar modo le scarpe: va letteralmente pazza per il paio di","og_url":"https:\/\/www.gossip.it\/news\/federica-panicucci-pazza-scarpe-foto\/","og_site_name":"Gossip.it | News sul Gossip e VIP","article_publisher":"https:\/\/www.facebook.com\/GossipIT","article_published_time":"2020-06-15T22:00:00+00:00","og_image":[{"url":"https:\/\/files.gossip.it\/immagini_news\/2020\/06\/1592316128_federica_panicucci.jpg"}],"author":"La Redazione","twitter_card":"summary_large_image","twitter_image":"https:\/\/files.gossip.it\/immagini_news\/2020\/06\/1592316128_federica_panicucci.jpg","twitter_creator":"@gossinews_it","twitter_site":"@gossinews_it","twitter_misc":{"Scritto da":"la Redazione","Tempo di lettura stimato":"1 minuto"},"schema":{"@context":"https:\/\/schema.org","@graph":[{"@type":"Article","@id":"https:\/\/www.gossip.it\/news\/federica-panicucci-pazza-scarpe-foto\/#article","isPartOf":{"@id":"https:\/\/www.gossip.it\/news\/federica-panicucci-pazza-scarpe-foto\/"},"author":{"name":"La Redazione","@id":"https:\/\/www.gossip.it\/#\/schema\/person\/488896f75158bff1cc83c6c39d141110"},"headline":"Federica Panicucci pazza per le scarpe: foto","datePublished":"2020-06-15T22:00:00+00:00","dateModified":"2020-06-15T22:00:00+00:00","mainEntityOfPage":{"@id":"https:\/\/www.gossip.it\/news\/federica-panicucci-pazza-scarpe-foto\/"},"wordCount":300,"publisher":{"@id":"https:\/\/www.gossip.it\/#organization"},"image":{"@id":"https:\/\/www.gossip.it\/news\/federica-panicucci-pazza-scarpe-foto\/#primaryimage"},"thumbnailUrl":"https:\/\/files.gossip.it\/immagini_news\/2020\/06\/1592316128_federica_panicucci.jpg","articleSection":["News"],"inLanguage":"it-IT"},{"@type":"WebPage","@id":"https:\/\/www.gossip.it\/news\/federica-panicucci-pazza-scarpe-foto\/","url":"https:\/\/www.gossip.it\/news\/federica-panicucci-pazza-scarpe-foto\/","name":"Federica Panicucci pazza per le scarpe: foto - Gossip.it | News sul Gossip e VIP","isPartOf":{"@id":"https:\/\/www.gossip.it\/#website"},"primaryImageOfPage":{"@id":"https:\/\/www.gossip.it\/news\/federica-panicucci-pazza-scarpe-foto\/#primaryimage"},"image":{"@id":"https:\/\/www.gossip.it\/news\/federica-panicucci-pazza-scarpe-foto\/#primaryimage"},"thumbnailUrl":"https:\/\/files.gossip.it\/immagini_news\/2020\/06\/1592316128_federica_panicucci.jpg","datePublished":"2020-06-15T22:00:00+00:00","dateModified":"2020-06-15T22:00:00+00:00","description":"Federica Panicucci \u00e8 famosa per avere sempre un look impeccabile. La conduttrice adora in particolar modo le scarpe: va letteralmente pazza per il paio di","breadcrumb":{"@id":"https:\/\/www.gossip.it\/news\/federica-panicucci-pazza-scarpe-foto\/#breadcrumb"},"inLanguage":"it-IT","potentialAction":[{"@type":"ReadAction","target":["https:\/\/www.gossip.it\/news\/federica-panicucci-pazza-scarpe-foto\/"]}]},{"@type":"ImageObject","inLanguage":"it-IT","@id":"https:\/\/www.gossip.it\/news\/federica-panicucci-pazza-scarpe-foto\/#primaryimage","url":"https:\/\/files.gossip.it\/immagini_news\/2020\/06\/1592316128_federica_panicucci.jpg","contentUrl":"https:\/\/files.gossip.it\/immagini_news\/2020\/06\/1592316128_federica_panicucci.jpg"},{"@type":"BreadcrumbList","@id":"https:\/\/www.gossip.it\/news\/federica-panicucci-pazza-scarpe-foto\/#breadcrumb","itemListElement":[{"@type":"ListItem","position":1,"name":"Home","item":"https:\/\/www.gossip.it\/"},{"@type":"ListItem","position":2,"name":"Federica Panicucci pazza per le scarpe: foto"}]},{"@type":"WebSite","@id":"https:\/\/www.gossip.it\/#website","url":"https:\/\/www.gossip.it\/","name":"Gossip and VIP News","description":"Quotidiano di cronaca rosa, costume e societ\u00e0","publisher":{"@id":"https:\/\/www.gossip.it\/#organization"},"alternateName":"Gossip and VIP News","potentialAction":[{"@type":"SearchAction","target":{"@type":"EntryPoint","urlTemplate":"https:\/\/www.gossip.it\/?s={search_term_string}"},"query-input":{"@type":"PropertyValueSpecification","valueRequired":true,"valueName":"search_term_string"}}],"inLanguage":"it-IT"},{"@type":"Organization","@id":"https:\/\/www.gossip.it\/#organization","name":"Gossip and VIP News","alternateName":"Gossip News","url":"https:\/\/www.gossip.it\/","logo":{"@type":"ImageObject","inLanguage":"it-IT","@id":"https:\/\/www.gossip.it\/#\/schema\/logo\/image\/","url":"https:\/\/www.gossip.it\/wp-content\/uploads\/2022\/04\/cropped-corna-alta-tiny.png","contentUrl":"https:\/\/www.gossip.it\/wp-content\/uploads\/2022\/04\/cropped-corna-alta-tiny.png","width":512,"height":512,"caption":"Gossip and VIP News"},"image":{"@id":"https:\/\/www.gossip.it\/#\/schema\/logo\/image\/"},"sameAs":["https:\/\/www.facebook.com\/GossipIT","https:\/\/x.com\/gossinews_it","https:\/\/instagram.com\/gossip_it"]},{"@type":"Person","@id":"https:\/\/www.gossip.it\/#\/schema\/person\/488896f75158bff1cc83c6c39d141110","name":"La Redazione","image":{"@type":"ImageObject","inLanguage":"it-IT","@id":"https:\/\/www.gossip.it\/#\/schema\/person\/image\/","url":"https:\/\/secure.gravatar.com\/avatar\/5a5f5c6fa3e6700e4249abdad0263a1e94e927d9e0499b1cb09c1cd29c044d80?s=96&d=mm&r=g","contentUrl":"https:\/\/secure.gravatar.com\/avatar\/5a5f5c6fa3e6700e4249abdad0263a1e94e927d9e0499b1cb09c1cd29c044d80?s=96&d=mm&r=g","caption":"La Redazione"},"sameAs":["https:\/\/www.gossip.it"]}]}},"amp_enabled":true,"_links":{"self":[{"href":"https:\/\/www.gossip.it\/api\/wp\/v2\/posts\/67413","targetHints":{"allow":["GET"]}}],"collection":[{"href":"https:\/\/www.gossip.it\/api\/wp\/v2\/posts"}],"about":[{"href":"https:\/\/www.gossip.it\/api\/wp\/v2\/types\/post"}],"author":[{"embeddable":true,"href":"https:\/\/www.gossip.it\/api\/wp\/v2\/users\/1"}],"replies":[{"embeddable":true,"href":"https:\/\/www.gossip.it\/api\/wp\/v2\/comments?post=67413"}],"version-history":[{"count":0,"href":"https:\/\/www.gossip.it\/api\/wp\/v2\/posts\/67413\/revisions"}],"wp:featuredmedia":[{"embeddable":true,"href":"https:\/\/www.gossip.it\/api\/wp\/v2\/media\/123459"}],"wp:attachment":[{"href":"https:\/\/www.gossip.it\/api\/wp\/v2\/media?parent=67413"}],"wp:term":[{"taxonomy":"category","embeddable":true,"href":"https:\/\/www.gossip.it\/api\/wp\/v2\/categories?post=67413"},{"taxonomy":"post_tag","embeddable":true,"href":"https:\/\/www.gossip.it\/api\/wp\/v2\/tags?post=67413"},{"taxonomy":"vip","embeddable":true,"href":"https:\/\/www.gossip.it\/api\/wp\/v2\/vip?post=67413"}],"curies":[{"name":"wp","href":"https:\/\/api.w.org\/{rel}","templated":true}]}}