{"id":67448,"date":"2020-06-22T00:00:00","date_gmt":"2020-06-21T22:00:00","guid":{"rendered":"https:\/\/www.gossip.it\/senza-categoria\/antonio-ricci-spara-zero-achille-lauro\/"},"modified":"2020-06-22T00:00:00","modified_gmt":"2020-06-21T22:00:00","slug":"antonio-ricci-spara-zero-achille-lauro","status":"publish","type":"post","link":"https:\/\/www.gossip.it\/news\/antonio-ricci-spara-zero-achille-lauro\/","title":{"rendered":"Antonio Ricci spara a zero su Achille Lauro: 'Cresciuto nella miseria? Andava in vacanza a Cortina\u2019"},"content":{"rendered":"<p><a href=\"\/vip\/antonio-ricci\/\">Antonio Ricci<\/a> non le manda a dire. Il patron di <em>\u2018Striscia la Notizia<\/em>\u2019 stavolta ha attaccato a testa bassa <a href=\"\/vip\/achille-lauro\/\">Achille Lauro<\/a>, che secondo lui non ha affatto vissuto una giovent\u00f9 tra carcere e miseria, visto che a quanto pare suo padre \u00e8 un <strong>magistrato<\/strong> di Cassazione con cui andava in vacanza a <strong>Cortina<\/strong>, costosissima cittadina sulle Dolomiti venete (ritrovo dei ricchi sia d\u2019estate che d\u2019inverno).<\/p>\n<p>Parlando del 29enne in un\u2019intervista rilasciata al<em> \u2018Corriere della Sera\u2019<\/em>, ha detto: <em>\u201cNon lo trovo sincero. Penso sia un ottimo <strong>prodotto <\/strong>di <strong>marketing<\/strong>,\u00a0un perfetto indossatore per Gucci. Per fare il trapper raccontava nelle interviste di essere\u00a0cresciuto nella <strong>miseria<\/strong>, tra droga e carcere. Appena arrivato al Festival di Sanremo, per allargare il suo pubblico, ha spacciato la sua canzone sulla droga Rolls Royce come se fosse la rilettura della Balilla di Giorgio Gaber\u201d<\/em>.<\/p>\n<figure class=\"caption\"><img decoding=\"async\" alt=\"Antonio Ricci, 69 anni, contro Achille Lauro: secondo lui \u00e8 un ottimo prodotto di marketing...\" width=\"640\" height=\"497\" src=\"https:\/\/files.gossip.it\/immagini_news\/2020\/06\/1592818397_ricci lauro.jpg\" \/><figcaption>Antonio Ricci, 69 anni, contro Achille Lauro, 29: secondo lui \u00e8 un ottimo prodotto di marketing...<\/figcaption><\/figure>\n<p><em>\u201cAbbiamo avuto cantanti e poeti che hanno apertamente scritto opere sull\u2019argomento droga, sinceramente e senza problemi.\u00a0Lui, appena annusato l\u2019odore del <strong>quattrino<\/strong>, si \u00e8 genuflesso a Gigi Marzullo. Un vero \u2018maledetto\u2019 doc. \u00c8 riuscito a sostenere che il suo album \u2018Dio c\u2019\u00e8\u2019 sia una riflessione religiosa, quando invece \u00e8 l\u2019acronimo di DrogaInOfferta CostiEconomici. Ha ricevuto pure il <strong>plauso<\/strong> dell\u2019Avvenire\u201d<\/em>, ha continuato Ricci riferendosi all\u2019artista romano, il cui vero nome \u00e8<strong> Lauro De Marinis<\/strong>.<\/p>\n<figure class=\"caption\"><img decoding=\"async\" alt=\"Achille Lauro \u00e8 cresciuto veramente tra miseria e carcere oppure \u00e8 solo un modo per crearsi un personaggio pi\u00f9 spendile sul mercato?\" width=\"640\" height=\"658\" src=\"https:\/\/files.gossip.it\/immagini_news\/2020\/06\/1592818431_lauro ricci.jpg\" \/><figcaption>Achille Lauro \u00e8 cresciuto veramente tra miseria e carcere oppure \u00e8 solo un modo per crearsi un personaggio pi\u00f9 spendile sul mercato?<\/figcaption><\/figure>\n<p>Il 69enne ha quindi concluso: <em>\u201cQuest\u2019anno\u00a0\u00e8 venuto fuori che suo padre \u00e8 un magistrato di Cassazione e che andavano in vacanza a <strong>Cortina<\/strong>. Non vorrei offendere, ma, secondo me, \u00e8 assolutamente etero, fa finta di essere<strong> trisessuale<\/strong>, solo per essere pi\u00f9 trendy\u201d<\/em>.<\/p>\n<p>\u00a0<\/p>\n","protected":false},"excerpt":{"rendered":"<p>Antonio Ricci non le manda a dire. Il patron di \u2018Striscia la Notizia\u2019 stavolta ha attaccato a testa bassa Achille Lauro, che secondo lui non ha affatto vissuto una giovent\u00f9 tra carcere e miseria, visto che a quanto pare suo padre \u00e8 un magistrato di Cassazione con cui andava in vacanza a Cortina, costosissima cittadina [&hellip;]<\/p>\n","protected":false},"author":1,"featured_media":123494,"comment_status":"closed","ping_status":"closed","sticky":false,"template":"","format":"standard","meta":{"footnotes":""},"categories":[54],"tags":[11953,11841],"vip":[],"class_list":["post-67448","post","type-post","status-publish","format-standard","has-post-thumbnail","hentry","category-news","tag-achille-lauro","tag-antonio-ricci"],"yoast_head":"<title>Antonio Ricci spara a zero su Achille Lauro: &#039;Cresciuto nella miseria? Andava in vacanza a Cortina\u2019 - Gossip.it | News sul Gossip e VIP<\/title>\n<meta name=\"description\" content=\"Antonio Ricci non le manda a dire. Il patron di \u2018Striscia la Notizia\u2019 stavolta ha attaccato a testa bassa Achille Lauro, che secondo lui non ha affatto\" \/>\n<meta name=\"robots\" content=\"index, follow, max-snippet:-1, max-image-preview:large, max-video-preview:-1\" \/>\n<link rel=\"canonical\" href=\"https:\/\/www.gossip.it\/news\/antonio-ricci-spara-zero-achille-lauro\/\" \/>\n<meta property=\"og:locale\" content=\"it_IT\" \/>\n<meta property=\"og:type\" content=\"article\" \/>\n<meta property=\"og:title\" content=\"Antonio Ricci spara a zero su Achille Lauro: &#039;Cresciuto nella miseria? Andava in vacanza a Cortina\u2019 - Gossip.it | News sul Gossip e VIP\" \/>\n<meta property=\"og:description\" content=\"Antonio Ricci non le manda a dire. Il patron di \u2018Striscia la Notizia\u2019 stavolta ha attaccato a testa bassa Achille Lauro, che secondo lui non ha affatto\" \/>\n<meta property=\"og:url\" content=\"https:\/\/www.gossip.it\/news\/antonio-ricci-spara-zero-achille-lauro\/\" \/>\n<meta property=\"og:site_name\" content=\"Gossip.it | News sul Gossip e VIP\" \/>\n<meta property=\"article:publisher\" content=\"https:\/\/www.facebook.com\/GossipIT\" \/>\n<meta property=\"article:published_time\" content=\"2020-06-21T22:00:00+00:00\" \/>\n<meta property=\"og:image\" content=\"https:\/\/files.gossip.it\/immagini_news\/2020\/06\/1592818397_ricci%20lauro.jpg\" \/>\n<meta name=\"author\" content=\"La Redazione\" \/>\n<meta name=\"twitter:card\" content=\"summary_large_image\" \/>\n<meta name=\"twitter:image\" content=\"https:\/\/files.gossip.it\/immagini_news\/2020\/06\/1592818397_ricci%20lauro.jpg\" \/>\n<meta name=\"twitter:creator\" content=\"@gossinews_it\" \/>\n<meta name=\"twitter:site\" content=\"@gossinews_it\" \/>\n<meta name=\"twitter:label1\" content=\"Scritto da\" \/>\n\t<meta name=\"twitter:data1\" content=\"la Redazione\" \/>\n\t<meta name=\"twitter:label2\" content=\"Tempo di lettura stimato\" \/>\n\t<meta name=\"twitter:data2\" content=\"1 minuto\" \/>","yoast_head_json":{"title":"Antonio Ricci spara a zero su Achille Lauro: 'Cresciuto nella miseria? Andava in vacanza a Cortina\u2019 - Gossip.it | News sul Gossip e VIP","description":"Antonio Ricci non le manda a dire. Il patron di \u2018Striscia la Notizia\u2019 stavolta ha attaccato a testa bassa Achille Lauro, che secondo lui non ha affatto","robots":{"index":"index","follow":"follow","max-snippet":"max-snippet:-1","max-image-preview":"max-image-preview:large","max-video-preview":"max-video-preview:-1"},"canonical":"https:\/\/www.gossip.it\/news\/antonio-ricci-spara-zero-achille-lauro\/","og_locale":"it_IT","og_type":"article","og_title":"Antonio Ricci spara a zero su Achille Lauro: 'Cresciuto nella miseria? Andava in vacanza a Cortina\u2019 - Gossip.it | News sul Gossip e VIP","og_description":"Antonio Ricci non le manda a dire. Il patron di \u2018Striscia la Notizia\u2019 stavolta ha attaccato a testa bassa Achille Lauro, che secondo lui non ha affatto","og_url":"https:\/\/www.gossip.it\/news\/antonio-ricci-spara-zero-achille-lauro\/","og_site_name":"Gossip.it | News sul Gossip e VIP","article_publisher":"https:\/\/www.facebook.com\/GossipIT","article_published_time":"2020-06-21T22:00:00+00:00","og_image":[{"url":"https:\/\/files.gossip.it\/immagini_news\/2020\/06\/1592818397_ricci lauro.jpg"}],"author":"La Redazione","twitter_card":"summary_large_image","twitter_image":"https:\/\/files.gossip.it\/immagini_news\/2020\/06\/1592818397_ricci lauro.jpg","twitter_creator":"@gossinews_it","twitter_site":"@gossinews_it","twitter_misc":{"Scritto da":"la Redazione","Tempo di lettura stimato":"1 minuto"},"schema":{"@context":"https:\/\/schema.org","@graph":[{"@type":"Article","@id":"https:\/\/www.gossip.it\/news\/antonio-ricci-spara-zero-achille-lauro\/#article","isPartOf":{"@id":"https:\/\/www.gossip.it\/news\/antonio-ricci-spara-zero-achille-lauro\/"},"author":{"name":"La Redazione","@id":"https:\/\/www.gossip.it\/#\/schema\/person\/488896f75158bff1cc83c6c39d141110"},"headline":"Antonio Ricci spara a zero su Achille Lauro: 'Cresciuto nella miseria? Andava in vacanza a Cortina\u2019","datePublished":"2020-06-21T22:00:00+00:00","dateModified":"2020-06-21T22:00:00+00:00","mainEntityOfPage":{"@id":"https:\/\/www.gossip.it\/news\/antonio-ricci-spara-zero-achille-lauro\/"},"wordCount":305,"publisher":{"@id":"https:\/\/www.gossip.it\/#organization"},"image":{"@id":"https:\/\/www.gossip.it\/news\/antonio-ricci-spara-zero-achille-lauro\/#primaryimage"},"thumbnailUrl":"https:\/\/files.gossip.it\/immagini_news\/2020\/06\/1592818397_ricci lauro.jpg","keywords":["achille lauro","antonio ricci"],"articleSection":["News"],"inLanguage":"it-IT"},{"@type":"WebPage","@id":"https:\/\/www.gossip.it\/news\/antonio-ricci-spara-zero-achille-lauro\/","url":"https:\/\/www.gossip.it\/news\/antonio-ricci-spara-zero-achille-lauro\/","name":"Antonio Ricci spara a zero su Achille Lauro: 'Cresciuto nella miseria? Andava in vacanza a Cortina\u2019 - Gossip.it | News sul Gossip e VIP","isPartOf":{"@id":"https:\/\/www.gossip.it\/#website"},"primaryImageOfPage":{"@id":"https:\/\/www.gossip.it\/news\/antonio-ricci-spara-zero-achille-lauro\/#primaryimage"},"image":{"@id":"https:\/\/www.gossip.it\/news\/antonio-ricci-spara-zero-achille-lauro\/#primaryimage"},"thumbnailUrl":"https:\/\/files.gossip.it\/immagini_news\/2020\/06\/1592818397_ricci lauro.jpg","datePublished":"2020-06-21T22:00:00+00:00","dateModified":"2020-06-21T22:00:00+00:00","description":"Antonio Ricci non le manda a dire. Il patron di \u2018Striscia la Notizia\u2019 stavolta ha attaccato a testa bassa Achille Lauro, che secondo lui non ha affatto","breadcrumb":{"@id":"https:\/\/www.gossip.it\/news\/antonio-ricci-spara-zero-achille-lauro\/#breadcrumb"},"inLanguage":"it-IT","potentialAction":[{"@type":"ReadAction","target":["https:\/\/www.gossip.it\/news\/antonio-ricci-spara-zero-achille-lauro\/"]}]},{"@type":"ImageObject","inLanguage":"it-IT","@id":"https:\/\/www.gossip.it\/news\/antonio-ricci-spara-zero-achille-lauro\/#primaryimage","url":"https:\/\/files.gossip.it\/immagini_news\/2020\/06\/1592818397_ricci lauro.jpg","contentUrl":"https:\/\/files.gossip.it\/immagini_news\/2020\/06\/1592818397_ricci lauro.jpg"},{"@type":"BreadcrumbList","@id":"https:\/\/www.gossip.it\/news\/antonio-ricci-spara-zero-achille-lauro\/#breadcrumb","itemListElement":[{"@type":"ListItem","position":1,"name":"Home","item":"https:\/\/www.gossip.it\/"},{"@type":"ListItem","position":2,"name":"Antonio Ricci spara a zero su Achille Lauro: 'Cresciuto nella miseria? Andava in vacanza a Cortina\u2019"}]},{"@type":"WebSite","@id":"https:\/\/www.gossip.it\/#website","url":"https:\/\/www.gossip.it\/","name":"Gossip and VIP News","description":"Quotidiano di cronaca rosa, costume e societ\u00e0","publisher":{"@id":"https:\/\/www.gossip.it\/#organization"},"alternateName":"Gossip and VIP News","potentialAction":[{"@type":"SearchAction","target":{"@type":"EntryPoint","urlTemplate":"https:\/\/www.gossip.it\/?s={search_term_string}"},"query-input":{"@type":"PropertyValueSpecification","valueRequired":true,"valueName":"search_term_string"}}],"inLanguage":"it-IT"},{"@type":"Organization","@id":"https:\/\/www.gossip.it\/#organization","name":"Gossip and VIP News","alternateName":"Gossip News","url":"https:\/\/www.gossip.it\/","logo":{"@type":"ImageObject","inLanguage":"it-IT","@id":"https:\/\/www.gossip.it\/#\/schema\/logo\/image\/","url":"https:\/\/www.gossip.it\/wp-content\/uploads\/2022\/04\/cropped-corna-alta-tiny.png","contentUrl":"https:\/\/www.gossip.it\/wp-content\/uploads\/2022\/04\/cropped-corna-alta-tiny.png","width":512,"height":512,"caption":"Gossip and VIP News"},"image":{"@id":"https:\/\/www.gossip.it\/#\/schema\/logo\/image\/"},"sameAs":["https:\/\/www.facebook.com\/GossipIT","https:\/\/x.com\/gossinews_it","https:\/\/instagram.com\/gossip_it"]},{"@type":"Person","@id":"https:\/\/www.gossip.it\/#\/schema\/person\/488896f75158bff1cc83c6c39d141110","name":"La Redazione","image":{"@type":"ImageObject","inLanguage":"it-IT","@id":"https:\/\/www.gossip.it\/#\/schema\/person\/image\/","url":"https:\/\/secure.gravatar.com\/avatar\/5a5f5c6fa3e6700e4249abdad0263a1e94e927d9e0499b1cb09c1cd29c044d80?s=96&d=mm&r=g","contentUrl":"https:\/\/secure.gravatar.com\/avatar\/5a5f5c6fa3e6700e4249abdad0263a1e94e927d9e0499b1cb09c1cd29c044d80?s=96&d=mm&r=g","caption":"La Redazione"},"sameAs":["https:\/\/www.gossip.it"]}]}},"amp_enabled":true,"_links":{"self":[{"href":"https:\/\/www.gossip.it\/api\/wp\/v2\/posts\/67448","targetHints":{"allow":["GET"]}}],"collection":[{"href":"https:\/\/www.gossip.it\/api\/wp\/v2\/posts"}],"about":[{"href":"https:\/\/www.gossip.it\/api\/wp\/v2\/types\/post"}],"author":[{"embeddable":true,"href":"https:\/\/www.gossip.it\/api\/wp\/v2\/users\/1"}],"replies":[{"embeddable":true,"href":"https:\/\/www.gossip.it\/api\/wp\/v2\/comments?post=67448"}],"version-history":[{"count":0,"href":"https:\/\/www.gossip.it\/api\/wp\/v2\/posts\/67448\/revisions"}],"wp:featuredmedia":[{"embeddable":true,"href":"https:\/\/www.gossip.it\/api\/wp\/v2\/media\/123494"}],"wp:attachment":[{"href":"https:\/\/www.gossip.it\/api\/wp\/v2\/media?parent=67448"}],"wp:term":[{"taxonomy":"category","embeddable":true,"href":"https:\/\/www.gossip.it\/api\/wp\/v2\/categories?post=67448"},{"taxonomy":"post_tag","embeddable":true,"href":"https:\/\/www.gossip.it\/api\/wp\/v2\/tags?post=67448"},{"taxonomy":"vip","embeddable":true,"href":"https:\/\/www.gossip.it\/api\/wp\/v2\/vip?post=67448"}],"curies":[{"name":"wp","href":"https:\/\/api.w.org\/{rel}","templated":true}]}}