{"id":67470,"date":"2020-06-24T00:00:00","date_gmt":"2020-06-23T22:00:00","guid":{"rendered":"https:\/\/www.gossip.it\/senza-categoria\/francesco-montanari-rinuncia-vacanze-moglie-andrea-delogu-ecco-perche\/"},"modified":"2020-06-24T00:00:00","modified_gmt":"2020-06-23T22:00:00","slug":"francesco-montanari-rinuncia-vacanze-moglie-andrea-delogu-ecco-perche","status":"publish","type":"post","link":"https:\/\/www.gossip.it\/news\/francesco-montanari-rinuncia-vacanze-moglie-andrea-delogu-ecco-perche\/","title":{"rendered":"Francesco Montanari rinuncia alle vacanze per la moglie Andrea Delogu: ecco perch\u00e9"},"content":{"rendered":"<p><a href=\"\/vip\/francesco-montanari\/\">Francesco Montanari<\/a> non potr\u00e0 andare in <strong>vacanza<\/strong> neanche un giorno. Per l\u2019attore si preannuncia un\u2019estate sotto il<strong> sole<\/strong> della Capitale. Si tratta di una scelta fatta col cuore, per amore della moglie <a href=\"\/vip\/andrea-delogu\/\">Andrea Delogu<\/a>. Il 35enne infatti rimarr\u00e0 accanto alla conduttrice, a cui \u00e8 capitata un\u2019<strong>occasione<\/strong> irripetibile. Le \u00e8 stato infatti offerto di presentare la versione estiva de <strong><em>\u2018La Vita in Diretta\u2019<\/em><\/strong>. Tra pochi giorni (da luned\u00ec 29 giugno) sar\u00e0 al timone del programma insieme a <a href=\"\/vip\/marcello-masi\/\">Marcello Masi<\/a>.<\/p>\n<figure class=\"caption\"><img decoding=\"async\" alt=\"Andrea Delogu, 38 anni, insieme al marito Francesco Montanari, 35: lui per lei rinuncer\u00e0 alle vacanze estive\" width=\"640\" height=\"800\" src=\"https:\/\/files.gossip.it\/immagini_news\/2020\/06\/1592989802_delogu montanari.jpg\" \/><figcaption>Andrea Delogu, 38 anni, insieme al marito Francesco Montanari, 35: lui per lei rinuncer\u00e0 alle vacanze estive<\/figcaption><\/figure>\n<p>Intervistata da <em>\u2018DiPi\u00f9\u2019<\/em> la rossa 38enne ha spiegato: <em>\u201cFrancesco \u00e8 felicissimo. Mi ha sempre appoggiato e <strong>sostenuto<\/strong>, vive ogni mio successo come se fosse suo, e io faccio lo stesso\u201d<\/em>. Non poter andare n\u00e9 al mare n\u00e9 in montagna non sembra per\u00f2 essere un sacrificio cos\u00ec grande per Montanari.<\/p>\n<p><em>\u201cNon gli pesa neppure dover rinunciare totalmente alle <strong>vacanze <\/strong>perch\u00e9 io sar\u00f2 in onda con \u2018La vita in diretta estate\u2019 fino a settembre, dal luned\u00ec al venerd\u00ec, e ho gi\u00e0 detto a Francesco che poi voglio passare i fine settimana a <strong>dormire<\/strong>\u201d<\/em>, ha aggiunto Andrea. <em>\u201cSar\u00e0 il mio modo per allentare la<strong> tensione<\/strong> perch\u00e9 quando lavoro io do il massimo, mi concentro e non mi rilasso mai: e ora che \u00e8 finalmente arrivata la mia grande occasione non voglio certo lasciarmela scappare\u201d<\/em>, ha concluso.<\/p>\n<p>La coppia \u00e8 <strong>sposata<\/strong> dal 2016, ma per ora non ha figli.<\/p>\n<p>\u00a0<\/p>\n","protected":false},"excerpt":{"rendered":"<p>Francesco Montanari non potr\u00e0 andare in vacanza neanche un giorno. Per l\u2019attore si preannuncia un\u2019estate sotto il sole della Capitale. Si tratta di una scelta fatta col cuore, per amore della moglie Andrea Delogu. Il 35enne infatti rimarr\u00e0 accanto alla conduttrice, a cui \u00e8 capitata un\u2019occasione irripetibile. Le \u00e8 stato infatti offerto di presentare la [&hellip;]<\/p>\n","protected":false},"author":1,"featured_media":123516,"comment_status":"closed","ping_status":"closed","sticky":false,"template":"","format":"standard","meta":{"footnotes":""},"categories":[54],"tags":[9423],"vip":[792],"class_list":["post-67470","post","type-post","status-publish","format-standard","has-post-thumbnail","hentry","category-news","tag-andrea-delogu","vip-francesco_montanari"],"yoast_head":"<title>Francesco Montanari rinuncia alle vacanze per la moglie Andrea Delogu: ecco perch\u00e9 - Gossip.it | News sul Gossip e VIP<\/title>\n<meta name=\"description\" content=\"Francesco Montanari non potr\u00e0 andare in vacanza neanche un giorno. Per l\u2019attore si preannuncia un\u2019estate sotto il sole della Capitale. Si tratta di una\" \/>\n<meta name=\"robots\" content=\"index, follow, max-snippet:-1, max-image-preview:large, max-video-preview:-1\" \/>\n<link rel=\"canonical\" href=\"https:\/\/www.gossip.it\/news\/francesco-montanari-rinuncia-vacanze-moglie-andrea-delogu-ecco-perche\/\" \/>\n<meta property=\"og:locale\" content=\"it_IT\" \/>\n<meta property=\"og:type\" content=\"article\" \/>\n<meta property=\"og:title\" content=\"Francesco Montanari rinuncia alle vacanze per la moglie Andrea Delogu: ecco perch\u00e9 - Gossip.it | News sul Gossip e VIP\" \/>\n<meta property=\"og:description\" content=\"Francesco Montanari non potr\u00e0 andare in vacanza neanche un giorno. Per l\u2019attore si preannuncia un\u2019estate sotto il sole della Capitale. Si tratta di una\" \/>\n<meta property=\"og:url\" content=\"https:\/\/www.gossip.it\/news\/francesco-montanari-rinuncia-vacanze-moglie-andrea-delogu-ecco-perche\/\" \/>\n<meta property=\"og:site_name\" content=\"Gossip.it | News sul Gossip e VIP\" \/>\n<meta property=\"article:publisher\" content=\"https:\/\/www.facebook.com\/GossipIT\" \/>\n<meta property=\"article:published_time\" content=\"2020-06-23T22:00:00+00:00\" \/>\n<meta property=\"og:image\" content=\"https:\/\/files.gossip.it\/immagini_news\/2020\/06\/1592989802_delogu%20montanari.jpg\" \/>\n<meta name=\"author\" content=\"La Redazione\" \/>\n<meta name=\"twitter:card\" content=\"summary_large_image\" \/>\n<meta name=\"twitter:image\" content=\"https:\/\/files.gossip.it\/immagini_news\/2020\/06\/1592989802_delogu%20montanari.jpg\" \/>\n<meta name=\"twitter:creator\" content=\"@gossinews_it\" \/>\n<meta name=\"twitter:site\" content=\"@gossinews_it\" \/>\n<meta name=\"twitter:label1\" content=\"Scritto da\" \/>\n\t<meta name=\"twitter:data1\" content=\"la Redazione\" \/>\n\t<meta name=\"twitter:label2\" content=\"Tempo di lettura stimato\" \/>\n\t<meta name=\"twitter:data2\" content=\"1 minuto\" \/>","yoast_head_json":{"title":"Francesco Montanari rinuncia alle vacanze per la moglie Andrea Delogu: ecco perch\u00e9 - Gossip.it | News sul Gossip e VIP","description":"Francesco Montanari non potr\u00e0 andare in vacanza neanche un giorno. Per l\u2019attore si preannuncia un\u2019estate sotto il sole della Capitale. Si tratta di una","robots":{"index":"index","follow":"follow","max-snippet":"max-snippet:-1","max-image-preview":"max-image-preview:large","max-video-preview":"max-video-preview:-1"},"canonical":"https:\/\/www.gossip.it\/news\/francesco-montanari-rinuncia-vacanze-moglie-andrea-delogu-ecco-perche\/","og_locale":"it_IT","og_type":"article","og_title":"Francesco Montanari rinuncia alle vacanze per la moglie Andrea Delogu: ecco perch\u00e9 - Gossip.it | News sul Gossip e VIP","og_description":"Francesco Montanari non potr\u00e0 andare in vacanza neanche un giorno. Per l\u2019attore si preannuncia un\u2019estate sotto il sole della Capitale. Si tratta di una","og_url":"https:\/\/www.gossip.it\/news\/francesco-montanari-rinuncia-vacanze-moglie-andrea-delogu-ecco-perche\/","og_site_name":"Gossip.it | News sul Gossip e VIP","article_publisher":"https:\/\/www.facebook.com\/GossipIT","article_published_time":"2020-06-23T22:00:00+00:00","og_image":[{"url":"https:\/\/files.gossip.it\/immagini_news\/2020\/06\/1592989802_delogu montanari.jpg"}],"author":"La Redazione","twitter_card":"summary_large_image","twitter_image":"https:\/\/files.gossip.it\/immagini_news\/2020\/06\/1592989802_delogu montanari.jpg","twitter_creator":"@gossinews_it","twitter_site":"@gossinews_it","twitter_misc":{"Scritto da":"la Redazione","Tempo di lettura stimato":"1 minuto"},"schema":{"@context":"https:\/\/schema.org","@graph":[{"@type":"Article","@id":"https:\/\/www.gossip.it\/news\/francesco-montanari-rinuncia-vacanze-moglie-andrea-delogu-ecco-perche\/#article","isPartOf":{"@id":"https:\/\/www.gossip.it\/news\/francesco-montanari-rinuncia-vacanze-moglie-andrea-delogu-ecco-perche\/"},"author":{"name":"La Redazione","@id":"https:\/\/www.gossip.it\/#\/schema\/person\/488896f75158bff1cc83c6c39d141110"},"headline":"Francesco Montanari rinuncia alle vacanze per la moglie Andrea Delogu: ecco perch\u00e9","datePublished":"2020-06-23T22:00:00+00:00","dateModified":"2020-06-23T22:00:00+00:00","mainEntityOfPage":{"@id":"https:\/\/www.gossip.it\/news\/francesco-montanari-rinuncia-vacanze-moglie-andrea-delogu-ecco-perche\/"},"wordCount":246,"publisher":{"@id":"https:\/\/www.gossip.it\/#organization"},"image":{"@id":"https:\/\/www.gossip.it\/news\/francesco-montanari-rinuncia-vacanze-moglie-andrea-delogu-ecco-perche\/#primaryimage"},"thumbnailUrl":"https:\/\/files.gossip.it\/immagini_news\/2020\/06\/1592989802_delogu montanari.jpg","keywords":["andrea delogu"],"articleSection":["News"],"inLanguage":"it-IT"},{"@type":"WebPage","@id":"https:\/\/www.gossip.it\/news\/francesco-montanari-rinuncia-vacanze-moglie-andrea-delogu-ecco-perche\/","url":"https:\/\/www.gossip.it\/news\/francesco-montanari-rinuncia-vacanze-moglie-andrea-delogu-ecco-perche\/","name":"Francesco Montanari rinuncia alle vacanze per la moglie Andrea Delogu: ecco perch\u00e9 - Gossip.it | News sul Gossip e VIP","isPartOf":{"@id":"https:\/\/www.gossip.it\/#website"},"primaryImageOfPage":{"@id":"https:\/\/www.gossip.it\/news\/francesco-montanari-rinuncia-vacanze-moglie-andrea-delogu-ecco-perche\/#primaryimage"},"image":{"@id":"https:\/\/www.gossip.it\/news\/francesco-montanari-rinuncia-vacanze-moglie-andrea-delogu-ecco-perche\/#primaryimage"},"thumbnailUrl":"https:\/\/files.gossip.it\/immagini_news\/2020\/06\/1592989802_delogu montanari.jpg","datePublished":"2020-06-23T22:00:00+00:00","dateModified":"2020-06-23T22:00:00+00:00","description":"Francesco Montanari non potr\u00e0 andare in vacanza neanche un giorno. Per l\u2019attore si preannuncia un\u2019estate sotto il sole della Capitale. Si tratta di una","breadcrumb":{"@id":"https:\/\/www.gossip.it\/news\/francesco-montanari-rinuncia-vacanze-moglie-andrea-delogu-ecco-perche\/#breadcrumb"},"inLanguage":"it-IT","potentialAction":[{"@type":"ReadAction","target":["https:\/\/www.gossip.it\/news\/francesco-montanari-rinuncia-vacanze-moglie-andrea-delogu-ecco-perche\/"]}]},{"@type":"ImageObject","inLanguage":"it-IT","@id":"https:\/\/www.gossip.it\/news\/francesco-montanari-rinuncia-vacanze-moglie-andrea-delogu-ecco-perche\/#primaryimage","url":"https:\/\/files.gossip.it\/immagini_news\/2020\/06\/1592989802_delogu montanari.jpg","contentUrl":"https:\/\/files.gossip.it\/immagini_news\/2020\/06\/1592989802_delogu montanari.jpg"},{"@type":"BreadcrumbList","@id":"https:\/\/www.gossip.it\/news\/francesco-montanari-rinuncia-vacanze-moglie-andrea-delogu-ecco-perche\/#breadcrumb","itemListElement":[{"@type":"ListItem","position":1,"name":"Home","item":"https:\/\/www.gossip.it\/"},{"@type":"ListItem","position":2,"name":"Francesco Montanari rinuncia alle vacanze per la moglie Andrea Delogu: ecco perch\u00e9"}]},{"@type":"WebSite","@id":"https:\/\/www.gossip.it\/#website","url":"https:\/\/www.gossip.it\/","name":"Gossip and VIP News","description":"Quotidiano di cronaca rosa, costume e societ\u00e0","publisher":{"@id":"https:\/\/www.gossip.it\/#organization"},"alternateName":"Gossip and VIP News","potentialAction":[{"@type":"SearchAction","target":{"@type":"EntryPoint","urlTemplate":"https:\/\/www.gossip.it\/?s={search_term_string}"},"query-input":{"@type":"PropertyValueSpecification","valueRequired":true,"valueName":"search_term_string"}}],"inLanguage":"it-IT"},{"@type":"Organization","@id":"https:\/\/www.gossip.it\/#organization","name":"Gossip and VIP News","alternateName":"Gossip News","url":"https:\/\/www.gossip.it\/","logo":{"@type":"ImageObject","inLanguage":"it-IT","@id":"https:\/\/www.gossip.it\/#\/schema\/logo\/image\/","url":"https:\/\/www.gossip.it\/wp-content\/uploads\/2022\/04\/cropped-corna-alta-tiny.png","contentUrl":"https:\/\/www.gossip.it\/wp-content\/uploads\/2022\/04\/cropped-corna-alta-tiny.png","width":512,"height":512,"caption":"Gossip and VIP News"},"image":{"@id":"https:\/\/www.gossip.it\/#\/schema\/logo\/image\/"},"sameAs":["https:\/\/www.facebook.com\/GossipIT","https:\/\/x.com\/gossinews_it","https:\/\/instagram.com\/gossip_it"]},{"@type":"Person","@id":"https:\/\/www.gossip.it\/#\/schema\/person\/488896f75158bff1cc83c6c39d141110","name":"La Redazione","image":{"@type":"ImageObject","inLanguage":"it-IT","@id":"https:\/\/www.gossip.it\/#\/schema\/person\/image\/","url":"https:\/\/secure.gravatar.com\/avatar\/5a5f5c6fa3e6700e4249abdad0263a1e94e927d9e0499b1cb09c1cd29c044d80?s=96&d=mm&r=g","contentUrl":"https:\/\/secure.gravatar.com\/avatar\/5a5f5c6fa3e6700e4249abdad0263a1e94e927d9e0499b1cb09c1cd29c044d80?s=96&d=mm&r=g","caption":"La Redazione"},"sameAs":["https:\/\/www.gossip.it"]}]}},"amp_enabled":true,"_links":{"self":[{"href":"https:\/\/www.gossip.it\/api\/wp\/v2\/posts\/67470","targetHints":{"allow":["GET"]}}],"collection":[{"href":"https:\/\/www.gossip.it\/api\/wp\/v2\/posts"}],"about":[{"href":"https:\/\/www.gossip.it\/api\/wp\/v2\/types\/post"}],"author":[{"embeddable":true,"href":"https:\/\/www.gossip.it\/api\/wp\/v2\/users\/1"}],"replies":[{"embeddable":true,"href":"https:\/\/www.gossip.it\/api\/wp\/v2\/comments?post=67470"}],"version-history":[{"count":0,"href":"https:\/\/www.gossip.it\/api\/wp\/v2\/posts\/67470\/revisions"}],"wp:featuredmedia":[{"embeddable":true,"href":"https:\/\/www.gossip.it\/api\/wp\/v2\/media\/123516"}],"wp:attachment":[{"href":"https:\/\/www.gossip.it\/api\/wp\/v2\/media?parent=67470"}],"wp:term":[{"taxonomy":"category","embeddable":true,"href":"https:\/\/www.gossip.it\/api\/wp\/v2\/categories?post=67470"},{"taxonomy":"post_tag","embeddable":true,"href":"https:\/\/www.gossip.it\/api\/wp\/v2\/tags?post=67470"},{"taxonomy":"vip","embeddable":true,"href":"https:\/\/www.gossip.it\/api\/wp\/v2\/vip?post=67470"}],"curies":[{"name":"wp","href":"https:\/\/api.w.org\/{rel}","templated":true}]}}