{"id":67504,"date":"2020-06-29T00:00:00","date_gmt":"2020-06-28T22:00:00","guid":{"rendered":"https:\/\/www.gossip.it\/senza-categoria\/fabrizio-corona-compleanno-madre-foto\/"},"modified":"2020-06-29T00:00:00","modified_gmt":"2020-06-28T22:00:00","slug":"fabrizio-corona-compleanno-madre-foto","status":"publish","type":"post","link":"https:\/\/www.gossip.it\/news\/fabrizio-corona-compleanno-madre-foto\/","title":{"rendered":"Fabrizio Corona festeggia il compleanno della madre Gabriella: i due hanno fatto pace. Foto"},"content":{"rendered":"<p><a href=\"\/vip\/fabrizio-corona\/\">Fabrizio Corona<\/a> festeggia il <strong>compleanno<\/strong> della <strong>madre<\/strong> Gabriella: i due sono nuovamente sereni, hanno fatto pace. L\u2019ex re dei paparazzi condivide con i follower sul social una <strong>foto<\/strong> in cui bacia sulla guancia la mamma che ha compiuto 68 anni. Si erano allontanati per un lungo periodo, ora \u00e8 tornato il sereno.<\/p>\n<figure class=\"caption\"><img decoding=\"async\" alt=\"Fabrizio Corona festeggia il compleanno della madre Gabriella: i due hanno fatto pace. Foto\" width=\"640\" height=\"640\" src=\"https:\/\/files.gossip.it\/immagini_news\/2020\/06\/1593427324_fabrizio_corona_mamma.jpg\" \/><figcaption>Fabrizio Corona festeggia il compleanno della madre Gabriella: i due hanno fatto pace. Foto<\/figcaption><\/figure>\n<p><em>\u201cPrima\u00a0c\u2019era un grandissimo amore e stima reciproca\u2026 Poi ultimamente si \u00e8 allontanato da me perch\u00e9 io rappresento per lui la sua coscienza, tutto quello che lui era, che io desideravo che fosse\u201d, <\/em>aveva detto <a href=\"\/vip\/gabriella-previtera\/\">Gabriella Previtera<\/a> a <em>\u201cNon \u00e8 l\u2019Arena\u201d<\/em> ospite di <a href=\"\/vip\/massimo-giletti\/\">Massimo Giletti<\/a> poco pi\u00f9 di un anno fa. <em>\u201cE' come\u00a0se lui mi tenesse a distanza per proteggermi\u201d<\/em>, aveva aggiunto. La donna non ha mai perso la speranza e aveva pure sottolineato: <em>\u201cIo ho la certezza che ci sar\u00e0 un\u2019altra tappa nella sia vita dove lui sar\u00e0 un uomo vero e\u00a0capace di essere diverso\u201d.<\/em><\/p>\n<p><strong>Fabrizio Corona<\/strong> sta accanto alla <strong>madre Gabriella <\/strong>per il <strong>compleanno<\/strong>. Ora l\u2019imprenditore 46enne, fuori dal carcere, pare essere cambiato e la donna, che non ha mai smesso di amarlo, sorride.<\/p>\n<p><em>\u201cIo credo a mio figlio. Ha commesso errori molto importanti, si \u00e8 distrutto la vita, ha distrutto anche in parte la mia vita. La speranza \u00e8 che possa cambiare un p\u00f2 la testa, ma mio figlio non \u00e8 un criminale. I criminali sono altri. Di errori e di reati ne ha commessi, lo so\u201d,<\/em> aveva fatto sapere Gabriella sempre in tv.<\/p>\n<p>Non ha mai negato i problemi che lo hanno portato verso l\u2019abisso: \u201c<em>Mio figlio ha problemi psicologici, li ha molto gravi da tempo, lo dico. Ha bisogno di essere seguito e curato e mi auguro che questo aspetto possa migliorare. Fabrizio ha la testa un po' matta. Ma quando fa le cose, non se ne rende bene conto, non \u00e8 uno che a tavolino commette errori o reati, purtroppo la testa ce l'ha un po' cos\u00ec. Io lo giustificher\u00f2 sempre, perch\u00e9 sono sua madre\u201d.<\/em><\/p>\n<p>\u00a0<\/p>\n","protected":false},"excerpt":{"rendered":"<p>Fabrizio Corona festeggia il compleanno della madre Gabriella: i due sono nuovamente sereni, hanno fatto pace. L\u2019ex re dei paparazzi condivide con i follower sul social una foto in cui bacia sulla guancia la mamma che ha compiuto 68 anni. Si erano allontanati per un lungo periodo, ora \u00e8 tornato il sereno. Fabrizio Corona festeggia [&hellip;]<\/p>\n","protected":false},"author":1,"featured_media":123550,"comment_status":"closed","ping_status":"closed","sticky":false,"template":"","format":"standard","meta":{"footnotes":""},"categories":[54],"tags":[60912,1904,40720,60911,2121,2361,1900,1923],"vip":[719],"class_list":["post-67504","post","type-post","status-publish","format-standard","has-post-thumbnail","hentry","category-news","tag-68-anni","tag-compleanno","tag-gabriella-corona","tag-gabriella-previtera","tag-instagram","tag-madre","tag-mamma","tag-social","vip-fabrizio_corona"],"yoast_head":"<title>Fabrizio Corona festeggia il compleanno della madre Gabriella: i due hanno fatto pace. Foto - Gossip.it | News sul Gossip e VIP<\/title>\n<meta name=\"description\" content=\"Fabrizio Corona festeggia il compleanno della madre Gabriella: i due sono nuovamente sereni, hanno fatto pace. L\u2019ex re dei paparazzi condivide con i\" \/>\n<meta name=\"robots\" content=\"index, follow, max-snippet:-1, max-image-preview:large, max-video-preview:-1\" \/>\n<link rel=\"canonical\" href=\"https:\/\/www.gossip.it\/news\/fabrizio-corona-compleanno-madre-foto\/\" \/>\n<meta property=\"og:locale\" content=\"it_IT\" \/>\n<meta property=\"og:type\" content=\"article\" \/>\n<meta property=\"og:title\" content=\"Fabrizio Corona festeggia il compleanno della madre Gabriella: i due hanno fatto pace. Foto - Gossip.it | News sul Gossip e VIP\" \/>\n<meta property=\"og:description\" content=\"Fabrizio Corona festeggia il compleanno della madre Gabriella: i due sono nuovamente sereni, hanno fatto pace. L\u2019ex re dei paparazzi condivide con i\" \/>\n<meta property=\"og:url\" content=\"https:\/\/www.gossip.it\/news\/fabrizio-corona-compleanno-madre-foto\/\" \/>\n<meta property=\"og:site_name\" content=\"Gossip.it | News sul Gossip e VIP\" \/>\n<meta property=\"article:publisher\" content=\"https:\/\/www.facebook.com\/GossipIT\" \/>\n<meta property=\"article:published_time\" content=\"2020-06-28T22:00:00+00:00\" \/>\n<meta property=\"og:image\" content=\"https:\/\/files.gossip.it\/immagini_news\/2020\/06\/1593427324_fabrizio_corona_mamma.jpg\" \/>\n<meta name=\"author\" content=\"La Redazione\" \/>\n<meta name=\"twitter:card\" content=\"summary_large_image\" \/>\n<meta name=\"twitter:image\" content=\"https:\/\/files.gossip.it\/immagini_news\/2020\/06\/1593427324_fabrizio_corona_mamma.jpg\" \/>\n<meta name=\"twitter:creator\" content=\"@gossinews_it\" \/>\n<meta name=\"twitter:site\" content=\"@gossinews_it\" \/>\n<meta name=\"twitter:label1\" content=\"Scritto da\" \/>\n\t<meta name=\"twitter:data1\" content=\"Annamaria Capozzi\" \/>\n\t<meta name=\"twitter:label2\" content=\"Tempo di lettura stimato\" \/>\n\t<meta name=\"twitter:data2\" content=\"2 minuti\" \/>","yoast_head_json":{"title":"Fabrizio Corona festeggia il compleanno della madre Gabriella: i due hanno fatto pace. Foto - Gossip.it | News sul Gossip e VIP","description":"Fabrizio Corona festeggia il compleanno della madre Gabriella: i due sono nuovamente sereni, hanno fatto pace. L\u2019ex re dei paparazzi condivide con i","robots":{"index":"index","follow":"follow","max-snippet":"max-snippet:-1","max-image-preview":"max-image-preview:large","max-video-preview":"max-video-preview:-1"},"canonical":"https:\/\/www.gossip.it\/news\/fabrizio-corona-compleanno-madre-foto\/","og_locale":"it_IT","og_type":"article","og_title":"Fabrizio Corona festeggia il compleanno della madre Gabriella: i due hanno fatto pace. Foto - Gossip.it | News sul Gossip e VIP","og_description":"Fabrizio Corona festeggia il compleanno della madre Gabriella: i due sono nuovamente sereni, hanno fatto pace. L\u2019ex re dei paparazzi condivide con i","og_url":"https:\/\/www.gossip.it\/news\/fabrizio-corona-compleanno-madre-foto\/","og_site_name":"Gossip.it | News sul Gossip e VIP","article_publisher":"https:\/\/www.facebook.com\/GossipIT","article_published_time":"2020-06-28T22:00:00+00:00","og_image":[{"url":"https:\/\/files.gossip.it\/immagini_news\/2020\/06\/1593427324_fabrizio_corona_mamma.jpg"}],"author":"La Redazione","twitter_card":"summary_large_image","twitter_image":"https:\/\/files.gossip.it\/immagini_news\/2020\/06\/1593427324_fabrizio_corona_mamma.jpg","twitter_creator":"@gossinews_it","twitter_site":"@gossinews_it","twitter_misc":{"Scritto da":"Annamaria Capozzi","Tempo di lettura stimato":"2 minuti"},"schema":{"@context":"https:\/\/schema.org","@graph":[{"@type":"Article","@id":"https:\/\/www.gossip.it\/news\/fabrizio-corona-compleanno-madre-foto\/#article","isPartOf":{"@id":"https:\/\/www.gossip.it\/news\/fabrizio-corona-compleanno-madre-foto\/"},"author":{"name":"La Redazione","@id":"https:\/\/www.gossip.it\/#\/schema\/person\/488896f75158bff1cc83c6c39d141110"},"headline":"Fabrizio Corona festeggia il compleanno della madre Gabriella: i due hanno fatto pace. Foto","datePublished":"2020-06-28T22:00:00+00:00","dateModified":"2020-06-28T22:00:00+00:00","mainEntityOfPage":{"@id":"https:\/\/www.gossip.it\/news\/fabrizio-corona-compleanno-madre-foto\/"},"wordCount":352,"publisher":{"@id":"https:\/\/www.gossip.it\/#organization"},"image":{"@id":"https:\/\/www.gossip.it\/news\/fabrizio-corona-compleanno-madre-foto\/#primaryimage"},"thumbnailUrl":"https:\/\/files.gossip.it\/immagini_news\/2020\/06\/1593427324_fabrizio_corona_mamma.jpg","keywords":["68 anni","compleanno","gabriella corona","gabriella previtera","instagram","madre","mamma","social"],"articleSection":["News"],"inLanguage":"it-IT"},{"@type":"WebPage","@id":"https:\/\/www.gossip.it\/news\/fabrizio-corona-compleanno-madre-foto\/","url":"https:\/\/www.gossip.it\/news\/fabrizio-corona-compleanno-madre-foto\/","name":"Fabrizio Corona festeggia il compleanno della madre Gabriella: i due hanno fatto pace. Foto - Gossip.it | News sul Gossip e VIP","isPartOf":{"@id":"https:\/\/www.gossip.it\/#website"},"primaryImageOfPage":{"@id":"https:\/\/www.gossip.it\/news\/fabrizio-corona-compleanno-madre-foto\/#primaryimage"},"image":{"@id":"https:\/\/www.gossip.it\/news\/fabrizio-corona-compleanno-madre-foto\/#primaryimage"},"thumbnailUrl":"https:\/\/files.gossip.it\/immagini_news\/2020\/06\/1593427324_fabrizio_corona_mamma.jpg","datePublished":"2020-06-28T22:00:00+00:00","dateModified":"2020-06-28T22:00:00+00:00","description":"Fabrizio Corona festeggia il compleanno della madre Gabriella: i due sono nuovamente sereni, hanno fatto pace. L\u2019ex re dei paparazzi condivide con i","breadcrumb":{"@id":"https:\/\/www.gossip.it\/news\/fabrizio-corona-compleanno-madre-foto\/#breadcrumb"},"inLanguage":"it-IT","potentialAction":[{"@type":"ReadAction","target":["https:\/\/www.gossip.it\/news\/fabrizio-corona-compleanno-madre-foto\/"]}]},{"@type":"ImageObject","inLanguage":"it-IT","@id":"https:\/\/www.gossip.it\/news\/fabrizio-corona-compleanno-madre-foto\/#primaryimage","url":"https:\/\/files.gossip.it\/immagini_news\/2020\/06\/1593427324_fabrizio_corona_mamma.jpg","contentUrl":"https:\/\/files.gossip.it\/immagini_news\/2020\/06\/1593427324_fabrizio_corona_mamma.jpg"},{"@type":"BreadcrumbList","@id":"https:\/\/www.gossip.it\/news\/fabrizio-corona-compleanno-madre-foto\/#breadcrumb","itemListElement":[{"@type":"ListItem","position":1,"name":"Home","item":"https:\/\/www.gossip.it\/"},{"@type":"ListItem","position":2,"name":"Fabrizio Corona festeggia il compleanno della madre Gabriella: i due hanno fatto pace. Foto"}]},{"@type":"WebSite","@id":"https:\/\/www.gossip.it\/#website","url":"https:\/\/www.gossip.it\/","name":"Gossip and VIP News","description":"Quotidiano di cronaca rosa, costume e societ\u00e0","publisher":{"@id":"https:\/\/www.gossip.it\/#organization"},"alternateName":"Gossip and VIP News","potentialAction":[{"@type":"SearchAction","target":{"@type":"EntryPoint","urlTemplate":"https:\/\/www.gossip.it\/?s={search_term_string}"},"query-input":{"@type":"PropertyValueSpecification","valueRequired":true,"valueName":"search_term_string"}}],"inLanguage":"it-IT"},{"@type":"Organization","@id":"https:\/\/www.gossip.it\/#organization","name":"Gossip and VIP News","alternateName":"Gossip News","url":"https:\/\/www.gossip.it\/","logo":{"@type":"ImageObject","inLanguage":"it-IT","@id":"https:\/\/www.gossip.it\/#\/schema\/logo\/image\/","url":"https:\/\/www.gossip.it\/wp-content\/uploads\/2022\/04\/cropped-corna-alta-tiny.png","contentUrl":"https:\/\/www.gossip.it\/wp-content\/uploads\/2022\/04\/cropped-corna-alta-tiny.png","width":512,"height":512,"caption":"Gossip and VIP News"},"image":{"@id":"https:\/\/www.gossip.it\/#\/schema\/logo\/image\/"},"sameAs":["https:\/\/www.facebook.com\/GossipIT","https:\/\/x.com\/gossinews_it","https:\/\/instagram.com\/gossip_it"]},{"@type":"Person","@id":"https:\/\/www.gossip.it\/#\/schema\/person\/488896f75158bff1cc83c6c39d141110","name":"La Redazione","image":{"@type":"ImageObject","inLanguage":"it-IT","@id":"https:\/\/www.gossip.it\/#\/schema\/person\/image\/","url":"https:\/\/secure.gravatar.com\/avatar\/5a5f5c6fa3e6700e4249abdad0263a1e94e927d9e0499b1cb09c1cd29c044d80?s=96&d=mm&r=g","contentUrl":"https:\/\/secure.gravatar.com\/avatar\/5a5f5c6fa3e6700e4249abdad0263a1e94e927d9e0499b1cb09c1cd29c044d80?s=96&d=mm&r=g","caption":"La Redazione"},"sameAs":["https:\/\/www.gossip.it"]}]}},"amp_enabled":true,"_links":{"self":[{"href":"https:\/\/www.gossip.it\/api\/wp\/v2\/posts\/67504","targetHints":{"allow":["GET"]}}],"collection":[{"href":"https:\/\/www.gossip.it\/api\/wp\/v2\/posts"}],"about":[{"href":"https:\/\/www.gossip.it\/api\/wp\/v2\/types\/post"}],"author":[{"embeddable":true,"href":"https:\/\/www.gossip.it\/api\/wp\/v2\/users\/1"}],"replies":[{"embeddable":true,"href":"https:\/\/www.gossip.it\/api\/wp\/v2\/comments?post=67504"}],"version-history":[{"count":0,"href":"https:\/\/www.gossip.it\/api\/wp\/v2\/posts\/67504\/revisions"}],"wp:featuredmedia":[{"embeddable":true,"href":"https:\/\/www.gossip.it\/api\/wp\/v2\/media\/123550"}],"wp:attachment":[{"href":"https:\/\/www.gossip.it\/api\/wp\/v2\/media?parent=67504"}],"wp:term":[{"taxonomy":"category","embeddable":true,"href":"https:\/\/www.gossip.it\/api\/wp\/v2\/categories?post=67504"},{"taxonomy":"post_tag","embeddable":true,"href":"https:\/\/www.gossip.it\/api\/wp\/v2\/tags?post=67504"},{"taxonomy":"vip","embeddable":true,"href":"https:\/\/www.gossip.it\/api\/wp\/v2\/vip?post=67504"}],"curies":[{"name":"wp","href":"https:\/\/api.w.org\/{rel}","templated":true}]}}