{"id":67511,"date":"2020-06-30T00:00:00","date_gmt":"2020-06-29T22:00:00","guid":{"rendered":"https:\/\/www.gossip.it\/senza-categoria\/chiara-ferragni-fedez-cane-matilda-tumore\/"},"modified":"2020-06-30T00:00:00","modified_gmt":"2020-06-29T22:00:00","slug":"chiara-ferragni-fedez-cane-matilda-tumore","status":"publish","type":"post","link":"https:\/\/www.gossip.it\/news\/chiara-ferragni-fedez-cane-matilda-tumore\/","title":{"rendered":"Chiara Ferragni e Fedez in lacrime per il loro cane: 'Matilda ha un tumore\u2019"},"content":{"rendered":"<p><a href=\"\/vip\/chiara-ferragni\/\">Chiara Ferragni<\/a> e <strong>Fedez<\/strong> sono in lacrime,: volti stanchi e provati. Sono fortemente preoccupati per il loro <strong>cane<\/strong>. <em>\u201c<strong>Matilda<\/strong> ha un <strong>tumore<\/strong>\u201d<\/em>, svela la fashion blogger 33enne, che racconta il dramma che stanno vivendo nelle sue IG Stories e chiede il sostegno dei fan. E\u2019 in ansia.<\/p>\n<figure class=\"caption\"><img decoding=\"async\" alt=\"Chiara Ferragni e Fedez in lacrime per il loro cane: 'Matilda ha un tumore'\" width=\"640\" height=\"1120\" src=\"https:\/\/files.gossip.it\/immagini_news\/2020\/06\/1593504923_ferragni_1.jpg\" \/><figcaption>Chiara Ferragni e Fedez in lacrime per il loro cane: 'Matilda ha un tumore'<\/figcaption><\/figure>\n<p>Dopo un weekend sereno trascorso in famiglia sul lago di Como ecco arrivare un bruttissimo luned\u00ec. <em>\"Giornata orrenda oggi\u00a0<\/em>- esordisce Chiara con gli occhi rossi di pianto -\u00a0<em>Mentre ero in un meeting, la nostra cagnolina ha avuto delle crisi epilettiche, quindi l\u2019abbiamo dovuta portare da un veterinario e poi da un\u00a0neurologo veterinario\u00a0per farle fare una risonanza magnetica. Hanno dovuto addormentarla, lei ha gi\u00e0 dieci anni e gi\u00e0 quello era un rischio\u201d.<\/em><\/p>\n<div class=\"video_integrato\" data-videoid=\"6965\" data-autostart=\"true\">\u00a0<\/div>\n<p><em>\u201cAbbiamo scoperto che ha un\u00a0<strong>tumore<\/strong><\/em> - continua la bionda, devastata dalla terribile notizia - \u00a0<em>Adesso dobbiamo tenerla sotto controllo dandole dei medicinali. Forse inizier\u00e0 una\u00a0radioterapia... E\u2019 ancora tutto da capire\u2026 Per\u00f2 mi sono veramente spaventata perch\u00e9 pensavo di perderla oggi, sono veramente contenta che si sia stabilizzata e spero continui cos\u00ec\u201d.<\/em><\/p>\n<figure class=\"caption\"><img decoding=\"async\" alt=\"\" width=\"640\" height=\"799\" src=\"https:\/\/files.gossip.it\/immagini_news\/2020\/06\/1593504966_ferragni_2.jpg\" \/><figcaption>La fashion blogger distrutta racconta tutto ai follower e chiede sostegno: il suo bulldog francese di dieci anni sta male<\/figcaption><\/figure>\n<p><em>\u201cUna mattinata un po\u2019 cos\u00ec oggi, siamo stati tutto il giorno dal veterinario<\/em> - le fa eco <strong>Fedez<\/strong> sempre via social - <em>purtroppo hanno trovato una brutta malattia alla Mati ma c\u2019\u00e8 ancora speranza, quindi guardiamo il bicchiere mezzo pieno\u201d. <\/em>Il rapper 30enne incrocia le dita: <em>\u201cDita incrociate e date un po\u2019 di supporto a questa patatina che \u00e8 triste\u201d<\/em>. Chiara, accanto a lui, mostra ancora una volta il suo abbattimento.<\/p>\n<p>I <a href=\"\/vip\/ferragnez\/\">Ferragnez<\/a> riempiono il loro profilo di immagini del <strong>cane<\/strong>, a cui sono legatissimi, soprattutto Chiara, che lo ha preso con lei dieci anni fa e ne ha fatto persino una vera star del web. Poco dopo l\u2019imprenditrice informa i follower delle condizioni dell\u2019animale con un lungo post.<\/p>\n<figure class=\"caption\"><img decoding=\"async\" alt=\"\" width=\"640\" height=\"1174\" src=\"https:\/\/files.gossip.it\/immagini_news\/2020\/06\/1593505014_ferragni_3.jpg\" \/><figcaption>Anche il rapper \u00e8 molto affezionato all'animale<\/figcaption><\/figure>\n<p><em>\u201cUpdate su Mati: \u00e8\u00a0ricoverata\u00a0dal nostro veterinario in modo da essere controllata 24 ore su 24 per eventuali crisi epilettiche e capire il dosaggio perfetto per lei delle medicine anti-epilettiche<\/em>\u00a0\u2013 fa sapere - \u00a0<em>Mercoled\u00ec speriamo possa tornare a casa e poi comincer\u00e0 le sessioni di radioterapia sperando che il <strong>tumore<\/strong> non aumenti di taglia. Purtroppo abbiamo scoperto che questo tipo di <strong>tumore<\/strong> \u00e8 molto frequente nei bulldog francesi come lei. Tenetela nei vostri pensieri che la vogliamo con noi ancora tanti anni\u201d.<\/em><\/p>\n<p>\u00a0<\/p>\n<p>\u00a0<\/p>\n<p>\u00a0<\/p>\n","protected":false},"excerpt":{"rendered":"<p>Chiara Ferragni e Fedez sono in lacrime,: volti stanchi e provati. Sono fortemente preoccupati per il loro cane. \u201cMatilda ha un tumore\u201d, svela la fashion blogger 33enne, che racconta il dramma che stanno vivendo nelle sue IG Stories e chiede il sostegno dei fan. E\u2019 in ansia. Chiara Ferragni e Fedez in lacrime per il [&hellip;]<\/p>\n","protected":false},"author":1,"featured_media":123557,"comment_status":"closed","ping_status":"closed","sticky":false,"template":"","format":"standard","meta":{"footnotes":""},"categories":[54],"tags":[11125,2314,3625,2102,6035,6036,2121,2207,4195,13230,1923,2142,2313],"vip":[481],"class_list":["post-67511","post","type-post","status-publish","format-standard","has-post-thumbnail","hentry","category-news","tag-bulldog-francese","tag-cancro","tag-cane","tag-dichiarazioni","tag-fedez","tag-ferragnez","tag-instagram","tag-lacrime","tag-matilda","tag-radioterapia","tag-social","tag-stories","tag-tumore","vip-chiara_ferragni"],"yoast_head":"<title>Chiara Ferragni e Fedez in lacrime per il loro cane: &#039;Matilda ha un tumore\u2019 - Gossip.it | News sul Gossip e VIP<\/title>\n<meta name=\"description\" content=\"Chiara Ferragni e Fedez sono in lacrime,: volti stanchi e provati. Sono fortemente preoccupati per il loro cane. \u201cMatilda ha un tumore\u201d, svela la fashion\" \/>\n<meta name=\"robots\" content=\"index, follow, max-snippet:-1, max-image-preview:large, max-video-preview:-1\" \/>\n<link rel=\"canonical\" href=\"https:\/\/www.gossip.it\/news\/chiara-ferragni-fedez-cane-matilda-tumore\/\" \/>\n<meta property=\"og:locale\" content=\"it_IT\" \/>\n<meta property=\"og:type\" content=\"article\" \/>\n<meta property=\"og:title\" content=\"Chiara Ferragni e Fedez in lacrime per il loro cane: &#039;Matilda ha un tumore\u2019 - Gossip.it | News sul Gossip e VIP\" \/>\n<meta property=\"og:description\" content=\"Chiara Ferragni e Fedez sono in lacrime,: volti stanchi e provati. Sono fortemente preoccupati per il loro cane. \u201cMatilda ha un tumore\u201d, svela la fashion\" \/>\n<meta property=\"og:url\" content=\"https:\/\/www.gossip.it\/news\/chiara-ferragni-fedez-cane-matilda-tumore\/\" \/>\n<meta property=\"og:site_name\" content=\"Gossip.it | News sul Gossip e VIP\" \/>\n<meta property=\"article:publisher\" content=\"https:\/\/www.facebook.com\/GossipIT\" \/>\n<meta property=\"article:published_time\" content=\"2020-06-29T22:00:00+00:00\" \/>\n<meta property=\"og:image\" content=\"https:\/\/files.gossip.it\/immagini_news\/2020\/06\/1593504923_ferragni_1.jpg\" \/>\n<meta name=\"author\" content=\"La Redazione\" \/>\n<meta name=\"twitter:card\" content=\"summary_large_image\" \/>\n<meta name=\"twitter:image\" content=\"https:\/\/files.gossip.it\/immagini_news\/2020\/06\/1593504923_ferragni_1.jpg\" \/>\n<meta name=\"twitter:creator\" content=\"@gossinews_it\" \/>\n<meta name=\"twitter:site\" content=\"@gossinews_it\" \/>\n<meta name=\"twitter:label1\" content=\"Scritto da\" \/>\n\t<meta name=\"twitter:data1\" content=\"Annamaria Capozzi\" \/>\n\t<meta name=\"twitter:label2\" content=\"Tempo di lettura stimato\" \/>\n\t<meta name=\"twitter:data2\" content=\"2 minuti\" \/>","yoast_head_json":{"title":"Chiara Ferragni e Fedez in lacrime per il loro cane: 'Matilda ha un tumore\u2019 - Gossip.it | News sul Gossip e VIP","description":"Chiara Ferragni e Fedez sono in lacrime,: volti stanchi e provati. Sono fortemente preoccupati per il loro cane. \u201cMatilda ha un tumore\u201d, svela la fashion","robots":{"index":"index","follow":"follow","max-snippet":"max-snippet:-1","max-image-preview":"max-image-preview:large","max-video-preview":"max-video-preview:-1"},"canonical":"https:\/\/www.gossip.it\/news\/chiara-ferragni-fedez-cane-matilda-tumore\/","og_locale":"it_IT","og_type":"article","og_title":"Chiara Ferragni e Fedez in lacrime per il loro cane: 'Matilda ha un tumore\u2019 - Gossip.it | News sul Gossip e VIP","og_description":"Chiara Ferragni e Fedez sono in lacrime,: volti stanchi e provati. Sono fortemente preoccupati per il loro cane. \u201cMatilda ha un tumore\u201d, svela la fashion","og_url":"https:\/\/www.gossip.it\/news\/chiara-ferragni-fedez-cane-matilda-tumore\/","og_site_name":"Gossip.it | News sul Gossip e VIP","article_publisher":"https:\/\/www.facebook.com\/GossipIT","article_published_time":"2020-06-29T22:00:00+00:00","og_image":[{"url":"https:\/\/files.gossip.it\/immagini_news\/2020\/06\/1593504923_ferragni_1.jpg"}],"author":"La Redazione","twitter_card":"summary_large_image","twitter_image":"https:\/\/files.gossip.it\/immagini_news\/2020\/06\/1593504923_ferragni_1.jpg","twitter_creator":"@gossinews_it","twitter_site":"@gossinews_it","twitter_misc":{"Scritto da":"Annamaria Capozzi","Tempo di lettura stimato":"2 minuti"},"schema":{"@context":"https:\/\/schema.org","@graph":[{"@type":"Article","@id":"https:\/\/www.gossip.it\/news\/chiara-ferragni-fedez-cane-matilda-tumore\/#article","isPartOf":{"@id":"https:\/\/www.gossip.it\/news\/chiara-ferragni-fedez-cane-matilda-tumore\/"},"author":{"name":"La Redazione","@id":"https:\/\/www.gossip.it\/#\/schema\/person\/488896f75158bff1cc83c6c39d141110"},"headline":"Chiara Ferragni e Fedez in lacrime per il loro cane: 'Matilda ha un tumore\u2019","datePublished":"2020-06-29T22:00:00+00:00","dateModified":"2020-06-29T22:00:00+00:00","mainEntityOfPage":{"@id":"https:\/\/www.gossip.it\/news\/chiara-ferragni-fedez-cane-matilda-tumore\/"},"wordCount":430,"publisher":{"@id":"https:\/\/www.gossip.it\/#organization"},"image":{"@id":"https:\/\/www.gossip.it\/news\/chiara-ferragni-fedez-cane-matilda-tumore\/#primaryimage"},"thumbnailUrl":"https:\/\/files.gossip.it\/immagini_news\/2020\/06\/1593504923_ferragni_1.jpg","keywords":["bulldog francese","cancro","cane","dichiarazioni","fedez","ferragnez","instagram","lacrime","matilda","radioterapia","social","stories","tumore"],"articleSection":["News"],"inLanguage":"it-IT"},{"@type":"WebPage","@id":"https:\/\/www.gossip.it\/news\/chiara-ferragni-fedez-cane-matilda-tumore\/","url":"https:\/\/www.gossip.it\/news\/chiara-ferragni-fedez-cane-matilda-tumore\/","name":"Chiara Ferragni e Fedez in lacrime per il loro cane: 'Matilda ha un tumore\u2019 - Gossip.it | News sul Gossip e VIP","isPartOf":{"@id":"https:\/\/www.gossip.it\/#website"},"primaryImageOfPage":{"@id":"https:\/\/www.gossip.it\/news\/chiara-ferragni-fedez-cane-matilda-tumore\/#primaryimage"},"image":{"@id":"https:\/\/www.gossip.it\/news\/chiara-ferragni-fedez-cane-matilda-tumore\/#primaryimage"},"thumbnailUrl":"https:\/\/files.gossip.it\/immagini_news\/2020\/06\/1593504923_ferragni_1.jpg","datePublished":"2020-06-29T22:00:00+00:00","dateModified":"2020-06-29T22:00:00+00:00","description":"Chiara Ferragni e Fedez sono in lacrime,: volti stanchi e provati. Sono fortemente preoccupati per il loro cane. \u201cMatilda ha un tumore\u201d, svela la fashion","breadcrumb":{"@id":"https:\/\/www.gossip.it\/news\/chiara-ferragni-fedez-cane-matilda-tumore\/#breadcrumb"},"inLanguage":"it-IT","potentialAction":[{"@type":"ReadAction","target":["https:\/\/www.gossip.it\/news\/chiara-ferragni-fedez-cane-matilda-tumore\/"]}]},{"@type":"ImageObject","inLanguage":"it-IT","@id":"https:\/\/www.gossip.it\/news\/chiara-ferragni-fedez-cane-matilda-tumore\/#primaryimage","url":"https:\/\/files.gossip.it\/immagini_news\/2020\/06\/1593504923_ferragni_1.jpg","contentUrl":"https:\/\/files.gossip.it\/immagini_news\/2020\/06\/1593504923_ferragni_1.jpg"},{"@type":"BreadcrumbList","@id":"https:\/\/www.gossip.it\/news\/chiara-ferragni-fedez-cane-matilda-tumore\/#breadcrumb","itemListElement":[{"@type":"ListItem","position":1,"name":"Home","item":"https:\/\/www.gossip.it\/"},{"@type":"ListItem","position":2,"name":"Chiara Ferragni e Fedez in lacrime per il loro cane: 'Matilda ha un tumore\u2019"}]},{"@type":"WebSite","@id":"https:\/\/www.gossip.it\/#website","url":"https:\/\/www.gossip.it\/","name":"Gossip and VIP News","description":"Quotidiano di cronaca rosa, costume e societ\u00e0","publisher":{"@id":"https:\/\/www.gossip.it\/#organization"},"alternateName":"Gossip and VIP News","potentialAction":[{"@type":"SearchAction","target":{"@type":"EntryPoint","urlTemplate":"https:\/\/www.gossip.it\/?s={search_term_string}"},"query-input":{"@type":"PropertyValueSpecification","valueRequired":true,"valueName":"search_term_string"}}],"inLanguage":"it-IT"},{"@type":"Organization","@id":"https:\/\/www.gossip.it\/#organization","name":"Gossip and VIP News","alternateName":"Gossip News","url":"https:\/\/www.gossip.it\/","logo":{"@type":"ImageObject","inLanguage":"it-IT","@id":"https:\/\/www.gossip.it\/#\/schema\/logo\/image\/","url":"https:\/\/www.gossip.it\/wp-content\/uploads\/2022\/04\/cropped-corna-alta-tiny.png","contentUrl":"https:\/\/www.gossip.it\/wp-content\/uploads\/2022\/04\/cropped-corna-alta-tiny.png","width":512,"height":512,"caption":"Gossip and VIP News"},"image":{"@id":"https:\/\/www.gossip.it\/#\/schema\/logo\/image\/"},"sameAs":["https:\/\/www.facebook.com\/GossipIT","https:\/\/x.com\/gossinews_it","https:\/\/instagram.com\/gossip_it"]},{"@type":"Person","@id":"https:\/\/www.gossip.it\/#\/schema\/person\/488896f75158bff1cc83c6c39d141110","name":"La Redazione","image":{"@type":"ImageObject","inLanguage":"it-IT","@id":"https:\/\/www.gossip.it\/#\/schema\/person\/image\/","url":"https:\/\/secure.gravatar.com\/avatar\/5a5f5c6fa3e6700e4249abdad0263a1e94e927d9e0499b1cb09c1cd29c044d80?s=96&d=mm&r=g","contentUrl":"https:\/\/secure.gravatar.com\/avatar\/5a5f5c6fa3e6700e4249abdad0263a1e94e927d9e0499b1cb09c1cd29c044d80?s=96&d=mm&r=g","caption":"La Redazione"},"sameAs":["https:\/\/www.gossip.it"]}]}},"amp_enabled":true,"_links":{"self":[{"href":"https:\/\/www.gossip.it\/api\/wp\/v2\/posts\/67511","targetHints":{"allow":["GET"]}}],"collection":[{"href":"https:\/\/www.gossip.it\/api\/wp\/v2\/posts"}],"about":[{"href":"https:\/\/www.gossip.it\/api\/wp\/v2\/types\/post"}],"author":[{"embeddable":true,"href":"https:\/\/www.gossip.it\/api\/wp\/v2\/users\/1"}],"replies":[{"embeddable":true,"href":"https:\/\/www.gossip.it\/api\/wp\/v2\/comments?post=67511"}],"version-history":[{"count":0,"href":"https:\/\/www.gossip.it\/api\/wp\/v2\/posts\/67511\/revisions"}],"wp:featuredmedia":[{"embeddable":true,"href":"https:\/\/www.gossip.it\/api\/wp\/v2\/media\/123557"}],"wp:attachment":[{"href":"https:\/\/www.gossip.it\/api\/wp\/v2\/media?parent=67511"}],"wp:term":[{"taxonomy":"category","embeddable":true,"href":"https:\/\/www.gossip.it\/api\/wp\/v2\/categories?post=67511"},{"taxonomy":"post_tag","embeddable":true,"href":"https:\/\/www.gossip.it\/api\/wp\/v2\/tags?post=67511"},{"taxonomy":"vip","embeddable":true,"href":"https:\/\/www.gossip.it\/api\/wp\/v2\/vip?post=67511"}],"curies":[{"name":"wp","href":"https:\/\/api.w.org\/{rel}","templated":true}]}}