{"id":67547,"date":"2020-07-03T00:00:00","date_gmt":"2020-07-02T22:00:00","guid":{"rendered":"https:\/\/www.gossip.it\/senza-categoria\/sonia-bruganelli-laura-freddi-insieme\/"},"modified":"2020-07-03T00:00:00","modified_gmt":"2020-07-02T22:00:00","slug":"sonia-bruganelli-laura-freddi-insieme","status":"publish","type":"post","link":"https:\/\/www.gossip.it\/news\/sonia-bruganelli-laura-freddi-insieme\/","title":{"rendered":"Sonia Bruganelli e Laura Freddi insieme: 'Ci odiamo davvero?'. La verit\u00e0"},"content":{"rendered":"<p><a href=\"\/vip\/sonia-bruganelli\/\">Sonia Bruganelli<\/a> e <a href=\"\/vip\/laura-freddi\/\">Laura Freddi<\/a> sono <strong>insieme<\/strong>, sedute l\u2019una vicina all\u2019altra, in diretta sul web. Una volta per tutte svelano la verit\u00e0: <em>\u201cCi odiamo oppure no?\u201d<\/em>. La showgirl 48enne, ex storica, di <a href=\"\/vip\/paolo-bonolis\/\">Paolo Bonolis<\/a>, \u00e8 ospite a <em>Casa SDL<\/em> della moglie 46enne del conduttore. I gossip sulla presunta rivalit\u00e0 tra le due si sono sempre ricorsi negli anni: le due decidono di mettere un punto.<\/p>\n<figure class=\"caption\"><img decoding=\"async\" alt=\"Sonia Bruganelli e Laura Freddi insieme: 'Ci odiamo davvero?'. La verit\u00e0\" width=\"640\" height=\"356\" src=\"https:\/\/files.gossip.it\/immagini_news\/2020\/07\/1593777413_freddi_bruganelli_1.jpg\" \/><figcaption>Sonia Bruganelli e Laura Freddi insieme: 'Ci odiamo davvero?'. La verit<\/figcaption><\/figure>\n<p><em>\u201cHo invitato il passato dell\u2019uomo con cui oggi sono felicemente sposata\u201d,<\/em> dice Sonia nel presentare la Freddi.<em> \u201cCi odiamo davvero? Ma quale odio!\u201d<\/em>, aggiunge subito. Laura replica: \u201c<em>E\u2019 un gioco, si gioca\u2026 dei giornali, non nostro! E noi oggi siamo qui per mettere un bel punto e far partire un\u2019altra pagina della nostra vita che dettiamo noi e non gli altri\u201d.<\/em><\/p>\n<div class=\"video_integrato\" data-videoid=\"6981\" data-autostart=\"true\">\u00a0<\/div>\n<p><strong>Laura Freddi <\/strong>si dice stanca delle domande su Paolo Bonolis che puntualmente le vengono rivolte: <em>\u201cL\u2019ultima volta \u00e8 stata colpa tua perch\u00e9 durante una diretta hai letto una domanda a Bonolis e hai scatenato l\u2019inferno!\u201d,<\/em> dice. <em>\u201cNon hai detto una cosa carina, hai detto che non siamo amiche!\u201d, <\/em>ribatte la Bruganelli. \u201c<em>Ma detto da me ha un altro senso, ma non siamo amiche! L\u2019amicizia \u00e8 una cosa diversa!\u201d, <\/em>precisa la Freddi.<\/p>\n<figure class=\"caption\"><img decoding=\"async\" alt=\"\" width=\"640\" height=\"355\" src=\"https:\/\/files.gossip.it\/immagini_news\/2020\/07\/1593777451_freddi_bruganelli_3.jpg\" \/><figcaption>La showgirl 48enne ex di Paolo Bonolis ospite a Casa SDL dalla moglie del conduttore<\/figcaption><\/figure>\n<p>Sonia chiarisce il suo punto di vista: <em>\u201cIo credo che nel momento in cui si mettono delle notizie sul web debba essere un qualcosa di reale ma temporalmente presente senn\u00f2 vale tutto\".<\/em> Poi precisa: <em>\u201cDa un punto di vista di lealt\u00e0 \u00e8 sbagliato chiedere a Laura di Paolo. Non \u00e8 diventata <strong>Laura Freddi<\/strong> per Paolo Bonolis!\u201d.\u00a0<\/em><\/p>\n<p><em>\u201cIo parlo di Paolo perch\u00e9 ha fatto parte della mia vita. Io non voglio rinnegare il bene che ho voluto e voglio tutt\u2019ora per\u00f2 quando mancano di rispetto nelle famiglie e si entra nelle problematiche delle famiglie, l\u00ec non ci vedo pi\u00f9 e spaccherei il pc! Non si toccano le famiglie di nessuno e per questo a volte i social li odio!\u201d<\/em>, sottolinea la Freddi. Chiamato in causa Paolo Bonolis interviene:<em> \u201cPerch\u00e9 state facendo questa cosa? Ma alla gente che cosa gliene frega?\u201d, <\/em>scherza.<\/p>\n<figure class=\"caption\"><img decoding=\"async\" alt=\"\" width=\"640\" height=\"355\" src=\"https:\/\/files.gossip.it\/immagini_news\/2020\/07\/1593777473_freddi_bruganelli_2.jpg\" \/><figcaption>Il popolare presentatore interviene in diretta e lancia una 'bomba' delle sue<\/figcaption><\/figure>\n<p>Ed ecco subito arrivare un gustosissimo siparietto. Il conduttore sgancia la bomba: <em>\u201cIo sono sposato con Sonia da 23 anni in cui mentre con Sonia ho fatto 3 figli, con Laura ci vediamo ogni tanto di nascosto e facciamo ses*o*!\u201d<\/em>. Sonia e Laura ridono e gli dicono di smetterla di dire certe cose. <em>\u201cDomani mi richiamano tutti, anche mio marito e mi caccia di casa stavolta!\u201d,<\/em> esclama la freddi. Il conduttore commenta: \u201c<em>Ma tuo marito non \u00e8 quello che sta con mia moglie?\u201d.<\/em><\/p>\n<p>Laura si lancia e propone una sitcom a tre, Bonolis rilancia:<em> \u201cPerch\u00e9 non facciamo un\u2019orgia?\u201d<\/em>. Il presentatore poi chiarisce: <em>\u201cNon sono in imbarazzo ma non capisco perch\u00e8 la gente si interessa della vita altrui\u201d.<\/em><\/p>\n<figure class=\"caption\"><img decoding=\"async\" alt=\"\" width=\"640\" height=\"826\" src=\"https:\/\/files.gossip.it\/immagini_news\/2020\/07\/1593777508_freddi_bruganell-4.jpg\" \/><figcaption>Le due donne poco prima dell'inizio della trasmissione entrambe con la mascherina<\/figcaption><\/figure>\n<p><strong>Sonia Bruganelli <\/strong>elogia la Freddi: <em>\u201cE\u2019 una bellissima donna dal punto di vista interiore, infatti vi vedevo benissimo perch\u00e8 lui \u00e8 pulito, io riesco a sporcarmi un po\u2019 di pi\u00f9, lui invece\u2026\u201d. <\/em>Poi confida il desiderio di lavorare con lei: <em>\u201cIo e Laura abbiamo deciso di lavoreremo insieme!\u201d. <\/em>Bonolis \u00e8 colpito e dice:<em> \u201cSiete due persone bellissime con cui ho avuto la fortuna di condividere allora e oggi una parte bellissima della mia vita\u201d.<\/em> E\u2019 contento della possibilit\u00e0 di poter frequentare Laura con la sua famiglia e la piccola Ginevra. Cos\u00ec la moglie rilancia: <em>\u201cLaura da settembre potrebbe essere un nuovo acquisto di SDL Tv e Paolo Bonolis lo mettiamo in seconda serata!\u201d.<\/em><\/p>\n<p>\u00a0<\/p>\n","protected":false},"excerpt":{"rendered":"<p>Sonia Bruganelli e Laura Freddi sono insieme, sedute l\u2019una vicina all\u2019altra, in diretta sul web. Una volta per tutte svelano la verit\u00e0: \u201cCi odiamo oppure no?\u201d. La showgirl 48enne, ex storica, di Paolo Bonolis, \u00e8 ospite a Casa SDL della moglie 46enne del conduttore. I gossip sulla presunta rivalit\u00e0 tra le due si sono sempre [&hellip;]<\/p>\n","protected":false},"author":1,"featured_media":123593,"comment_status":"closed","ping_status":"closed","sticky":false,"template":"","format":"standard","meta":{"footnotes":""},"categories":[54],"tags":[60944,2176,2102,1896,1948,1881,2175,2177,60945,1967,5800],"vip":[1080,1466,1716],"class_list":["post-67547","post","type-post","status-publish","format-standard","has-post-thumbnail","hentry","category-news","tag-casa-sdl","tag-conduttore","tag-dichiarazioni","tag-diretta","tag-ex","tag-insieme","tag-moglie","tag-presentatore","tag-sdl-tv","tag-showgirl","tag-web","vip-laura_freddi","vip-paolo_bonolis","vip-sonia_bruganelli"],"yoast_head":"<title>Sonia Bruganelli e Laura Freddi insieme: &#039;Ci odiamo davvero?&#039;. La verit\u00e0 - Gossip.it | News sul Gossip e VIP<\/title>\n<meta name=\"description\" content=\"Sonia Bruganelli e Laura Freddi sono insieme, sedute l\u2019una vicina all\u2019altra, in diretta sul web. Una volta per tutte svelano la verit\u00e0: \u201cCi odiamo oppure\" \/>\n<meta name=\"robots\" content=\"index, follow, max-snippet:-1, max-image-preview:large, max-video-preview:-1\" \/>\n<link rel=\"canonical\" href=\"https:\/\/www.gossip.it\/news\/sonia-bruganelli-laura-freddi-insieme\/\" \/>\n<meta property=\"og:locale\" content=\"it_IT\" \/>\n<meta property=\"og:type\" content=\"article\" \/>\n<meta property=\"og:title\" content=\"Sonia Bruganelli e Laura Freddi insieme: &#039;Ci odiamo davvero?&#039;. La verit\u00e0 - Gossip.it | News sul Gossip e VIP\" \/>\n<meta property=\"og:description\" content=\"Sonia Bruganelli e Laura Freddi sono insieme, sedute l\u2019una vicina all\u2019altra, in diretta sul web. Una volta per tutte svelano la verit\u00e0: \u201cCi odiamo oppure\" \/>\n<meta property=\"og:url\" content=\"https:\/\/www.gossip.it\/news\/sonia-bruganelli-laura-freddi-insieme\/\" \/>\n<meta property=\"og:site_name\" content=\"Gossip.it | News sul Gossip e VIP\" \/>\n<meta property=\"article:publisher\" content=\"https:\/\/www.facebook.com\/GossipIT\" \/>\n<meta property=\"article:published_time\" content=\"2020-07-02T22:00:00+00:00\" \/>\n<meta property=\"og:image\" content=\"https:\/\/files.gossip.it\/immagini_news\/2020\/07\/1593777413_freddi_bruganelli_1.jpg\" \/>\n<meta name=\"author\" content=\"La Redazione\" \/>\n<meta name=\"twitter:card\" content=\"summary_large_image\" \/>\n<meta name=\"twitter:image\" content=\"https:\/\/files.gossip.it\/immagini_news\/2020\/07\/1593777413_freddi_bruganelli_1.jpg\" \/>\n<meta name=\"twitter:creator\" content=\"@gossinews_it\" \/>\n<meta name=\"twitter:site\" content=\"@gossinews_it\" \/>\n<meta name=\"twitter:label1\" content=\"Scritto da\" \/>\n\t<meta name=\"twitter:data1\" content=\"Annamaria Capozzi\" \/>\n\t<meta name=\"twitter:label2\" content=\"Tempo di lettura stimato\" \/>\n\t<meta name=\"twitter:data2\" content=\"3 minuti\" \/>","yoast_head_json":{"title":"Sonia Bruganelli e Laura Freddi insieme: 'Ci odiamo davvero?'. La verit\u00e0 - Gossip.it | News sul Gossip e VIP","description":"Sonia Bruganelli e Laura Freddi sono insieme, sedute l\u2019una vicina all\u2019altra, in diretta sul web. Una volta per tutte svelano la verit\u00e0: \u201cCi odiamo oppure","robots":{"index":"index","follow":"follow","max-snippet":"max-snippet:-1","max-image-preview":"max-image-preview:large","max-video-preview":"max-video-preview:-1"},"canonical":"https:\/\/www.gossip.it\/news\/sonia-bruganelli-laura-freddi-insieme\/","og_locale":"it_IT","og_type":"article","og_title":"Sonia Bruganelli e Laura Freddi insieme: 'Ci odiamo davvero?'. La verit\u00e0 - Gossip.it | News sul Gossip e VIP","og_description":"Sonia Bruganelli e Laura Freddi sono insieme, sedute l\u2019una vicina all\u2019altra, in diretta sul web. Una volta per tutte svelano la verit\u00e0: \u201cCi odiamo oppure","og_url":"https:\/\/www.gossip.it\/news\/sonia-bruganelli-laura-freddi-insieme\/","og_site_name":"Gossip.it | News sul Gossip e VIP","article_publisher":"https:\/\/www.facebook.com\/GossipIT","article_published_time":"2020-07-02T22:00:00+00:00","og_image":[{"url":"https:\/\/files.gossip.it\/immagini_news\/2020\/07\/1593777413_freddi_bruganelli_1.jpg"}],"author":"La Redazione","twitter_card":"summary_large_image","twitter_image":"https:\/\/files.gossip.it\/immagini_news\/2020\/07\/1593777413_freddi_bruganelli_1.jpg","twitter_creator":"@gossinews_it","twitter_site":"@gossinews_it","twitter_misc":{"Scritto da":"Annamaria Capozzi","Tempo di lettura stimato":"3 minuti"},"schema":{"@context":"https:\/\/schema.org","@graph":[{"@type":"Article","@id":"https:\/\/www.gossip.it\/news\/sonia-bruganelli-laura-freddi-insieme\/#article","isPartOf":{"@id":"https:\/\/www.gossip.it\/news\/sonia-bruganelli-laura-freddi-insieme\/"},"author":{"name":"La Redazione","@id":"https:\/\/www.gossip.it\/#\/schema\/person\/488896f75158bff1cc83c6c39d141110"},"headline":"Sonia Bruganelli e Laura Freddi insieme: 'Ci odiamo davvero?'. La verit\u00e0","datePublished":"2020-07-02T22:00:00+00:00","dateModified":"2020-07-02T22:00:00+00:00","mainEntityOfPage":{"@id":"https:\/\/www.gossip.it\/news\/sonia-bruganelli-laura-freddi-insieme\/"},"wordCount":629,"publisher":{"@id":"https:\/\/www.gossip.it\/#organization"},"image":{"@id":"https:\/\/www.gossip.it\/news\/sonia-bruganelli-laura-freddi-insieme\/#primaryimage"},"thumbnailUrl":"https:\/\/files.gossip.it\/immagini_news\/2020\/07\/1593777413_freddi_bruganelli_1.jpg","keywords":["casa sdl","conduttore","dichiarazioni","diretta","ex","insieme","moglie","presentatore","sdl tv","showgirl","web"],"articleSection":["News"],"inLanguage":"it-IT"},{"@type":"WebPage","@id":"https:\/\/www.gossip.it\/news\/sonia-bruganelli-laura-freddi-insieme\/","url":"https:\/\/www.gossip.it\/news\/sonia-bruganelli-laura-freddi-insieme\/","name":"Sonia Bruganelli e Laura Freddi insieme: 'Ci odiamo davvero?'. La verit\u00e0 - Gossip.it | News sul Gossip e VIP","isPartOf":{"@id":"https:\/\/www.gossip.it\/#website"},"primaryImageOfPage":{"@id":"https:\/\/www.gossip.it\/news\/sonia-bruganelli-laura-freddi-insieme\/#primaryimage"},"image":{"@id":"https:\/\/www.gossip.it\/news\/sonia-bruganelli-laura-freddi-insieme\/#primaryimage"},"thumbnailUrl":"https:\/\/files.gossip.it\/immagini_news\/2020\/07\/1593777413_freddi_bruganelli_1.jpg","datePublished":"2020-07-02T22:00:00+00:00","dateModified":"2020-07-02T22:00:00+00:00","description":"Sonia Bruganelli e Laura Freddi sono insieme, sedute l\u2019una vicina all\u2019altra, in diretta sul web. Una volta per tutte svelano la verit\u00e0: \u201cCi odiamo oppure","breadcrumb":{"@id":"https:\/\/www.gossip.it\/news\/sonia-bruganelli-laura-freddi-insieme\/#breadcrumb"},"inLanguage":"it-IT","potentialAction":[{"@type":"ReadAction","target":["https:\/\/www.gossip.it\/news\/sonia-bruganelli-laura-freddi-insieme\/"]}]},{"@type":"ImageObject","inLanguage":"it-IT","@id":"https:\/\/www.gossip.it\/news\/sonia-bruganelli-laura-freddi-insieme\/#primaryimage","url":"https:\/\/files.gossip.it\/immagini_news\/2020\/07\/1593777413_freddi_bruganelli_1.jpg","contentUrl":"https:\/\/files.gossip.it\/immagini_news\/2020\/07\/1593777413_freddi_bruganelli_1.jpg"},{"@type":"BreadcrumbList","@id":"https:\/\/www.gossip.it\/news\/sonia-bruganelli-laura-freddi-insieme\/#breadcrumb","itemListElement":[{"@type":"ListItem","position":1,"name":"Home","item":"https:\/\/www.gossip.it\/"},{"@type":"ListItem","position":2,"name":"Sonia Bruganelli e Laura Freddi insieme: 'Ci odiamo davvero?'. La verit\u00e0"}]},{"@type":"WebSite","@id":"https:\/\/www.gossip.it\/#website","url":"https:\/\/www.gossip.it\/","name":"Gossip and VIP News","description":"Quotidiano di cronaca rosa, costume e societ\u00e0","publisher":{"@id":"https:\/\/www.gossip.it\/#organization"},"alternateName":"Gossip and VIP News","potentialAction":[{"@type":"SearchAction","target":{"@type":"EntryPoint","urlTemplate":"https:\/\/www.gossip.it\/?s={search_term_string}"},"query-input":{"@type":"PropertyValueSpecification","valueRequired":true,"valueName":"search_term_string"}}],"inLanguage":"it-IT"},{"@type":"Organization","@id":"https:\/\/www.gossip.it\/#organization","name":"Gossip and VIP News","alternateName":"Gossip News","url":"https:\/\/www.gossip.it\/","logo":{"@type":"ImageObject","inLanguage":"it-IT","@id":"https:\/\/www.gossip.it\/#\/schema\/logo\/image\/","url":"https:\/\/www.gossip.it\/wp-content\/uploads\/2022\/04\/cropped-corna-alta-tiny.png","contentUrl":"https:\/\/www.gossip.it\/wp-content\/uploads\/2022\/04\/cropped-corna-alta-tiny.png","width":512,"height":512,"caption":"Gossip and VIP News"},"image":{"@id":"https:\/\/www.gossip.it\/#\/schema\/logo\/image\/"},"sameAs":["https:\/\/www.facebook.com\/GossipIT","https:\/\/x.com\/gossinews_it","https:\/\/instagram.com\/gossip_it"]},{"@type":"Person","@id":"https:\/\/www.gossip.it\/#\/schema\/person\/488896f75158bff1cc83c6c39d141110","name":"La Redazione","image":{"@type":"ImageObject","inLanguage":"it-IT","@id":"https:\/\/www.gossip.it\/#\/schema\/person\/image\/","url":"https:\/\/secure.gravatar.com\/avatar\/5a5f5c6fa3e6700e4249abdad0263a1e94e927d9e0499b1cb09c1cd29c044d80?s=96&d=mm&r=g","contentUrl":"https:\/\/secure.gravatar.com\/avatar\/5a5f5c6fa3e6700e4249abdad0263a1e94e927d9e0499b1cb09c1cd29c044d80?s=96&d=mm&r=g","caption":"La Redazione"},"sameAs":["https:\/\/www.gossip.it"]}]}},"amp_enabled":true,"_links":{"self":[{"href":"https:\/\/www.gossip.it\/api\/wp\/v2\/posts\/67547","targetHints":{"allow":["GET"]}}],"collection":[{"href":"https:\/\/www.gossip.it\/api\/wp\/v2\/posts"}],"about":[{"href":"https:\/\/www.gossip.it\/api\/wp\/v2\/types\/post"}],"author":[{"embeddable":true,"href":"https:\/\/www.gossip.it\/api\/wp\/v2\/users\/1"}],"replies":[{"embeddable":true,"href":"https:\/\/www.gossip.it\/api\/wp\/v2\/comments?post=67547"}],"version-history":[{"count":0,"href":"https:\/\/www.gossip.it\/api\/wp\/v2\/posts\/67547\/revisions"}],"wp:featuredmedia":[{"embeddable":true,"href":"https:\/\/www.gossip.it\/api\/wp\/v2\/media\/123593"}],"wp:attachment":[{"href":"https:\/\/www.gossip.it\/api\/wp\/v2\/media?parent=67547"}],"wp:term":[{"taxonomy":"category","embeddable":true,"href":"https:\/\/www.gossip.it\/api\/wp\/v2\/categories?post=67547"},{"taxonomy":"post_tag","embeddable":true,"href":"https:\/\/www.gossip.it\/api\/wp\/v2\/tags?post=67547"},{"taxonomy":"vip","embeddable":true,"href":"https:\/\/www.gossip.it\/api\/wp\/v2\/vip?post=67547"}],"curies":[{"name":"wp","href":"https:\/\/api.w.org\/{rel}","templated":true}]}}