{"id":67753,"date":"2020-08-05T00:00:00","date_gmt":"2020-08-04T22:00:00","guid":{"rendered":"https:\/\/www.gossip.it\/senza-categoria\/carlos-corona-festeggia-18-anni-party\/"},"modified":"2020-08-05T00:00:00","modified_gmt":"2020-08-04T22:00:00","slug":"carlos-corona-festeggia-18-anni-party","status":"publish","type":"post","link":"https:\/\/www.gossip.it\/news\/carlos-corona-festeggia-18-anni-party\/","title":{"rendered":"Carlos Corona festeggia i 18 anni con party in un locale: il padre triste perch\u00e9 non potr\u00e0 andare"},"content":{"rendered":"<p><a href=\"\/vip\/carlos-corona\/\">Carlos Corona<\/a> <strong>festeggia<\/strong> i <strong>18 anni <\/strong>con un super <strong>party<\/strong> in un locale. <a href=\"\/vip\/fabrizio-corona\/\">Fabrizio Corona<\/a>, suo padre, lo annuncia via social e si dice triste perch\u00e9 non potr\u00e0 andare: il magistrato di Sorveglianza non gli ha dato il permesso di partecipare all\u2019evento previsto per sabato 8 agosto e che celebrer\u00e0 la maggiore et\u00e0 dell\u2019adorato figlio avuto dall\u2019ex <a href=\"\/vip\/nina-moric\/\">Nina Moric<\/a>, che alla festa invece ci sar\u00e0.<\/p>\n<figure class=\"caption\"><img decoding=\"async\" alt=\"Carlos Corona festeggia i 18 anni con party in un locale: il padre triste perch\u00e9 non potr\u00e0 andare\" width=\"640\" height=\"367\" src=\"https:\/\/files.gossip.it\/immagini_news\/2020\/08\/1596620797_corona_carlos.jpg\" \/><figcaption>Carlos Corona festeggia i 18 anni con party in un locale: il padre triste perch\u00e9 non potr\u00e0 andare<\/figcaption><\/figure>\n<p><em>\u201cSabato 8 agosto \u00e8 il compleanno di <strong>Carlos<\/strong> Maria. Non \u00e8 un compleanno normale: <strong>Carlos<\/strong> Maria compie <strong>18 anni<\/strong>. E\u2019 l\u2019et\u00e0 pi\u00f9 importante per qualsiasi ragazzo, ma soprattutto per lui ha un significato enorme, per quello che ha vissuto, per la vita difficile che ha avuto durante tutti questi anni, per gli accadimenti che sono successi e conoscete tutti\u201d<\/em>, spiega il 46enne nel video postato sul social. Accanto a lui c\u2019\u00e8 il figlio in rigoroso silenzio.<\/p>\n<div class=\"video_integrato\" data-videoid=\"7070\" data-autostart=\"true\">\u00a0<\/div>\n<p><em>\u201cSuo padre \u00e8 mancato per moltissimi anni, ha fatto una vita avanti e indietro dalla galera e lui ha vissuto quello che pochi ragazzi vivono: l\u2019allontanamento dal padre, dalla famiglia, ha frequentato dei posti che non sono per ragazzi della sua et\u00e0<\/em> - continua Fabrizio - <em>Quindi abbiamo deciso di festeggiare il suo compleanno con una festa unica, con tutti i suoi famigliari, i suoi amici e i suoi parenti, persone che gli sono care: sabato 8 agosto\u201d.<\/em><\/p>\n<p>Fabrizio Corona poi svela: <em>\u201cPurtroppo il magistrato di Sorveglianza non mi ha dato il permesso di partecipare e io rispetto le regole che mi vengono imposte, ma noi festeggeremo lo stesso perch\u00e9 <strong>Carlos<\/strong> merita una festa unica e indimenticabile\u201d.<\/em><\/p>\n<figure class=\"caption\"><img decoding=\"async\" alt=\"\" width=\"640\" height=\"640\" src=\"https:\/\/files.gossip.it\/immagini_news\/2020\/08\/1596621316_nina_moric (1).jpg\" \/><figcaption>Nina Moric invece alla festa del figlio ci sar\u00e0<\/figcaption><\/figure>\n<p><em>\u201cFesteggeremo tutti insieme alla Favola Beach, locale in provincia di Torino. Ci sar\u00e0 lui, ci saranno tutti i suoi amici, ci sar\u00e0 sua mamma, i suoi parenti\u2026e ci sar\u00f2 anche io! <\/em>- dice l\u2019imprenditore - <em>Non potr\u00f2 partecipare l\u00ec fisicamente, ma non posso mancare a un evento cos\u00ec importante. Per la prima volta, non l\u2019ho fatto mai finora, mi collegher\u00f2 via Instagram, far\u00f2 la mia prima diretta. Visto che non mi \u00e8 stato dato modo di partecipare fisicamente, lo far\u00f2 virtualmente: sar\u00f2 alla festa dei <strong>18 anni<\/strong> di mio figlio <strong>Carlos<\/strong> Maria insieme a tutti\u201d.<\/em><\/p>\n<p><em>\u201c<strong>Carlos<\/strong> \u00e8 la cosa pi\u00f9 importante della mia vita\u201d<\/em>, sottolinea Corona, che invita tutti a collegarsi via social alla diretta. <em>\u201cDar\u00f2 la possibilit\u00e0 a molti di collegarsi per festeggiare insieme a noi\u201d, <\/em>precisa ancora.<\/p>\n<p>\u00a0<\/p>\n","protected":false},"excerpt":{"rendered":"<p>Carlos Corona festeggia i 18 anni con un super party in un locale. Fabrizio Corona, suo padre, lo annuncia via social e si dice triste perch\u00e9 non potr\u00e0 andare: il magistrato di Sorveglianza non gli ha dato il permesso di partecipare all\u2019evento previsto per sabato 8 agosto e che celebrer\u00e0 la maggiore et\u00e0 dell\u2019adorato figlio [&hellip;]<\/p>\n","protected":false},"author":1,"featured_media":123799,"comment_status":"closed","ping_status":"closed","sticky":false,"template":"","format":"standard","meta":{"footnotes":""},"categories":[54],"tags":[8901,1917,61014,1907,11846,1942,2121,1965,1923],"vip":[447,719],"class_list":["post-67753","post","type-post","status-publish","format-standard","has-post-thumbnail","hentry","category-news","tag-18-anni","tag-annuncio","tag-favola-beach","tag-festa","tag-festeggia","tag-figlio","tag-instagram","tag-party","tag-social","vip-carlos_corona","vip-fabrizio_corona"],"yoast_head":"<title>Carlos Corona festeggia i 18 anni con party in un locale: il padre triste perch\u00e9 non potr\u00e0 andare - Gossip.it | News sul Gossip e VIP<\/title>\n<meta name=\"description\" content=\"Carlos Corona festeggia i 18 anni con un super party in un locale. Fabrizio Corona, suo padre, lo annuncia via social e si dice triste perch\u00e9 non potr\u00e0\" \/>\n<meta name=\"robots\" content=\"index, follow, max-snippet:-1, max-image-preview:large, max-video-preview:-1\" \/>\n<link rel=\"canonical\" href=\"https:\/\/www.gossip.it\/news\/carlos-corona-festeggia-18-anni-party\/\" \/>\n<meta property=\"og:locale\" content=\"it_IT\" \/>\n<meta property=\"og:type\" content=\"article\" \/>\n<meta property=\"og:title\" content=\"Carlos Corona festeggia i 18 anni con party in un locale: il padre triste perch\u00e9 non potr\u00e0 andare - Gossip.it | News sul Gossip e VIP\" \/>\n<meta property=\"og:description\" content=\"Carlos Corona festeggia i 18 anni con un super party in un locale. Fabrizio Corona, suo padre, lo annuncia via social e si dice triste perch\u00e9 non potr\u00e0\" \/>\n<meta property=\"og:url\" content=\"https:\/\/www.gossip.it\/news\/carlos-corona-festeggia-18-anni-party\/\" \/>\n<meta property=\"og:site_name\" content=\"Gossip.it | News sul Gossip e VIP\" \/>\n<meta property=\"article:publisher\" content=\"https:\/\/www.facebook.com\/GossipIT\" \/>\n<meta property=\"article:published_time\" content=\"2020-08-04T22:00:00+00:00\" \/>\n<meta property=\"og:image\" content=\"https:\/\/files.gossip.it\/immagini_news\/2020\/08\/1596620797_corona_carlos.jpg\" \/>\n<meta name=\"author\" content=\"La Redazione\" \/>\n<meta name=\"twitter:card\" content=\"summary_large_image\" \/>\n<meta name=\"twitter:image\" content=\"https:\/\/files.gossip.it\/immagini_news\/2020\/08\/1596620797_corona_carlos.jpg\" \/>\n<meta name=\"twitter:creator\" content=\"@gossinews_it\" \/>\n<meta name=\"twitter:site\" content=\"@gossinews_it\" \/>\n<meta name=\"twitter:label1\" content=\"Scritto da\" \/>\n\t<meta name=\"twitter:data1\" content=\"Annamaria Capozzi\" \/>\n\t<meta name=\"twitter:label2\" content=\"Tempo di lettura stimato\" \/>\n\t<meta name=\"twitter:data2\" content=\"2 minuti\" \/>","yoast_head_json":{"title":"Carlos Corona festeggia i 18 anni con party in un locale: il padre triste perch\u00e9 non potr\u00e0 andare - Gossip.it | News sul Gossip e VIP","description":"Carlos Corona festeggia i 18 anni con un super party in un locale. Fabrizio Corona, suo padre, lo annuncia via social e si dice triste perch\u00e9 non potr\u00e0","robots":{"index":"index","follow":"follow","max-snippet":"max-snippet:-1","max-image-preview":"max-image-preview:large","max-video-preview":"max-video-preview:-1"},"canonical":"https:\/\/www.gossip.it\/news\/carlos-corona-festeggia-18-anni-party\/","og_locale":"it_IT","og_type":"article","og_title":"Carlos Corona festeggia i 18 anni con party in un locale: il padre triste perch\u00e9 non potr\u00e0 andare - Gossip.it | News sul Gossip e VIP","og_description":"Carlos Corona festeggia i 18 anni con un super party in un locale. Fabrizio Corona, suo padre, lo annuncia via social e si dice triste perch\u00e9 non potr\u00e0","og_url":"https:\/\/www.gossip.it\/news\/carlos-corona-festeggia-18-anni-party\/","og_site_name":"Gossip.it | News sul Gossip e VIP","article_publisher":"https:\/\/www.facebook.com\/GossipIT","article_published_time":"2020-08-04T22:00:00+00:00","og_image":[{"url":"https:\/\/files.gossip.it\/immagini_news\/2020\/08\/1596620797_corona_carlos.jpg"}],"author":"La Redazione","twitter_card":"summary_large_image","twitter_image":"https:\/\/files.gossip.it\/immagini_news\/2020\/08\/1596620797_corona_carlos.jpg","twitter_creator":"@gossinews_it","twitter_site":"@gossinews_it","twitter_misc":{"Scritto da":"Annamaria Capozzi","Tempo di lettura stimato":"2 minuti"},"schema":{"@context":"https:\/\/schema.org","@graph":[{"@type":"Article","@id":"https:\/\/www.gossip.it\/news\/carlos-corona-festeggia-18-anni-party\/#article","isPartOf":{"@id":"https:\/\/www.gossip.it\/news\/carlos-corona-festeggia-18-anni-party\/"},"author":{"name":"La Redazione","@id":"https:\/\/www.gossip.it\/#\/schema\/person\/488896f75158bff1cc83c6c39d141110"},"headline":"Carlos Corona festeggia i 18 anni con party in un locale: il padre triste perch\u00e9 non potr\u00e0 andare","datePublished":"2020-08-04T22:00:00+00:00","dateModified":"2020-08-04T22:00:00+00:00","mainEntityOfPage":{"@id":"https:\/\/www.gossip.it\/news\/carlos-corona-festeggia-18-anni-party\/"},"wordCount":427,"publisher":{"@id":"https:\/\/www.gossip.it\/#organization"},"image":{"@id":"https:\/\/www.gossip.it\/news\/carlos-corona-festeggia-18-anni-party\/#primaryimage"},"thumbnailUrl":"https:\/\/files.gossip.it\/immagini_news\/2020\/08\/1596620797_corona_carlos.jpg","keywords":["18 anni","annuncio","favola beach","festa","festeggia","figlio","instagram","party","social"],"articleSection":["News"],"inLanguage":"it-IT"},{"@type":"WebPage","@id":"https:\/\/www.gossip.it\/news\/carlos-corona-festeggia-18-anni-party\/","url":"https:\/\/www.gossip.it\/news\/carlos-corona-festeggia-18-anni-party\/","name":"Carlos Corona festeggia i 18 anni con party in un locale: il padre triste perch\u00e9 non potr\u00e0 andare - Gossip.it | News sul Gossip e VIP","isPartOf":{"@id":"https:\/\/www.gossip.it\/#website"},"primaryImageOfPage":{"@id":"https:\/\/www.gossip.it\/news\/carlos-corona-festeggia-18-anni-party\/#primaryimage"},"image":{"@id":"https:\/\/www.gossip.it\/news\/carlos-corona-festeggia-18-anni-party\/#primaryimage"},"thumbnailUrl":"https:\/\/files.gossip.it\/immagini_news\/2020\/08\/1596620797_corona_carlos.jpg","datePublished":"2020-08-04T22:00:00+00:00","dateModified":"2020-08-04T22:00:00+00:00","description":"Carlos Corona festeggia i 18 anni con un super party in un locale. Fabrizio Corona, suo padre, lo annuncia via social e si dice triste perch\u00e9 non potr\u00e0","breadcrumb":{"@id":"https:\/\/www.gossip.it\/news\/carlos-corona-festeggia-18-anni-party\/#breadcrumb"},"inLanguage":"it-IT","potentialAction":[{"@type":"ReadAction","target":["https:\/\/www.gossip.it\/news\/carlos-corona-festeggia-18-anni-party\/"]}]},{"@type":"ImageObject","inLanguage":"it-IT","@id":"https:\/\/www.gossip.it\/news\/carlos-corona-festeggia-18-anni-party\/#primaryimage","url":"https:\/\/files.gossip.it\/immagini_news\/2020\/08\/1596620797_corona_carlos.jpg","contentUrl":"https:\/\/files.gossip.it\/immagini_news\/2020\/08\/1596620797_corona_carlos.jpg"},{"@type":"BreadcrumbList","@id":"https:\/\/www.gossip.it\/news\/carlos-corona-festeggia-18-anni-party\/#breadcrumb","itemListElement":[{"@type":"ListItem","position":1,"name":"Home","item":"https:\/\/www.gossip.it\/"},{"@type":"ListItem","position":2,"name":"Carlos Corona festeggia i 18 anni con party in un locale: il padre triste perch\u00e9 non potr\u00e0 andare"}]},{"@type":"WebSite","@id":"https:\/\/www.gossip.it\/#website","url":"https:\/\/www.gossip.it\/","name":"Gossip and VIP News","description":"Quotidiano di cronaca rosa, costume e societ\u00e0","publisher":{"@id":"https:\/\/www.gossip.it\/#organization"},"alternateName":"Gossip and VIP News","potentialAction":[{"@type":"SearchAction","target":{"@type":"EntryPoint","urlTemplate":"https:\/\/www.gossip.it\/?s={search_term_string}"},"query-input":{"@type":"PropertyValueSpecification","valueRequired":true,"valueName":"search_term_string"}}],"inLanguage":"it-IT"},{"@type":"Organization","@id":"https:\/\/www.gossip.it\/#organization","name":"Gossip and VIP News","alternateName":"Gossip News","url":"https:\/\/www.gossip.it\/","logo":{"@type":"ImageObject","inLanguage":"it-IT","@id":"https:\/\/www.gossip.it\/#\/schema\/logo\/image\/","url":"https:\/\/www.gossip.it\/wp-content\/uploads\/2022\/04\/cropped-corna-alta-tiny.png","contentUrl":"https:\/\/www.gossip.it\/wp-content\/uploads\/2022\/04\/cropped-corna-alta-tiny.png","width":512,"height":512,"caption":"Gossip and VIP News"},"image":{"@id":"https:\/\/www.gossip.it\/#\/schema\/logo\/image\/"},"sameAs":["https:\/\/www.facebook.com\/GossipIT","https:\/\/x.com\/gossinews_it","https:\/\/instagram.com\/gossip_it"]},{"@type":"Person","@id":"https:\/\/www.gossip.it\/#\/schema\/person\/488896f75158bff1cc83c6c39d141110","name":"La Redazione","image":{"@type":"ImageObject","inLanguage":"it-IT","@id":"https:\/\/www.gossip.it\/#\/schema\/person\/image\/","url":"https:\/\/secure.gravatar.com\/avatar\/5a5f5c6fa3e6700e4249abdad0263a1e94e927d9e0499b1cb09c1cd29c044d80?s=96&d=mm&r=g","contentUrl":"https:\/\/secure.gravatar.com\/avatar\/5a5f5c6fa3e6700e4249abdad0263a1e94e927d9e0499b1cb09c1cd29c044d80?s=96&d=mm&r=g","caption":"La Redazione"},"sameAs":["https:\/\/www.gossip.it"]}]}},"amp_enabled":true,"_links":{"self":[{"href":"https:\/\/www.gossip.it\/api\/wp\/v2\/posts\/67753","targetHints":{"allow":["GET"]}}],"collection":[{"href":"https:\/\/www.gossip.it\/api\/wp\/v2\/posts"}],"about":[{"href":"https:\/\/www.gossip.it\/api\/wp\/v2\/types\/post"}],"author":[{"embeddable":true,"href":"https:\/\/www.gossip.it\/api\/wp\/v2\/users\/1"}],"replies":[{"embeddable":true,"href":"https:\/\/www.gossip.it\/api\/wp\/v2\/comments?post=67753"}],"version-history":[{"count":0,"href":"https:\/\/www.gossip.it\/api\/wp\/v2\/posts\/67753\/revisions"}],"wp:featuredmedia":[{"embeddable":true,"href":"https:\/\/www.gossip.it\/api\/wp\/v2\/media\/123799"}],"wp:attachment":[{"href":"https:\/\/www.gossip.it\/api\/wp\/v2\/media?parent=67753"}],"wp:term":[{"taxonomy":"category","embeddable":true,"href":"https:\/\/www.gossip.it\/api\/wp\/v2\/categories?post=67753"},{"taxonomy":"post_tag","embeddable":true,"href":"https:\/\/www.gossip.it\/api\/wp\/v2\/tags?post=67753"},{"taxonomy":"vip","embeddable":true,"href":"https:\/\/www.gossip.it\/api\/wp\/v2\/vip?post=67753"}],"curies":[{"name":"wp","href":"https:\/\/api.w.org\/{rel}","templated":true}]}}