{"id":67767,"date":"2020-08-06T00:00:00","date_gmt":"2020-08-05T22:00:00","guid":{"rendered":"https:\/\/www.gossip.it\/senza-categoria\/marco-bocci-look-anni-80-festa-compleanno\/"},"modified":"2020-08-06T00:00:00","modified_gmt":"2020-08-05T22:00:00","slug":"marco-bocci-look-anni-80-festa-compleanno","status":"publish","type":"post","link":"https:\/\/www.gossip.it\/news\/marco-bocci-look-anni-80-festa-compleanno\/","title":{"rendered":"Marco Bocci, look anni '80 con l'orecchino con la croce per la festa di compleanno: foto"},"content":{"rendered":"<p><a href=\"\/vip\/marco-bocci\/\">Marco Bocci<\/a> sceglie un <strong>look anni \u201980<\/strong> con tanto di orecchino con la croce pentente per celebrare la sua <strong>festa<\/strong> di <strong>compleanno<\/strong>. <a href=\"\/vip\/laura-chiatti\/\">Laura Chiatti<\/a> gli organizza uno splendido\u00a0 party all\u2019aperto per i suoi 42 anni e gli fa un regalo pazzesco, che lui scopre solo durante i festeggiamenti: una motocicletta.<\/p>\n<figure class=\"caption\"><img decoding=\"async\" alt=\"Marco Bocci, look anni '80 con l'orecchino con la croce per la festa di compleanno: foto\" width=\"640\" height=\"640\" src=\"https:\/\/files.gossip.it\/immagini_news\/2020\/08\/1596718642_Bocci_1 (1).jpg\" \/><figcaption>Marco Bocci, look anni '80 con l'orecchino con la croce per la festa di compleanno: foto<\/figcaption><\/figure>\n<p>Sembrerebbe avere tutta l\u2019aria di un Harley Davidson la potente e ruggente due ruote che la Chiatti regala al marito. Lo benda prima di mostrargli il suo dono, poi lo porta dove \u00e8 parcheggiata la moto, Marco \u00e8 circondato da un mare di amici: quando finalmente pu\u00f2 scoprire cosa ha scelto Laura per farlo contento, rimane stupefatto.<\/p>\n<figure class=\"caption\"><img decoding=\"async\" alt=\"\" width=\"640\" height=\"1029\" src=\"https:\/\/files.gossip.it\/immagini_news\/2020\/08\/1596718664_Bocci_2.jpg\" \/><figcaption>L'attore compie 42 anni e per il party opta per un outfit casual<\/figcaption><\/figure>\n<p>L\u2019attore indossa jeans comodi bianchi e t-shirt in tono. Sopra ha un gilet in denim: porta i capelli assai lunghi e ha un vistoso orecchino a cerchio con una croce pendente, sembra un cantante rock degli anni \u201980.<\/p>\n<figure class=\"caption\"><img decoding=\"async\" alt=\"\" width=\"640\" height=\"1112\" src=\"https:\/\/files.gossip.it\/immagini_news\/2020\/08\/1596718715_Bocci_3.jpg\" \/><figcaption>La moglie gli regala una motocicletta<\/figcaption><\/figure>\n<p><strong>Marco Bocci<\/strong> \u00e8 felice. Si gode il <strong>compleanno<\/strong> con i suoi affetti pi\u00f9 cari. Genitore felice con la bionda di Enea, 5 anni, e Pablo, 4 poi sul social ringrazia Laura e le fa una dedica.<\/p>\n<figure class=\"caption\"><img decoding=\"async\" alt=\"\" width=\"640\" height=\"837\" src=\"https:\/\/files.gossip.it\/immagini_news\/2020\/08\/1596718742_bocci_4.jpg\" \/><figcaption>I due sono innamoratissimi<\/figcaption><\/figure>\n<p><em>\u201cGrazie per la bellissima serata, sei sempre la numero uno, sempre inevitabile e magnifica follia... in ogni cosa\u201d, <\/em>scrive Bocci postando una foto che lo ritrae con la bella 38enne mentre i due si scambiano un bacio.<\/p>\n<figure class=\"caption\"><img decoding=\"async\" alt=\"\" width=\"640\" height=\"640\" src=\"https:\/\/files.gossip.it\/immagini_news\/2020\/08\/1596718768_Bocci_5.jpg\" \/><figcaption>I due con l'organizzatrice dell'evento in giardino all'aperto<\/figcaption><\/figure>\n<p>Lei subito replica:<em> \u201cGrazie a te amore\u201d. <\/em>Ha trovato accanto a s\u00e9 la sua anima gemella e per lui desidera sempre il meglio.<\/p>\n<p>\u00a0<\/p>\n<p>\u00a0<\/p>\n","protected":false},"excerpt":{"rendered":"<p>Marco Bocci sceglie un look anni \u201980 con tanto di orecchino con la croce pentente per celebrare la sua festa di compleanno. Laura Chiatti gli organizza uno splendido\u00a0 party all\u2019aperto per i suoi 42 anni e gli fa un regalo pazzesco, che lui scopre solo durante i festeggiamenti: una motocicletta. Marco Bocci, look anni '80 [&hellip;]<\/p>\n","protected":false},"author":1,"featured_media":123813,"comment_status":"closed","ping_status":"closed","sticky":false,"template":"","format":"standard","meta":{"footnotes":""},"categories":[54],"tags":[2614,2137,1983,1904,1907,2121,1970,2677,10633,1965,1923,2142],"vip":[1077,1201],"class_list":["post-67767","post","type-post","status-publish","format-standard","has-post-thumbnail","hentry","category-news","tag-anni-80","tag-attore","tag-attrice","tag-compleanno","tag-festa","tag-instagram","tag-look","tag-moto","tag-outfit","tag-party","tag-social","tag-stories","vip-laura_chiatti","vip-marco_bocci"],"yoast_head":"<title>Marco Bocci, look anni &#039;80 con l&#039;orecchino con la croce per la festa di compleanno: foto - Gossip.it | News sul Gossip e VIP<\/title>\n<meta name=\"description\" content=\"Marco Bocci sceglie un look anni \u201980 con tanto di orecchino con la croce pentente per celebrare la sua festa di compleanno. Laura Chiatti gli organizza\" \/>\n<meta name=\"robots\" content=\"index, follow, max-snippet:-1, max-image-preview:large, max-video-preview:-1\" \/>\n<link rel=\"canonical\" href=\"https:\/\/www.gossip.it\/news\/marco-bocci-look-anni-80-festa-compleanno\/\" \/>\n<meta property=\"og:locale\" content=\"it_IT\" \/>\n<meta property=\"og:type\" content=\"article\" \/>\n<meta property=\"og:title\" content=\"Marco Bocci, look anni &#039;80 con l&#039;orecchino con la croce per la festa di compleanno: foto - Gossip.it | News sul Gossip e VIP\" \/>\n<meta property=\"og:description\" content=\"Marco Bocci sceglie un look anni \u201980 con tanto di orecchino con la croce pentente per celebrare la sua festa di compleanno. Laura Chiatti gli organizza\" \/>\n<meta property=\"og:url\" content=\"https:\/\/www.gossip.it\/news\/marco-bocci-look-anni-80-festa-compleanno\/\" \/>\n<meta property=\"og:site_name\" content=\"Gossip.it | News sul Gossip e VIP\" \/>\n<meta property=\"article:publisher\" content=\"https:\/\/www.facebook.com\/GossipIT\" \/>\n<meta property=\"article:published_time\" content=\"2020-08-05T22:00:00+00:00\" \/>\n<meta property=\"og:image\" content=\"https:\/\/files.gossip.it\/immagini_news\/2020\/08\/1596718642_Bocci_1%20(1).jpg\" \/>\n<meta name=\"author\" content=\"La Redazione\" \/>\n<meta name=\"twitter:card\" content=\"summary_large_image\" \/>\n<meta name=\"twitter:image\" content=\"https:\/\/files.gossip.it\/immagini_news\/2020\/08\/1596718642_Bocci_1%20(1).jpg\" \/>\n<meta name=\"twitter:creator\" content=\"@gossinews_it\" \/>\n<meta name=\"twitter:site\" content=\"@gossinews_it\" \/>\n<meta name=\"twitter:label1\" content=\"Scritto da\" \/>\n\t<meta name=\"twitter:data1\" content=\"Annamaria Capozzi\" \/>\n\t<meta name=\"twitter:label2\" content=\"Tempo di lettura stimato\" \/>\n\t<meta name=\"twitter:data2\" content=\"1 minuto\" \/>","yoast_head_json":{"title":"Marco Bocci, look anni '80 con l'orecchino con la croce per la festa di compleanno: foto - Gossip.it | News sul Gossip e VIP","description":"Marco Bocci sceglie un look anni \u201980 con tanto di orecchino con la croce pentente per celebrare la sua festa di compleanno. Laura Chiatti gli organizza","robots":{"index":"index","follow":"follow","max-snippet":"max-snippet:-1","max-image-preview":"max-image-preview:large","max-video-preview":"max-video-preview:-1"},"canonical":"https:\/\/www.gossip.it\/news\/marco-bocci-look-anni-80-festa-compleanno\/","og_locale":"it_IT","og_type":"article","og_title":"Marco Bocci, look anni '80 con l'orecchino con la croce per la festa di compleanno: foto - Gossip.it | News sul Gossip e VIP","og_description":"Marco Bocci sceglie un look anni \u201980 con tanto di orecchino con la croce pentente per celebrare la sua festa di compleanno. Laura Chiatti gli organizza","og_url":"https:\/\/www.gossip.it\/news\/marco-bocci-look-anni-80-festa-compleanno\/","og_site_name":"Gossip.it | News sul Gossip e VIP","article_publisher":"https:\/\/www.facebook.com\/GossipIT","article_published_time":"2020-08-05T22:00:00+00:00","og_image":[{"url":"https:\/\/files.gossip.it\/immagini_news\/2020\/08\/1596718642_Bocci_1 (1).jpg"}],"author":"La Redazione","twitter_card":"summary_large_image","twitter_image":"https:\/\/files.gossip.it\/immagini_news\/2020\/08\/1596718642_Bocci_1 (1).jpg","twitter_creator":"@gossinews_it","twitter_site":"@gossinews_it","twitter_misc":{"Scritto da":"Annamaria Capozzi","Tempo di lettura stimato":"1 minuto"},"schema":{"@context":"https:\/\/schema.org","@graph":[{"@type":"Article","@id":"https:\/\/www.gossip.it\/news\/marco-bocci-look-anni-80-festa-compleanno\/#article","isPartOf":{"@id":"https:\/\/www.gossip.it\/news\/marco-bocci-look-anni-80-festa-compleanno\/"},"author":{"name":"La Redazione","@id":"https:\/\/www.gossip.it\/#\/schema\/person\/488896f75158bff1cc83c6c39d141110"},"headline":"Marco Bocci, look anni '80 con l'orecchino con la croce per la festa di compleanno: foto","datePublished":"2020-08-05T22:00:00+00:00","dateModified":"2020-08-05T22:00:00+00:00","mainEntityOfPage":{"@id":"https:\/\/www.gossip.it\/news\/marco-bocci-look-anni-80-festa-compleanno\/"},"wordCount":302,"publisher":{"@id":"https:\/\/www.gossip.it\/#organization"},"image":{"@id":"https:\/\/www.gossip.it\/news\/marco-bocci-look-anni-80-festa-compleanno\/#primaryimage"},"thumbnailUrl":"https:\/\/files.gossip.it\/immagini_news\/2020\/08\/1596718642_Bocci_1 (1).jpg","keywords":["anni 80","attore","attrice","compleanno","festa","instagram","look","moto","outfit","party","social","stories"],"articleSection":["News"],"inLanguage":"it-IT"},{"@type":"WebPage","@id":"https:\/\/www.gossip.it\/news\/marco-bocci-look-anni-80-festa-compleanno\/","url":"https:\/\/www.gossip.it\/news\/marco-bocci-look-anni-80-festa-compleanno\/","name":"Marco Bocci, look anni '80 con l'orecchino con la croce per la festa di compleanno: foto - Gossip.it | News sul Gossip e VIP","isPartOf":{"@id":"https:\/\/www.gossip.it\/#website"},"primaryImageOfPage":{"@id":"https:\/\/www.gossip.it\/news\/marco-bocci-look-anni-80-festa-compleanno\/#primaryimage"},"image":{"@id":"https:\/\/www.gossip.it\/news\/marco-bocci-look-anni-80-festa-compleanno\/#primaryimage"},"thumbnailUrl":"https:\/\/files.gossip.it\/immagini_news\/2020\/08\/1596718642_Bocci_1 (1).jpg","datePublished":"2020-08-05T22:00:00+00:00","dateModified":"2020-08-05T22:00:00+00:00","description":"Marco Bocci sceglie un look anni \u201980 con tanto di orecchino con la croce pentente per celebrare la sua festa di compleanno. Laura Chiatti gli organizza","breadcrumb":{"@id":"https:\/\/www.gossip.it\/news\/marco-bocci-look-anni-80-festa-compleanno\/#breadcrumb"},"inLanguage":"it-IT","potentialAction":[{"@type":"ReadAction","target":["https:\/\/www.gossip.it\/news\/marco-bocci-look-anni-80-festa-compleanno\/"]}]},{"@type":"ImageObject","inLanguage":"it-IT","@id":"https:\/\/www.gossip.it\/news\/marco-bocci-look-anni-80-festa-compleanno\/#primaryimage","url":"https:\/\/files.gossip.it\/immagini_news\/2020\/08\/1596718642_Bocci_1 (1).jpg","contentUrl":"https:\/\/files.gossip.it\/immagini_news\/2020\/08\/1596718642_Bocci_1 (1).jpg"},{"@type":"BreadcrumbList","@id":"https:\/\/www.gossip.it\/news\/marco-bocci-look-anni-80-festa-compleanno\/#breadcrumb","itemListElement":[{"@type":"ListItem","position":1,"name":"Home","item":"https:\/\/www.gossip.it\/"},{"@type":"ListItem","position":2,"name":"Marco Bocci, look anni '80 con l'orecchino con la croce per la festa di compleanno: foto"}]},{"@type":"WebSite","@id":"https:\/\/www.gossip.it\/#website","url":"https:\/\/www.gossip.it\/","name":"Gossip and VIP News","description":"Quotidiano di cronaca rosa, costume e societ\u00e0","publisher":{"@id":"https:\/\/www.gossip.it\/#organization"},"alternateName":"Gossip and VIP News","potentialAction":[{"@type":"SearchAction","target":{"@type":"EntryPoint","urlTemplate":"https:\/\/www.gossip.it\/?s={search_term_string}"},"query-input":{"@type":"PropertyValueSpecification","valueRequired":true,"valueName":"search_term_string"}}],"inLanguage":"it-IT"},{"@type":"Organization","@id":"https:\/\/www.gossip.it\/#organization","name":"Gossip and VIP News","alternateName":"Gossip News","url":"https:\/\/www.gossip.it\/","logo":{"@type":"ImageObject","inLanguage":"it-IT","@id":"https:\/\/www.gossip.it\/#\/schema\/logo\/image\/","url":"https:\/\/www.gossip.it\/wp-content\/uploads\/2022\/04\/cropped-corna-alta-tiny.png","contentUrl":"https:\/\/www.gossip.it\/wp-content\/uploads\/2022\/04\/cropped-corna-alta-tiny.png","width":512,"height":512,"caption":"Gossip and VIP News"},"image":{"@id":"https:\/\/www.gossip.it\/#\/schema\/logo\/image\/"},"sameAs":["https:\/\/www.facebook.com\/GossipIT","https:\/\/x.com\/gossinews_it","https:\/\/instagram.com\/gossip_it"]},{"@type":"Person","@id":"https:\/\/www.gossip.it\/#\/schema\/person\/488896f75158bff1cc83c6c39d141110","name":"La Redazione","image":{"@type":"ImageObject","inLanguage":"it-IT","@id":"https:\/\/www.gossip.it\/#\/schema\/person\/image\/","url":"https:\/\/secure.gravatar.com\/avatar\/5a5f5c6fa3e6700e4249abdad0263a1e94e927d9e0499b1cb09c1cd29c044d80?s=96&d=mm&r=g","contentUrl":"https:\/\/secure.gravatar.com\/avatar\/5a5f5c6fa3e6700e4249abdad0263a1e94e927d9e0499b1cb09c1cd29c044d80?s=96&d=mm&r=g","caption":"La Redazione"},"sameAs":["https:\/\/www.gossip.it"]}]}},"amp_enabled":true,"_links":{"self":[{"href":"https:\/\/www.gossip.it\/api\/wp\/v2\/posts\/67767","targetHints":{"allow":["GET"]}}],"collection":[{"href":"https:\/\/www.gossip.it\/api\/wp\/v2\/posts"}],"about":[{"href":"https:\/\/www.gossip.it\/api\/wp\/v2\/types\/post"}],"author":[{"embeddable":true,"href":"https:\/\/www.gossip.it\/api\/wp\/v2\/users\/1"}],"replies":[{"embeddable":true,"href":"https:\/\/www.gossip.it\/api\/wp\/v2\/comments?post=67767"}],"version-history":[{"count":0,"href":"https:\/\/www.gossip.it\/api\/wp\/v2\/posts\/67767\/revisions"}],"wp:featuredmedia":[{"embeddable":true,"href":"https:\/\/www.gossip.it\/api\/wp\/v2\/media\/123813"}],"wp:attachment":[{"href":"https:\/\/www.gossip.it\/api\/wp\/v2\/media?parent=67767"}],"wp:term":[{"taxonomy":"category","embeddable":true,"href":"https:\/\/www.gossip.it\/api\/wp\/v2\/categories?post=67767"},{"taxonomy":"post_tag","embeddable":true,"href":"https:\/\/www.gossip.it\/api\/wp\/v2\/tags?post=67767"},{"taxonomy":"vip","embeddable":true,"href":"https:\/\/www.gossip.it\/api\/wp\/v2\/vip?post=67767"}],"curies":[{"name":"wp","href":"https:\/\/api.w.org\/{rel}","templated":true}]}}