{"id":67864,"date":"2020-08-26T00:00:00","date_gmt":"2020-08-25T22:00:00","guid":{"rendered":"https:\/\/www.gossip.it\/senza-categoria\/ballando-con-le-stelle-samuel-peron-positivo\/"},"modified":"2020-08-26T00:00:00","modified_gmt":"2020-08-25T22:00:00","slug":"ballando-con-le-stelle-samuel-peron-positivo","status":"publish","type":"post","link":"https:\/\/www.gossip.it\/news\/ballando-con-le-stelle-samuel-peron-positivo\/","title":{"rendered":"Panico a 'Ballando con le Stelle', Samuel Peron positivo: ecco cosa succede ora"},"content":{"rendered":"<p>Si vivono ore di panico a <em><strong>Ballando con le stelle<\/strong><\/em>. <a href=\"\/vip\/samuel-peron\/\">Samuel Peron<\/a> \u00e8 risultato <strong>positivo<\/strong> al Coronavirus. Nelle ultime ore si erano diffuse voci riguardo pure a <a href=\"\/vip\/rosalinda-celentano\/\">Rosalinda Celentano<\/a>, tra i concorrenti del talent e in coppia proprio con il ballerino che ha contratto il Covid-19. <a href=\"\/vip\/selvaggia-lucarelli\/\">Selvaggia Lucarelli<\/a>, uno dei giudici del programma di <a href=\"\/vip\/milly-carlucci\/\">Milly Carlucci<\/a>, per\u00f2 smentisce. Ma cosa succeder\u00e0 ora? La trasmissione di Rai Uno, che avrebbe dovuto prendere il via il prossimo 12 settembre, \u00e8 a rischio?<\/p>\n<figure class=\"caption\"><img decoding=\"async\" alt=\"Panico a 'Ballando con le Stelle', Samuel Peron positivo: ecco cosa succede ora\" width=\"640\" height=\"724\" src=\"https:\/\/files.gossip.it\/immagini_news\/2020\/08\/1598429875_peron_covid_3.jpg\" \/><figcaption>Panico a 'Ballando con le Stelle', Samuel Peron positivo: ecco cosa succede ora<\/figcaption><\/figure>\n<p><em>\u201cRosalinda Celentano al momento \u00e8 risultata negativa al Coronavirus, quindi ahim\u00e8 sono girate notizie inesatte. Risulta <strong>positivo<\/strong> solo <strong>Samuel Peron<\/strong> che, tema ricorrente in questi giorni, aveva trascorso le vacanze in Sardegna. (sta bene, per fortuna)\u201d,<\/em> scrive la Lucarelli su <em>Twitter.<\/em><\/p>\n<figure class=\"caption\"><img decoding=\"async\" alt=\"\" width=\"640\" height=\"832\" src=\"https:\/\/files.gossip.it\/immagini_news\/2020\/08\/1598429897_lucarelli_ballando_1.jpg\" \/><figcaption>Selvaggia Lucarelli, tra i giudici del programma, conferma: il ballerino ha contratto il Covid-19<\/figcaption><\/figure>\n<p>C\u2019\u00e8 grande agitazione, tutti si aspettano che Milly Carlucci parli. <strong>Samuel Peron<\/strong> sar\u00e0 sostituito? Rosalinda Celentano, che dovrebbe presto ripetere il tampone in via precauzionale, non potr\u00e0 allenarsi con il danzatore, sempre che 15 giorni bastino, perch\u00e9 se dopo la quarantena il ballerino dovesse ancora risultare positivo al virus, i guai raddoppierebbero.<\/p>\n<figure class=\"caption\"><img decoding=\"async\" alt=\"\" width=\"640\" height=\"261\" src=\"https:\/\/files.gossip.it\/immagini_news\/2020\/08\/1598429954_lucarelli_ballando_2.jpg\" \/><figcaption>Su Twitter la giornalista chiarisce su Rosalinda Celentano<\/figcaption><\/figure>\n<p>La popolarissima conduttrice solo pochi giorni fa, in un video pubblicato sull\u2019accout ufficiale di <em><strong>Ballando con le stelle<\/strong><\/em>, aveva detto a proposito delle precauzioni anti-Covid prese dalla produzione per dare al via alla trasmissione in tutta tranquillit\u00e0: <em>\u201cNoi stiamo lavorando. Abbiamo fatto il tampone, lo hanno fatto i maestri, le celebrit\u00e0, gli autori, tutti quanti. Noi siamo controllati tutte le settimane e grazie a questo, soprattutto al fatto che maestro e allievo sono tutti e due controllati, quindi negativi ai tamponi ogni settimana, si pu\u00f2 ballare abbracciati. Quindi voi vedrete il vero ballo sensuale di\u00a0<strong>Ballando con le stelle<\/strong>!\u201d.<\/em><\/p>\n<figure class=\"caption\"><img decoding=\"async\" alt=\"\" width=\"640\" height=\"836\" src=\"https:\/\/files.gossip.it\/immagini_news\/2020\/08\/1598429994_celentano_ballando_covid_4.jpg\" \/><figcaption>L'attrice, figlia del Molleggiato, che nel talent dovrebbe ballare in coppia con Peron, al momento \u00e8 risultata negativa al tampone<\/figcaption><\/figure>\n<p>Lo scenario, per\u00f2, \u00e8 bruscamente cambiato e ora ci si chiede come andare avanti per garantire la sicurezza di tutti e far s\u00ec che il talent inizi senza ulteriori intoppi e non rischi invece un ulteriore stop.<\/p>\n<p>\u00a0<\/p>\n","protected":false},"excerpt":{"rendered":"<p>Si vivono ore di panico a Ballando con le stelle. Samuel Peron \u00e8 risultato positivo al Coronavirus. Nelle ultime ore si erano diffuse voci riguardo pure a Rosalinda Celentano, tra i concorrenti del talent e in coppia proprio con il ballerino che ha contratto il Covid-19. Selvaggia Lucarelli, uno dei giudici del programma di Milly [&hellip;]<\/p>\n","protected":false},"author":1,"featured_media":123910,"comment_status":"closed","ping_status":"closed","sticky":false,"template":"","format":"standard","meta":{"footnotes":""},"categories":[54],"tags":[60525,60526,2440,59678,2228,12946,13000,13531,13791,12879,7632],"vip":[381,645,1106,1364,1429,1470,1609,1652,1667,1844],"class_list":["post-67864","post","type-post","status-publish","format-standard","has-post-thumbnail","hentry","category-news","tag-28-marzo","tag-antonio-maria-catalani","tag-ballando-con-le-stelle","tag-ballando-con-le-stelle-2020","tag-cast","tag-coronavirus","tag-covid-19","tag-daniele-scardina","tag-gilles-rocca","tag-positivo","tag-rai-uno","vip-barbara_bouchet","vip-elisa_isoardi","vip-lina_sastri","vip-milly_carlucci","vip-ninetto_davoli","vip-paolo_conticini","vip-rosalinda_celentano","vip-samuel_peron","vip-selvaggia_lucarelli","vip-vittoria_schisano"],"yoast_head":"<title>Panico a &#039;Ballando con le Stelle&#039;, Samuel Peron positivo: ecco cosa succede ora - Gossip.it | News sul Gossip e VIP<\/title>\n<meta name=\"description\" content=\"Si vivono ore di panico a Ballando con le stelle. Samuel Peron \u00e8 risultato positivo al Coronavirus. Nelle ultime ore si erano diffuse voci riguardo pure a\" \/>\n<meta name=\"robots\" content=\"index, follow, max-snippet:-1, max-image-preview:large, max-video-preview:-1\" \/>\n<link rel=\"canonical\" href=\"https:\/\/www.gossip.it\/news\/ballando-con-le-stelle-samuel-peron-positivo\/\" \/>\n<meta property=\"og:locale\" content=\"it_IT\" \/>\n<meta property=\"og:type\" content=\"article\" \/>\n<meta property=\"og:title\" content=\"Panico a &#039;Ballando con le Stelle&#039;, Samuel Peron positivo: ecco cosa succede ora - Gossip.it | News sul Gossip e VIP\" \/>\n<meta property=\"og:description\" content=\"Si vivono ore di panico a Ballando con le stelle. Samuel Peron \u00e8 risultato positivo al Coronavirus. Nelle ultime ore si erano diffuse voci riguardo pure a\" \/>\n<meta property=\"og:url\" content=\"https:\/\/www.gossip.it\/news\/ballando-con-le-stelle-samuel-peron-positivo\/\" \/>\n<meta property=\"og:site_name\" content=\"Gossip.it | News sul Gossip e VIP\" \/>\n<meta property=\"article:publisher\" content=\"https:\/\/www.facebook.com\/GossipIT\" \/>\n<meta property=\"article:published_time\" content=\"2020-08-25T22:00:00+00:00\" \/>\n<meta property=\"og:image\" content=\"https:\/\/files.gossip.it\/immagini_news\/2020\/08\/1598429875_peron_covid_3.jpg\" \/>\n<meta name=\"author\" content=\"La Redazione\" \/>\n<meta name=\"twitter:card\" content=\"summary_large_image\" \/>\n<meta name=\"twitter:image\" content=\"https:\/\/files.gossip.it\/immagini_news\/2020\/08\/1598429875_peron_covid_3.jpg\" \/>\n<meta name=\"twitter:creator\" content=\"@gossinews_it\" \/>\n<meta name=\"twitter:site\" content=\"@gossinews_it\" \/>\n<meta name=\"twitter:label1\" content=\"Scritto da\" \/>\n\t<meta name=\"twitter:data1\" content=\"Annamaria Capozzi\" \/>\n\t<meta name=\"twitter:label2\" content=\"Tempo di lettura stimato\" \/>\n\t<meta name=\"twitter:data2\" content=\"2 minuti\" \/>","yoast_head_json":{"title":"Panico a 'Ballando con le Stelle', Samuel Peron positivo: ecco cosa succede ora - Gossip.it | News sul Gossip e VIP","description":"Si vivono ore di panico a Ballando con le stelle. Samuel Peron \u00e8 risultato positivo al Coronavirus. Nelle ultime ore si erano diffuse voci riguardo pure a","robots":{"index":"index","follow":"follow","max-snippet":"max-snippet:-1","max-image-preview":"max-image-preview:large","max-video-preview":"max-video-preview:-1"},"canonical":"https:\/\/www.gossip.it\/news\/ballando-con-le-stelle-samuel-peron-positivo\/","og_locale":"it_IT","og_type":"article","og_title":"Panico a 'Ballando con le Stelle', Samuel Peron positivo: ecco cosa succede ora - Gossip.it | News sul Gossip e VIP","og_description":"Si vivono ore di panico a Ballando con le stelle. Samuel Peron \u00e8 risultato positivo al Coronavirus. Nelle ultime ore si erano diffuse voci riguardo pure a","og_url":"https:\/\/www.gossip.it\/news\/ballando-con-le-stelle-samuel-peron-positivo\/","og_site_name":"Gossip.it | News sul Gossip e VIP","article_publisher":"https:\/\/www.facebook.com\/GossipIT","article_published_time":"2020-08-25T22:00:00+00:00","og_image":[{"url":"https:\/\/files.gossip.it\/immagini_news\/2020\/08\/1598429875_peron_covid_3.jpg"}],"author":"La Redazione","twitter_card":"summary_large_image","twitter_image":"https:\/\/files.gossip.it\/immagini_news\/2020\/08\/1598429875_peron_covid_3.jpg","twitter_creator":"@gossinews_it","twitter_site":"@gossinews_it","twitter_misc":{"Scritto da":"Annamaria Capozzi","Tempo di lettura stimato":"2 minuti"},"schema":{"@context":"https:\/\/schema.org","@graph":[{"@type":"Article","@id":"https:\/\/www.gossip.it\/news\/ballando-con-le-stelle-samuel-peron-positivo\/#article","isPartOf":{"@id":"https:\/\/www.gossip.it\/news\/ballando-con-le-stelle-samuel-peron-positivo\/"},"author":{"name":"La Redazione","@id":"https:\/\/www.gossip.it\/#\/schema\/person\/488896f75158bff1cc83c6c39d141110"},"headline":"Panico a 'Ballando con le Stelle', Samuel Peron positivo: ecco cosa succede ora","datePublished":"2020-08-25T22:00:00+00:00","dateModified":"2020-08-25T22:00:00+00:00","mainEntityOfPage":{"@id":"https:\/\/www.gossip.it\/news\/ballando-con-le-stelle-samuel-peron-positivo\/"},"wordCount":372,"publisher":{"@id":"https:\/\/www.gossip.it\/#organization"},"image":{"@id":"https:\/\/www.gossip.it\/news\/ballando-con-le-stelle-samuel-peron-positivo\/#primaryimage"},"thumbnailUrl":"https:\/\/files.gossip.it\/immagini_news\/2020\/08\/1598429875_peron_covid_3.jpg","keywords":["28 marzo","Antonio Maria Catalani","ballando con le stelle","ballando con le stelle 2020","cast","coronavirus","covid-19","Daniele Scardina","gilles rocca","positivo","rai uno"],"articleSection":["News"],"inLanguage":"it-IT"},{"@type":"WebPage","@id":"https:\/\/www.gossip.it\/news\/ballando-con-le-stelle-samuel-peron-positivo\/","url":"https:\/\/www.gossip.it\/news\/ballando-con-le-stelle-samuel-peron-positivo\/","name":"Panico a 'Ballando con le Stelle', Samuel Peron positivo: ecco cosa succede ora - Gossip.it | News sul Gossip e VIP","isPartOf":{"@id":"https:\/\/www.gossip.it\/#website"},"primaryImageOfPage":{"@id":"https:\/\/www.gossip.it\/news\/ballando-con-le-stelle-samuel-peron-positivo\/#primaryimage"},"image":{"@id":"https:\/\/www.gossip.it\/news\/ballando-con-le-stelle-samuel-peron-positivo\/#primaryimage"},"thumbnailUrl":"https:\/\/files.gossip.it\/immagini_news\/2020\/08\/1598429875_peron_covid_3.jpg","datePublished":"2020-08-25T22:00:00+00:00","dateModified":"2020-08-25T22:00:00+00:00","description":"Si vivono ore di panico a Ballando con le stelle. Samuel Peron \u00e8 risultato positivo al Coronavirus. Nelle ultime ore si erano diffuse voci riguardo pure a","breadcrumb":{"@id":"https:\/\/www.gossip.it\/news\/ballando-con-le-stelle-samuel-peron-positivo\/#breadcrumb"},"inLanguage":"it-IT","potentialAction":[{"@type":"ReadAction","target":["https:\/\/www.gossip.it\/news\/ballando-con-le-stelle-samuel-peron-positivo\/"]}]},{"@type":"ImageObject","inLanguage":"it-IT","@id":"https:\/\/www.gossip.it\/news\/ballando-con-le-stelle-samuel-peron-positivo\/#primaryimage","url":"https:\/\/files.gossip.it\/immagini_news\/2020\/08\/1598429875_peron_covid_3.jpg","contentUrl":"https:\/\/files.gossip.it\/immagini_news\/2020\/08\/1598429875_peron_covid_3.jpg"},{"@type":"BreadcrumbList","@id":"https:\/\/www.gossip.it\/news\/ballando-con-le-stelle-samuel-peron-positivo\/#breadcrumb","itemListElement":[{"@type":"ListItem","position":1,"name":"Home","item":"https:\/\/www.gossip.it\/"},{"@type":"ListItem","position":2,"name":"Panico a 'Ballando con le Stelle', Samuel Peron positivo: ecco cosa succede ora"}]},{"@type":"WebSite","@id":"https:\/\/www.gossip.it\/#website","url":"https:\/\/www.gossip.it\/","name":"Gossip and VIP News","description":"Quotidiano di cronaca rosa, costume e societ\u00e0","publisher":{"@id":"https:\/\/www.gossip.it\/#organization"},"alternateName":"Gossip and VIP News","potentialAction":[{"@type":"SearchAction","target":{"@type":"EntryPoint","urlTemplate":"https:\/\/www.gossip.it\/?s={search_term_string}"},"query-input":{"@type":"PropertyValueSpecification","valueRequired":true,"valueName":"search_term_string"}}],"inLanguage":"it-IT"},{"@type":"Organization","@id":"https:\/\/www.gossip.it\/#organization","name":"Gossip and VIP News","alternateName":"Gossip News","url":"https:\/\/www.gossip.it\/","logo":{"@type":"ImageObject","inLanguage":"it-IT","@id":"https:\/\/www.gossip.it\/#\/schema\/logo\/image\/","url":"https:\/\/www.gossip.it\/wp-content\/uploads\/2022\/04\/cropped-corna-alta-tiny.png","contentUrl":"https:\/\/www.gossip.it\/wp-content\/uploads\/2022\/04\/cropped-corna-alta-tiny.png","width":512,"height":512,"caption":"Gossip and VIP News"},"image":{"@id":"https:\/\/www.gossip.it\/#\/schema\/logo\/image\/"},"sameAs":["https:\/\/www.facebook.com\/GossipIT","https:\/\/x.com\/gossinews_it","https:\/\/instagram.com\/gossip_it"]},{"@type":"Person","@id":"https:\/\/www.gossip.it\/#\/schema\/person\/488896f75158bff1cc83c6c39d141110","name":"La Redazione","image":{"@type":"ImageObject","inLanguage":"it-IT","@id":"https:\/\/www.gossip.it\/#\/schema\/person\/image\/","url":"https:\/\/secure.gravatar.com\/avatar\/5a5f5c6fa3e6700e4249abdad0263a1e94e927d9e0499b1cb09c1cd29c044d80?s=96&d=mm&r=g","contentUrl":"https:\/\/secure.gravatar.com\/avatar\/5a5f5c6fa3e6700e4249abdad0263a1e94e927d9e0499b1cb09c1cd29c044d80?s=96&d=mm&r=g","caption":"La Redazione"},"sameAs":["https:\/\/www.gossip.it"]}]}},"amp_enabled":true,"_links":{"self":[{"href":"https:\/\/www.gossip.it\/api\/wp\/v2\/posts\/67864","targetHints":{"allow":["GET"]}}],"collection":[{"href":"https:\/\/www.gossip.it\/api\/wp\/v2\/posts"}],"about":[{"href":"https:\/\/www.gossip.it\/api\/wp\/v2\/types\/post"}],"author":[{"embeddable":true,"href":"https:\/\/www.gossip.it\/api\/wp\/v2\/users\/1"}],"replies":[{"embeddable":true,"href":"https:\/\/www.gossip.it\/api\/wp\/v2\/comments?post=67864"}],"version-history":[{"count":0,"href":"https:\/\/www.gossip.it\/api\/wp\/v2\/posts\/67864\/revisions"}],"wp:featuredmedia":[{"embeddable":true,"href":"https:\/\/www.gossip.it\/api\/wp\/v2\/media\/123910"}],"wp:attachment":[{"href":"https:\/\/www.gossip.it\/api\/wp\/v2\/media?parent=67864"}],"wp:term":[{"taxonomy":"category","embeddable":true,"href":"https:\/\/www.gossip.it\/api\/wp\/v2\/categories?post=67864"},{"taxonomy":"post_tag","embeddable":true,"href":"https:\/\/www.gossip.it\/api\/wp\/v2\/tags?post=67864"},{"taxonomy":"vip","embeddable":true,"href":"https:\/\/www.gossip.it\/api\/wp\/v2\/vip?post=67864"}],"curies":[{"name":"wp","href":"https:\/\/api.w.org\/{rel}","templated":true}]}}