{"id":67885,"date":"2020-08-28T00:00:00","date_gmt":"2020-08-27T22:00:00","guid":{"rendered":"https:\/\/www.gossip.it\/senza-categoria\/ballando-con-le-stelle-daniele-scardina-positivo-coronavirus\/"},"modified":"2020-08-28T00:00:00","modified_gmt":"2020-08-27T22:00:00","slug":"ballando-con-le-stelle-daniele-scardina-positivo-coronavirus","status":"publish","type":"post","link":"https:\/\/www.gossip.it\/news\/ballando-con-le-stelle-daniele-scardina-positivo-coronavirus\/","title":{"rendered":"Ballando con le stelle nel caos, anche Daniele Scardina positivo al Coronavirus: cosa succede ora"},"content":{"rendered":"<p><em><strong>Ballando con le stelle<\/strong><\/em> 2020 \u00e8 letteralmente nel caos. Anche <a href=\"\/vip\/daniele-scardina\/\">Daniele Scardina<\/a> \u00e8 risultato <strong>positivo<\/strong> al <strong>Coronavirus<\/strong>. Dopo <a href=\"\/vip\/samuel-peron\/\">Samuel Peron<\/a>, ballerino del talent, anche il pugile va ad aggiungersi alla lista di quelli che hanno contratto il Covid-19 durante le vacanze estive. <a href=\"\/vip\/milly-carlucci\/\">Milly Carlucci<\/a> lo annuncia sull\u2019account ufficiale del programma di Rai Uno. La conduttrice mantiene un atteggiamento sereno, ma tutti si domandano come il programma possa prendere il via il prossimo 12 settembre.<\/p>\n<figure class=\"caption\"><img decoding=\"async\" alt=\"Ballando con le stelle 2020 nel caos, anche Daniele Scardina positivo al Coronavirus: cosa succede ora\" width=\"640\" height=\"720\" src=\"https:\/\/files.gossip.it\/immagini_news\/2020\/08\/1598603581_daniele_scardina_covid.jpg\" \/><figcaption>Ballando con le stelle 2020 nel caos, anche Daniele Scardina positivo al Coronavirus: cosa succede ora<\/figcaption><\/figure>\n<p><em>\u201cCari amici sono qui con il sorriso d\u2019ordinanza per darvi un aggiornamento su quello che \u00e8 capitato nella nostra comunit\u00e0 di Ballando, come promesso\u201d<\/em>, esordisce la conduttrice. E continua: <em>\u201cAbbiamo il risultato dei tamponi e siamo tutti negativi, salvo <strong>Daniele Scardina<\/strong>. Daniele ha passato le vacanze purtroppo nella stessa zona in cui era Samuel Peron e l\u00ec, come sapete, c\u2019\u00e8 stato un focolaio di infezione importante\u201d. <\/em>Parla del nord della Sardegna.<\/p>\n<p><em>\u201cSia Samuel che Daniele in questo momento non hanno sintomi importanti, quindi veramente in bocca al lupo, perch\u00e9 magari risolviamo questa situazione rapidissimamente. Con tutto il cuore un grande abbraccio\u201d<\/em>, sottolinea la bionda.<\/p>\n<figure class=\"caption\"><img decoding=\"async\" alt=\"\" width=\"640\" height=\"417\" src=\"https:\/\/files.gossip.it\/immagini_news\/2020\/08\/1598603614_milly_carlucci.jpg\" \/><figcaption>La conduttrice: 'Stanno bene, nessuno dei due ha sintomi gravi'<\/figcaption><\/figure>\n<p>Poi chiarisce: <em>\u201cPer quanto ci riguarda, noi siamo in strettissimo contatto con la struttura Rai che fa il monitoraggio di tutte queste situazioni. Siamo nelle mani di una struttura romana che si occupa proprio di questo e rientriamo nel protocollo di sicurezza degli sport di contatto, come la pallacanestro, come il calcio\u2026 Siamo anche noi uno \u2018sport\u2019 dove si sta, effettivamente, molto attaccati. Allora che facciamo? Ci monitoriamo tramite tampone in maniera continuativa. Dopo aver fatto il tampone ieri, adesso la settimana prossima, in apertura di settimana, subito l\u2019altro tampone per confermare queste negativit\u00e0, in attesa di ricominciare ad allenarci tutti insieme sempre in sicurezza, questa \u00e8 la cosa pi\u00f9 importante\u201d.<\/em><\/p>\n<p>La Carlucci conclude:<em> \u201cBallare \u00e8 bellissimo, <strong>Ballando con le stelle<\/strong> \u00e8 il mio amore, ma prima di tutto la salute e la sicurezza, quindi vi ricordo di portare sempre la mascherina\u201d.<\/em><\/p>\n<p>\u00a0<\/p>\n<p>\u00a0<\/p>\n","protected":false},"excerpt":{"rendered":"<p>Ballando con le stelle 2020 \u00e8 letteralmente nel caos. Anche Daniele Scardina \u00e8 risultato positivo al Coronavirus. Dopo Samuel Peron, ballerino del talent, anche il pugile va ad aggiungersi alla lista di quelli che hanno contratto il Covid-19 durante le vacanze estive. Milly Carlucci lo annuncia sull\u2019account ufficiale del programma di Rai Uno. La conduttrice [&hellip;]<\/p>\n","protected":false},"author":1,"featured_media":123931,"comment_status":"closed","ping_status":"closed","sticky":false,"template":"","format":"standard","meta":{"footnotes":""},"categories":[54],"tags":[60525,60526,2440,59678,2228,12946,13000,13531,2102,13791,12879,7632],"vip":[381,645,1106,1364,1429,1470,1609,1652,1844],"class_list":["post-67885","post","type-post","status-publish","format-standard","has-post-thumbnail","hentry","category-news","tag-28-marzo","tag-antonio-maria-catalani","tag-ballando-con-le-stelle","tag-ballando-con-le-stelle-2020","tag-cast","tag-coronavirus","tag-covid-19","tag-daniele-scardina","tag-dichiarazioni","tag-gilles-rocca","tag-positivo","tag-rai-uno","vip-barbara_bouchet","vip-elisa_isoardi","vip-lina_sastri","vip-milly_carlucci","vip-ninetto_davoli","vip-paolo_conticini","vip-rosalinda_celentano","vip-samuel_peron","vip-vittoria_schisano"],"yoast_head":"<title>Ballando con le stelle nel caos, anche Daniele Scardina positivo al Coronavirus: cosa succede ora - Gossip.it | News sul Gossip e VIP<\/title>\n<meta name=\"description\" content=\"Ballando con le stelle 2020 \u00e8 letteralmente nel caos. Anche Daniele Scardina \u00e8 risultato positivo al Coronavirus. Dopo Samuel Peron, ballerino del talent,\" \/>\n<meta name=\"robots\" content=\"index, follow, max-snippet:-1, max-image-preview:large, max-video-preview:-1\" \/>\n<link rel=\"canonical\" href=\"https:\/\/www.gossip.it\/news\/ballando-con-le-stelle-daniele-scardina-positivo-coronavirus\/\" \/>\n<meta property=\"og:locale\" content=\"it_IT\" \/>\n<meta property=\"og:type\" content=\"article\" \/>\n<meta property=\"og:title\" content=\"Ballando con le stelle nel caos, anche Daniele Scardina positivo al Coronavirus: cosa succede ora - Gossip.it | News sul Gossip e VIP\" \/>\n<meta property=\"og:description\" content=\"Ballando con le stelle 2020 \u00e8 letteralmente nel caos. Anche Daniele Scardina \u00e8 risultato positivo al Coronavirus. Dopo Samuel Peron, ballerino del talent,\" \/>\n<meta property=\"og:url\" content=\"https:\/\/www.gossip.it\/news\/ballando-con-le-stelle-daniele-scardina-positivo-coronavirus\/\" \/>\n<meta property=\"og:site_name\" content=\"Gossip.it | News sul Gossip e VIP\" \/>\n<meta property=\"article:publisher\" content=\"https:\/\/www.facebook.com\/GossipIT\" \/>\n<meta property=\"article:published_time\" content=\"2020-08-27T22:00:00+00:00\" \/>\n<meta property=\"og:image\" content=\"https:\/\/files.gossip.it\/immagini_news\/2020\/08\/1598603581_daniele_scardina_covid.jpg\" \/>\n<meta name=\"author\" content=\"La Redazione\" \/>\n<meta name=\"twitter:card\" content=\"summary_large_image\" \/>\n<meta name=\"twitter:image\" content=\"https:\/\/files.gossip.it\/immagini_news\/2020\/08\/1598603581_daniele_scardina_covid.jpg\" \/>\n<meta name=\"twitter:creator\" content=\"@gossinews_it\" \/>\n<meta name=\"twitter:site\" content=\"@gossinews_it\" \/>\n<meta name=\"twitter:label1\" content=\"Scritto da\" \/>\n\t<meta name=\"twitter:data1\" content=\"Annamaria Capozzi\" \/>\n\t<meta name=\"twitter:label2\" content=\"Tempo di lettura stimato\" \/>\n\t<meta name=\"twitter:data2\" content=\"2 minuti\" \/>","yoast_head_json":{"title":"Ballando con le stelle nel caos, anche Daniele Scardina positivo al Coronavirus: cosa succede ora - Gossip.it | News sul Gossip e VIP","description":"Ballando con le stelle 2020 \u00e8 letteralmente nel caos. Anche Daniele Scardina \u00e8 risultato positivo al Coronavirus. Dopo Samuel Peron, ballerino del talent,","robots":{"index":"index","follow":"follow","max-snippet":"max-snippet:-1","max-image-preview":"max-image-preview:large","max-video-preview":"max-video-preview:-1"},"canonical":"https:\/\/www.gossip.it\/news\/ballando-con-le-stelle-daniele-scardina-positivo-coronavirus\/","og_locale":"it_IT","og_type":"article","og_title":"Ballando con le stelle nel caos, anche Daniele Scardina positivo al Coronavirus: cosa succede ora - Gossip.it | News sul Gossip e VIP","og_description":"Ballando con le stelle 2020 \u00e8 letteralmente nel caos. Anche Daniele Scardina \u00e8 risultato positivo al Coronavirus. Dopo Samuel Peron, ballerino del talent,","og_url":"https:\/\/www.gossip.it\/news\/ballando-con-le-stelle-daniele-scardina-positivo-coronavirus\/","og_site_name":"Gossip.it | News sul Gossip e VIP","article_publisher":"https:\/\/www.facebook.com\/GossipIT","article_published_time":"2020-08-27T22:00:00+00:00","og_image":[{"url":"https:\/\/files.gossip.it\/immagini_news\/2020\/08\/1598603581_daniele_scardina_covid.jpg"}],"author":"La Redazione","twitter_card":"summary_large_image","twitter_image":"https:\/\/files.gossip.it\/immagini_news\/2020\/08\/1598603581_daniele_scardina_covid.jpg","twitter_creator":"@gossinews_it","twitter_site":"@gossinews_it","twitter_misc":{"Scritto da":"Annamaria Capozzi","Tempo di lettura stimato":"2 minuti"},"schema":{"@context":"https:\/\/schema.org","@graph":[{"@type":"Article","@id":"https:\/\/www.gossip.it\/news\/ballando-con-le-stelle-daniele-scardina-positivo-coronavirus\/#article","isPartOf":{"@id":"https:\/\/www.gossip.it\/news\/ballando-con-le-stelle-daniele-scardina-positivo-coronavirus\/"},"author":{"name":"La Redazione","@id":"https:\/\/www.gossip.it\/#\/schema\/person\/488896f75158bff1cc83c6c39d141110"},"headline":"Ballando con le stelle nel caos, anche Daniele Scardina positivo al Coronavirus: cosa succede ora","datePublished":"2020-08-27T22:00:00+00:00","dateModified":"2020-08-27T22:00:00+00:00","mainEntityOfPage":{"@id":"https:\/\/www.gossip.it\/news\/ballando-con-le-stelle-daniele-scardina-positivo-coronavirus\/"},"wordCount":355,"publisher":{"@id":"https:\/\/www.gossip.it\/#organization"},"image":{"@id":"https:\/\/www.gossip.it\/news\/ballando-con-le-stelle-daniele-scardina-positivo-coronavirus\/#primaryimage"},"thumbnailUrl":"https:\/\/files.gossip.it\/immagini_news\/2020\/08\/1598603581_daniele_scardina_covid.jpg","keywords":["28 marzo","Antonio Maria Catalani","ballando con le stelle","ballando con le stelle 2020","cast","coronavirus","covid-19","Daniele Scardina","dichiarazioni","gilles rocca","positivo","rai uno"],"articleSection":["News"],"inLanguage":"it-IT"},{"@type":"WebPage","@id":"https:\/\/www.gossip.it\/news\/ballando-con-le-stelle-daniele-scardina-positivo-coronavirus\/","url":"https:\/\/www.gossip.it\/news\/ballando-con-le-stelle-daniele-scardina-positivo-coronavirus\/","name":"Ballando con le stelle nel caos, anche Daniele Scardina positivo al Coronavirus: cosa succede ora - Gossip.it | News sul Gossip e VIP","isPartOf":{"@id":"https:\/\/www.gossip.it\/#website"},"primaryImageOfPage":{"@id":"https:\/\/www.gossip.it\/news\/ballando-con-le-stelle-daniele-scardina-positivo-coronavirus\/#primaryimage"},"image":{"@id":"https:\/\/www.gossip.it\/news\/ballando-con-le-stelle-daniele-scardina-positivo-coronavirus\/#primaryimage"},"thumbnailUrl":"https:\/\/files.gossip.it\/immagini_news\/2020\/08\/1598603581_daniele_scardina_covid.jpg","datePublished":"2020-08-27T22:00:00+00:00","dateModified":"2020-08-27T22:00:00+00:00","description":"Ballando con le stelle 2020 \u00e8 letteralmente nel caos. Anche Daniele Scardina \u00e8 risultato positivo al Coronavirus. Dopo Samuel Peron, ballerino del talent,","breadcrumb":{"@id":"https:\/\/www.gossip.it\/news\/ballando-con-le-stelle-daniele-scardina-positivo-coronavirus\/#breadcrumb"},"inLanguage":"it-IT","potentialAction":[{"@type":"ReadAction","target":["https:\/\/www.gossip.it\/news\/ballando-con-le-stelle-daniele-scardina-positivo-coronavirus\/"]}]},{"@type":"ImageObject","inLanguage":"it-IT","@id":"https:\/\/www.gossip.it\/news\/ballando-con-le-stelle-daniele-scardina-positivo-coronavirus\/#primaryimage","url":"https:\/\/files.gossip.it\/immagini_news\/2020\/08\/1598603581_daniele_scardina_covid.jpg","contentUrl":"https:\/\/files.gossip.it\/immagini_news\/2020\/08\/1598603581_daniele_scardina_covid.jpg"},{"@type":"BreadcrumbList","@id":"https:\/\/www.gossip.it\/news\/ballando-con-le-stelle-daniele-scardina-positivo-coronavirus\/#breadcrumb","itemListElement":[{"@type":"ListItem","position":1,"name":"Home","item":"https:\/\/www.gossip.it\/"},{"@type":"ListItem","position":2,"name":"Ballando con le stelle nel caos, anche Daniele Scardina positivo al Coronavirus: cosa succede ora"}]},{"@type":"WebSite","@id":"https:\/\/www.gossip.it\/#website","url":"https:\/\/www.gossip.it\/","name":"Gossip and VIP News","description":"Quotidiano di cronaca rosa, costume e societ\u00e0","publisher":{"@id":"https:\/\/www.gossip.it\/#organization"},"alternateName":"Gossip and VIP News","potentialAction":[{"@type":"SearchAction","target":{"@type":"EntryPoint","urlTemplate":"https:\/\/www.gossip.it\/?s={search_term_string}"},"query-input":{"@type":"PropertyValueSpecification","valueRequired":true,"valueName":"search_term_string"}}],"inLanguage":"it-IT"},{"@type":"Organization","@id":"https:\/\/www.gossip.it\/#organization","name":"Gossip and VIP News","alternateName":"Gossip News","url":"https:\/\/www.gossip.it\/","logo":{"@type":"ImageObject","inLanguage":"it-IT","@id":"https:\/\/www.gossip.it\/#\/schema\/logo\/image\/","url":"https:\/\/www.gossip.it\/wp-content\/uploads\/2022\/04\/cropped-corna-alta-tiny.png","contentUrl":"https:\/\/www.gossip.it\/wp-content\/uploads\/2022\/04\/cropped-corna-alta-tiny.png","width":512,"height":512,"caption":"Gossip and VIP News"},"image":{"@id":"https:\/\/www.gossip.it\/#\/schema\/logo\/image\/"},"sameAs":["https:\/\/www.facebook.com\/GossipIT","https:\/\/x.com\/gossinews_it","https:\/\/instagram.com\/gossip_it"]},{"@type":"Person","@id":"https:\/\/www.gossip.it\/#\/schema\/person\/488896f75158bff1cc83c6c39d141110","name":"La Redazione","image":{"@type":"ImageObject","inLanguage":"it-IT","@id":"https:\/\/www.gossip.it\/#\/schema\/person\/image\/","url":"https:\/\/secure.gravatar.com\/avatar\/5a5f5c6fa3e6700e4249abdad0263a1e94e927d9e0499b1cb09c1cd29c044d80?s=96&d=mm&r=g","contentUrl":"https:\/\/secure.gravatar.com\/avatar\/5a5f5c6fa3e6700e4249abdad0263a1e94e927d9e0499b1cb09c1cd29c044d80?s=96&d=mm&r=g","caption":"La Redazione"},"sameAs":["https:\/\/www.gossip.it"]}]}},"amp_enabled":true,"_links":{"self":[{"href":"https:\/\/www.gossip.it\/api\/wp\/v2\/posts\/67885","targetHints":{"allow":["GET"]}}],"collection":[{"href":"https:\/\/www.gossip.it\/api\/wp\/v2\/posts"}],"about":[{"href":"https:\/\/www.gossip.it\/api\/wp\/v2\/types\/post"}],"author":[{"embeddable":true,"href":"https:\/\/www.gossip.it\/api\/wp\/v2\/users\/1"}],"replies":[{"embeddable":true,"href":"https:\/\/www.gossip.it\/api\/wp\/v2\/comments?post=67885"}],"version-history":[{"count":0,"href":"https:\/\/www.gossip.it\/api\/wp\/v2\/posts\/67885\/revisions"}],"wp:featuredmedia":[{"embeddable":true,"href":"https:\/\/www.gossip.it\/api\/wp\/v2\/media\/123931"}],"wp:attachment":[{"href":"https:\/\/www.gossip.it\/api\/wp\/v2\/media?parent=67885"}],"wp:term":[{"taxonomy":"category","embeddable":true,"href":"https:\/\/www.gossip.it\/api\/wp\/v2\/categories?post=67885"},{"taxonomy":"post_tag","embeddable":true,"href":"https:\/\/www.gossip.it\/api\/wp\/v2\/tags?post=67885"},{"taxonomy":"vip","embeddable":true,"href":"https:\/\/www.gossip.it\/api\/wp\/v2\/vip?post=67885"}],"curies":[{"name":"wp","href":"https:\/\/api.w.org\/{rel}","templated":true}]}}